{"id":109214,"date":"2025-09-15T13:00:42","date_gmt":"2025-09-15T17:00:42","guid":{"rendered":"https:\/\/lasprimeras.com.do\/?p=109214"},"modified":"2025-09-15T13:00:44","modified_gmt":"2025-09-15T17:00:44","slug":"democrata-de-california-recurre-a-tiktok-para-llegar-a-los-votantes-hispanos-en-la-carrera-por-la-gobernacion","status":"publish","type":"post","link":"https:\/\/lasprimeras.com.do\/index.php\/2025\/09\/15\/democrata-de-california-recurre-a-tiktok-para-llegar-a-los-votantes-hispanos-en-la-carrera-por-la-gobernacion\/","title":{"rendered":"Dem\u00f3crata de California recurre a TikTok para llegar a los votantes hispanos en la carrera por la gobernaci\u00f3n"},"content":{"rendered":"\n<p>Por ADRIANA G\u00d3MEZ LICON<\/p>\n\n\n\n<p>California, AP.-. Un candidato dem\u00f3crata a gobernador de California probar\u00e1 TikTok, pero con una salvedad: solo publicar\u00e1 v\u00eddeos en espa\u00f1ol. Al menos por ahora.<\/p>\n\n\n\n<p>El exsecretario de Salud de la administraci\u00f3n Biden, Xavier Becerra, est\u00e1 adoptando la popular aplicaci\u00f3n de videos cortos para atraer a los usuarios hispanohablantes.<\/p>\n\n\n\n<p>Su campa\u00f1a y las encuestas indican que los adultos hispanos usan TikTok en cantidades mucho mayores que los adultos blancos y negros.<\/p>\n\n\n\n<p>El a\u00f1o pasado, el Congreso aprob\u00f3 la prohibici\u00f3n de TikTok, calific\u00e1ndola de posible amenaza para la seguridad nacional.<\/p>\n\n\n\n<p>Sin embargo, el presidente Joe Biden, quien promulg\u00f3 la ley y era el jefe de Becerra en ese momento, anunci\u00f3 antes de dejar el cargo que no la implementar\u00eda.<\/p>\n\n\n\n<p>Tras la sentencia de la Corte Suprema, el presidente Donald Trump la suspendi\u00f3 en su primer d\u00eda de mandato para dar tiempo a la empresa china ByteDance, que se opon\u00eda a la prohibici\u00f3n, a encontrar un nuevo comprador.<\/p>\n\n\n\n<p>Trump, republicano, intent\u00f3 prohibir los acuerdos con ByteDance durante su primer mandato, pero se uni\u00f3 a la plataforma TikTok el a\u00f1o pasado y cuenta con millones de seguidores.<\/p>\n\n\n\n<p>Ha extendido repetidamente el plazo para que ByteDance encuentre un comprador y ha insinuado ocasionalmente , incluso el lunes, que exist\u00eda un acuerdo sobre el futuro de la red social , pero sin ofrecer detalles. La Casa Blanca abri\u00f3 su propia cuenta de TikTok el mes pasado.<\/p>\n\n\n\n<p>El nuevo enfoque de Becerra es parte de un esfuerzo de los dem\u00f3cratas para contrarrestar el giro hacia la derecha que se vio el a\u00f1o pasado tanto en estados republicanos como Texas y Florida como en estados dem\u00f3cratas como California, Nueva Jersey y Nueva York, donde Trump mejor\u00f3 sus n\u00fameros entre los latinos.<\/p>\n\n\n\n<p>La idea es fidelizar a una base de usuarios clave mediante la publicaci\u00f3n anticipada de contenido en una plataforma con la que los pol\u00edticos a\u00fan est\u00e1n experimentando en gran medida.<\/p>\n\n\n\n<p>Esta iniciativa surge en un momento en que la administraci\u00f3n Trump est\u00e1 eliminando gradualmente los servicios multiling\u00fces como parte de la iniciativa del presidente para convertir el ingl\u00e9s en el idioma oficial de Estados Unidos.<\/p>\n\n\n\n<p>Los candidatos que se presentan a las elecciones de 2025 en Nueva Jersey y Virginia ya est\u00e1n adaptando sus campa\u00f1as para atraer a los hispanos, quienes quiz\u00e1s se mantuvieron alejados de las urnas o votaron por Trump bas\u00e1ndose en sus promesas econ\u00f3micas.<\/p>\n\n\n\n<p>Sin embargo, los estrategas afirman que a\u00fan es muy debatido si esta tendencia se mantendr\u00e1.<\/p>\n\n\n\n<p>\u201cEs fundamental comunicarse en el idioma y en las plataformas donde los votantes pasan su tiempo y obtienen su informaci\u00f3n\u201d, dijo Becerra en un comunicado.<\/p>\n\n\n\n<p>Una encuesta del Pew Research Center de 2024 concluy\u00f3 que, si bien TikTok ha experimentado un crecimiento significativo de usuarios en poco tiempo, la demograf\u00eda var\u00eda seg\u00fan la raza y la etnia.<\/p>\n\n\n\n<p>Casi la mitad de los adultos hispanos reportaron usarlo, en comparaci\u00f3n con el 39% de los adultos negros y el 28% de los adultos blancos.<\/p>\n\n\n\n<p>La campa\u00f1a de Becerra afirma que publicar\u00e1 una combinaci\u00f3n de videos donde \u00e9l habla directamente a la c\u00e1mara, explicaciones pol\u00edticas y videos tras bambalinas de la campa\u00f1a.<br>Tambi\u00e9n planea colaborar con influencers y publicar videos creados por simpatizantes. Todo en espa\u00f1ol.<\/p>\n\n\n\n<p>\u201cLos latinos de clase trabajadora que los dem\u00f3cratas necesitan recuperar no necesariamente visitan un sitio web en espa\u00f1ol, pero navegan y miran videos verticales en su tiempo libre\u201d, dijo Jos\u00e9 Mu\u00f1oz, estratega dem\u00f3crata que asesora la campa\u00f1a y exsecretario de prensa del Comit\u00e9 de Campa\u00f1a Dem\u00f3crata del Congreso.<\/p>\n\n\n\n<p>En la contienda por la gobernaci\u00f3n de Nueva Jersey de este a\u00f1o, tanto la candidata dem\u00f3crata Mikie Sherrill como el candidato republicano Jack Ciattarelli participan en foros p\u00fablicos en espa\u00f1ol en Univisi\u00f3n, donde los votantes hispanos les har\u00e1n preguntas.<\/p>\n\n\n\n<p>En Virginia, la candidata dem\u00f3crata a la gobernaci\u00f3n, Abigail Spanberger, habla en espa\u00f1ol en un anuncio de radio sobre ser madre de tres hijas que asistieron a la escuela p\u00fablica.<\/p>\n\n\n\n<p>\u201cS\u00e9 lo dif\u00edcil que est\u00e1n las cosas para las familias en estos d\u00edas\u201d, dice.<\/p>\n\n\n\n<p>Una de las rivales de Becerra en la carrera por la gobernaci\u00f3n de California en 2026, Katie Porter, se ha establecido r\u00e1pidamente como una de las principales contendientes en las primarias dem\u00f3cratas y ya ha conseguido un n\u00famero considerable de seguidores en TikTok, con m\u00e1s de medio mill\u00f3n de seguidores, en comparaci\u00f3n con unos 200.000 seguidores en Instagram y 164.000 en Facebook.<\/p>\n\n\n\n<p>En su video de presentaci\u00f3n, Becerra dice que su prioridad es hacer que la vivienda sea m\u00e1s asequible y reducir los costos de atenci\u00f3n m\u00e9dica.<\/p>\n\n\n\n<p>\u201cSoy el \u00fanico candidato en esta contienda que les hablar\u00e1 en espa\u00f1ol en esta plataforma\u201d, dijo. \u201cPero quiero que esta sea una conversaci\u00f3n bidireccional. Quiero saber qu\u00e9 les preocupa m\u00e1s y qu\u00e9 esperan del pr\u00f3ximo gobernador de California\u201d.<\/p>\n","protected":false},"excerpt":{"rendered":"<p>Por ADRIANA G\u00d3MEZ LICON California, AP.-. Un candidato dem\u00f3crata a gobernador de California probar\u00e1 TikTok, pero con una salvedad: solo publicar\u00e1 v\u00eddeos en espa\u00f1ol. Al menos por ahora. El exsecretario&hellip;<\/p>\n","protected":false},"author":10,"featured_media":109215,"comment_status":"open","ping_status":"open","sticky":false,"template":"","format":"standard","meta":{"content-type":"","jetpack_post_was_ever_published":false,"_jetpack_newsletter_access":"","_jetpack_dont_email_post_to_subs":false,"_jetpack_newsletter_tier_id":0,"_jetpack_memberships_contains_paywalled_content":false,"_jetpack_memberships_contains_paid_content":false,"footnotes":""},"categories":[16289],"tags":[6372,566,5300,14364,15368,1921,10980],"class_list":["post-109214","post","type-post","status-publish","format-standard","has-post-thumbnail","hentry","category-internacionales","tag-california","tag-carrera","tag-democrata","tag-gobernacion","tag-hispanos","tag-tiktok","tag-votantes"],"jetpack_featured_media_url":"https:\/\/lasprimeras.com.do\/wp-content\/uploads\/2025\/09\/Xavier-Becerra.jpg","jetpack-related-posts":[{"id":92911,"url":"https:\/\/lasprimeras.com.do\/index.php\/2025\/01\/19\/tiktok-deja-de-funcionar-en-estados-unidos\/","url_meta":{"origin":109214,"position":0},"title":"TikTok deja de funcionar en Estados Unidos","author":"Nelson Feliz","date":"19 de enero de 2025","format":false,"excerpt":"\"Lo sentimos, TikTok no est\u00e1 disponible en este momento\", el mensaje de aviso para los usuarios en Estados Unidos. Nueva York,EFE - La red social TikTok dej\u00f3 de funcionar este s\u00e1bado en Estados Unidos despu\u00e9s de que el Tribunal Supremo avalara el viernes una ley aprobada el a\u00f1o pasado por\u2026","rel":"","context":"En \u00abINTERNACIONALES\u00bb","block_context":{"text":"INTERNACIONALES","link":"https:\/\/lasprimeras.com.do\/index.php\/category\/sin-categoria\/internacionales\/"},"img":{"alt_text":"TikTok","src":"https:\/\/i0.wp.com\/lasprimeras.com.do\/wp-content\/uploads\/2025\/01\/TikTok.jpg?resize=350%2C200&ssl=1","width":350,"height":200,"srcset":"https:\/\/i0.wp.com\/lasprimeras.com.do\/wp-content\/uploads\/2025\/01\/TikTok.jpg?resize=350%2C200&ssl=1 1x, https:\/\/i0.wp.com\/lasprimeras.com.do\/wp-content\/uploads\/2025\/01\/TikTok.jpg?resize=525%2C300&ssl=1 1.5x, https:\/\/i0.wp.com\/lasprimeras.com.do\/wp-content\/uploads\/2025\/01\/TikTok.jpg?resize=700%2C400&ssl=1 2x"},"classes":[]},{"id":109208,"url":"https:\/\/lasprimeras.com.do\/index.php\/2025\/09\/15\/estados-unidos-y-china-alcanzan-un-acuerdo-marco-sobre-tiktok\/","url_meta":{"origin":109214,"position":1},"title":"Estados Unidos y China alcanzan un acuerdo marco sobre TikTok","author":"Nelson Feliz","date":"15 de septiembre de 2025","format":false,"excerpt":"Por JOSH BOAK y SUMAN NAISHADHAM MADRID (AP) \u2014 China y Estados Unidos alcanzaron un acuerdo marco para la propiedad de la popular plataforma de videos sociales TikTok , dijo el secretario del Tesoro estadounidense, Scott Bessent, despu\u00e9s de las conversaciones comerciales del fin de semana en Espa\u00f1a . Bessent\u2026","rel":"","context":"En \u00abTECNOL\u00d3GIA\u00bb","block_context":{"text":"TECNOL\u00d3GIA","link":"https:\/\/lasprimeras.com.do\/index.php\/category\/tecnologia\/"},"img":{"alt_text":"","src":"https:\/\/i0.wp.com\/lasprimeras.com.do\/wp-content\/uploads\/2025\/09\/tik-tok.jpg?resize=350%2C200&ssl=1","width":350,"height":200,"srcset":"https:\/\/i0.wp.com\/lasprimeras.com.do\/wp-content\/uploads\/2025\/09\/tik-tok.jpg?resize=350%2C200&ssl=1 1x, https:\/\/i0.wp.com\/lasprimeras.com.do\/wp-content\/uploads\/2025\/09\/tik-tok.jpg?resize=525%2C300&ssl=1 1.5x, https:\/\/i0.wp.com\/lasprimeras.com.do\/wp-content\/uploads\/2025\/09\/tik-tok.jpg?resize=700%2C400&ssl=1 2x"},"classes":[]},{"id":50877,"url":"https:\/\/lasprimeras.com.do\/index.php\/2023\/05\/24\/tiktok-imponen-fianza-50-mil-pesos-a-senora-que-amenazo-a-luis-abinader\/","url_meta":{"origin":109214,"position":2},"title":"TikTok: Imponen fianza 50 mil pesos a se\u00f1ora que amenaz\u00f3 a Luis Abinader","author":"prenxa100","date":"24 de mayo de 2023","format":false,"excerpt":"Bonao, RD.-.La Oficina Judicial de Servicios Atenci\u00f3n Permanente impuso una fianza como medida de coerci\u00f3n contra Yrene Sosa Tav\u00e1rez, una adulta mayor popularmente conocida como \u201cLa m\u00e1s dura\u201d en la red social de TikTok, donde grab\u00f3 un video insultando y amenazando de muerte al presidente Luis Abinader. El Juez Juan\u2026","rel":"","context":"En \u00abJUSTICIA\u00bb","block_context":{"text":"JUSTICIA","link":"https:\/\/lasprimeras.com.do\/index.php\/category\/justicia\/"},"img":{"alt_text":"","src":"","width":0,"height":0},"classes":[]},{"id":92917,"url":"https:\/\/lasprimeras.com.do\/index.php\/2025\/01\/19\/tiktok-esta-restableciendo-su-servicio-en-eeuu-por-la-garantia-recibida-de-trump\/","url_meta":{"origin":109214,"position":3},"title":"TikTok est\u00e1 restableciendo su servicio en EEUU por la garant\u00eda recibida de Trump","author":"Nelson Feliz","date":"19 de enero de 2025","format":false,"excerpt":"Seg\u00fan a\u00f1adi\u00f3, trabajar\u00e1n con el futuro mandatario en una soluci\u00f3n a largo plazo que permita su funcionamiento en Estados Unidos. Washington, EEUU.-.TikTok afirm\u00f3 este domingo que se encuentra en proceso de restaurar su servicio en Estados Unidos por las garant\u00edas ofrecidas a sus proveedores por el mandatario electo estadounidense, Donald\u2026","rel":"","context":"En \u00abINTERNACIONALES\u00bb","block_context":{"text":"INTERNACIONALES","link":"https:\/\/lasprimeras.com.do\/index.php\/category\/sin-categoria\/internacionales\/"},"img":{"alt_text":"","src":"https:\/\/i0.wp.com\/lasprimeras.com.do\/wp-content\/uploads\/2025\/01\/TikTok-1.jpeg?resize=350%2C200&ssl=1","width":350,"height":200,"srcset":"https:\/\/i0.wp.com\/lasprimeras.com.do\/wp-content\/uploads\/2025\/01\/TikTok-1.jpeg?resize=350%2C200&ssl=1 1x, https:\/\/i0.wp.com\/lasprimeras.com.do\/wp-content\/uploads\/2025\/01\/TikTok-1.jpeg?resize=525%2C300&ssl=1 1.5x, https:\/\/i0.wp.com\/lasprimeras.com.do\/wp-content\/uploads\/2025\/01\/TikTok-1.jpeg?resize=700%2C400&ssl=1 2x"},"classes":[]},{"id":82784,"url":"https:\/\/lasprimeras.com.do\/index.php\/2024\/05\/07\/tiktok-ha-demandado-a-estados-unidos-por-una-ley-que-podria-prohibir-su-aplicacion-cual-es-el-panorama-juridico\/","url_meta":{"origin":109214,"position":4},"title":"TikTok ha demandado a Estados Unidos por una ley que podr\u00eda prohibir su aplicaci\u00f3n. \u00bfCu\u00e1l es el panorama jur\u00eddico?","author":"Esteffany Vargas","date":"7 de mayo de 2024","format":false,"excerpt":"POR WYATTE GRANTHAM-PHILIPS NUEVA YORK (AP) \u2014 Una ley reci\u00e9n promulgada que obliga a la empresa matriz de TikTok a vender la plataforma para compartir videos o enfrentar una prohibici\u00f3n en Estados Unidos podr\u00eda enfrentar una batalla cuesta arriba en los tribunales. El propietario de la aplicaci\u00f3n, ByteDance, con sede\u2026","rel":"","context":"En \u00abSin categor\u00eda\u00bb","block_context":{"text":"Sin categor\u00eda","link":"https:\/\/lasprimeras.com.do\/index.php\/category\/sin-categoria\/"},"img":{"alt_text":"","src":"https:\/\/i0.wp.com\/lasprimeras.com.do\/wp-content\/uploads\/2024\/05\/TikTok.jpg?resize=350%2C200&ssl=1","width":350,"height":200,"srcset":"https:\/\/i0.wp.com\/lasprimeras.com.do\/wp-content\/uploads\/2024\/05\/TikTok.jpg?resize=350%2C200&ssl=1 1x, https:\/\/i0.wp.com\/lasprimeras.com.do\/wp-content\/uploads\/2024\/05\/TikTok.jpg?resize=525%2C300&ssl=1 1.5x"},"classes":[]},{"id":61635,"url":"https:\/\/lasprimeras.com.do\/index.php\/2023\/09\/29\/las-estrellas-democratas-en-ascenso-se-unen-en-torno-a-la-reeleccion-de-biden\/","url_meta":{"origin":109214,"position":5},"title":"Las estrellas dem\u00f3cratas en ascenso se unen en torno a la reelecci\u00f3n de Biden","author":"Nelson Feliz","date":"29 de septiembre de 2023","format":false,"excerpt":".Tambi\u00e9n est\u00e1n considerando sus propias ofertas para 2028. POR STEVE PUEBLOS Y WILL WEISSERT WASHINGTON (AP) \u2014 El gobernador dem\u00f3crata de Pensilvania, Josh Shapiro , se dirigir\u00e1 a los votantes de las primarias presidenciales en New Hampshire el s\u00e1bado. La gobernadora de Michigan, Gretchen Whitmer , est\u00e1 trabajando para fortalecer\u2026","rel":"","context":"En \u00abSin categor\u00eda\u00bb","block_context":{"text":"Sin categor\u00eda","link":"https:\/\/lasprimeras.com.do\/index.php\/category\/sin-categoria\/"},"img":{"alt_text":"Joe Biden","src":"https:\/\/i0.wp.com\/lasprimeras.com.do\/wp-content\/uploads\/2023\/09\/Joe-Biden-2.jpg?resize=350%2C200&ssl=1","width":350,"height":200,"srcset":"https:\/\/i0.wp.com\/lasprimeras.com.do\/wp-content\/uploads\/2023\/09\/Joe-Biden-2.jpg?resize=350%2C200&ssl=1 1x, https:\/\/i0.wp.com\/lasprimeras.com.do\/wp-content\/uploads\/2023\/09\/Joe-Biden-2.jpg?resize=525%2C300&ssl=1 1.5x, https:\/\/i0.wp.com\/lasprimeras.com.do\/wp-content\/uploads\/2023\/09\/Joe-Biden-2.jpg?resize=700%2C400&ssl=1 2x"},"classes":[]}],"jetpack_sharing_enabled":true,"_links":{"self":[{"href":"https:\/\/lasprimeras.com.do\/index.php\/wp-json\/wp\/v2\/posts\/109214","targetHints":{"allow":["GET"]}}],"collection":[{"href":"https:\/\/lasprimeras.com.do\/index.php\/wp-json\/wp\/v2\/posts"}],"about":[{"href":"https:\/\/lasprimeras.com.do\/index.php\/wp-json\/wp\/v2\/types\/post"}],"author":[{"embeddable":true,"href":"https:\/\/lasprimeras.com.do\/index.php\/wp-json\/wp\/v2\/users\/10"}],"replies":[{"embeddable":true,"href":"https:\/\/lasprimeras.com.do\/index.php\/wp-json\/wp\/v2\/comments?post=109214"}],"version-history":[{"count":1,"href":"https:\/\/lasprimeras.com.do\/index.php\/wp-json\/wp\/v2\/posts\/109214\/revisions"}],"predecessor-version":[{"id":109216,"href":"https:\/\/lasprimeras.com.do\/index.php\/wp-json\/wp\/v2\/posts\/109214\/revisions\/109216"}],"wp:featuredmedia":[{"embeddable":true,"href":"https:\/\/lasprimeras.com.do\/index.php\/wp-json\/wp\/v2\/media\/109215"}],"wp:attachment":[{"href":"https:\/\/lasprimeras.com.do\/index.php\/wp-json\/wp\/v2\/media?parent=109214"}],"wp:term":[{"taxonomy":"category","embeddable":true,"href":"https:\/\/lasprimeras.com.do\/index.php\/wp-json\/wp\/v2\/categories?post=109214"},{"taxonomy":"post_tag","embeddable":true,"href":"https:\/\/lasprimeras.com.do\/index.php\/wp-json\/wp\/v2\/tags?post=109214"}],"curies":[{"name":"wp","href":"https:\/\/api.w.org\/{rel}","templated":true}]}}