{"id":109227,"date":"2025-09-15T20:55:18","date_gmt":"2025-09-16T00:55:18","guid":{"rendered":"https:\/\/lasprimeras.com.do\/?p=109227"},"modified":"2025-09-15T20:55:19","modified_gmt":"2025-09-16T00:55:19","slug":"ejercito-de-eeuu-ataco-otro-bote-que-supuestamente-transportaba-drogas-desde-venezuela-dice-trump","status":"publish","type":"post","link":"https:\/\/lasprimeras.com.do\/index.php\/2025\/09\/15\/ejercito-de-eeuu-ataco-otro-bote-que-supuestamente-transportaba-drogas-desde-venezuela-dice-trump\/","title":{"rendered":"Ej\u00e9rcito de EEUU atac\u00f3 otro bote que supuestamente transportaba drogas desde Venezuela, dice Trump"},"content":{"rendered":"\n<p>POR AAMER MADHANI and REGINA GARC\u00cdA CANO<\/p>\n\n\n\n<p>WASHINGTON (AP) \u2014 El presidente Donald Trump afirm\u00f3 que el ej\u00e9rcito de Estados Unidos atac\u00f3 otro bote que supuestamente transportaba drogas desde Venezuela, y que mat\u00f3 a tres personas a bordo de la embarcaci\u00f3n.<\/p>\n\n\n\n<p>\u201cEl ataque se lanz\u00f3 mientras estos narcoterroristas confirmados de Venezuela estaban en aguas internacionales transportando narc\u00f3ticos ilegales (un arma mortal que envenena a los estadounidenses) con destino a Estados Unidos\u201d, dijo Trump en una publicaci\u00f3n en Truth Social.<\/p>\n\n\n\n<p>\u201cEstos c\u00e1rteles de tr\u00e1fico de drogas extremadamente violentos representan una amenaza para la seguridad nacional de Estados Unidos, para la pol\u00edtica exterior y los intereses vitales de Estados Unidos\u201d.<\/p>\n\n\n\n<p>Hace dos semanas, el ej\u00e9rcito estadounidense ejecut\u00f3 otro ataque contra lo que el gobierno de Trump dijo era una lancha r\u00e1pida que transportaba drogas desde Venezuela, en el cual mat\u00f3 a 11 personas.<\/p>\n\n\n\n<p>En declaraciones a periodistas en el Despacho Oval m\u00e1s tarde el lunes, Trump dijo que el general Dan Caine, jefe del Estado Mayor Conjunto, le hab\u00eda mostrado im\u00e1genes del nuevo ataque.<\/p>\n\n\n\n<p>Cuando se le pregunt\u00f3 qu\u00e9 pruebas ten\u00eda Estados Unidos de que el bote transportaba drogas, Trump respondi\u00f3: \u201cTenemos pruebas. S\u00f3lo hay que ver la carga que qued\u00f3 esparcida por todo el oc\u00e9ano: grandes bolsas de coca\u00edna y fentanilo por todas partes\u201d.<\/p>\n\n\n\n<p>Trump tambi\u00e9n insinu\u00f3 que los ataques militares de Estados Unidos contra presuntos traficantes de drogas en el mar podr\u00edan expandirse a tierra.<\/p>\n\n\n\n<p>A\u00f1adi\u00f3 que el ej\u00e9rcito estadounidense est\u00e1 viendo menos embarcaciones en el Caribe desde que realiz\u00f3 el primer ataque a principios de este mes. Pero afirm\u00f3 que los c\u00e1rteles todav\u00eda est\u00e1n traficando drogas por tierra.<\/p>\n\n\n\n<p>\u201cLes estamos diciendo a los c\u00e1rteles ahora mismo que tambi\u00e9n los vamos a frenar\u201d, dijo Trump. \u201cCuando vengan por tierra, los vamos a parar de la misma manera que paramos los botes\u2026 Pero tal vez al hablar un poco de ello, no suceder\u00e1. Si no sucede, eso es bueno\u201d.<\/p>\n\n\n\n<p>Por su parte, el secretario de Defensa estadounidense, Pete Hegseth, public\u00f3 en X que Estados Unidos \u201clos rastrear\u00e1, matar\u00e1 y desmantelar\u00e1 sus redes en todo nuestro hemisferio, en los momentos y lugares que elijamos\u201d, emulando el lenguaje que usaron gobiernos estadounidenses durante la guerra contra el terrorismo.<\/p>\n\n\n\n<p>La Casa Blanca tambi\u00e9n public\u00f3 un breve video del ataque en redes sociales.<\/p>\n\n\n\n<p>Estados Unidos justific\u00f3 el primer ataque con el argumento de que era una escalada necesaria para frenar el flujo de drogas hacia su territorio.<\/p>\n\n\n\n<p>Pero varios senadores estadounidenses, dem\u00f3cratas y algunos republicanos, han manifestado su insatisfacci\u00f3n con la justificaci\u00f3n del gobierno y cuestionaron la legalidad de esas acciones.<\/p>\n\n\n\n<p>Lo ven como un posible abuso de la autoridad ejecutiva, en parte por el uso del ej\u00e9rcito para prop\u00f3sitos policiales.<\/p>\n\n\n\n<p>El gobierno de Trump ha alegado defensa propia como justificaci\u00f3n legal para el primer ataque, y el secretario de Estado estadounidense, Marco Rubio, dice que los c\u00e1rteles de drogas \u201crepresentan una amenaza inmediata\u201d para su naci\u00f3n.<\/p>\n\n\n\n<p>Funcionarios estadounidenses dijeron que el ataque de principios de este mes tuvo como objetivo al Tren de Aragua, una pandilla venezolana designada por Estados Unidos como organizaci\u00f3n terrorista. E indicaron que vendr\u00edan m\u00e1s ataques militares a objetivos de drogas, ya que Estados Unidos pretende \u201cdeclarar la guerra\u201d a los c\u00e1rteles.<\/p>\n\n\n\n<p>Trump no especific\u00f3 si el Tren de Aragua tambi\u00e9n fue el objetivo del ataque del lunes.<\/p>\n\n\n\n<p>El gobierno venezolano no respondi\u00f3 por el momento a una solicitud de comentarios sobre el ataque reportado.<\/p>\n\n\n\n<p>El gobierno de Trump ha criticado espec\u00edficamente al presidente venezolano Nicol\u00e1s Maduro por el flagelo de las drogas ilegales en las comunidades estadounidenses.<\/p>\n\n\n\n<p>Maduro, durante una conferencia de prensa realizada m\u00e1s temprano el lunes, acus\u00f3 al gobierno de Trump de usar se\u00f1alamientos de narcotr\u00e1fico como excusa para una operaci\u00f3n militar cuyas intenciones son \u201camedrentar\u201d y \u201cbuscar un cambio de r\u00e9gimen\u201d en el pa\u00eds sudamericano.<\/p>\n\n\n\n<p>Maduro tambi\u00e9n repudi\u00f3 lo que describi\u00f3 una operaci\u00f3n realizada el fin de semana en la que 18 marines de Estados Unidos tomaron por asalto un barco pesquero venezolano en el Caribe.<\/p>\n\n\n\n<p>\u201c\u00bfQu\u00e9 buscaban? \u00bfAt\u00fan? \u00bfQu\u00e9 buscaban? \u00bfUn kilo de pargo? \u00bfQui\u00e9n dio la orden en Washington para que un destructor misil\u00edstico mandara a 18 marines armados a allanar un buque pescador de at\u00fan?\u201d, cuestion\u00f3.<br>\u201cEstaban buscando un incidente militar. Si los muchachos atuneros hubieran tenido alg\u00fan tipo de armas y accionan armas estando en jurisdicci\u00f3n venezolana hubiera sido el incidente militar que est\u00e1n buscando los guerreristas, extremistas que quieren una guerra en el Caribe\u201d.<\/p>\n\n\n\n<p>Hablando con Fox News el lunes por la ma\u00f1ana, Rubio reiter\u00f3 que Estados Unidos no ve a Maduro como el l\u00edder leg\u00edtimo de Venezuela, sino como el jefe de un c\u00e1rtel de drogas.<\/p>\n\n\n\n<p>Rubio ha descrito a Venezuela en varias ocasiones como un vestigio de la ideolog\u00eda comunista en el hemisferio occidental.<\/p>\n\n\n\n<p>\u201cNo vamos a permitir que un c\u00e1rtel, operando o disfrazado como gobierno, opere en nuestro propio hemisferio\u201d, dijo Rubio.<\/p>\n\n\n\n<p>Tras el primer ataque militar contra un bote que supuestamente transportaba drogas desde Venezuela, Rubio indic\u00f3 que Trump iba a \u201cusar el ej\u00e9rcito de Estados Unidos y todos los elementos del poder estadounidense para atacar a los c\u00e1rteles que est\u00e1n atacando a Estados Unidos\u201d.<\/p>\n\n\n\n<p>The Associated Press y otros han informado que la lancha hab\u00eda dado la vuelta y se dirig\u00eda de regreso a la costa cuando fue atacada. Rubio afirm\u00f3 el lunes que no sab\u00eda si eso era exacto.<\/p>\n\n\n\n<p>\u201cLo que necesita comenzar a suceder es que algunos de estos botes deben ser destruidos\u201d, se\u00f1al\u00f3 Rubio. \u201cNo podemos vivir en un mundo donde de repente dan la vuelta y entonces no podemos tocarlos m\u00e1s\u201d.<\/p>\n","protected":false},"excerpt":{"rendered":"<p>POR AAMER MADHANI and REGINA GARC\u00cdA CANO WASHINGTON (AP) \u2014 El presidente Donald Trump afirm\u00f3 que el ej\u00e9rcito de Estados Unidos atac\u00f3 otro bote que supuestamente transportaba drogas desde Venezuela,&hellip;<\/p>\n","protected":false},"author":10,"featured_media":109228,"comment_status":"open","ping_status":"open","sticky":false,"template":"","format":"standard","meta":{"content-type":"","jetpack_post_was_ever_published":false,"_jetpack_newsletter_access":"","_jetpack_dont_email_post_to_subs":false,"_jetpack_newsletter_tier_id":0,"_jetpack_memberships_contains_paywalled_content":false,"_jetpack_memberships_contains_paid_content":false,"footnotes":""},"categories":[16289],"tags":[24678,978,5970,979,73,3699,420],"class_list":["post-109227","post","type-post","status-publish","format-standard","has-post-thumbnail","hentry","category-internacionales","tag-ataco-otro-bote","tag-donald-trump","tag-drogas","tag-eeuu","tag-ejercito","tag-transportaba","tag-venezuela"],"jetpack_featured_media_url":"https:\/\/lasprimeras.com.do\/wp-content\/uploads\/2025\/09\/trump-1.jpg","jetpack-related-posts":[{"id":108057,"url":"https:\/\/lasprimeras.com.do\/index.php\/2025\/09\/02\/trump-afirma-que-eeuu-ataco-un-bote-de-pandilla-venezolana-tren-de-aragua-en-el-caribe-y-mato-a-11\/","url_meta":{"origin":109227,"position":0},"title":"Trump afirma que EEUU atac\u00f3 un bote de pandilla venezolana Tren de Aragua en el Caribe y mat\u00f3 a 11","author":"Nelson Feliz","date":"2 de septiembre de 2025","format":false,"excerpt":"POR AAMER MADHANI, KONSTANTIN TOROPINand REGINA GARCIA CANO WASHINGTON (AP) \u2014 El presidente de Estados Unidos, Donald Trump, afirm\u00f3 el martes que su ej\u00e9rcito realiz\u00f3 un ataque en el Caribe contra una embarcaci\u00f3n que transportaba drogas, la cual seg\u00fan dijo hab\u00eda partido de Venezuela y era operada por la pandilla\u2026","rel":"","context":"En \u00abINTERNACIONALES\u00bb","block_context":{"text":"INTERNACIONALES","link":"https:\/\/lasprimeras.com.do\/index.php\/category\/sin-categoria\/internacionales\/"},"img":{"alt_text":"","src":"https:\/\/i0.wp.com\/lasprimeras.com.do\/wp-content\/uploads\/2025\/09\/BARCO.jpg?resize=350%2C200&ssl=1","width":350,"height":200,"srcset":"https:\/\/i0.wp.com\/lasprimeras.com.do\/wp-content\/uploads\/2025\/09\/BARCO.jpg?resize=350%2C200&ssl=1 1x, https:\/\/i0.wp.com\/lasprimeras.com.do\/wp-content\/uploads\/2025\/09\/BARCO.jpg?resize=525%2C300&ssl=1 1.5x, https:\/\/i0.wp.com\/lasprimeras.com.do\/wp-content\/uploads\/2025\/09\/BARCO.jpg?resize=700%2C400&ssl=1 2x"},"classes":[]},{"id":117918,"url":"https:\/\/lasprimeras.com.do\/index.php\/2025\/12\/18\/ejercito-de-eeuu-dice-que-mato-a-4-personas-en-ataque-contra-lancha-que-supuestamente-llevaba-drogas\/","url_meta":{"origin":109227,"position":1},"title":"Ej\u00e9rcito de EEUU dice que mat\u00f3 a 4 personas en ataque contra lancha que supuestamente llevaba drogas","author":"Nelson Feliz","date":"18 de diciembre de 2025","format":false,"excerpt":"WASHINGTON (AP) \u2014 El ej\u00e9rcito de Estados Unidos afirm\u00f3 el mi\u00e9rcoles que atac\u00f3 un bote que supuestamente era usado para contrabandear drogas en el oc\u00e9ano Pac\u00edfico, y que mat\u00f3 a cuatro personas a bordo, el mismo d\u00eda en que la C\u00e1mara de Representantes rechaz\u00f3 propuestas para limitar el poder del\u2026","rel":"","context":"En \u00abINTERNACIONALES\u00bb","block_context":{"text":"INTERNACIONALES","link":"https:\/\/lasprimeras.com.do\/index.php\/category\/sin-categoria\/internacionales\/"},"img":{"alt_text":"El secretario de Defensa, Pete Hegseth, llega para informar a los miembros del Congreso sobre ataques militares cerca de Venezuela, el martes 16 de diciembre de 2025, en Washington. (Foto AP\/Julia Demaree Nikhinson)","src":"https:\/\/i0.wp.com\/lasprimeras.com.do\/wp-content\/uploads\/2025\/12\/Pete-Hegseth.jpg?resize=350%2C200&ssl=1","width":350,"height":200,"srcset":"https:\/\/i0.wp.com\/lasprimeras.com.do\/wp-content\/uploads\/2025\/12\/Pete-Hegseth.jpg?resize=350%2C200&ssl=1 1x, https:\/\/i0.wp.com\/lasprimeras.com.do\/wp-content\/uploads\/2025\/12\/Pete-Hegseth.jpg?resize=525%2C300&ssl=1 1.5x, https:\/\/i0.wp.com\/lasprimeras.com.do\/wp-content\/uploads\/2025\/12\/Pete-Hegseth.jpg?resize=700%2C400&ssl=1 2x"},"classes":[]},{"id":117344,"url":"https:\/\/lasprimeras.com.do\/index.php\/2025\/12\/10\/eeuu-envia-2-aviones-de-combate-al-golfo-de-venezuela\/","url_meta":{"origin":109227,"position":2},"title":"EEUU env\u00eda 2 aviones de combate al Golfo de Venezuela","author":"Nelson Feliz","date":"10 de diciembre de 2025","format":false,"excerpt":"Sigue escrutinio por ataques a botes. POR KONSTANTIN TOROPIN WASHINGTON (AP) \u2014 El ej\u00e9rcito de Estados Unidos vol\u00f3 un par de aviones de combate sobre el Golfo de Venezuela en lo que parece ser la aproximaci\u00f3n m\u00e1s cercana de aeronaves de guerra estadounidenses al espacio a\u00e9reo del pa\u00eds sudamericano desde\u2026","rel":"","context":"En \u00abINTERNACIONALES\u00bb","block_context":{"text":"INTERNACIONALES","link":"https:\/\/lasprimeras.com.do\/index.php\/category\/sin-categoria\/internacionales\/"},"img":{"alt_text":"EEUU env\u00eda 2 aviones de combate al Golfo de Venezuela","src":"https:\/\/i0.wp.com\/lasprimeras.com.do\/wp-content\/uploads\/2025\/12\/EEUU-envia-2-aviones-de-combate-al-Golfo-de-Venezuela.jpg?resize=350%2C200&ssl=1","width":350,"height":200,"srcset":"https:\/\/i0.wp.com\/lasprimeras.com.do\/wp-content\/uploads\/2025\/12\/EEUU-envia-2-aviones-de-combate-al-Golfo-de-Venezuela.jpg?resize=350%2C200&ssl=1 1x, https:\/\/i0.wp.com\/lasprimeras.com.do\/wp-content\/uploads\/2025\/12\/EEUU-envia-2-aviones-de-combate-al-Golfo-de-Venezuela.jpg?resize=525%2C300&ssl=1 1.5x, https:\/\/i0.wp.com\/lasprimeras.com.do\/wp-content\/uploads\/2025\/12\/EEUU-envia-2-aviones-de-combate-al-Golfo-de-Venezuela.jpg?resize=700%2C400&ssl=1 2x"},"classes":[]},{"id":108537,"url":"https:\/\/lasprimeras.com.do\/index.php\/2025\/09\/08\/venezuela-aumentara-tropas-para-combatir-el-narcotrafico-mientras-ee-uu-fortalece-su-ejercito-en-el-caribe\/","url_meta":{"origin":109227,"position":3},"title":"Venezuela aumentar\u00e1 tropas para combatir el narcotr\u00e1fico mientras EE.UU. fortalece su ej\u00e9rcito en el Caribe","author":"Nelson Feliz","date":"8 de septiembre de 2025","format":false,"excerpt":"CARACAS,(Reuters) - Venezuela se comprometi\u00f3 a aumentar dr\u00e1sticamente el n\u00famero de tropas en los estados costeros para enfrentar el narcotr\u00e1fico, una medida que ocurre despu\u00e9s de que Estados Unidos orden\u00f3 el despliegue de 10 aviones de combate adicionales en Puerto Rico para realizar operaciones contra los c\u00e1rteles de la droga.\u2026","rel":"","context":"En \u00abINTERNACIONALES\u00bb","block_context":{"text":"INTERNACIONALES","link":"https:\/\/lasprimeras.com.do\/index.php\/category\/sin-categoria\/internacionales\/"},"img":{"alt_text":"","src":"https:\/\/i0.wp.com\/lasprimeras.com.do\/wp-content\/uploads\/2025\/09\/Venezuela.jpg?resize=350%2C200&ssl=1","width":350,"height":200,"srcset":"https:\/\/i0.wp.com\/lasprimeras.com.do\/wp-content\/uploads\/2025\/09\/Venezuela.jpg?resize=350%2C200&ssl=1 1x, https:\/\/i0.wp.com\/lasprimeras.com.do\/wp-content\/uploads\/2025\/09\/Venezuela.jpg?resize=525%2C300&ssl=1 1.5x"},"classes":[]},{"id":112506,"url":"https:\/\/lasprimeras.com.do\/index.php\/2025\/10\/23\/eeuu-ataca-2-lanchas-en-el-pacifico-que-supuestamente-llevaban-drogas-y-mata-a-5-personas\/","url_meta":{"origin":109227,"position":4},"title":"EEUU ataca 2 lanchas en el Pac\u00edfico que supuestamente llevaban drogas y mata a 5 personas","author":"Nelson Feliz","date":"23 de octubre de 2025","format":false,"excerpt":"POR KONSTANTIN TOROPIN WASHINGTON (AP) \u2014 Las fuerzas armadas de Estados Unidos lanzaron su noveno ataque contra una embarcaci\u00f3n que presuntamente llevaba drogas y mat\u00f3 a tres personas que iban a bordo mientras navegaba en aguas del oc\u00e9ano Pac\u00edfico, inform\u00f3 el mi\u00e9rcoles el secretario de Defensa estadounidense, Pete Hegseth. El\u2026","rel":"","context":"En \u00abINTERNACIONALES\u00bb","block_context":{"text":"INTERNACIONALES","link":"https:\/\/lasprimeras.com.do\/index.php\/category\/sin-categoria\/internacionales\/"},"img":{"alt_text":"","src":"https:\/\/i0.wp.com\/lasprimeras.com.do\/wp-content\/uploads\/2025\/10\/Pete-Hegseth-1.jpg?resize=350%2C200&ssl=1","width":350,"height":200,"srcset":"https:\/\/i0.wp.com\/lasprimeras.com.do\/wp-content\/uploads\/2025\/10\/Pete-Hegseth-1.jpg?resize=350%2C200&ssl=1 1x, https:\/\/i0.wp.com\/lasprimeras.com.do\/wp-content\/uploads\/2025\/10\/Pete-Hegseth-1.jpg?resize=525%2C300&ssl=1 1.5x, https:\/\/i0.wp.com\/lasprimeras.com.do\/wp-content\/uploads\/2025\/10\/Pete-Hegseth-1.jpg?resize=700%2C400&ssl=1 2x"},"classes":[]},{"id":114769,"url":"https:\/\/lasprimeras.com.do\/index.php\/2025\/11\/17\/trump-eeuu-podria-sostener-conversaciones-con-maduro-aumenta-su-presencia-militar-en-el-caribe\/","url_meta":{"origin":109227,"position":5},"title":"Trump: EEUU podr\u00eda sostener conversaciones con Maduro; aumenta su presencia militar en el Caribe","author":"Nelson Feliz","date":"17 de noviembre de 2025","format":false,"excerpt":"POR BEN FINLEYand CHRIS MEGERIAN WEST PALM BEACH, Florida, EE.UU. (AP) \u2014 Estados Unidos \u201cpodr\u00eda sostener conversaciones\u201d con el presidente venezolano Nicol\u00e1s Maduro, indic\u00f3 el domingo el mandatario estadounidense Donald Trump, lo que representa una posible v\u00eda diplom\u00e1tica al tiempo que Estados Unidos sigue aumentando su presencia militar cerca del\u2026","rel":"","context":"En \u00abINTERNACIONALES\u00bb","block_context":{"text":"INTERNACIONALES","link":"https:\/\/lasprimeras.com.do\/index.php\/category\/sin-categoria\/internacionales\/"},"img":{"alt_text":"","src":"https:\/\/i0.wp.com\/lasprimeras.com.do\/wp-content\/uploads\/2025\/11\/El-portaaviones-USS-Gerald-R.-Ford-saliendo-de-la-Base-Naval-Norfolk.jpg?resize=350%2C200&ssl=1","width":350,"height":200,"srcset":"https:\/\/i0.wp.com\/lasprimeras.com.do\/wp-content\/uploads\/2025\/11\/El-portaaviones-USS-Gerald-R.-Ford-saliendo-de-la-Base-Naval-Norfolk.jpg?resize=350%2C200&ssl=1 1x, https:\/\/i0.wp.com\/lasprimeras.com.do\/wp-content\/uploads\/2025\/11\/El-portaaviones-USS-Gerald-R.-Ford-saliendo-de-la-Base-Naval-Norfolk.jpg?resize=525%2C300&ssl=1 1.5x, https:\/\/i0.wp.com\/lasprimeras.com.do\/wp-content\/uploads\/2025\/11\/El-portaaviones-USS-Gerald-R.-Ford-saliendo-de-la-Base-Naval-Norfolk.jpg?resize=700%2C400&ssl=1 2x"},"classes":[]}],"jetpack_sharing_enabled":true,"_links":{"self":[{"href":"https:\/\/lasprimeras.com.do\/index.php\/wp-json\/wp\/v2\/posts\/109227","targetHints":{"allow":["GET"]}}],"collection":[{"href":"https:\/\/lasprimeras.com.do\/index.php\/wp-json\/wp\/v2\/posts"}],"about":[{"href":"https:\/\/lasprimeras.com.do\/index.php\/wp-json\/wp\/v2\/types\/post"}],"author":[{"embeddable":true,"href":"https:\/\/lasprimeras.com.do\/index.php\/wp-json\/wp\/v2\/users\/10"}],"replies":[{"embeddable":true,"href":"https:\/\/lasprimeras.com.do\/index.php\/wp-json\/wp\/v2\/comments?post=109227"}],"version-history":[{"count":1,"href":"https:\/\/lasprimeras.com.do\/index.php\/wp-json\/wp\/v2\/posts\/109227\/revisions"}],"predecessor-version":[{"id":109229,"href":"https:\/\/lasprimeras.com.do\/index.php\/wp-json\/wp\/v2\/posts\/109227\/revisions\/109229"}],"wp:featuredmedia":[{"embeddable":true,"href":"https:\/\/lasprimeras.com.do\/index.php\/wp-json\/wp\/v2\/media\/109228"}],"wp:attachment":[{"href":"https:\/\/lasprimeras.com.do\/index.php\/wp-json\/wp\/v2\/media?parent=109227"}],"wp:term":[{"taxonomy":"category","embeddable":true,"href":"https:\/\/lasprimeras.com.do\/index.php\/wp-json\/wp\/v2\/categories?post=109227"},{"taxonomy":"post_tag","embeddable":true,"href":"https:\/\/lasprimeras.com.do\/index.php\/wp-json\/wp\/v2\/tags?post=109227"}],"curies":[{"name":"wp","href":"https:\/\/api.w.org\/{rel}","templated":true}]}}