{"id":109230,"date":"2025-09-15T21:01:24","date_gmt":"2025-09-16T01:01:24","guid":{"rendered":"https:\/\/lasprimeras.com.do\/?p=109230"},"modified":"2025-09-15T21:01:25","modified_gmt":"2025-09-16T01:01:25","slug":"tribunal-de-apelaciones-rechaza-intento-de-trump-de-destituir-a-la-gobernadora-de-la-reserva-federal-lisa-cook","status":"publish","type":"post","link":"https:\/\/lasprimeras.com.do\/index.php\/2025\/09\/15\/tribunal-de-apelaciones-rechaza-intento-de-trump-de-destituir-a-la-gobernadora-de-la-reserva-federal-lisa-cook\/","title":{"rendered":"Tribunal de apelaciones rechaza intento de Trump de destituir a la gobernadora de la Reserva Federal Lisa Cook"},"content":{"rendered":"\n<p>Por Christopher Rugaber<\/p>\n\n\n\n<p>WASHINGTON (AP) \u2014 Un tribunal de apelaciones dictamin\u00f3 el lunes que Lisa Cook puede seguir como gobernadora de la Reserva Federal, rechazando los esfuerzos del presidente Donald Trump de destituirla justo antes de una votaci\u00f3n clave sobre las tasas de inter\u00e9s.<\/p>\n\n\n\n<p>Se espera que la administraci\u00f3n Trump recurra r\u00e1pidamente a la Corte Suprema en un \u00faltimo intento por destituir a Cook antes de que se re\u00fana la Reserva Federal. Y la demanda de Cook, que busca bloquear permanentemente su despido, a\u00fan debe avanzar en los tribunales.<\/p>\n\n\n\n<p>La campa\u00f1a de la Casa Blanca para destituir a Cook marca un intento sin precedentes de reestructurar la junta directiva de siete miembros de la Fed, dise\u00f1ada para ser en gran medida independiente de la pol\u00edtica diaria.<\/p>\n\n\n\n<p>Ning\u00fan presidente ha destituido a un gobernador en funciones de la Fed en los 112 a\u00f1os de historia de la agencia.<\/p>\n\n\n\n<p>El fallo se produce justo antes de que el comit\u00e9 de fijaci\u00f3n de tasas de inter\u00e9s de la Fed inicie una reuni\u00f3n de dos d\u00edas el martes.<br>Los republicanos del Senado han confirmado a Stephen Miran , nominado por Trump, para un puesto vacante en la junta directiva de la Fed.<\/p>\n\n\n\n<p>Trump intent\u00f3 despedir a Cook el 25 de agosto , pero un juez federal dictamin\u00f3 la semana pasada que la destituci\u00f3n era ilegal y la reincorpor\u00f3 a la junta de la Reserva Federal.<\/p>\n\n\n\n<p>Bill Pulte, designado por Trump, acus\u00f3 a Cook de fraude hipotecario porque aparentemente declar\u00f3 dos propiedades como &#8220;residencias principales&#8221; en julio de 2021, antes de unirse a la junta.<\/p>\n\n\n\n<p>Dichas declaraciones pueden resultar en una tasa hipotecaria m\u00e1s baja y un pago inicial menor que si una de ellas se declarara como propiedad de alquiler o segunda residencia. Cook ha negado los cargos.<\/p>\n\n\n\n<p>El caso amenaza con erosionar la hist\u00f3rica independencia pol\u00edtica de la Reserva Federal.<\/p>\n\n\n\n<p>Los economistas prefieren los bancos centrales independientes porque pueden tomar medidas impopulares, como subir los tipos de inter\u00e9s para combatir la inflaci\u00f3n, con mayor facilidad que los funcionarios electos.<\/p>\n","protected":false},"excerpt":{"rendered":"<p>Por Christopher Rugaber WASHINGTON (AP) \u2014 Un tribunal de apelaciones dictamin\u00f3 el lunes que Lisa Cook puede seguir como gobernadora de la Reserva Federal, rechazando los esfuerzos del presidente Donald&hellip;<\/p>\n","protected":false},"author":10,"featured_media":109231,"comment_status":"open","ping_status":"open","sticky":false,"template":"","format":"standard","meta":{"content-type":"","jetpack_post_was_ever_published":false,"_jetpack_newsletter_access":"","_jetpack_dont_email_post_to_subs":false,"_jetpack_newsletter_tier_id":0,"_jetpack_memberships_contains_paywalled_content":false,"_jetpack_memberships_contains_paid_content":false,"footnotes":""},"categories":[16289],"tags":[7506,24680,978,3000,418,24679,5528,18808,1757,2638],"class_list":["post-109230","post","type-post","status-publish","format-standard","has-post-thumbnail","hentry","category-internacionales","tag-apelaciones","tag-destituir","tag-donald-trump","tag-gobernadora","tag-intento","tag-lisa-cook","tag-rechaza","tag-reserva-federal","tag-tribunal","tag-votacion"],"jetpack_featured_media_url":"https:\/\/lasprimeras.com.do\/wp-content\/uploads\/2025\/09\/Lisa-Cook.jpg","jetpack-related-posts":[{"id":109486,"url":"https:\/\/lasprimeras.com.do\/index.php\/2025\/09\/18\/trump-pide-a-la-corte-suprema-una-orden-de-emergencia-para-remover-a-lisa-cook-de-la-junta-de-la-fed\/","url_meta":{"origin":109230,"position":0},"title":"Trump pide a la Corte Suprema una orden de emergencia para remover a Lisa Cook de la junta de la Fed","author":"Nelson Feliz","date":"18 de septiembre de 2025","format":false,"excerpt":"Por Mark Sherman WASHINGTON (AP) \u2014 El gobierno de Donald Trump solicit\u00f3 el jueves a la Corte Suprema una orden de emergencia para remover a Lisa Cook de la junta de gobernadores de la Reserva Federal. La administraci\u00f3n republicana recurri\u00f3 a la Corte Suprema despu\u00e9s de que un tribunal de\u2026","rel":"","context":"En \u00abECONOM\u00cdA\u00bb","block_context":{"text":"ECONOM\u00cdA","link":"https:\/\/lasprimeras.com.do\/index.php\/category\/economia\/"},"img":{"alt_text":"","src":"https:\/\/i0.wp.com\/lasprimeras.com.do\/wp-content\/uploads\/2025\/09\/Donald-Trump-Y-Lisa-Cook.jpg?resize=350%2C200&ssl=1","width":350,"height":200,"srcset":"https:\/\/i0.wp.com\/lasprimeras.com.do\/wp-content\/uploads\/2025\/09\/Donald-Trump-Y-Lisa-Cook.jpg?resize=350%2C200&ssl=1 1x, https:\/\/i0.wp.com\/lasprimeras.com.do\/wp-content\/uploads\/2025\/09\/Donald-Trump-Y-Lisa-Cook.jpg?resize=525%2C300&ssl=1 1.5x, https:\/\/i0.wp.com\/lasprimeras.com.do\/wp-content\/uploads\/2025\/09\/Donald-Trump-Y-Lisa-Cook.jpg?resize=700%2C400&ssl=1 2x"},"classes":[]},{"id":72914,"url":"https:\/\/lasprimeras.com.do\/index.php\/2024\/01\/04\/tribunal-rechaza-que-se-aplace-el-juicio-por-difamacion-contra-donald-trump\/","url_meta":{"origin":109230,"position":1},"title":"Tribunal rechaza que se aplace el juicio por difamaci\u00f3n contra Donald Trump","author":"Nelson Feliz","date":"4 de enero de 2024","format":false,"excerpt":"El juicio est\u00e1 previsto para el 16 de enero a menos que el Tribunal Supremo acepte la apelaci\u00f3n del exmandatario, que alega que estaba protegido por la inmunidad presidencial cuando hizo los comentarios contra la escritora E. Jean Carroll Nueva York, EFE - El expresidente Donald Trump sufri\u00f3 hoy un\u2026","rel":"","context":"En \u00abSin categor\u00eda\u00bb","block_context":{"text":"Sin categor\u00eda","link":"https:\/\/lasprimeras.com.do\/index.php\/category\/sin-categoria\/"},"img":{"alt_text":"Donald Trump","src":"https:\/\/i0.wp.com\/lasprimeras.com.do\/wp-content\/uploads\/2024\/01\/Donald-Trump.jpg?resize=350%2C200&ssl=1","width":350,"height":200,"srcset":"https:\/\/i0.wp.com\/lasprimeras.com.do\/wp-content\/uploads\/2024\/01\/Donald-Trump.jpg?resize=350%2C200&ssl=1 1x, https:\/\/i0.wp.com\/lasprimeras.com.do\/wp-content\/uploads\/2024\/01\/Donald-Trump.jpg?resize=525%2C300&ssl=1 1.5x, https:\/\/i0.wp.com\/lasprimeras.com.do\/wp-content\/uploads\/2024\/01\/Donald-Trump.jpg?resize=700%2C400&ssl=1 2x"},"classes":[]},{"id":61638,"url":"https:\/\/lasprimeras.com.do\/index.php\/2023\/09\/29\/tribunal-rechaza-intento-de-donald-trump-de-retrasar-el-juicio-tras-un-fallo-de-fraude-que-amenaza-su-negocio\/","url_meta":{"origin":109230,"position":2},"title":"Tribunal rechaza intento de Donald Trump de retrasar el juicio tras un fallo de fraude que amenaza su negocio","author":"Nelson Feliz","date":"29 de septiembre de 2023","format":false,"excerpt":"POR MICHAEL R. SISAK NUEVA YORK (AP) \u2014 Un tribunal de apelaciones rechaz\u00f3 el jueves el intento de Donald Trump de retrasar un juicio civil en una demanda presentada por el fiscal general de Nueva York, permitiendo que el caso avance d\u00edas despu\u00e9s de que un juez dictamin\u00f3 que el\u2026","rel":"","context":"En \u00abSin categor\u00eda\u00bb","block_context":{"text":"Sin categor\u00eda","link":"https:\/\/lasprimeras.com.do\/index.php\/category\/sin-categoria\/"},"img":{"alt_text":"","src":"https:\/\/i0.wp.com\/lasprimeras.com.do\/wp-content\/uploads\/2023\/09\/Donald-Trump-2.jpg?resize=350%2C200&ssl=1","width":350,"height":200,"srcset":"https:\/\/i0.wp.com\/lasprimeras.com.do\/wp-content\/uploads\/2023\/09\/Donald-Trump-2.jpg?resize=350%2C200&ssl=1 1x, https:\/\/i0.wp.com\/lasprimeras.com.do\/wp-content\/uploads\/2023\/09\/Donald-Trump-2.jpg?resize=525%2C300&ssl=1 1.5x, https:\/\/i0.wp.com\/lasprimeras.com.do\/wp-content\/uploads\/2023\/09\/Donald-Trump-2.jpg?resize=700%2C400&ssl=1 2x"},"classes":[]},{"id":72024,"url":"https:\/\/lasprimeras.com.do\/index.php\/2023\/12\/26\/los-abogados-de-trump-presentan-reclamos-de-inmunidad-ante-un-tribunal-inferior\/","url_meta":{"origin":109230,"position":3},"title":"Los abogados de Trump presentan reclamos de inmunidad ante un tribunal inferior","author":"Nelson Feliz","date":"26 de diciembre de 2023","format":false,"excerpt":"POR ERIC TUCKER WASHINGTON (AP) \u2014 Donald Trump actuaba dentro de su papel de presidente cuando present\u00f3 acusaciones sobre \u201cpresunto fraude e irregularidad\u201d en las elecciones de 2020, dijeron sus abogados a un tribunal federal de apelaciones al argumentar que es inmune al procesamiento. Los abogados tambi\u00e9n afirmaron en una\u2026","rel":"","context":"En \u00abSin categor\u00eda\u00bb","block_context":{"text":"Sin categor\u00eda","link":"https:\/\/lasprimeras.com.do\/index.php\/category\/sin-categoria\/"},"img":{"alt_text":"Donald Trump","src":"https:\/\/i0.wp.com\/lasprimeras.com.do\/wp-content\/uploads\/2023\/12\/Donald-Trump-2.jpg?resize=350%2C200&ssl=1","width":350,"height":200,"srcset":"https:\/\/i0.wp.com\/lasprimeras.com.do\/wp-content\/uploads\/2023\/12\/Donald-Trump-2.jpg?resize=350%2C200&ssl=1 1x, https:\/\/i0.wp.com\/lasprimeras.com.do\/wp-content\/uploads\/2023\/12\/Donald-Trump-2.jpg?resize=525%2C300&ssl=1 1.5x, https:\/\/i0.wp.com\/lasprimeras.com.do\/wp-content\/uploads\/2023\/12\/Donald-Trump-2.jpg?resize=700%2C400&ssl=1 2x"},"classes":[]},{"id":60418,"url":"https:\/\/lasprimeras.com.do\/index.php\/2023\/09\/14\/un-tribunal-de-apelaciones-considerara-el-reclamo-de-inmunidad-presidencial-de-trump-en-un-caso-de-abuso-sexual\/","url_meta":{"origin":109230,"position":4},"title":"Un tribunal de apelaciones considerar\u00e1 el reclamo de inmunidad presidencial de Trump en un caso de abuso sexual","author":"Nelson Feliz","date":"14 de septiembre de 2023","format":false,"excerpt":"POR LARRY NEUMEISTER NUEVA YORK (AP) \u2014 Un tribunal federal de apelaciones considerar\u00e1 r\u00e1pidamente la afirmaci\u00f3n del expresidente Donald Trump de que la inmunidad presidencial lo protege de ser considerado responsable por las declaraciones que hizo en 2019 cuando neg\u00f3 haber atacado sexualmente a un escritor neoyorquino en la d\u00e9cada\u2026","rel":"","context":"En \u00abSin categor\u00eda\u00bb","block_context":{"text":"Sin categor\u00eda","link":"https:\/\/lasprimeras.com.do\/index.php\/category\/sin-categoria\/"},"img":{"alt_text":"Donald Trump","src":"https:\/\/i0.wp.com\/lasprimeras.com.do\/wp-content\/uploads\/2023\/09\/Donald-Trump.jpg?resize=350%2C200&ssl=1","width":350,"height":200,"srcset":"https:\/\/i0.wp.com\/lasprimeras.com.do\/wp-content\/uploads\/2023\/09\/Donald-Trump.jpg?resize=350%2C200&ssl=1 1x, https:\/\/i0.wp.com\/lasprimeras.com.do\/wp-content\/uploads\/2023\/09\/Donald-Trump.jpg?resize=525%2C300&ssl=1 1.5x, https:\/\/i0.wp.com\/lasprimeras.com.do\/wp-content\/uploads\/2023\/09\/Donald-Trump.jpg?resize=700%2C400&ssl=1 2x"},"classes":[]},{"id":70483,"url":"https:\/\/lasprimeras.com.do\/index.php\/2023\/12\/11\/el-tribunal-supremo-estudiara-la-peticion-para-decidir-sobre-la-inmunidad-de-donald-trump\/","url_meta":{"origin":109230,"position":5},"title":"El Tribunal Supremo estudiar\u00e1 la petici\u00f3n para decidir sobre la inmunidad de Donald Trump","author":"Nelson Feliz","date":"11 de diciembre de 2023","format":false,"excerpt":"Washington D.C., Estados Unidos - El Tribunal Supremo de Estados Unidos acept\u00f3 este lunes estudiar la petici\u00f3n del fiscal especial Jack Smith para decidir sobre la inmunidad presidencial de Trump con relaci\u00f3n a los sucesos ocurridos el 6 de enero de 2021, cuando el Capitolio fue asaltado para tratar de\u2026","rel":"","context":"En \u00abSin categor\u00eda\u00bb","block_context":{"text":"Sin categor\u00eda","link":"https:\/\/lasprimeras.com.do\/index.php\/category\/sin-categoria\/"},"img":{"alt_text":"Donald Trump","src":"https:\/\/i0.wp.com\/lasprimeras.com.do\/wp-content\/uploads\/2023\/12\/Donald-Trump-1.jpg?resize=350%2C200&ssl=1","width":350,"height":200,"srcset":"https:\/\/i0.wp.com\/lasprimeras.com.do\/wp-content\/uploads\/2023\/12\/Donald-Trump-1.jpg?resize=350%2C200&ssl=1 1x, https:\/\/i0.wp.com\/lasprimeras.com.do\/wp-content\/uploads\/2023\/12\/Donald-Trump-1.jpg?resize=525%2C300&ssl=1 1.5x, https:\/\/i0.wp.com\/lasprimeras.com.do\/wp-content\/uploads\/2023\/12\/Donald-Trump-1.jpg?resize=700%2C400&ssl=1 2x"},"classes":[]}],"jetpack_sharing_enabled":true,"_links":{"self":[{"href":"https:\/\/lasprimeras.com.do\/index.php\/wp-json\/wp\/v2\/posts\/109230","targetHints":{"allow":["GET"]}}],"collection":[{"href":"https:\/\/lasprimeras.com.do\/index.php\/wp-json\/wp\/v2\/posts"}],"about":[{"href":"https:\/\/lasprimeras.com.do\/index.php\/wp-json\/wp\/v2\/types\/post"}],"author":[{"embeddable":true,"href":"https:\/\/lasprimeras.com.do\/index.php\/wp-json\/wp\/v2\/users\/10"}],"replies":[{"embeddable":true,"href":"https:\/\/lasprimeras.com.do\/index.php\/wp-json\/wp\/v2\/comments?post=109230"}],"version-history":[{"count":1,"href":"https:\/\/lasprimeras.com.do\/index.php\/wp-json\/wp\/v2\/posts\/109230\/revisions"}],"predecessor-version":[{"id":109232,"href":"https:\/\/lasprimeras.com.do\/index.php\/wp-json\/wp\/v2\/posts\/109230\/revisions\/109232"}],"wp:featuredmedia":[{"embeddable":true,"href":"https:\/\/lasprimeras.com.do\/index.php\/wp-json\/wp\/v2\/media\/109231"}],"wp:attachment":[{"href":"https:\/\/lasprimeras.com.do\/index.php\/wp-json\/wp\/v2\/media?parent=109230"}],"wp:term":[{"taxonomy":"category","embeddable":true,"href":"https:\/\/lasprimeras.com.do\/index.php\/wp-json\/wp\/v2\/categories?post=109230"},{"taxonomy":"post_tag","embeddable":true,"href":"https:\/\/lasprimeras.com.do\/index.php\/wp-json\/wp\/v2\/tags?post=109230"}],"curies":[{"name":"wp","href":"https:\/\/api.w.org\/{rel}","templated":true}]}}