{"id":109275,"date":"2025-09-16T08:21:40","date_gmt":"2025-09-16T12:21:40","guid":{"rendered":"https:\/\/lasprimeras.com.do\/?p=109275"},"modified":"2025-09-16T08:21:42","modified_gmt":"2025-09-16T12:21:42","slug":"celebraran-2do-aniversario-patronales-culturales-en-pimentel-provincia-duarte","status":"publish","type":"post","link":"https:\/\/lasprimeras.com.do\/index.php\/2025\/09\/16\/celebraran-2do-aniversario-patronales-culturales-en-pimentel-provincia-duarte\/","title":{"rendered":"Celebrar\u00e1n 2do. aniversario \u00abPatronales Culturales\u00bb en Pimentel, provincia Duarte"},"content":{"rendered":"\n<p>Por Ram\u00f3n Mercedes<\/p>\n\n\n\n<p>NUEVA YORK.- El Centro Cultural Francisco Nolasco Cordero celebrar\u00e1 los d\u00edas 19, 20 y 21 de este mes el segundo aniversario de las \u00abPatronales Culturales\u00bb, en el municipio de Pimentel, provincia Duarte, inform\u00f3 su presidente, el abogado y director del diario digital \u00abNeoyorkinos\u00bb, Nolagko Nolasco residente en esta ciudad.<\/p>\n\n\n\n<p>Nolasco viaj\u00f3 recientemente a su pueblo natal para montar la log\u00edstica del evento, a efectuarse en el local del \u00abCentro\u00bb, ubicado en la calle Emiliano Tardif No.1 en dicha comarca.<\/p>\n\n\n\n<p>Explic\u00f3 que se llevar\u00e1n a cabo una serie de actividades art\u00edsticas y culturales que concluir\u00e1n con el ya exitoso \u00abFestival Gastron\u00f3mico de Pimentelenses\u00bb, quedando el p\u00fablico en general invitado a participar del mismo de manera gratuita.<\/p>\n\n\n\n<p>Las actividades iniciar\u00e1n el pr\u00f3ximo viernes a las 6:00 p.m., con la conferencia \u201cPasado, Presente y Futuro de Pimentel\u201d, a cargo del locutor, historiador y ex general de la Fuerza Aerea Dominicana (FAD), Osvaldo Cepeda y Cepeda, oriundo de la ciudad.<\/p>\n\n\n\n<p>El s\u00e1bado 20, a las 4:00 p.m., la presentaci\u00f3n de los libros de la autor\u00eda de Bolivar Rond\u00f3n, otro destacado locutor, pintor y m\u00e9dico, tambi\u00e9n nativo del municipio de Pimentel.<\/p>\n\n\n\n<p>El domingo 21, a partir de las 9:30 A.M., se llevar\u00e1 a cabo el \u00abSegundo Festival Gastron\u00f3mico de Pimentel\u00bb con la participaci\u00f3n de los principales restaurantes, y los negocios de expendio de comidas y bebidas de la comunidad del nordeste.<\/p>\n\n\n\n<p>Las \u00abPatronales Culturales\u00bb, tambi\u00e9n incluyen actividades para ni\u00f1os y toda la familia, como son la participaci\u00f3n del grupo de baile de la Fundaci\u00f3n Aldea del Ni\u00f1o, el ballet folcl\u00f3rico del Liceo Salom\u00e9 Ure\u00f1a, payasos, rifas y concursos, entre otros.<\/p>\n\n\n\n<p>El Centro Cultural Francisco Nolasco Cordero es una asociaci\u00f3n sin fines de lucro que tiene como objetivo introducir a ni\u00f1os, j\u00f3venes y adultos en el mundo del arte y la cultura, creado por la familia del extinto escritor Francisco Nolasco Cordero.<\/p>\n\n\n\n<p>Pimentel es la segunda ciudad m\u00e1s grande de la provincia Duarte y la 25\u00aa m\u00e1s grande de la RD, fundada por inmigrantes italianos.<\/p>\n\n\n\n<p>Fue el presidente Ulises Heureaux (Lilis) quien decidi\u00f3 designar con el nombre de su compa\u00f1ero de Restauraci\u00f3n general Pedro Antonio Pimentel, este municipio que antes se conoc\u00eda por el nombre de Barbero.<\/p>\n\n\n\n<p>Entend\u00eda que su nombre desaparec\u00eda cuando otra persona contraria a \u00e9l ocupara el gobierno, por lo que crey\u00f3 justo que al pueblo de Barbero se le designara por ley Pedro Antonio Pimentel quien hab\u00eda sido su compa\u00f1ero de luchas en la guerra de Restauraci\u00f3n de 1863-1865.<\/p>\n\n\n\n<p>Es as\u00ed como en el mes agosto de 1898 el mismo general Pedro Antonio Pimentel, jurament\u00f3 las primeras autoridades que dirigieron este poblado.<\/p>\n","protected":false},"excerpt":{"rendered":"<p>Por Ram\u00f3n Mercedes NUEVA YORK.- El Centro Cultural Francisco Nolasco Cordero celebrar\u00e1 los d\u00edas 19, 20 y 21 de este mes el segundo aniversario de las \u00abPatronales Culturales\u00bb, en el&hellip;<\/p>\n","protected":false},"author":10,"featured_media":109276,"comment_status":"open","ping_status":"open","sticky":false,"template":"","format":"standard","meta":{"content-type":"","jetpack_post_was_ever_published":false,"_jetpack_newsletter_access":"","_jetpack_dont_email_post_to_subs":false,"_jetpack_newsletter_tier_id":0,"_jetpack_memberships_contains_paywalled_content":false,"_jetpack_memberships_contains_paid_content":false,"footnotes":""},"categories":[84],"tags":[24700,24701,5624,5715],"class_list":["post-109275","post","type-post","status-publish","format-standard","has-post-thumbnail","hentry","category-entretenimiento","tag-celebraran-2do-aniversario","tag-patronales-culturales","tag-pimentel","tag-provincia-duarte"],"jetpack_featured_media_url":"https:\/\/lasprimeras.com.do\/wp-content\/uploads\/2025\/09\/WhatsApp-Image-2025-09-16-at-5.37.25-AM-1.jpeg","jetpack-related-posts":[{"id":101178,"url":"https:\/\/lasprimeras.com.do\/index.php\/2025\/06\/17\/pueblo-de-villa-riva-colecta-para-celebrar-fiestas-patronales-alcaldia-se-ha-opuesto-por-3-anos-seguidos\/","url_meta":{"origin":109275,"position":0},"title":"Pueblo de Villa Riva colecta para celebrar Fiestas Patronales; alcald\u00eda se ha opuesto por 3 a\u00f1os seguidos","author":"Nelson Feliz","date":"17 de junio de 2025","format":false,"excerpt":"https:\/\/www.youtube.com\/watch?v=wAFd_K1YQIY Por Ram\u00f3n Mercedes NUEVA YORK.- Dominicanos residentes en esta ciudad del pueblo de Villa Riva, provincia Duarte, lamentaron y condenaron a la vez que por tercer a\u00f1o consecutivo el ayuntamiento dirigido por el PRM no haya querido hacer las Fiestas Patronales, y el pueblo haya tenido que hacer una\u2026","rel":"","context":"En \u00abENTRETENIMIENTO\u00bb","block_context":{"text":"ENTRETENIMIENTO","link":"https:\/\/lasprimeras.com.do\/index.php\/category\/entretenimiento\/"},"img":{"alt_text":"Pueblo de Villa Riva colecta para celebrar Fiestas Patronales","src":"https:\/\/i0.wp.com\/lasprimeras.com.do\/wp-content\/uploads\/2025\/06\/WhatsApp-Image-2025-06-16-at-5.37.36-AM.jpeg?resize=350%2C200&ssl=1","width":350,"height":200},"classes":[]},{"id":100617,"url":"https:\/\/lasprimeras.com.do\/index.php\/2025\/06\/09\/villarivenses-en-ny-condenan-su-pueblo-lleve-3-anos-sin-fiestas-patronales\/","url_meta":{"origin":109275,"position":1},"title":"Villarivenses en NY condenan su pueblo lleve 3 a\u00f1os sin Fiestas Patronales","author":"Nelson Feliz","date":"9 de junio de 2025","format":false,"excerpt":"Por Ram\u00f3n Mercedes NUEVA YORK.- Dominicanos residentes en esta ciudad procedentes del municipio de Villa Riva, provincia Duarte, lamentaron y condenaron que por tres a\u00f1os consecutivos en su pueblo no se hayan celebrado las Fiestas Patronales del 4 al 13 de cada junio, correspondientes a San Antonio de Padua. En\u2026","rel":"","context":"En \u00abENTRETENIMIENTO\u00bb","block_context":{"text":"ENTRETENIMIENTO","link":"https:\/\/lasprimeras.com.do\/index.php\/category\/entretenimiento\/"},"img":{"alt_text":"Villarivenses en NY lamentan y condenan su pueblo lleve 3 a\u00f1os sin Fiestas Patronales","src":"https:\/\/i0.wp.com\/lasprimeras.com.do\/wp-content\/uploads\/2025\/06\/WhatsApp-Image-2025-06-09-at-6.15.33-AM.jpeg?resize=350%2C200&ssl=1","width":350,"height":200,"srcset":"https:\/\/i0.wp.com\/lasprimeras.com.do\/wp-content\/uploads\/2025\/06\/WhatsApp-Image-2025-06-09-at-6.15.33-AM.jpeg?resize=350%2C200&ssl=1 1x, https:\/\/i0.wp.com\/lasprimeras.com.do\/wp-content\/uploads\/2025\/06\/WhatsApp-Image-2025-06-09-at-6.15.33-AM.jpeg?resize=525%2C300&ssl=1 1.5x"},"classes":[]},{"id":113243,"url":"https:\/\/lasprimeras.com.do\/index.php\/2025\/10\/30\/abinader-visitara-san-jose-de-ocoa-barahona-san-juan-duarte-y-el-municipio-de-santo-domingo-norte\/","url_meta":{"origin":109275,"position":2},"title":"Abinader visitar\u00e1 San Jos\u00e9 de Ocoa, Barahona, San Juan, Duarte y el municipio de Santo Domingo Norte","author":"Nelson Feliz","date":"30 de octubre de 2025","format":false,"excerpt":"El presidente Luis Abinader desarrollar\u00e1 desde este viernes hasta el domingo una intensa agenda de trabajo en varias provincias del pa\u00eds, incluyendo San Jos\u00e9 de Ocoa, Barahona, Santo Domingo, San Juan y Duarte, donde inaugurar\u00e1 obras de infraestructura, visitar\u00e1 proyectos productivos y culturales, y sostendr\u00e1 encuentros con autoridades, estudiantes y\u2026","rel":"","context":"En \u00abNACIONALES\u00bb","block_context":{"text":"NACIONALES","link":"https:\/\/lasprimeras.com.do\/index.php\/category\/nacionales\/"},"img":{"alt_text":"","src":"https:\/\/i0.wp.com\/lasprimeras.com.do\/wp-content\/uploads\/2025\/10\/Luis-Abinader-12.jpg?resize=350%2C200&ssl=1","width":350,"height":200,"srcset":"https:\/\/i0.wp.com\/lasprimeras.com.do\/wp-content\/uploads\/2025\/10\/Luis-Abinader-12.jpg?resize=350%2C200&ssl=1 1x, https:\/\/i0.wp.com\/lasprimeras.com.do\/wp-content\/uploads\/2025\/10\/Luis-Abinader-12.jpg?resize=525%2C300&ssl=1 1.5x, https:\/\/i0.wp.com\/lasprimeras.com.do\/wp-content\/uploads\/2025\/10\/Luis-Abinader-12.jpg?resize=700%2C400&ssl=1 2x"},"classes":[]},{"id":99164,"url":"https:\/\/lasprimeras.com.do\/index.php\/2025\/05\/18\/estebania-celebra-sus-fiestas-patronales\/","url_meta":{"origin":109275,"position":3},"title":"Esteban\u00eda celebra sus Fiestas Patronales","author":"Nelson Feliz","date":"18 de mayo de 2025","format":false,"excerpt":"El municipio de Esteban\u00eda da inicio a sus esperadas Fiestas Patronales 2025. Este a\u00f1o la comunidad reconoce el compromiso y la dedicaci\u00f3n de su alcaldesa, Manuela Ortiz, cuya gesti\u00f3n ha sido clave para fortalecer el bienestar colectivo del pueblo. Desde el inicio de su mandato, la alcaldesa Ortiz ha impulsado\u2026","rel":"","context":"En \u00abENTRETENIMIENTO\u00bb","block_context":{"text":"ENTRETENIMIENTO","link":"https:\/\/lasprimeras.com.do\/index.php\/category\/entretenimiento\/"},"img":{"alt_text":"","src":"https:\/\/i0.wp.com\/lasprimeras.com.do\/wp-content\/uploads\/2025\/05\/Manuela-Ortiz.jpg?resize=350%2C200&ssl=1","width":350,"height":200,"srcset":"https:\/\/i0.wp.com\/lasprimeras.com.do\/wp-content\/uploads\/2025\/05\/Manuela-Ortiz.jpg?resize=350%2C200&ssl=1 1x, https:\/\/i0.wp.com\/lasprimeras.com.do\/wp-content\/uploads\/2025\/05\/Manuela-Ortiz.jpg?resize=525%2C300&ssl=1 1.5x, https:\/\/i0.wp.com\/lasprimeras.com.do\/wp-content\/uploads\/2025\/05\/Manuela-Ortiz.jpg?resize=700%2C400&ssl=1 2x"},"classes":[]},{"id":100475,"url":"https:\/\/lasprimeras.com.do\/index.php\/2025\/06\/06\/robert-polanco-destaca-jornadas-estan-inspiradas-en-valores-cristianos\/","url_meta":{"origin":109275,"position":4},"title":"Robert Polanco destaca jornadas est\u00e1n inspiradas en valores cristianos","author":"Nelson Feliz","date":"6 de junio de 2025","format":false,"excerpt":"El director de Proyectos Estrat\u00e9gicos y Especiales de la Presidencia (Propeep), Robert Polanco, asegur\u00f3 este viernes que las jornadas de inclusi\u00f3n social \"Primero T\u00fa\", que desarrolla la instituci\u00f3n en todo el pa\u00eds est\u00e1n muy inspiradas en valores cristianos, en el legado solidario de Jos\u00e9 Francisco Pe\u00f1a G\u00f3mez y en la\u2026","rel":"","context":"En \u00abNACIONALES\u00bb","block_context":{"text":"NACIONALES","link":"https:\/\/lasprimeras.com.do\/index.php\/category\/nacionales\/"},"img":{"alt_text":"","src":"https:\/\/i0.wp.com\/lasprimeras.com.do\/wp-content\/uploads\/2025\/06\/Propeep-3.jpg?resize=350%2C200&ssl=1","width":350,"height":200,"srcset":"https:\/\/i0.wp.com\/lasprimeras.com.do\/wp-content\/uploads\/2025\/06\/Propeep-3.jpg?resize=350%2C200&ssl=1 1x, https:\/\/i0.wp.com\/lasprimeras.com.do\/wp-content\/uploads\/2025\/06\/Propeep-3.jpg?resize=525%2C300&ssl=1 1.5x, https:\/\/i0.wp.com\/lasprimeras.com.do\/wp-content\/uploads\/2025\/06\/Propeep-3.jpg?resize=700%2C400&ssl=1 2x"},"classes":[]},{"id":86486,"url":"https:\/\/lasprimeras.com.do\/index.php\/2024\/07\/26\/roberto-angel-encabeza-lanzamiento-de-la-ruta-de-arte-urbano-en-la-provincia-duarte\/","url_meta":{"origin":109275,"position":5},"title":"Roberto \u00c1ngel encabeza lanzamiento de la &#8220;Ruta de Arte Urbano&#8221; en la provincia Duarte","author":"Nelson Feliz","date":"26 de julio de 2024","format":false,"excerpt":"La iniciativa abarca los municipios San Francisco de Macor\u00eds, Arenoso, Castillo, Pimentel, Las Guaranas, Villa Riva; y sus distritos municipales. El director de Proyectos Estrat\u00e9gicos y Especiales de la Presidencia (Propeep), Roberto \u00c1ngel Salcedo, encabez\u00f3 el acto de lanzamiento de la \"Ruta de Arte Urbano\", con 6,507.4 m\u00b2, en la\u2026","rel":"","context":"En \u00abNACIONALES\u00bb","block_context":{"text":"NACIONALES","link":"https:\/\/lasprimeras.com.do\/index.php\/category\/nacionales\/"},"img":{"alt_text":"Roberto \u00c1ngel Salcedo","src":"https:\/\/i0.wp.com\/lasprimeras.com.do\/wp-content\/uploads\/2024\/07\/Roberto-Angel-Salcedo.jpg?resize=350%2C200&ssl=1","width":350,"height":200,"srcset":"https:\/\/i0.wp.com\/lasprimeras.com.do\/wp-content\/uploads\/2024\/07\/Roberto-Angel-Salcedo.jpg?resize=350%2C200&ssl=1 1x, https:\/\/i0.wp.com\/lasprimeras.com.do\/wp-content\/uploads\/2024\/07\/Roberto-Angel-Salcedo.jpg?resize=525%2C300&ssl=1 1.5x, https:\/\/i0.wp.com\/lasprimeras.com.do\/wp-content\/uploads\/2024\/07\/Roberto-Angel-Salcedo.jpg?resize=700%2C400&ssl=1 2x"},"classes":[]}],"jetpack_sharing_enabled":true,"_links":{"self":[{"href":"https:\/\/lasprimeras.com.do\/index.php\/wp-json\/wp\/v2\/posts\/109275","targetHints":{"allow":["GET"]}}],"collection":[{"href":"https:\/\/lasprimeras.com.do\/index.php\/wp-json\/wp\/v2\/posts"}],"about":[{"href":"https:\/\/lasprimeras.com.do\/index.php\/wp-json\/wp\/v2\/types\/post"}],"author":[{"embeddable":true,"href":"https:\/\/lasprimeras.com.do\/index.php\/wp-json\/wp\/v2\/users\/10"}],"replies":[{"embeddable":true,"href":"https:\/\/lasprimeras.com.do\/index.php\/wp-json\/wp\/v2\/comments?post=109275"}],"version-history":[{"count":1,"href":"https:\/\/lasprimeras.com.do\/index.php\/wp-json\/wp\/v2\/posts\/109275\/revisions"}],"predecessor-version":[{"id":109277,"href":"https:\/\/lasprimeras.com.do\/index.php\/wp-json\/wp\/v2\/posts\/109275\/revisions\/109277"}],"wp:featuredmedia":[{"embeddable":true,"href":"https:\/\/lasprimeras.com.do\/index.php\/wp-json\/wp\/v2\/media\/109276"}],"wp:attachment":[{"href":"https:\/\/lasprimeras.com.do\/index.php\/wp-json\/wp\/v2\/media?parent=109275"}],"wp:term":[{"taxonomy":"category","embeddable":true,"href":"https:\/\/lasprimeras.com.do\/index.php\/wp-json\/wp\/v2\/categories?post=109275"},{"taxonomy":"post_tag","embeddable":true,"href":"https:\/\/lasprimeras.com.do\/index.php\/wp-json\/wp\/v2\/tags?post=109275"}],"curies":[{"name":"wp","href":"https:\/\/api.w.org\/{rel}","templated":true}]}}