{"id":109294,"date":"2025-09-16T09:19:05","date_gmt":"2025-09-16T13:19:05","guid":{"rendered":"https:\/\/lasprimeras.com.do\/?p=109294"},"modified":"2025-09-16T09:19:07","modified_gmt":"2025-09-16T13:19:07","slug":"muere-robert-redford-a-los-89-anos-actor-y-director-cine","status":"publish","type":"post","link":"https:\/\/lasprimeras.com.do\/index.php\/2025\/09\/16\/muere-robert-redford-a-los-89-anos-actor-y-director-cine\/","title":{"rendered":"Muere Robert Redford a los 89 a\u00f1os, actor y director cine"},"content":{"rendered":"\n<p>El legendario actor y director de cine Robert Redford, falleci\u00f3 este martes, ten\u00eda 89 a\u00f1os.<\/p>\n\n\n\n<p>Redford trascendi\u00f3 sus inicios como gal\u00e1n de pel\u00edculas para convertirse en un premiado director de cine y fundador del festival de cine independiente de Sundace.<\/p>\n\n\n\n<p>Su muerte, ocurrida en las monta\u00f1as a las afueras de Provo, fue anunciada en un comunicado por Cindi Berger, directora ejecutiva de la agencia de publicidad Rogers &amp; Cowan PMK.<br>Berger afirm\u00f3 que hab\u00eda fallecido mientras dorm\u00eda, pero no especific\u00f3 la causa.<\/p>\n\n\n\n<p>Ha sido un tit\u00e1n de la actuaci\u00f3n, una leyenda entre los cineastas indies en EE UU \u2014para quienes, adem\u00e1s, impuls\u00f3 el festival de Sundance (bautizado as\u00ed por su personaje de Dos hombres y un destino)\u2014, un faro para los dem\u00f3cratas y un activista volcado en los temas sociales y ecol\u00f3gicos.<\/p>\n\n\n\n<p>Con la muerte de Robert Redford no se ha ido uno, sino todos los Redford que han existido en diferentes campos en Estados Unidos.<\/p>\n\n\n\n<p>El int\u00e9rprete, uno de los m\u00e1s legendarios de la historia del cine, protagoniz\u00f3 pel\u00edculas como Todos los hombres del presidente, Dos hombres y un destino o El golpe, y recibi\u00f3 un premio Oscar a la mejor direcci\u00f3n por Gente corriente.<\/p>\n\n\n\n<p>Tambi\u00e9n era conocido como impulsor del festival de Sundance, que se convirti\u00f3 en una referencia para las pel\u00edculas m\u00e1s independientes en EE UU y tambi\u00e9n a nivel global.<\/p>\n","protected":false},"excerpt":{"rendered":"<p>El legendario actor y director de cine Robert Redford, falleci\u00f3 este martes, ten\u00eda 89 a\u00f1os. Redford trascendi\u00f3 sus inicios como gal\u00e1n de pel\u00edculas para convertirse en un premiado director de&hellip;<\/p>\n","protected":false},"author":10,"featured_media":109295,"comment_status":"open","ping_status":"open","sticky":false,"template":"","format":"standard","meta":{"content-type":"","jetpack_post_was_ever_published":false,"_jetpack_newsletter_access":"","_jetpack_dont_email_post_to_subs":false,"_jetpack_newsletter_tier_id":0,"_jetpack_memberships_contains_paywalled_content":false,"_jetpack_memberships_contains_paid_content":false,"footnotes":""},"categories":[84],"tags":[18764,9760,24711,650,24710],"class_list":["post-109294","post","type-post","status-publish","format-standard","has-post-thumbnail","hentry","category-entretenimiento","tag-89-anos","tag-actor","tag-director-cine","tag-muere","tag-robert-redford"],"jetpack_featured_media_url":"https:\/\/lasprimeras.com.do\/wp-content\/uploads\/2025\/09\/Robert-Redford.jpg","jetpack-related-posts":[{"id":87809,"url":"https:\/\/lasprimeras.com.do\/index.php\/2024\/08\/18\/muere-alain-delon-mito-del-cine-frances-a-los-88-anos\/","url_meta":{"origin":109294,"position":0},"title":"Muere Alain Delon, mito del cine franc\u00e9s, a los 88 a\u00f1os","author":"Nelson Feliz","date":"18 de agosto de 2024","format":false,"excerpt":"Par\u00eds, (EFE).- El actor Alain Delon, mito del cine franc\u00e9s, ha muerto a los 88 a\u00f1os, anunciaron sus hijos Alain Fabien, Anouchka y Anthony en un comunicado. En el mensaje, enviado a la agencia francesa AFP, los tres hijos explicaron que la muerte se produjo \"serenamente\" en la casa que\u2026","rel":"","context":"En \u00abENTRETENIMIENTO\u00bb","block_context":{"text":"ENTRETENIMIENTO","link":"https:\/\/lasprimeras.com.do\/index.php\/category\/entretenimiento\/"},"img":{"alt_text":"Alain Delon","src":"https:\/\/i0.wp.com\/lasprimeras.com.do\/wp-content\/uploads\/2024\/08\/Alain-Delon.jpg?resize=350%2C200&ssl=1","width":350,"height":200,"srcset":"https:\/\/i0.wp.com\/lasprimeras.com.do\/wp-content\/uploads\/2024\/08\/Alain-Delon.jpg?resize=350%2C200&ssl=1 1x, https:\/\/i0.wp.com\/lasprimeras.com.do\/wp-content\/uploads\/2024\/08\/Alain-Delon.jpg?resize=525%2C300&ssl=1 1.5x"},"classes":[]},{"id":73134,"url":"https:\/\/lasprimeras.com.do\/index.php\/2024\/01\/06\/cine-dominicano-2023-las-historias-los-talentos-las-virtudes-y-los-fallos\/","url_meta":{"origin":109294,"position":1},"title":"Cine dominicano 2023: las historias, los talentos, las virtudes y los fallos","author":"Nelson Feliz","date":"6 de enero de 2024","format":false,"excerpt":"El cine dominicano en 2023 desarroll\u00f3 una de sus jornadas m\u00e1s productivas, mejorando sus historias, dando fuerza a g\u00e9neros y apuntando a un mejor futuro. Por Jos\u00e9 Rafael Sosa Los reportes oficiales de la Direcci\u00f3n General de Cine indican que fueron 35 las pel\u00edculas dominicanas las que se rodaron en\u2026","rel":"","context":"En \u00abENTRETENIMIENTO\u00bb","block_context":{"text":"ENTRETENIMIENTO","link":"https:\/\/lasprimeras.com.do\/index.php\/category\/entretenimiento\/"},"img":{"alt_text":"","src":"https:\/\/i0.wp.com\/lasprimeras.com.do\/wp-content\/uploads\/2024\/01\/Pies-en-la-Arena-Poster.jpg?resize=350%2C200&ssl=1","width":350,"height":200,"srcset":"https:\/\/i0.wp.com\/lasprimeras.com.do\/wp-content\/uploads\/2024\/01\/Pies-en-la-Arena-Poster.jpg?resize=350%2C200&ssl=1 1x, https:\/\/i0.wp.com\/lasprimeras.com.do\/wp-content\/uploads\/2024\/01\/Pies-en-la-Arena-Poster.jpg?resize=525%2C300&ssl=1 1.5x"},"classes":[]},{"id":67231,"url":"https:\/\/lasprimeras.com.do\/index.php\/2023\/11\/14\/caribbean-cinemas-rinde-homenaje-a-5-figuras-del-cine-dominicano-downtown\/","url_meta":{"origin":109294,"position":2},"title":"Caribbean Cinemas rinde homenaje a 5 figuras del Cine Dominicano Downtown","author":"Nelson Feliz","date":"14 de noviembre de 2023","format":false,"excerpt":"Los homenajeados en esta cuarta versi\u00f3n son los cineastas Manolo Ozuna, Judith Rodr\u00edguez, Leticia Tonos, Laura Amelia Guzm\u00e1n y p\u00f3stumo Pericles Mej\u00eda. Caribbean Cinemas, por cuarta ocasi\u00f3n, reconoce la carrera de personalidades de la industria de cine dominicana en el Paseo del cine dominicano Downtown. En este emotivo evento se\u2026","rel":"","context":"En \u00abENTRETENIMIENTO\u00bb","block_context":{"text":"ENTRETENIMIENTO","link":"https:\/\/lasprimeras.com.do\/index.php\/category\/entretenimiento\/"},"img":{"alt_text":"Marc Meji\u0117a, hijo de Pericles Meji\u0117a_ Judith Rodri\u0117guez, Laura Amelia Guzma\u0117n y Manolo Ozuna junto a ejecutivos de Caribbean Cinemas","src":"https:\/\/i0.wp.com\/lasprimeras.com.do\/wp-content\/uploads\/2023\/11\/Marc-Mejiea-hijo-de-Pericles-Mejiea_-Judith-Rodrieguez-Laura-Amelia-Guzmaen-y-Manolo-Ozuna-junto-a-ejecutivos-de-Caribbean-Cinemas.jpg?resize=350%2C200&ssl=1","width":350,"height":200,"srcset":"https:\/\/i0.wp.com\/lasprimeras.com.do\/wp-content\/uploads\/2023\/11\/Marc-Mejiea-hijo-de-Pericles-Mejiea_-Judith-Rodrieguez-Laura-Amelia-Guzmaen-y-Manolo-Ozuna-junto-a-ejecutivos-de-Caribbean-Cinemas.jpg?resize=350%2C200&ssl=1 1x, https:\/\/i0.wp.com\/lasprimeras.com.do\/wp-content\/uploads\/2023\/11\/Marc-Mejiea-hijo-de-Pericles-Mejiea_-Judith-Rodrieguez-Laura-Amelia-Guzmaen-y-Manolo-Ozuna-junto-a-ejecutivos-de-Caribbean-Cinemas.jpg?resize=525%2C300&ssl=1 1.5x, https:\/\/i0.wp.com\/lasprimeras.com.do\/wp-content\/uploads\/2023\/11\/Marc-Mejiea-hijo-de-Pericles-Mejiea_-Judith-Rodrieguez-Laura-Amelia-Guzmaen-y-Manolo-Ozuna-junto-a-ejecutivos-de-Caribbean-Cinemas.jpg?resize=700%2C400&ssl=1 2x"},"classes":[]},{"id":74587,"url":"https:\/\/lasprimeras.com.do\/index.php\/2024\/01\/24\/kate-del-castillo-invitada-especial-del-festival-de-cine-global\/","url_meta":{"origin":109294,"position":3},"title":"Kate del Castillo, invitada especial del Festival de Cine Global","author":"BIMARY DE JES\u00daS Matos","date":"24 de enero de 2024","format":false,"excerpt":"Santo Domingo.- La actriz mexicana Kate del Castillo ser\u00e1 una de las invitadas especiales del XVI Festival de Cine Global Dominicano (FCGD), que se celebrar\u00e1 en Santo Domingo del 26 de enero al 1 de febrero, inform\u00f3 este mi\u00e9rcoles la organizaci\u00f3n. Del Castillo, quien interpret\u00f3 a Teresa Mendoza en la\u2026","rel":"","context":"En \u00abENTRETENIMIENTO\u00bb","block_context":{"text":"ENTRETENIMIENTO","link":"https:\/\/lasprimeras.com.do\/index.php\/category\/entretenimiento\/"},"img":{"alt_text":"","src":"https:\/\/i0.wp.com\/lasprimeras.com.do\/wp-content\/uploads\/2024\/01\/WhatsApp-Image-2024-01-22-at-11.36.03-AM-10.jpeg?resize=350%2C200&ssl=1","width":350,"height":200,"srcset":"https:\/\/i0.wp.com\/lasprimeras.com.do\/wp-content\/uploads\/2024\/01\/WhatsApp-Image-2024-01-22-at-11.36.03-AM-10.jpeg?resize=350%2C200&ssl=1 1x, https:\/\/i0.wp.com\/lasprimeras.com.do\/wp-content\/uploads\/2024\/01\/WhatsApp-Image-2024-01-22-at-11.36.03-AM-10.jpeg?resize=525%2C300&ssl=1 1.5x"},"classes":[]},{"id":97784,"url":"https:\/\/lasprimeras.com.do\/index.php\/2025\/04\/27\/david-bisbano-la-dimension-universal-del-cine-es-un-mito-hay-historias-buenas-o-malas-nada-mas\/","url_meta":{"origin":109294,"position":4},"title":"David Bisbano: \u201cLa dimensi\u00f3n universal del cine es un mito. Hay historias buenas o malas. Nada m\u00e1s\u201d","author":"Nelson Feliz","date":"27 de abril de 2025","format":false,"excerpt":"El director argentino resalta que en animaci\u00f3n hay que crearlo todo desde cero. El creador de Dalia y el Libro Rojo entiende que las Leyes Nacionales de Cine deben apoyar la distribuci\u00f3n y el mercadeo Jos\u00e9 Rafael Sosa MADRID. David Bisbano, director argentino de la f\u00e1bula de animaci\u00f3n Dalia y\u2026","rel":"","context":"En \u00abENTRETENIMIENTO\u00bb","block_context":{"text":"ENTRETENIMIENTO","link":"https:\/\/lasprimeras.com.do\/index.php\/category\/entretenimiento\/"},"img":{"alt_text":"David Bisbano director de Dalia y Libro Rojo.","src":"https:\/\/i0.wp.com\/lasprimeras.com.do\/wp-content\/uploads\/2025\/04\/David-Bisbano-director-de-Dalia-y-Libro-Rojo.jpg?resize=350%2C200&ssl=1","width":350,"height":200,"srcset":"https:\/\/i0.wp.com\/lasprimeras.com.do\/wp-content\/uploads\/2025\/04\/David-Bisbano-director-de-Dalia-y-Libro-Rojo.jpg?resize=350%2C200&ssl=1 1x, https:\/\/i0.wp.com\/lasprimeras.com.do\/wp-content\/uploads\/2025\/04\/David-Bisbano-director-de-Dalia-y-Libro-Rojo.jpg?resize=525%2C300&ssl=1 1.5x"},"classes":[]},{"id":118930,"url":"https:\/\/lasprimeras.com.do\/index.php\/2026\/01\/04\/leonardo-dicaprio-destaca-importancia-de-crear-cine-sobre-contenido-en-festival-de-palm-springs\/","url_meta":{"origin":109294,"position":5},"title":"Leonardo DiCaprio destaca importancia de crear cine sobre contenido en Festival de Palm Springs","author":"Nelson Feliz","date":"4 de enero de 2026","format":false,"excerpt":"POR LESLIE AMBRIZ PALM SPRINGS, California, EE.UU. (AP) \u2014 Leonardo DiCaprio enfatiz\u00f3 la importancia de crear cine y no simplemente contenido en el Festival de Cine de Palm Springs la noche del viernes. \u201cLas pel\u00edculas tienen el prop\u00f3sito de ser experimentadas, juntas, en un cine. En este momento, esa creencia\u2026","rel":"","context":"En \u00abENTRETENIMIENTO\u00bb","block_context":{"text":"ENTRETENIMIENTO","link":"https:\/\/lasprimeras.com.do\/index.php\/category\/entretenimiento\/"},"img":{"alt_text":"Leonardo DiCaprio","src":"https:\/\/i0.wp.com\/lasprimeras.com.do\/wp-content\/uploads\/2026\/01\/Leonardo-DiCaprio.jpg?resize=350%2C200&ssl=1","width":350,"height":200,"srcset":"https:\/\/i0.wp.com\/lasprimeras.com.do\/wp-content\/uploads\/2026\/01\/Leonardo-DiCaprio.jpg?resize=350%2C200&ssl=1 1x, https:\/\/i0.wp.com\/lasprimeras.com.do\/wp-content\/uploads\/2026\/01\/Leonardo-DiCaprio.jpg?resize=525%2C300&ssl=1 1.5x, https:\/\/i0.wp.com\/lasprimeras.com.do\/wp-content\/uploads\/2026\/01\/Leonardo-DiCaprio.jpg?resize=700%2C400&ssl=1 2x"},"classes":[]}],"jetpack_sharing_enabled":true,"_links":{"self":[{"href":"https:\/\/lasprimeras.com.do\/index.php\/wp-json\/wp\/v2\/posts\/109294","targetHints":{"allow":["GET"]}}],"collection":[{"href":"https:\/\/lasprimeras.com.do\/index.php\/wp-json\/wp\/v2\/posts"}],"about":[{"href":"https:\/\/lasprimeras.com.do\/index.php\/wp-json\/wp\/v2\/types\/post"}],"author":[{"embeddable":true,"href":"https:\/\/lasprimeras.com.do\/index.php\/wp-json\/wp\/v2\/users\/10"}],"replies":[{"embeddable":true,"href":"https:\/\/lasprimeras.com.do\/index.php\/wp-json\/wp\/v2\/comments?post=109294"}],"version-history":[{"count":1,"href":"https:\/\/lasprimeras.com.do\/index.php\/wp-json\/wp\/v2\/posts\/109294\/revisions"}],"predecessor-version":[{"id":109296,"href":"https:\/\/lasprimeras.com.do\/index.php\/wp-json\/wp\/v2\/posts\/109294\/revisions\/109296"}],"wp:featuredmedia":[{"embeddable":true,"href":"https:\/\/lasprimeras.com.do\/index.php\/wp-json\/wp\/v2\/media\/109295"}],"wp:attachment":[{"href":"https:\/\/lasprimeras.com.do\/index.php\/wp-json\/wp\/v2\/media?parent=109294"}],"wp:term":[{"taxonomy":"category","embeddable":true,"href":"https:\/\/lasprimeras.com.do\/index.php\/wp-json\/wp\/v2\/categories?post=109294"},{"taxonomy":"post_tag","embeddable":true,"href":"https:\/\/lasprimeras.com.do\/index.php\/wp-json\/wp\/v2\/tags?post=109294"}],"curies":[{"name":"wp","href":"https:\/\/api.w.org\/{rel}","templated":true}]}}