{"id":109370,"date":"2025-09-17T07:23:37","date_gmt":"2025-09-17T11:23:37","guid":{"rendered":"https:\/\/lasprimeras.com.do\/?p=109370"},"modified":"2025-09-17T07:23:39","modified_gmt":"2025-09-17T11:23:39","slug":"trump-aprueba-primeros-paquetes-de-ayuda-militar-para-ucrania-pagados-por-la-otan","status":"publish","type":"post","link":"https:\/\/lasprimeras.com.do\/index.php\/2025\/09\/17\/trump-aprueba-primeros-paquetes-de-ayuda-militar-para-ucrania-pagados-por-la-otan\/","title":{"rendered":"Trump aprueba primeros paquetes de ayuda militar para Ucrania pagados por la OTAN"},"content":{"rendered":"\n<p><strong>Seg\u00fan las fuentes, los paquetes ya han sido aprobados por Elbridge Colby, subsecretario de Defensa para Pol\u00edtica de EE.UU., y podr\u00edan ser enviados a Ucrania en breve.<\/strong><\/p>\n\n\n\n<p>La Administraci\u00f3n Trump ha aprobado dos primeros paquetes de ayuda militar para Ucrania por 500 millones de d\u00f3lares enmarcados en un nuevo acuerdo financiero con sus aliados europeos, report\u00f3 Reuters este martes citando a personas familiarizadas con el asunto.<\/p>\n\n\n\n<p>La agencia precisa que se trata de la primera vez que se utiliza un nuevo mecanismo desarrollado por Washington y sus socios con el fin de armar al r\u00e9gimen de Kiev mediante las reservas estadounidenses utilizando fondos de los pa\u00edses de la OTAN.<\/p>\n\n\n\n<p>El sistema consiste en proporcionar a Kiev las armas estadounidenses indicadas en la llamada Lista Prioritaria de Requerimientos de Ucrania (PURL, por sus siglas en ingl\u00e9s), una lista de las necesidades militares y log\u00edsticas prioritarias elaborada por el Gobierno de Ucrania en coordinaci\u00f3n con sus socios occidentales.<\/p>\n\n\n\n<p>Seg\u00fan las fuentes, los paquetes ya han sido aprobados por Elbridge Colby, subsecretario de Defensa para Pol\u00edtica de EE.UU., y podr\u00edan ser enviados a Ucrania en breve.<\/p>\n\n\n\n<p>Aunque se negaron a proporcionar un inventario exacto de lo que incluir\u00edan los suministros, revelaron que los sistemas de defensa a\u00e9rea forman parte de la lista. &#8220;Es lo que han estado pidiendo.<\/p>\n\n\n\n<p>Much\u00edsimo&#8221;, dijo una de las fuentes. &#8220;Es el flujo lo que les ha permitido estabilizar las l\u00edneas hasta ahora&#8221;, agreg\u00f3.<\/p>\n\n\n\n<p>Hasta la actualidad, las \u00fanicas armas que la Administraci\u00f3n Trump ha vendido o entregado a Ucrania son las que fueron autorizadas durante el mandato de Joe Biden.<\/p>\n\n\n\n<p>Por su parte, Rusia rechaza que sigan las entregas de material b\u00e9lico a Kiev, apuntando a que solamente prolongan el conflicto.<\/p>\n\n\n\n<p>Desde el Kremlin comentaron que la venta de armas estadounidenses para reforzar a las tropas ucranianas &#8220;es un negocio&#8221; que ya exist\u00eda antes y ahora la \u00fanica cuesti\u00f3n es &#8220;qui\u00e9n paga&#8221; por estos suministros.<\/p>\n\n\n\n<p>Fuente RT<\/p>\n","protected":false},"excerpt":{"rendered":"<p>Seg\u00fan las fuentes, los paquetes ya han sido aprobados por Elbridge Colby, subsecretario de Defensa para Pol\u00edtica de EE.UU., y podr\u00edan ser enviados a Ucrania en breve. La Administraci\u00f3n Trump&hellip;<\/p>\n","protected":false},"author":10,"featured_media":109371,"comment_status":"open","ping_status":"open","sticky":false,"template":"","format":"standard","meta":{"content-type":"","jetpack_post_was_ever_published":false,"_jetpack_newsletter_access":"","_jetpack_dont_email_post_to_subs":false,"_jetpack_newsletter_tier_id":0,"_jetpack_memberships_contains_paywalled_content":false,"_jetpack_memberships_contains_paid_content":false,"footnotes":""},"categories":[16289],"tags":[24750,978,4474,339,24752,24751,1108],"class_list":["post-109370","post","type-post","status-publish","format-standard","has-post-thumbnail","hentry","category-internacionales","tag-ayuda-militar","tag-donald-trump","tag-otan","tag-pagados","tag-primeros-paquetes","tag-reuters","tag-ucrania"],"jetpack_featured_media_url":"https:\/\/lasprimeras.com.do\/wp-content\/uploads\/2025\/09\/Militares-alemanes-transportan-baterias.jpg","jetpack-related-posts":[{"id":111889,"url":"https:\/\/lasprimeras.com.do\/index.php\/2025\/10\/15\/miembros-de-la-otan-compraran-mas-armas-para-ucrania-a-eeuu\/","url_meta":{"origin":109370,"position":0},"title":"Miembros de la OTAN comprar\u00e1n m\u00e1s armas para Ucrania a EEUU","author":"Nelson Feliz","date":"15 de octubre de 2025","format":false,"excerpt":"POR LORNE COOK BRUSELAS (AP) \u2014 Las dos \u00faltimas incorporaciones a la OTAN, Finlandia y Suecia, dijeron el mi\u00e9rcoles que comprar\u00e1n m\u00e1s armas a Estados Unidos para entreg\u00e1rselas a Ucrania, un d\u00eda despu\u00e9s de que los datos mostraran que la ayuda militar extranjera al pa\u00eds devastado por la guerra disminuy\u00f3\u2026","rel":"","context":"En \u00abINTERNACIONALES\u00bb","block_context":{"text":"INTERNACIONALES","link":"https:\/\/lasprimeras.com.do\/index.php\/category\/sin-categoria\/internacionales\/"},"img":{"alt_text":"","src":"https:\/\/i0.wp.com\/lasprimeras.com.do\/wp-content\/uploads\/2025\/10\/Pete-Hegseth.jpg?resize=350%2C200&ssl=1","width":350,"height":200,"srcset":"https:\/\/i0.wp.com\/lasprimeras.com.do\/wp-content\/uploads\/2025\/10\/Pete-Hegseth.jpg?resize=350%2C200&ssl=1 1x, https:\/\/i0.wp.com\/lasprimeras.com.do\/wp-content\/uploads\/2025\/10\/Pete-Hegseth.jpg?resize=525%2C300&ssl=1 1.5x, https:\/\/i0.wp.com\/lasprimeras.com.do\/wp-content\/uploads\/2025\/10\/Pete-Hegseth.jpg?resize=700%2C400&ssl=1 2x"},"classes":[]},{"id":84728,"url":"https:\/\/lasprimeras.com.do\/index.php\/2024\/06\/14\/la-otan-aprueba-un-plan-para-acelerar-ayuda-de-seguridad-y-el-entrenamiento-a-ucrania\/","url_meta":{"origin":109370,"position":1},"title":"La OTAN aprueba un plan para acelerar ayuda de seguridad y el entrenamiento a Ucrania","author":"Nelson Feliz","date":"14 de junio de 2024","format":false,"excerpt":"POR LORNE COOK BRUSELAS (AP) \u2014 Los ministros de defensa de la OTAN aprobaron el viernes un plan para brindar ayuda de seguridad confiable a largo plazo y entrenamiento militar a Ucrania despu\u00e9s de que demoras en las entregas occidentales de fondos, armas y municiones ayudaron a las fuerzas invasoras\u2026","rel":"","context":"En \u00abSin categor\u00eda\u00bb","block_context":{"text":"Sin categor\u00eda","link":"https:\/\/lasprimeras.com.do\/index.php\/category\/sin-categoria\/"},"img":{"alt_text":"","src":"https:\/\/i0.wp.com\/lasprimeras.com.do\/wp-content\/uploads\/2024\/06\/AYUDA.jpg?resize=350%2C200&ssl=1","width":350,"height":200,"srcset":"https:\/\/i0.wp.com\/lasprimeras.com.do\/wp-content\/uploads\/2024\/06\/AYUDA.jpg?resize=350%2C200&ssl=1 1x, https:\/\/i0.wp.com\/lasprimeras.com.do\/wp-content\/uploads\/2024\/06\/AYUDA.jpg?resize=525%2C300&ssl=1 1.5x, https:\/\/i0.wp.com\/lasprimeras.com.do\/wp-content\/uploads\/2024\/06\/AYUDA.jpg?resize=700%2C400&ssl=1 2x"},"classes":[]},{"id":77253,"url":"https:\/\/lasprimeras.com.do\/index.php\/2024\/02\/19\/biden-considera-nuevas-sanciones-a-rusia-tras-la-muerte-de-navalny\/","url_meta":{"origin":109370,"position":2},"title":"Biden considera nuevas sanciones a Rusia tras la muerte de Navalny","author":"Nelson Feliz","date":"19 de febrero de 2024","format":false,"excerpt":"Por Noticias VOA El presidente estadounidense, Joe Biden, dijo el lunes que est\u00e1 \u201cconsiderando sanciones adicionales\u201d contra Mosc\u00fa tras la muerte del l\u00edder opositor ruso encarcelado Alexey Navalny. \u201cYa tenemos sanciones\u201d, dijo Biden a los periodistas en la Casa Blanca, pero Estados Unidos est\u00e1 analizando otras. Ya hab\u00eda culpado directamente\u2026","rel":"","context":"En \u00abSin categor\u00eda\u00bb","block_context":{"text":"Sin categor\u00eda","link":"https:\/\/lasprimeras.com.do\/index.php\/category\/sin-categoria\/"},"img":{"alt_text":"Joe Biden","src":"https:\/\/i0.wp.com\/lasprimeras.com.do\/wp-content\/uploads\/2024\/02\/Joe-Biden-1.jpg?resize=350%2C200&ssl=1","width":350,"height":200,"srcset":"https:\/\/i0.wp.com\/lasprimeras.com.do\/wp-content\/uploads\/2024\/02\/Joe-Biden-1.jpg?resize=350%2C200&ssl=1 1x, https:\/\/i0.wp.com\/lasprimeras.com.do\/wp-content\/uploads\/2024\/02\/Joe-Biden-1.jpg?resize=525%2C300&ssl=1 1.5x, https:\/\/i0.wp.com\/lasprimeras.com.do\/wp-content\/uploads\/2024\/02\/Joe-Biden-1.jpg?resize=700%2C400&ssl=1 2x"},"classes":[]},{"id":76625,"url":"https:\/\/lasprimeras.com.do\/index.php\/2024\/02\/13\/el-presidente-de-la-camara-de-representantes-arroja-dudas-sobre-paquete-de-ayuda-a-ucrania-e-israel\/","url_meta":{"origin":109370,"position":3},"title":"El presidente de la C\u00e1mara de Representantes arroja dudas sobre paquete de ayuda a Ucrania e Israel","author":"Nelson Feliz","date":"13 de febrero de 2024","format":false,"excerpt":"POR STEPHEN GROVES Y MARY CLARE JALONICK WASHINGTON (AP) \u2014 El presidente de la C\u00e1mara de Representantes, Mike Johnson, critic\u00f3 duramente el lunes por la noche un paquete de ayuda de 95.300 millones de d\u00f3lares para Ucrania, Israel y otros pa\u00edses, generando serias dudas sobre el futuro del paquete justo\u2026","rel":"","context":"En \u00abSin categor\u00eda\u00bb","block_context":{"text":"Sin categor\u00eda","link":"https:\/\/lasprimeras.com.do\/index.php\/category\/sin-categoria\/"},"img":{"alt_text":"","src":"https:\/\/i0.wp.com\/lasprimeras.com.do\/wp-content\/uploads\/2024\/02\/Mike-Johnson.jpg?resize=350%2C200&ssl=1","width":350,"height":200,"srcset":"https:\/\/i0.wp.com\/lasprimeras.com.do\/wp-content\/uploads\/2024\/02\/Mike-Johnson.jpg?resize=350%2C200&ssl=1 1x, https:\/\/i0.wp.com\/lasprimeras.com.do\/wp-content\/uploads\/2024\/02\/Mike-Johnson.jpg?resize=525%2C300&ssl=1 1.5x, https:\/\/i0.wp.com\/lasprimeras.com.do\/wp-content\/uploads\/2024\/02\/Mike-Johnson.jpg?resize=700%2C400&ssl=1 2x"},"classes":[]},{"id":105590,"url":"https:\/\/lasprimeras.com.do\/index.php\/2025\/08\/05\/otan-coordinara-envios-regulares-y-a-gran-escala-de-armas-a-ucrania-la-mayoria-compradas-a-eeuu\/","url_meta":{"origin":109370,"position":4},"title":"OTAN coordinar\u00e1 env\u00edos regulares y a gran escala de armas a Ucrania, la mayor\u00eda compradas a EEUU","author":"Nelson Feliz","date":"5 de agosto de 2025","format":false,"excerpt":"BRUSELAS (AP) \u2014 La OTAN comenz\u00f3 a coordinar entregas regulares de grandes paquetes de armas a Ucrania despu\u00e9s de que Holanda anunci\u00f3 que proporcionar\u00eda equipos de defensa antia\u00e9rea, municiones y otra ayuda militar por valor de 500 millones de euros (578 millones de d\u00f3lares), la mayor\u00eda comprados a Estados Unidos.\u2026","rel":"","context":"En \u00abINTERNACIONALES\u00bb","block_context":{"text":"INTERNACIONALES","link":"https:\/\/lasprimeras.com.do\/index.php\/category\/sin-categoria\/internacionales\/"},"img":{"alt_text":"","src":"https:\/\/i0.wp.com\/lasprimeras.com.do\/wp-content\/uploads\/2025\/08\/coche.jpg?resize=350%2C200&ssl=1","width":350,"height":200,"srcset":"https:\/\/i0.wp.com\/lasprimeras.com.do\/wp-content\/uploads\/2025\/08\/coche.jpg?resize=350%2C200&ssl=1 1x, https:\/\/i0.wp.com\/lasprimeras.com.do\/wp-content\/uploads\/2025\/08\/coche.jpg?resize=525%2C300&ssl=1 1.5x, https:\/\/i0.wp.com\/lasprimeras.com.do\/wp-content\/uploads\/2025\/08\/coche.jpg?resize=700%2C400&ssl=1 2x"},"classes":[]},{"id":94136,"url":"https:\/\/lasprimeras.com.do\/index.php\/2025\/02\/25\/eeuu-y-ucrania-llegan-a-un-acuerdo-sobre-minerales\/","url_meta":{"origin":109370,"position":5},"title":"EEUU y Ucrania llegan a un acuerdo sobre minerales","author":"Nelson Feliz","date":"25 de febrero de 2025","format":false,"excerpt":"LONDRES\/NUEVA YORK, (Reuters) -Estados Unidos y Ucrania alcanzaron los t\u00e9rminos de un acuerdo sobre minerales que es fundamental para la presi\u00f3n de Kiev para ganar el apoyo de Estados Unidos mientras el presidente Donald Trump busca poner fin r\u00e1pidamente a la guerra con Rusia, dijeron el martes dos fuentes con\u2026","rel":"","context":"En \u00abINTERNACIONALES\u00bb","block_context":{"text":"INTERNACIONALES","link":"https:\/\/lasprimeras.com.do\/index.php\/category\/sin-categoria\/internacionales\/"},"img":{"alt_text":"","src":"https:\/\/i0.wp.com\/lasprimeras.com.do\/wp-content\/uploads\/2025\/02\/zelenski-y-trump.jpg?resize=350%2C200&ssl=1","width":350,"height":200,"srcset":"https:\/\/i0.wp.com\/lasprimeras.com.do\/wp-content\/uploads\/2025\/02\/zelenski-y-trump.jpg?resize=350%2C200&ssl=1 1x, https:\/\/i0.wp.com\/lasprimeras.com.do\/wp-content\/uploads\/2025\/02\/zelenski-y-trump.jpg?resize=525%2C300&ssl=1 1.5x, https:\/\/i0.wp.com\/lasprimeras.com.do\/wp-content\/uploads\/2025\/02\/zelenski-y-trump.jpg?resize=700%2C400&ssl=1 2x"},"classes":[]}],"jetpack_sharing_enabled":true,"_links":{"self":[{"href":"https:\/\/lasprimeras.com.do\/index.php\/wp-json\/wp\/v2\/posts\/109370","targetHints":{"allow":["GET"]}}],"collection":[{"href":"https:\/\/lasprimeras.com.do\/index.php\/wp-json\/wp\/v2\/posts"}],"about":[{"href":"https:\/\/lasprimeras.com.do\/index.php\/wp-json\/wp\/v2\/types\/post"}],"author":[{"embeddable":true,"href":"https:\/\/lasprimeras.com.do\/index.php\/wp-json\/wp\/v2\/users\/10"}],"replies":[{"embeddable":true,"href":"https:\/\/lasprimeras.com.do\/index.php\/wp-json\/wp\/v2\/comments?post=109370"}],"version-history":[{"count":1,"href":"https:\/\/lasprimeras.com.do\/index.php\/wp-json\/wp\/v2\/posts\/109370\/revisions"}],"predecessor-version":[{"id":109372,"href":"https:\/\/lasprimeras.com.do\/index.php\/wp-json\/wp\/v2\/posts\/109370\/revisions\/109372"}],"wp:featuredmedia":[{"embeddable":true,"href":"https:\/\/lasprimeras.com.do\/index.php\/wp-json\/wp\/v2\/media\/109371"}],"wp:attachment":[{"href":"https:\/\/lasprimeras.com.do\/index.php\/wp-json\/wp\/v2\/media?parent=109370"}],"wp:term":[{"taxonomy":"category","embeddable":true,"href":"https:\/\/lasprimeras.com.do\/index.php\/wp-json\/wp\/v2\/categories?post=109370"},{"taxonomy":"post_tag","embeddable":true,"href":"https:\/\/lasprimeras.com.do\/index.php\/wp-json\/wp\/v2\/tags?post=109370"}],"curies":[{"name":"wp","href":"https:\/\/api.w.org\/{rel}","templated":true}]}}