{"id":109387,"date":"2025-09-17T18:56:04","date_gmt":"2025-09-17T22:56:04","guid":{"rendered":"https:\/\/lasprimeras.com.do\/?p=109387"},"modified":"2025-09-17T18:56:06","modified_gmt":"2025-09-17T22:56:06","slug":"al-menos-11-estudiantes-resultan-intoxicados-en-liceo-de-mao","status":"publish","type":"post","link":"https:\/\/lasprimeras.com.do\/index.php\/2025\/09\/17\/al-menos-11-estudiantes-resultan-intoxicados-en-liceo-de-mao\/","title":{"rendered":"Al menos 11 estudiantes resultan intoxicados en liceo de Mao"},"content":{"rendered":"\n<p><strong>Los afectados se encuentran fuera de peligro.<\/strong><\/p>\n\n\n\n<p>Al menos 11 estudiantes del liceo Leonidas Ricart, ubicado en el sector Hatico de Mao, provincia Valverde, resultaron intoxicados este mi\u00e9rcoles luego de que el propietario de una finca arrocera cercana al plantel aplic\u00f3 un qu\u00edmico.<\/p>\n\n\n\n<p>Los afectados recibieron asistencia inmediata de unidades del Sistema Nacional de Emergencias 9-1-1 y fueron trasladados a distintos centros de salud de la provincia.<\/p>\n\n\n\n<p>En los hospitales donde los alumnos recibieron atenciones m\u00e9dicas se report\u00f3 que los 11 ni\u00f1os afectados se encuentran fuera de peligro.<\/p>\n\n\n\n<p>Al lugar acudieron la gobernadora provincial de Valverde, Marta Collado, y el director provincial de Salud P\u00fablica, Jhonatan Madera.<br>Tambi\u00e9n se presentaron representantes del Ministerio de Medio Ambiente, la Defensa Civil, la Polic\u00eda Nacional y otras instituciones de socorro.<\/p>\n\n\n\n<p><strong>Acciones contra los responsables<\/strong><\/p>\n\n\n\n<p>La gobernadora Collado manifest\u00f3 que se deben tomar acciones firmes contra los responsables de la fumigaci\u00f3n que puso en riesgo la salud de los estudiantes.<\/p>\n\n\n\n<p>En tanto, la directora regional Noroeste de Medio Ambiente, Deysi Aquino Mesa, advirti\u00f3 que los responsables ser\u00e1n sometidos a la justicia.<\/p>\n\n\n\n<p>Las autoridades ocuparon en una finca los envases de los alegados productos t\u00f3xicos que habr\u00edan sido lanzados en la finca.<\/p>\n","protected":false},"excerpt":{"rendered":"<p>Los afectados se encuentran fuera de peligro. Al menos 11 estudiantes del liceo Leonidas Ricart, ubicado en el sector Hatico de Mao, provincia Valverde, resultaron intoxicados este mi\u00e9rcoles luego de&hellip;<\/p>\n","protected":false},"author":10,"featured_media":109388,"comment_status":"open","ping_status":"open","sticky":false,"template":"","format":"standard","meta":{"content-type":"","jetpack_post_was_ever_published":false,"_jetpack_newsletter_access":"","_jetpack_dont_email_post_to_subs":false,"_jetpack_newsletter_tier_id":0,"_jetpack_memberships_contains_paywalled_content":false,"_jetpack_memberships_contains_paid_content":false,"footnotes":""},"categories":[35],"tags":[524,11167,24758],"class_list":["post-109387","post","type-post","status-publish","format-standard","has-post-thumbnail","hentry","category-nacionales","tag-estudiantes","tag-intoxicados","tag-liceo-de-mao"],"jetpack_featured_media_url":"https:\/\/lasprimeras.com.do\/wp-content\/uploads\/2025\/09\/into.jpg","jetpack-related-posts":[{"id":114405,"url":"https:\/\/lasprimeras.com.do\/index.php\/2025\/11\/13\/ejercito-detiene-a-32-haitianos-indocumentados-en-dos-jeepetas-en-mao-valverde-video\/","url_meta":{"origin":109387,"position":0},"title":"Ej\u00e9rcito detiene a 32 haitianos indocumentados en dos jeepetas en Mao, Valverde \/ Video","author":"Nelson Feliz","date":"13 de noviembre de 2025","format":false,"excerpt":"Miembros del Ej\u00e9rcito de Rep\u00fablica Dominicana (ERD), detuvieron a 32 migrantes haitianos en condici\u00f3n migratoria irregular, durante dos operaciones realizadas en distintos sectores del municipio Mao, provincia Valverde. En un primer operativo, soldados del ERD patrullaban el sector Villa Ol\u00edmpica, donde fue detenida una jeepeta marca Jeep, color blanco, placa\u2026","rel":"","context":"En \u00abMILITARES\u00bb","block_context":{"text":"MILITARES","link":"https:\/\/lasprimeras.com.do\/index.php\/category\/militares\/"},"img":{"alt_text":"","src":"https:\/\/i0.wp.com\/lasprimeras.com.do\/wp-content\/uploads\/2025\/11\/haitianos.jpg?resize=350%2C200&ssl=1","width":350,"height":200,"srcset":"https:\/\/i0.wp.com\/lasprimeras.com.do\/wp-content\/uploads\/2025\/11\/haitianos.jpg?resize=350%2C200&ssl=1 1x, https:\/\/i0.wp.com\/lasprimeras.com.do\/wp-content\/uploads\/2025\/11\/haitianos.jpg?resize=525%2C300&ssl=1 1.5x, https:\/\/i0.wp.com\/lasprimeras.com.do\/wp-content\/uploads\/2025\/11\/haitianos.jpg?resize=700%2C400&ssl=1 2x"},"classes":[]},{"id":111935,"url":"https:\/\/lasprimeras.com.do\/index.php\/2025\/10\/15\/ejercito-detecta-11-haitianos-que-se-ocultaban-en-una-finca-de-bananos-en-valverde\/","url_meta":{"origin":109387,"position":1},"title":"Ej\u00e9rcito detecta 11 haitianos que se ocultaban en una finca de bananos en Valverde","author":"Nelson Feliz","date":"15 de octubre de 2025","format":false,"excerpt":"Soldados del Ej\u00e9rcito de Rep\u00fablica Dominicana detuvieron once nacionales haitianos en condici\u00f3n migratoria irregular en Valverde, fueron detectados por unidades de drones. Los extranjeros indocumentados fueron encontrados ocultos bajo plantas de banano en una finca ubicada en el Distrito Municipal de \u00c1mina, del municipio Mao, en la referida provincia. Los\u2026","rel":"","context":"En \u00abMILITARES\u00bb","block_context":{"text":"MILITARES","link":"https:\/\/lasprimeras.com.do\/index.php\/category\/militares\/"},"img":{"alt_text":"","src":"https:\/\/i0.wp.com\/lasprimeras.com.do\/wp-content\/uploads\/2025\/10\/haitianos-1.jpg?resize=350%2C200&ssl=1","width":350,"height":200,"srcset":"https:\/\/i0.wp.com\/lasprimeras.com.do\/wp-content\/uploads\/2025\/10\/haitianos-1.jpg?resize=350%2C200&ssl=1 1x, https:\/\/i0.wp.com\/lasprimeras.com.do\/wp-content\/uploads\/2025\/10\/haitianos-1.jpg?resize=525%2C300&ssl=1 1.5x, https:\/\/i0.wp.com\/lasprimeras.com.do\/wp-content\/uploads\/2025\/10\/haitianos-1.jpg?resize=700%2C400&ssl=1 2x"},"classes":[]},{"id":116251,"url":"https:\/\/lasprimeras.com.do\/index.php\/2025\/11\/28\/ejercito-detiene-148-migrantes-haitianos-en-operativos-realizados-en-valverde\/","url_meta":{"origin":109387,"position":2},"title":"Ej\u00e9rcito detiene 148 migrantes haitianos en operativos realizados en Valverde","author":"Nelson Feliz","date":"28 de noviembre de 2025","format":false,"excerpt":"Los extranjeros indocumentados fueron detenidos en las comunidades \u00c1mina, Pueblo Nuevo y Mao. Patrullas del Ej\u00e9rcito de Rep\u00fablica Dominicana (ERD) detuvieron a 148 nacionales haitianos indocumentados, incluyendo 97 hombres y 51 mujeres, durante operativos en las comunidades de \u00c1mina, Pueblo Nuevo y Mao, de la provincia Valverde. Estas acciones son\u2026","rel":"","context":"En \u00abMILITARES\u00bb","block_context":{"text":"MILITARES","link":"https:\/\/lasprimeras.com.do\/index.php\/category\/militares\/"},"img":{"alt_text":"","src":"https:\/\/i0.wp.com\/lasprimeras.com.do\/wp-content\/uploads\/2025\/11\/migrantes-haitianos-1.jpg?resize=350%2C200&ssl=1","width":350,"height":200,"srcset":"https:\/\/i0.wp.com\/lasprimeras.com.do\/wp-content\/uploads\/2025\/11\/migrantes-haitianos-1.jpg?resize=350%2C200&ssl=1 1x, https:\/\/i0.wp.com\/lasprimeras.com.do\/wp-content\/uploads\/2025\/11\/migrantes-haitianos-1.jpg?resize=525%2C300&ssl=1 1.5x, https:\/\/i0.wp.com\/lasprimeras.com.do\/wp-content\/uploads\/2025\/11\/migrantes-haitianos-1.jpg?resize=700%2C400&ssl=1 2x"},"classes":[]},{"id":109097,"url":"https:\/\/lasprimeras.com.do\/index.php\/2025\/09\/14\/pobladores-de-las-provincias-del-noroeste-valoran-cercania-del-gobierno-a-traves-de-propeep\/","url_meta":{"origin":109387,"position":3},"title":"Pobladores de las provincias del noroeste, valoran cercan\u00eda del Gobierno a trav\u00e9s de Propeep","author":"Nelson Feliz","date":"14 de septiembre de 2025","format":false,"excerpt":"Robert Polanco y Yenny Chaljub desarrollan desde el viernes una intensa agenda de trabajo que abarcaron los poblados: R\u00edo Limpio de El\u00edas Pi\u00f1a; El Pino de Dajab\u00f3n; Monci\u00f3n, Villa Los Alm\u00e1cigos de Santiago Rodr\u00edguez y Mao, Valverde. El director de los Proyectos Estrat\u00e9gicos y Especiales de la Presidencia (Propeep )\u2026","rel":"","context":"En \u00abNACIONALES\u00bb","block_context":{"text":"NACIONALES","link":"https:\/\/lasprimeras.com.do\/index.php\/category\/nacionales\/"},"img":{"alt_text":"","src":"https:\/\/i0.wp.com\/lasprimeras.com.do\/wp-content\/uploads\/2025\/09\/ROBERT-1.jpg?resize=350%2C200&ssl=1","width":350,"height":200,"srcset":"https:\/\/i0.wp.com\/lasprimeras.com.do\/wp-content\/uploads\/2025\/09\/ROBERT-1.jpg?resize=350%2C200&ssl=1 1x, https:\/\/i0.wp.com\/lasprimeras.com.do\/wp-content\/uploads\/2025\/09\/ROBERT-1.jpg?resize=525%2C300&ssl=1 1.5x, https:\/\/i0.wp.com\/lasprimeras.com.do\/wp-content\/uploads\/2025\/09\/ROBERT-1.jpg?resize=700%2C400&ssl=1 2x"},"classes":[]},{"id":105395,"url":"https:\/\/lasprimeras.com.do\/index.php\/2025\/08\/03\/ejercito-detiene-a-18-haitianos-que-se-encontraban-ocultos-en-una-vivienda-en-mao\/","url_meta":{"origin":109387,"position":4},"title":"Ej\u00e9rcito detiene a 18 haitianos que se encontraban ocultos en una vivienda en Mao","author":"Nelson Feliz","date":"3 de agosto de 2025","format":false,"excerpt":"Una patrulla del Ej\u00e9rcito de Rep\u00fablica Dominicana, realiz\u00f3 un operativo en el municipio de Mao, provincia Valverde, durante el cual fueron detenidos dieciocho 18 nacionales haitianos en condici\u00f3n migratoria irregular. Los detenidos, 17 hombres y 1 mujer, se encontraban ocultos en una vivienda en el sector Piloto del referido municipio,\u2026","rel":"","context":"En \u00abMILITARES\u00bb","block_context":{"text":"MILITARES","link":"https:\/\/lasprimeras.com.do\/index.php\/category\/militares\/"},"img":{"alt_text":"","src":"https:\/\/i0.wp.com\/lasprimeras.com.do\/wp-content\/uploads\/2025\/08\/haitianos.jpg?resize=350%2C200&ssl=1","width":350,"height":200,"srcset":"https:\/\/i0.wp.com\/lasprimeras.com.do\/wp-content\/uploads\/2025\/08\/haitianos.jpg?resize=350%2C200&ssl=1 1x, https:\/\/i0.wp.com\/lasprimeras.com.do\/wp-content\/uploads\/2025\/08\/haitianos.jpg?resize=525%2C300&ssl=1 1.5x, https:\/\/i0.wp.com\/lasprimeras.com.do\/wp-content\/uploads\/2025\/08\/haitianos.jpg?resize=700%2C400&ssl=1 2x"},"classes":[]},{"id":128698,"url":"https:\/\/lasprimeras.com.do\/index.php\/2026\/04\/25\/danilo-medina-encabezara-actos-de-juramentacion-del-pld-este-domingo\/","url_meta":{"origin":109387,"position":5},"title":"Danilo Medina encabezar\u00e1 actos de juramentaci\u00f3n del PLD este domingo","author":"Nelson Feliz","date":"25 de abril de 2026","format":false,"excerpt":"Danilo Medina encabezar\u00e1 este domingo sendas actividades de juramentaci\u00f3n: la primera en Mao en la ma\u00f1ana y la segunda en Santiago en horas de la tarde. El expresidente Danilo Medina, presidente del Partido de la Liberaci\u00f3n Dominicana (PLD), participar\u00e1 este domingo en sendos actos de juramentaci\u00f3n de ciudadanos que apoyan\u2026","rel":"","context":"En \u00abPOLITICA\u00bb","block_context":{"text":"POLITICA","link":"https:\/\/lasprimeras.com.do\/index.php\/category\/politica\/"},"img":{"alt_text":"Danilo Medina","src":"https:\/\/i0.wp.com\/lasprimeras.com.do\/wp-content\/uploads\/2026\/04\/Danilo-Medina-2.jpg?resize=350%2C200&ssl=1","width":350,"height":200,"srcset":"https:\/\/i0.wp.com\/lasprimeras.com.do\/wp-content\/uploads\/2026\/04\/Danilo-Medina-2.jpg?resize=350%2C200&ssl=1 1x, https:\/\/i0.wp.com\/lasprimeras.com.do\/wp-content\/uploads\/2026\/04\/Danilo-Medina-2.jpg?resize=525%2C300&ssl=1 1.5x, https:\/\/i0.wp.com\/lasprimeras.com.do\/wp-content\/uploads\/2026\/04\/Danilo-Medina-2.jpg?resize=700%2C400&ssl=1 2x"},"classes":[]}],"jetpack_sharing_enabled":true,"_links":{"self":[{"href":"https:\/\/lasprimeras.com.do\/index.php\/wp-json\/wp\/v2\/posts\/109387","targetHints":{"allow":["GET"]}}],"collection":[{"href":"https:\/\/lasprimeras.com.do\/index.php\/wp-json\/wp\/v2\/posts"}],"about":[{"href":"https:\/\/lasprimeras.com.do\/index.php\/wp-json\/wp\/v2\/types\/post"}],"author":[{"embeddable":true,"href":"https:\/\/lasprimeras.com.do\/index.php\/wp-json\/wp\/v2\/users\/10"}],"replies":[{"embeddable":true,"href":"https:\/\/lasprimeras.com.do\/index.php\/wp-json\/wp\/v2\/comments?post=109387"}],"version-history":[{"count":1,"href":"https:\/\/lasprimeras.com.do\/index.php\/wp-json\/wp\/v2\/posts\/109387\/revisions"}],"predecessor-version":[{"id":109389,"href":"https:\/\/lasprimeras.com.do\/index.php\/wp-json\/wp\/v2\/posts\/109387\/revisions\/109389"}],"wp:featuredmedia":[{"embeddable":true,"href":"https:\/\/lasprimeras.com.do\/index.php\/wp-json\/wp\/v2\/media\/109388"}],"wp:attachment":[{"href":"https:\/\/lasprimeras.com.do\/index.php\/wp-json\/wp\/v2\/media?parent=109387"}],"wp:term":[{"taxonomy":"category","embeddable":true,"href":"https:\/\/lasprimeras.com.do\/index.php\/wp-json\/wp\/v2\/categories?post=109387"},{"taxonomy":"post_tag","embeddable":true,"href":"https:\/\/lasprimeras.com.do\/index.php\/wp-json\/wp\/v2\/tags?post=109387"}],"curies":[{"name":"wp","href":"https:\/\/api.w.org\/{rel}","templated":true}]}}