{"id":109393,"date":"2025-09-17T19:07:28","date_gmt":"2025-09-17T23:07:28","guid":{"rendered":"https:\/\/lasprimeras.com.do\/?p=109393"},"modified":"2025-09-17T19:07:30","modified_gmt":"2025-09-17T23:07:30","slug":"adolescente-mata-a-otro-de-un-batazo-y-su-madre-pide-juicio-como-menor-en-bani","status":"publish","type":"post","link":"https:\/\/lasprimeras.com.do\/index.php\/2025\/09\/17\/adolescente-mata-a-otro-de-un-batazo-y-su-madre-pide-juicio-como-menor-en-bani\/","title":{"rendered":"Adolescente mata a otro de un batazo y su madre pide juicio como menor en Ban\u00ed"},"content":{"rendered":"\n<p><strong>La progenitora denuncia un plan para juzgar como adulto a su v\u00e1stago<\/strong><\/p>\n\n\n\n<p>Con el acta de nacimiento en mano, Mery Margarita Lorenzo Lara denunci\u00f3 este mi\u00e9rcoles que las autoridades buscan procesar como adulto a su hijo de 16 a\u00f1os, un adolescente implicado en el homicidio de otro ocurrido en el municipio Ban\u00ed, provincia Peravia.<\/p>\n\n\n\n<p>El incidente ocurri\u00f3 el pasado 28 de agosto en el sector de Santa Rosa, cuando golpe\u00f3 con un bate a Miguel F\u00e9liz, tambi\u00e9n menor de edad, mat\u00e1ndolo instant\u00e1neamente.<\/p>\n\n\n\n<p>Desde entonces, el caso ha estado rodeado de cuestionamientos legales y reclamos por parte de la familia.<\/p>\n\n\n\n<p>La madre no niega la responsabilidad de su hijo en el incidente, pero insiste en que debe ser procesado conforme a la normativa aplicable a la ley 136-03 para el sistema de protecci\u00f3n de los Derechos Fundamentales de Ni\u00f1os, Ni\u00f1as y Adolescentes.<\/p>\n\n\n\n<p>&#8220;Si tiene que pagar, va a pagar, pero tiene que ser juzgado como menor&#8221;, reiter\u00f3, al informar que su hijo naci\u00f3 el 26 de septiembre de 2008, por lo que a\u00fan no ha cumplido los 17 a\u00f1os.<\/p>\n\n\n\n<p>Pruebas \u00f3seas<\/p>\n\n\n\n<p>Sin embargo, explic\u00f3 que las autoridades han utilizado los resultados de pruebas \u00f3seas para sustentar que el joven tiene 18 o incluso 19 a\u00f1os, contradiciendo la documentaci\u00f3n oficial.<\/p>\n\n\n\n<p>&#8220;En una primera prueba \u00f3sea sali\u00f3 que ten\u00eda 18 a\u00f1os y en una segunda que 19, cuando mi hijo tiene 16. \u00bfPor qu\u00e9 aparecen esos resultados como si \u00e9l fuera un adulto? Eso es lo que yo quiero que se aclare&#8221;, cuestion\u00f3.<\/p>\n\n\n\n<p>Para sustentar su denuncia, Lorenzo Lara mostr\u00f3 documentos expedidos por el Hospital Nuestra Se\u00f1ora de Regla de Ban\u00ed y por la Junta Central Electoral, los cuales confirman el nacimiento en la fecha se\u00f1alada, con registro inmediato, sin que se trate de una declaraci\u00f3n tard\u00eda.<\/p>\n\n\n\n<p>Pese a esas evidencias, el Tribunal de Ni\u00f1os, Ni\u00f1as y Adolescentes declin\u00f3 la jurisdicci\u00f3n del caso al Tribunal Ordinario, lo que ha encendido la alarma en la madre, quien teme que su hijo sea juzgado bajo un proceso que no le corresponde por edad.<\/p>\n\n\n\n<p>&#8220;Yo estoy aqu\u00ed pidiendo ayuda a estos medios para que la edad de mi hijo sea aclarada. Le pido que me ayuden a aclarar que mi hijo no debe pagar como adulto, sino como menor de edad, como lo que es \u00e9l&#8221;, expres\u00f3 con angustia.<\/p>\n","protected":false},"excerpt":{"rendered":"<p>La progenitora denuncia un plan para juzgar como adulto a su v\u00e1stago Con el acta de nacimiento en mano, Mery Margarita Lorenzo Lara denunci\u00f3 este mi\u00e9rcoles que las autoridades buscan&hellip;<\/p>\n","protected":false},"author":10,"featured_media":109394,"comment_status":"open","ping_status":"open","sticky":false,"template":"","format":"standard","meta":{"content-type":"","jetpack_post_was_ever_published":false,"_jetpack_newsletter_access":"","_jetpack_dont_email_post_to_subs":false,"_jetpack_newsletter_tier_id":0,"_jetpack_memberships_contains_paywalled_content":false,"_jetpack_memberships_contains_paid_content":false,"footnotes":""},"categories":[35],"tags":[2974,963,10415,24764,1200,24763,24762],"class_list":["post-109393","post","type-post","status-publish","format-standard","has-post-thumbnail","hentry","category-nacionales","tag-adolescente","tag-bani","tag-batazo","tag-juicio-como-menor","tag-madre","tag-mata-a-otro","tag-polemica-en-bani"],"jetpack_featured_media_url":"https:\/\/lasprimeras.com.do\/wp-content\/uploads\/2025\/09\/batazo.jpg","jetpack-related-posts":[{"id":104073,"url":"https:\/\/lasprimeras.com.do\/index.php\/2025\/07\/21\/hombre-que-asesino-pareja-en-bani-fue-deportado-recientemente-de-ee-uu\/","url_meta":{"origin":109393,"position":0},"title":"Hombre que asesin\u00f3 pareja en Ban\u00ed fue deportado recientemente de EE. UU.","author":"Nelson Feliz","date":"21 de julio de 2025","format":false,"excerpt":"El hombre, deportado recientemente desde EE.UU., merode\u00f3 la zona durante d\u00edas, bebi\u00f3 una cerveza frente a la vivienda y luego asesin\u00f3 a la mujer y su pareja. Una tragedia estremeci\u00f3 al sector Los Cajuilitos en Ban\u00ed, cuando Selis Mercedes S\u00e1nchez Germ\u00e1n, de 46 a\u00f1os, y su pareja, Luis Marino Caraballo,\u2026","rel":"","context":"En \u00abNACIONALES\u00bb","block_context":{"text":"NACIONALES","link":"https:\/\/lasprimeras.com.do\/index.php\/category\/nacionales\/"},"img":{"alt_text":"","src":"https:\/\/i0.wp.com\/lasprimeras.com.do\/wp-content\/uploads\/2025\/07\/bani-casa.jpg?resize=350%2C200&ssl=1","width":350,"height":200,"srcset":"https:\/\/i0.wp.com\/lasprimeras.com.do\/wp-content\/uploads\/2025\/07\/bani-casa.jpg?resize=350%2C200&ssl=1 1x, https:\/\/i0.wp.com\/lasprimeras.com.do\/wp-content\/uploads\/2025\/07\/bani-casa.jpg?resize=525%2C300&ssl=1 1.5x, https:\/\/i0.wp.com\/lasprimeras.com.do\/wp-content\/uploads\/2025\/07\/bani-casa.jpg?resize=700%2C400&ssl=1 2x"},"classes":[]},{"id":114085,"url":"https:\/\/lasprimeras.com.do\/index.php\/2025\/11\/10\/madre-e-hijo-mueren-ahogados-en-la-playa-las-salinas-de-bani\/","url_meta":{"origin":109393,"position":1},"title":"Madre e hijo mueren ahogados en la playa Las Salinas de Ban\u00ed","author":"Nelson Feliz","date":"10 de noviembre de 2025","format":false,"excerpt":"Mujer muere ahogada junto a uno de sus hijos este domingo en la Playa Salinas - Ban\u00ed, momentos que intentaba rescatar a sus dos hijos mientras ambos se ahogaban justo en la zona prohibida o el famoso hoyo. La se\u00f1ora que se desempe\u00f1aba como profesora, respond\u00eda al nombre de Eridania\u2026","rel":"","context":"En \u00abNACIONALES\u00bb","block_context":{"text":"NACIONALES","link":"https:\/\/lasprimeras.com.do\/index.php\/category\/nacionales\/"},"img":{"alt_text":"","src":"https:\/\/i0.wp.com\/lasprimeras.com.do\/wp-content\/uploads\/2025\/11\/salinas.jpg?resize=350%2C200&ssl=1","width":350,"height":200},"classes":[]},{"id":67167,"url":"https:\/\/lasprimeras.com.do\/index.php\/2023\/11\/13\/policia-mata-a-balazos-a-colombiano-secuestro-2-personas-en-bani\/","url_meta":{"origin":109393,"position":2},"title":"Polic\u00eda mata a balazos a colombiano secuestr\u00f3 2 personas en Ban\u00ed","author":"Nelson Feliz","date":"13 de noviembre de 2023","format":false,"excerpt":"La Polic\u00eda abati\u00f3 este lunes en Ban\u00ed a un colombiano que presuntamente mantuvo secuestradas a dos personas durante cuatro d\u00edas, informaron las fuerzas del orden. En un comunicado, la Polic\u00eda indic\u00f3 que las v\u00edctimas, un hombre y una adolescente, fueron rescatadas sanas y salvas. De acuerdo con la nota, John\u2026","rel":"","context":"En \u00abMILITARES\u00bb","block_context":{"text":"MILITARES","link":"https:\/\/lasprimeras.com.do\/index.php\/category\/militares\/"},"img":{"alt_text":"Polic\u00eda-Ban\u00ed","src":"https:\/\/i0.wp.com\/lasprimeras.com.do\/wp-content\/uploads\/2023\/11\/Policia-Bani.jpg?resize=350%2C200&ssl=1","width":350,"height":200,"srcset":"https:\/\/i0.wp.com\/lasprimeras.com.do\/wp-content\/uploads\/2023\/11\/Policia-Bani.jpg?resize=350%2C200&ssl=1 1x, https:\/\/i0.wp.com\/lasprimeras.com.do\/wp-content\/uploads\/2023\/11\/Policia-Bani.jpg?resize=525%2C300&ssl=1 1.5x, https:\/\/i0.wp.com\/lasprimeras.com.do\/wp-content\/uploads\/2023\/11\/Policia-Bani.jpg?resize=700%2C400&ssl=1 2x"},"classes":[]},{"id":126810,"url":"https:\/\/lasprimeras.com.do\/index.php\/2026\/04\/05\/autobus-se-vuelca-en-la-circunvalacion-de-bani-hay-un-muerto\/","url_meta":{"origin":109393,"position":3},"title":"Autob\u00fas se vuelca en la circunvalaci\u00f3n de Ban\u00ed; hay un muerto","author":"Nelson Feliz","date":"5 de abril de 2026","format":false,"excerpt":"Una persona muri\u00f3 y otras seis resultaron heridas tras volcarse este domingo un autob\u00fas en la circunvalaci\u00f3n de Ban\u00ed, espec\u00edficamente en el tramo Sabana Indio. El veh\u00edculo hab\u00eda salido desde Las Matas de Farf\u00e1n, en San Juan, con destino a Santo Domingo. Entre los heridos se encuentran menores de edad,\u2026","rel":"","context":"En \u00abNACIONALES\u00bb","block_context":{"text":"NACIONALES","link":"https:\/\/lasprimeras.com.do\/index.php\/category\/nacionales\/"},"img":{"alt_text":"Autob\u00fas con los neum\u00e1ticos gastados se vuelca","src":"https:\/\/i0.wp.com\/lasprimeras.com.do\/wp-content\/uploads\/2026\/04\/Autobus-con-los-neumaticos-gastados-se-vuelca.jpeg?resize=350%2C200&ssl=1","width":350,"height":200,"srcset":"https:\/\/i0.wp.com\/lasprimeras.com.do\/wp-content\/uploads\/2026\/04\/Autobus-con-los-neumaticos-gastados-se-vuelca.jpeg?resize=350%2C200&ssl=1 1x, https:\/\/i0.wp.com\/lasprimeras.com.do\/wp-content\/uploads\/2026\/04\/Autobus-con-los-neumaticos-gastados-se-vuelca.jpeg?resize=525%2C300&ssl=1 1.5x, https:\/\/i0.wp.com\/lasprimeras.com.do\/wp-content\/uploads\/2026\/04\/Autobus-con-los-neumaticos-gastados-se-vuelca.jpeg?resize=700%2C400&ssl=1 2x"},"classes":[]},{"id":73034,"url":"https:\/\/lasprimeras.com.do\/index.php\/2024\/01\/05\/menor-denuncio-que-su-madre-la-explotaba-sexualmente-con-wander-franco-y-otras-parejas\/","url_meta":{"origin":109393,"position":4},"title":"Menor denunci\u00f3 que su madre la explotaba sexualmente con Wander Franco y otras parejas","author":"Nelson Feliz","date":"5 de enero de 2024","format":false,"excerpt":"De acuerdo al Ministerio P\u00fablico, la mujer recibi\u00f3 siete pagos de RD$100 mil mensuales y un veh\u00edculo para permitirle a su hija una relaci\u00f3n con el pelotero. La adolescente que supuestamente sostuvo una relaci\u00f3n sexual con el torpedero Wander Franco, de los Rays de Tampa Bay, fue v\u00edctima de abuso\u2026","rel":"","context":"En \u00abSin categor\u00eda\u00bb","block_context":{"text":"Sin categor\u00eda","link":"https:\/\/lasprimeras.com.do\/index.php\/category\/sin-categoria\/"},"img":{"alt_text":"","src":"https:\/\/i0.wp.com\/lasprimeras.com.do\/wp-content\/uploads\/2024\/01\/Wander-Franco-1-1.jpg?resize=350%2C200&ssl=1","width":350,"height":200,"srcset":"https:\/\/i0.wp.com\/lasprimeras.com.do\/wp-content\/uploads\/2024\/01\/Wander-Franco-1-1.jpg?resize=350%2C200&ssl=1 1x, https:\/\/i0.wp.com\/lasprimeras.com.do\/wp-content\/uploads\/2024\/01\/Wander-Franco-1-1.jpg?resize=525%2C300&ssl=1 1.5x, https:\/\/i0.wp.com\/lasprimeras.com.do\/wp-content\/uploads\/2024\/01\/Wander-Franco-1-1.jpg?resize=700%2C400&ssl=1 2x"},"classes":[]},{"id":72675,"url":"https:\/\/lasprimeras.com.do\/index.php\/2024\/01\/02\/dejan-detenido-al-pelotero-wander-franco\/","url_meta":{"origin":109393,"position":5},"title":"Dejan detenido al pelotero Wander Franco","author":"Nelson Feliz","date":"2 de enero de 2024","format":false,"excerpt":"Tambi\u00e9n a la madre de la adolescente con la que supuestamente ten\u00eda relaciones. El pelotero de Grandes Ligas Wander Samuel Franco Aybar fue dejado detenido este lunes por la Fiscal\u00eda de Puerto Plata luego de que acudiera para responder a la denuncia de que tuvo relaciones sexuales con una adolescente.\u2026","rel":"","context":"En \u00abSin categor\u00eda\u00bb","block_context":{"text":"Sin categor\u00eda","link":"https:\/\/lasprimeras.com.do\/index.php\/category\/sin-categoria\/"},"img":{"alt_text":"Wander Franco","src":"https:\/\/i0.wp.com\/lasprimeras.com.do\/wp-content\/uploads\/2023\/12\/Wander-Franco-1.jpg?resize=350%2C200&ssl=1","width":350,"height":200,"srcset":"https:\/\/i0.wp.com\/lasprimeras.com.do\/wp-content\/uploads\/2023\/12\/Wander-Franco-1.jpg?resize=350%2C200&ssl=1 1x, https:\/\/i0.wp.com\/lasprimeras.com.do\/wp-content\/uploads\/2023\/12\/Wander-Franco-1.jpg?resize=525%2C300&ssl=1 1.5x, https:\/\/i0.wp.com\/lasprimeras.com.do\/wp-content\/uploads\/2023\/12\/Wander-Franco-1.jpg?resize=700%2C400&ssl=1 2x"},"classes":[]}],"jetpack_sharing_enabled":true,"_links":{"self":[{"href":"https:\/\/lasprimeras.com.do\/index.php\/wp-json\/wp\/v2\/posts\/109393","targetHints":{"allow":["GET"]}}],"collection":[{"href":"https:\/\/lasprimeras.com.do\/index.php\/wp-json\/wp\/v2\/posts"}],"about":[{"href":"https:\/\/lasprimeras.com.do\/index.php\/wp-json\/wp\/v2\/types\/post"}],"author":[{"embeddable":true,"href":"https:\/\/lasprimeras.com.do\/index.php\/wp-json\/wp\/v2\/users\/10"}],"replies":[{"embeddable":true,"href":"https:\/\/lasprimeras.com.do\/index.php\/wp-json\/wp\/v2\/comments?post=109393"}],"version-history":[{"count":1,"href":"https:\/\/lasprimeras.com.do\/index.php\/wp-json\/wp\/v2\/posts\/109393\/revisions"}],"predecessor-version":[{"id":109395,"href":"https:\/\/lasprimeras.com.do\/index.php\/wp-json\/wp\/v2\/posts\/109393\/revisions\/109395"}],"wp:featuredmedia":[{"embeddable":true,"href":"https:\/\/lasprimeras.com.do\/index.php\/wp-json\/wp\/v2\/media\/109394"}],"wp:attachment":[{"href":"https:\/\/lasprimeras.com.do\/index.php\/wp-json\/wp\/v2\/media?parent=109393"}],"wp:term":[{"taxonomy":"category","embeddable":true,"href":"https:\/\/lasprimeras.com.do\/index.php\/wp-json\/wp\/v2\/categories?post=109393"},{"taxonomy":"post_tag","embeddable":true,"href":"https:\/\/lasprimeras.com.do\/index.php\/wp-json\/wp\/v2\/tags?post=109393"}],"curies":[{"name":"wp","href":"https:\/\/api.w.org\/{rel}","templated":true}]}}