{"id":109449,"date":"2025-09-18T09:11:17","date_gmt":"2025-09-18T13:11:17","guid":{"rendered":"https:\/\/lasprimeras.com.do\/?p=109449"},"modified":"2025-09-18T09:11:18","modified_gmt":"2025-09-18T13:11:18","slug":"polonia-recurre-a-kiev-en-busca-de-conocimiento-sobre-drones-tras-la-incursion-de-drones-rusos","status":"publish","type":"post","link":"https:\/\/lasprimeras.com.do\/index.php\/2025\/09\/18\/polonia-recurre-a-kiev-en-busca-de-conocimiento-sobre-drones-tras-la-incursion-de-drones-rusos\/","title":{"rendered":"Polonia recurre a Kiev en busca de conocimiento sobre drones tras la incursi\u00f3n de drones rusos"},"content":{"rendered":"\n<p>POR ILLIA NOVIKOV<\/p>\n\n\n\n<p>KIEV, Ucrania (AP) \u2014 El jefe de defensa de Polonia viaj\u00f3 a Kiev el jueves en busca de ayuda ucraniana para desarrollar las capacidades de guerra con drones de su pa\u00eds, poco m\u00e1s de una semana despu\u00e9s de que drones rusos ingresaran al espacio a\u00e9reo polaco y expusieran la vulnerabilidad de la OTAN a la guerra con drones.<\/p>\n\n\n\n<p>Los drones utilizados para defensa y ataque han tomado un papel central en el campo de batalla en los m\u00e1s de tres a\u00f1os desde que Rusia invadi\u00f3 Ucrania, transformando la forma en que se libran las guerras, y los pa\u00edses est\u00e1n ansiosos por dominar una tecnolog\u00eda de combate nueva y en r\u00e1pido desarrollo.<\/p>\n\n\n\n<p>El ministro ucraniano de Defensa, Denys Shmyhal, dijo que \u00e9l y su hom\u00f3logo polaco, W\u0142adys\u0142aw Kosiniak-Kamysz, firmaron un memorando para crear un grupo de trabajo conjunto para sistemas no tripulados.<\/p>\n\n\n\n<p>Los vecinos probar\u00e1n conjuntamente nuevos m\u00e9todos de interceptaci\u00f3n de drones, intercambiar\u00e1n experiencia militar en el campo de la guerra con drones y trabajar\u00e1n para asegurar una mayor compatibilidad entre las fuerzas armadas ucranianas y polacas, escribi\u00f3 Shmyhal en Telegram.<\/p>\n\n\n\n<p>La incursi\u00f3n rusa de la semana pasada, que provoc\u00f3 que la OTAN enviara aviones de combate para derribar los drones, aument\u00f3 las tensiones en Europa del Este. La guerra entre Rusia y Ucrania ha continuado a pesar de meses de esfuerzos de Estados Unidos para detenerla, incluyendo una reuni\u00f3n cumbre entre Estados Unidos y Rusia en Alaska.<\/p>\n\n\n\n<p>La OTAN anunci\u00f3 que estaba fortaleciendo su postura defensiva en su flanco oriental que limita con Bielorrusia, Rusia y Ucrania.<\/p>\n\n\n\n<p>Mosc\u00fa, mientras tanto, exhibi\u00f3 su poder militar convencional y nuclear en ejercicios con Bielorrusia planificados con mucho tiempo de antelaci\u00f3n, que alimentaron las preocupaciones occidentales sobre las intenciones de Rusia.<\/p>\n\n\n\n<p>Los ministros ucraniano y polaco tambi\u00e9n firmaron en Kiev un acuerdo para estrechar su cooperaci\u00f3n en defensa.<\/p>\n\n\n\n<p>\u201cEstamos llevando nuestra cooperaci\u00f3n en seguridad a un nuevo nivel en respuesta al terror ruso, que amenaza a Ucrania y a otros pa\u00edses europeos\u201d, dijo Shmyhal.<\/p>\n\n\n\n<p>Las defensas antia\u00e9reas de Ucrania derribaron o bloquearon 48 de los 75 drones rusos lanzados contra el pa\u00eds durante la noche, inform\u00f3 la fuerza a\u00e9rea el jueves.<\/p>\n\n\n\n<p>La infraestructura ferroviaria volvi\u00f3 a sufrir impactos, dentro de un patr\u00f3n reciente de ataques.<\/p>\n\n\n\n<p>El presidente ucraniano, Volodymyr Zelenskyy, dijo el mi\u00e9rcoles que los ataques a la infraestructura energ\u00e9tica y ferroviaria est\u00e1n destinados a interrumpir las l\u00edneas de suministro y crear tensi\u00f3n social.<\/p>\n\n\n\n<p>Ucrania ha desarrollado drones y misiles de largo alcance que buscan llevar la batalla a Rusia en lugar de solo defenderse de la invasi\u00f3n.<\/p>\n\n\n\n<p>Dos drones ucranianos atacaron la refiner\u00eda de petr\u00f3leo neftekhim Salavat, propiedad de la compa\u00f1\u00eda estatal de petr\u00f3leo Gazprom, en la rep\u00fablica rusa de Bashkortost\u00e1n, provocando un incendio, dijo el gobernador Radiy Khabirov el jueves. No hubo v\u00edctimas, dijo.<\/p>\n\n\n\n<p>El objetivo estaba a m\u00e1s de 1.000 kil\u00f3metros (600 millas) de Ucrania.<\/p>\n\n\n\n<p>Un funcionario del Servicio de Seguridad de Ucrania confirm\u00f3 a The Associated Press el ataque a la refiner\u00eda.<\/p>\n\n\n\n<p>Los drones atacaron la unidad principal de refinado de petr\u00f3leo en el complejo y se desat\u00f3 un gran incendio, seg\u00fan la fuente, que habl\u00f3 bajo condici\u00f3n de anonimato porque no estaba autorizada a hablar p\u00fablicamente sobre la operaci\u00f3n.<\/p>\n\n\n\n<p>Ucrania ha apuntado cada vez m\u00e1s a las refiner\u00edas de Rusia. Rusia es el segundo mayor exportador de petr\u00f3leo del mundo, con ingresos del sector cruciales para su esfuerzo b\u00e9lico.<\/p>\n\n\n\n<p>Los continuados ataques con drones ucranianos, as\u00ed como un aumento estacional de la demanda, han provocado recientemente escasez en las estaciones de servicio.<\/p>\n","protected":false},"excerpt":{"rendered":"<p>POR ILLIA NOVIKOV KIEV, Ucrania (AP) \u2014 El jefe de defensa de Polonia viaj\u00f3 a Kiev el jueves en busca de ayuda ucraniana para desarrollar las capacidades de guerra con&hellip;<\/p>\n","protected":false},"author":10,"featured_media":109450,"comment_status":"open","ping_status":"open","sticky":false,"template":"","format":"standard","meta":{"content-type":"","jetpack_post_was_ever_published":false,"_jetpack_newsletter_access":"","_jetpack_dont_email_post_to_subs":false,"_jetpack_newsletter_tier_id":0,"_jetpack_memberships_contains_paywalled_content":false,"_jetpack_memberships_contains_paid_content":false,"footnotes":""},"categories":[16289],"tags":[1340,3279,12692,11713,1483,5037],"class_list":["post-109449","post","type-post","status-publish","format-standard","has-post-thumbnail","hentry","category-internacionales","tag-conocimiento","tag-drones","tag-drones-rusos","tag-incursion","tag-kiev","tag-polonia"],"jetpack_featured_media_url":"https:\/\/lasprimeras.com.do\/wp-content\/uploads\/2025\/09\/drones.jpg","jetpack-related-posts":[{"id":92172,"url":"https:\/\/lasprimeras.com.do\/index.php\/2024\/12\/31\/un-ataque-ruso-con-misiles-y-drones-golpea-varias-poblaciones-en-ucrania-incluida-kiev\/","url_meta":{"origin":109449,"position":0},"title":"Un ataque ruso con misiles y drones golpea varias poblaciones en Ucrania, incluida Kiev","author":"Nelson Feliz","date":"31 de diciembre de 2024","format":false,"excerpt":"By ILLIA NOVIKOV KIEV, Ucrania (AP) \u2014 Rusia lanz\u00f3 el martes un ataque a\u00e9reo contra Ucrania que golpe\u00f3 la capital y otras regiones con m\u00faltiples misiles y drones. La fuerza a\u00e9rea de Ucrania inform\u00f3 de una amenaza de misil bal\u00edstico a las 3:00 de la madrugada, y se escucharon al\u2026","rel":"","context":"En \u00abINTERNACIONALES\u00bb","block_context":{"text":"INTERNACIONALES","link":"https:\/\/lasprimeras.com.do\/index.php\/category\/sin-categoria\/internacionales\/"},"img":{"alt_text":"","src":"https:\/\/i0.wp.com\/lasprimeras.com.do\/wp-content\/uploads\/2024\/12\/ataque.jpg?resize=350%2C200&ssl=1","width":350,"height":200,"srcset":"https:\/\/i0.wp.com\/lasprimeras.com.do\/wp-content\/uploads\/2024\/12\/ataque.jpg?resize=350%2C200&ssl=1 1x, https:\/\/i0.wp.com\/lasprimeras.com.do\/wp-content\/uploads\/2024\/12\/ataque.jpg?resize=525%2C300&ssl=1 1.5x, https:\/\/i0.wp.com\/lasprimeras.com.do\/wp-content\/uploads\/2024\/12\/ataque.jpg?resize=700%2C400&ssl=1 2x"},"classes":[]},{"id":108838,"url":"https:\/\/lasprimeras.com.do\/index.php\/2025\/09\/11\/donald-tusk-promete-seguir-adelante-con-la-modernizacion-militar-tras-la-incursion-de-drones-rusos\/","url_meta":{"origin":109449,"position":1},"title":"Donald Tusk promete seguir adelante con la modernizaci\u00f3n militar tras la incursi\u00f3n de drones rusos","author":"Nelson Feliz","date":"11 de septiembre de 2025","format":false,"excerpt":"Por CLAUDIA CIOBANU VARSOVIA, Polonia (AP) \u2014 El primer ministro polaco, Donald Tusk, se comprometi\u00f3 el jueves a impulsar un \u201cgran programa de modernizaci\u00f3n\u201d del ej\u00e9rcito de su pa\u00eds, un d\u00eda despu\u00e9s de que drones rusos cruzaron a Polonia y amplificaron las tensiones internacionales en torno a la invasi\u00f3n rusa\u2026","rel":"","context":"En \u00abINTERNACIONALES\u00bb","block_context":{"text":"INTERNACIONALES","link":"https:\/\/lasprimeras.com.do\/index.php\/category\/sin-categoria\/internacionales\/"},"img":{"alt_text":"","src":"https:\/\/i0.wp.com\/lasprimeras.com.do\/wp-content\/uploads\/2025\/09\/Donald-Tusk.jpg?resize=350%2C200&ssl=1","width":350,"height":200},"classes":[]},{"id":68525,"url":"https:\/\/lasprimeras.com.do\/index.php\/2023\/11\/25\/ucrania-denuncia-ataque-ruso-con-drones-mayoria-contra-kiev\/","url_meta":{"origin":109449,"position":2},"title":"Ucrania denuncia ataque ruso con drones, mayor\u00eda contra Kiev","author":"BIMARY DE JES\u00daS Matos","date":"25 de noviembre de 2023","format":false,"excerpt":"Ucrania.-Las autoridades de Ucrania han denunciado este s\u00e1bado que las Fuerzas Armadas de Rusia han llevado a cabo un ataque masivo con m\u00e1s de 70 drones contra varios puntos del pa\u00eds, especialmente contra la capital, Kiev. Seg\u00fan ha detallado el departamento de prensa de la Fuerza A\u00e9rea ucraniana, Rusia ha\u2026","rel":"","context":"En \u00abSin categor\u00eda\u00bb","block_context":{"text":"Sin categor\u00eda","link":"https:\/\/lasprimeras.com.do\/index.php\/category\/sin-categoria\/"},"img":{"alt_text":"","src":"https:\/\/i0.wp.com\/lasprimeras.com.do\/wp-content\/uploads\/2023\/11\/WhatsApp-Image-2023-11-24-at-1.48.00-PM-5.jpeg?resize=350%2C200&ssl=1","width":350,"height":200,"srcset":"https:\/\/i0.wp.com\/lasprimeras.com.do\/wp-content\/uploads\/2023\/11\/WhatsApp-Image-2023-11-24-at-1.48.00-PM-5.jpeg?resize=350%2C200&ssl=1 1x, https:\/\/i0.wp.com\/lasprimeras.com.do\/wp-content\/uploads\/2023\/11\/WhatsApp-Image-2023-11-24-at-1.48.00-PM-5.jpeg?resize=525%2C300&ssl=1 1.5x"},"classes":[]},{"id":108726,"url":"https:\/\/lasprimeras.com.do\/index.php\/2025\/09\/10\/polonia-dice-que-derribo-drones-rusos-que-violaron-su-espacio-aereo-durante-bombardeos-en-ucrania\/","url_meta":{"origin":109449,"position":3},"title":"Polonia dice que derrib\u00f3 drones rusos que violaron su espacio a\u00e9reo durante bombardeos en Ucrania","author":"Nelson Feliz","date":"10 de septiembre de 2025","format":false,"excerpt":"POR CLAUDIA CIOBANU and ILLIA NOVIKOV VARSOVIA, Polonia (AP) \u2014 Polonia dijo el mi\u00e9rcoles que varios drones rusos ingresaron a su territorio en el espacio de varias horas y fueron derribados con la ayuda de aliados de la OTAN, describiendo la incursi\u00f3n como un \u201cacto de agresi\u00f3n\u201d realizado durante una\u2026","rel":"","context":"En \u00abINTERNACIONALES\u00bb","block_context":{"text":"INTERNACIONALES","link":"https:\/\/lasprimeras.com.do\/index.php\/category\/sin-categoria\/internacionales\/"},"img":{"alt_text":"","src":"https:\/\/i0.wp.com\/lasprimeras.com.do\/wp-content\/uploads\/2025\/09\/POLONIA.jpg?resize=350%2C200&ssl=1","width":350,"height":200,"srcset":"https:\/\/i0.wp.com\/lasprimeras.com.do\/wp-content\/uploads\/2025\/09\/POLONIA.jpg?resize=350%2C200&ssl=1 1x, https:\/\/i0.wp.com\/lasprimeras.com.do\/wp-content\/uploads\/2025\/09\/POLONIA.jpg?resize=525%2C300&ssl=1 1.5x, https:\/\/i0.wp.com\/lasprimeras.com.do\/wp-content\/uploads\/2025\/09\/POLONIA.jpg?resize=700%2C400&ssl=1 2x"},"classes":[]},{"id":82613,"url":"https:\/\/lasprimeras.com.do\/index.php\/2024\/05\/06\/ucrania-celebra-su-tercera-semana-santa-en-guerra-mientras-es-atacada-por-drones-y-tropas-rusas\/","url_meta":{"origin":109449,"position":4},"title":"Ucrania celebra su tercera Semana Santa en guerra mientras es atacada por drones y tropas rusas","author":"Esteffany Vargas","date":"6 de mayo de 2024","format":false,"excerpt":"POR SUSIE BLANN Y ELISE MORTON KIEV, Ucrania (AP) \u2014 Mientras Ucrania celebraba su tercera Semana Santa en guerra, Rusia lanz\u00f3 el domingo una andanada de drones concentrados en el este de Ucrania, hiriendo a m\u00e1s de una docena de personas, y afirm\u00f3 que sus tropas tomaron el control de\u2026","rel":"","context":"En \u00abSin categor\u00eda\u00bb","block_context":{"text":"Sin categor\u00eda","link":"https:\/\/lasprimeras.com.do\/index.php\/category\/sin-categoria\/"},"img":{"alt_text":"","src":"https:\/\/i0.wp.com\/lasprimeras.com.do\/wp-content\/uploads\/2024\/05\/guerra.jpg?resize=350%2C200&ssl=1","width":350,"height":200,"srcset":"https:\/\/i0.wp.com\/lasprimeras.com.do\/wp-content\/uploads\/2024\/05\/guerra.jpg?resize=350%2C200&ssl=1 1x, https:\/\/i0.wp.com\/lasprimeras.com.do\/wp-content\/uploads\/2024\/05\/guerra.jpg?resize=525%2C300&ssl=1 1.5x, https:\/\/i0.wp.com\/lasprimeras.com.do\/wp-content\/uploads\/2024\/05\/guerra.jpg?resize=700%2C400&ssl=1 2x"},"classes":[]},{"id":95229,"url":"https:\/\/lasprimeras.com.do\/index.php\/2025\/03\/11\/ucrania-y-eeuu-inician-dialogo-para-poner-fin-a-la-guerra-mientras-kiev-ataca-rusia-con-drones\/","url_meta":{"origin":109449,"position":5},"title":"Ucrania y EEUU inician di\u00e1logo para poner fin a la guerra, mientras Kiev ataca Rusia con drones","author":"Nelson Feliz","date":"11 de marzo de 2025","format":false,"excerpt":"POR MATTHEW LEE YEDA, Arabia Saud\u00ed (AP) \u2014 Las conversaciones de alto nivel entre delegaciones de Ucrania y Estados Unidos sobre c\u00f3mo poner fin a la guerra que enfrenta a Kiev y Mosc\u00fa desde hace tres a\u00f1os comenzaron en Arabia Saud\u00ed el martes, horas despu\u00e9s de que las defensas antia\u00e9reas\u2026","rel":"","context":"En \u00abINTERNACIONALES\u00bb","block_context":{"text":"INTERNACIONALES","link":"https:\/\/lasprimeras.com.do\/index.php\/category\/sin-categoria\/internacionales\/"},"img":{"alt_text":"","src":"https:\/\/i0.wp.com\/lasprimeras.com.do\/wp-content\/uploads\/2025\/03\/guerra.png?resize=350%2C200&ssl=1","width":350,"height":200,"srcset":"https:\/\/i0.wp.com\/lasprimeras.com.do\/wp-content\/uploads\/2025\/03\/guerra.png?resize=350%2C200&ssl=1 1x, https:\/\/i0.wp.com\/lasprimeras.com.do\/wp-content\/uploads\/2025\/03\/guerra.png?resize=525%2C300&ssl=1 1.5x, https:\/\/i0.wp.com\/lasprimeras.com.do\/wp-content\/uploads\/2025\/03\/guerra.png?resize=700%2C400&ssl=1 2x"},"classes":[]}],"jetpack_sharing_enabled":true,"_links":{"self":[{"href":"https:\/\/lasprimeras.com.do\/index.php\/wp-json\/wp\/v2\/posts\/109449","targetHints":{"allow":["GET"]}}],"collection":[{"href":"https:\/\/lasprimeras.com.do\/index.php\/wp-json\/wp\/v2\/posts"}],"about":[{"href":"https:\/\/lasprimeras.com.do\/index.php\/wp-json\/wp\/v2\/types\/post"}],"author":[{"embeddable":true,"href":"https:\/\/lasprimeras.com.do\/index.php\/wp-json\/wp\/v2\/users\/10"}],"replies":[{"embeddable":true,"href":"https:\/\/lasprimeras.com.do\/index.php\/wp-json\/wp\/v2\/comments?post=109449"}],"version-history":[{"count":1,"href":"https:\/\/lasprimeras.com.do\/index.php\/wp-json\/wp\/v2\/posts\/109449\/revisions"}],"predecessor-version":[{"id":109451,"href":"https:\/\/lasprimeras.com.do\/index.php\/wp-json\/wp\/v2\/posts\/109449\/revisions\/109451"}],"wp:featuredmedia":[{"embeddable":true,"href":"https:\/\/lasprimeras.com.do\/index.php\/wp-json\/wp\/v2\/media\/109450"}],"wp:attachment":[{"href":"https:\/\/lasprimeras.com.do\/index.php\/wp-json\/wp\/v2\/media?parent=109449"}],"wp:term":[{"taxonomy":"category","embeddable":true,"href":"https:\/\/lasprimeras.com.do\/index.php\/wp-json\/wp\/v2\/categories?post=109449"},{"taxonomy":"post_tag","embeddable":true,"href":"https:\/\/lasprimeras.com.do\/index.php\/wp-json\/wp\/v2\/tags?post=109449"}],"curies":[{"name":"wp","href":"https:\/\/api.w.org\/{rel}","templated":true}]}}