{"id":109452,"date":"2025-09-18T09:36:44","date_gmt":"2025-09-18T13:36:44","guid":{"rendered":"https:\/\/lasprimeras.com.do\/?p=109452"},"modified":"2025-09-18T09:36:46","modified_gmt":"2025-09-18T13:36:46","slug":"reino-unido-hace-arrestos-por-espionaje-y-lituania-investiga-fuegos-provocados-asociados-a-rusia","status":"publish","type":"post","link":"https:\/\/lasprimeras.com.do\/index.php\/2025\/09\/18\/reino-unido-hace-arrestos-por-espionaje-y-lituania-investiga-fuegos-provocados-asociados-a-rusia\/","title":{"rendered":"Reino Unido hace arrestos por espionaje y Lituania investiga fuegos provocados asociados a Rusia"},"content":{"rendered":"\n<p>VILNA, Lituania (AP) \u2014 Autoridades brit\u00e1nicas, lituanas y letonas detuvieron a personas sospechosas de llevar a cabo actividades relacionadas con la inteligencia en nombre de Rusia, en el \u00faltimo de una serie de incidentes que los funcionarios occidentales han vinculado a Mosc\u00fa.<\/p>\n\n\n\n<p>La Polic\u00eda Metropolitana dijo el jueves que hab\u00eda detenido a tres personas al este de Londres como sospechosos de espionaje para Rusia. La fiscal\u00eda lituana dijo el mi\u00e9rcoles que hab\u00eda descubierto y desarticulado una red de sospechosos vinculada a Rusia que supuestamente plane\u00f3 y organiz\u00f3 ataques incendiarios en varios pa\u00edses europeos.<\/p>\n\n\n\n<p>Mientras tanto, el servicio de seguridad de Letonia dijo que detuvo a un hombre sospechoso de pasar informaci\u00f3n sobre el ej\u00e9rcito a Rusia.<\/p>\n\n\n\n<p>La polic\u00eda brit\u00e1nica anunci\u00f3 la detenci\u00f3n de dos hombres, de 41 y 46 a\u00f1os, y a una mujer de 35 a\u00f1os en el condado de Essex. Registraron dos direcciones y luego liberaron a los sospechosos bajo fianza.<\/p>\n\n\n\n<p>La oficina del fiscal general de Lituania dijo que los sospechosos en un caso separado est\u00e1n acusados de enviar paquetes que conten\u00edan dispositivos explosivos caseros a otros pa\u00edses de la Uni\u00f3n Europea y Reino Unido a trav\u00e9s de servicios de mensajer\u00eda, a instancias de los servicios de inteligencia militar de Rusia.<\/p>\n\n\n\n<p>Los dispositivos incendiarios altamente inflamables con detonadores temporizados estaban ocultos dentro de cojines de masaje vibratorios y envases de cosm\u00e9ticos.<\/p>\n\n\n\n<p>Funcionarios de seguridad europeos han advertido previamente que una campa\u00f1a de sabotaje generalizada atribuida a Rusia se est\u00e1 volviendo m\u00e1s peligrosa.<\/p>\n\n\n\n<p>El presunto espionaje y los complots para usar explosivos est\u00e1n entre unos 80 incidentes vinculados a Rusia que The Associated Press ha documentado desde la invasi\u00f3n de Ucrania por Mosc\u00fa en febrero de 2022.<\/p>\n\n\n\n<p>Incluyen al menos 18 incidentes de espionaje y 18 casos de incendio provocado o sabotaje grave, incluidos ataques a restaurantes, almacenes y centros comerciales, as\u00ed como un complot para asesinar al director general de una empresa alemana de armamento.<\/p>\n\n\n\n<p>Las autoridades lituanas dijeron que un total de 15 personas \u2014ciudadanos de Rusia, Lituania, Letonia, Estonia y Ucrania\u2014 son sospechosas de organizar y llevar a cabo los presuntos ataques incendiarios.<\/p>\n\n\n\n<p>Su comunicado dijo que se ha emitido una orden de arresto internacional para tres personas, pero no aclar\u00f3 si ya hab\u00eda detenidos ni cu\u00e1ntas personas hab\u00edan sido arrestadas.<\/p>\n\n\n\n<p>La investigaci\u00f3n encontr\u00f3 que los paquetes conten\u00edan termita, una sustancia muy explosiva utilizada para fines industriales y militares.<\/p>\n\n\n\n<p>Los fiscales dicen que los paquetes fueron enviados por un ciudadano lituano el 19 de julio de 2024. Dos env\u00edos fueron enviados desde Vilna a Reino Unido por aviones de carga de DHL, y los otros dos fueron enviados a Polonia por camiones de DPD.<\/p>\n\n\n\n<p>Uno de ellos se incendi\u00f3 en el centro log\u00edstico de DHL en Leipzig el 20 de julio, justo antes de ser cargado en un avi\u00f3n de carga de DHL hacia el Reino Unido. Otro env\u00edo a Reino Unido se incendi\u00f3 en las primeras horas del 22 de julio en un almac\u00e9n de DHL en la ciudad de Birmingham.<\/p>\n\n\n\n<p>En Polonia, un paquete provoc\u00f3 un fuego en un cami\u00f3n de carga de DPD el 21 de julio, mientras que otro env\u00edo de DPD no se activ\u00f3 debido a un fallo t\u00e9cnico, lo que impidi\u00f3 que el dispositivo explosivo detonara.<\/p>\n\n\n\n<p>La oficina del fiscal general de Lituania dijo que dos de las personas detenidas tambi\u00e9n estuvieron involucradas en un ataque incendiario a una tienda IKEA en la capital, Vilna, el 9 de mayo de 2024.<\/p>\n\n\n\n<p>Dijo que uno de los hombres es un ciudadano ucraniano que tambi\u00e9n usa la identidad de un ciudadano ruso, mientras que el otro es un ciudadano lituano-ruso.<\/p>\n\n\n\n<p>Durante la investigaci\u00f3n se llevaron a cabo m\u00e1s de 30 registros en Lituania, Polonia, Letonia y Estonia, durante los cuales se encontraron m\u00e1s dispositivos incendiarios. Las autoridades sospechan que los dispositivos podr\u00edan haber sido utilizados para planear y llevar a cabo m\u00e1s ataques.<\/p>\n\n\n\n<p>Las autoridades lituanas dijeron que debido a los actos \u201cextremadamente peligrosos\u201d se cre\u00f3 un equipo conjunto de investigaci\u00f3n con la cooperaci\u00f3n de agentes de seguridad y de inteligencia de nueve pa\u00edses, incluidos Estados Unidos y Canad\u00e1.<\/p>\n\n\n\n<p>Tambi\u00e9n el mi\u00e9rcoles, el Servicio de Seguridad del Estado de Letonia dijo que hab\u00eda detenido a un hombre bajo sospecha de recopilar informaci\u00f3n sobre sitios militares letones y pasar la informaci\u00f3n a los servicios de inteligencia de Rusia.<\/p>\n\n\n\n<p>En un comunicado, dijo que el hombre proporcion\u00f3 a la inteligencia rusa informaci\u00f3n sobre las tropas de la OTAN basadas en el pa\u00eds, ejercicios de entrenamiento y la construcci\u00f3n de \u201cnuevos objetos militares\u201d.<\/p>\n","protected":false},"excerpt":{"rendered":"<p>VILNA, Lituania (AP) \u2014 Autoridades brit\u00e1nicas, lituanas y letonas detuvieron a personas sospechosas de llevar a cabo actividades relacionadas con la inteligencia en nombre de Rusia, en el \u00faltimo de&hellip;<\/p>\n","protected":false},"author":10,"featured_media":109453,"comment_status":"open","ping_status":"open","sticky":false,"template":"","format":"standard","meta":{"content-type":"","jetpack_post_was_ever_published":false,"_jetpack_newsletter_access":"","_jetpack_dont_email_post_to_subs":false,"_jetpack_newsletter_tier_id":0,"_jetpack_memberships_contains_paywalled_content":false,"_jetpack_memberships_contains_paid_content":false,"footnotes":""},"categories":[16289],"tags":[17008,12239,10333,4297,3809,21272,6783,1106,1119],"class_list":["post-109452","post","type-post","status-publish","format-standard","has-post-thumbnail","hentry","category-internacionales","tag-arrestos","tag-asociados","tag-espionaje","tag-fuegos","tag-investiga","tag-lituania","tag-provocados","tag-reino-unido","tag-rusia"],"jetpack_featured_media_url":"https:\/\/lasprimeras.com.do\/wp-content\/uploads\/2025\/09\/DHL.jpg","jetpack-related-posts":[{"id":117212,"url":"https:\/\/lasprimeras.com.do\/index.php\/2025\/12\/09\/lituania-declara-una-emergencia-nacional-de-seguridad-por-globos-enviados-desde-bielorrusia\/","url_meta":{"origin":109452,"position":0},"title":"Lituania declara una emergencia nacional de seguridad por globos enviados desde Bielorrusia","author":"Nelson Feliz","date":"9 de diciembre de 2025","format":false,"excerpt":"POR LIUDAS DAPKUS VILNA, Lituania (AP) \u2014 El gobierno de Lituania declar\u00f3 el martes una emergencia nacional debido a los riesgos de seguridad que representan los globos meteorol\u00f3gicos provenientes de Bielorrusia, aliada de Rusia, que han violado su espacio a\u00e9reo en las \u00faltimas semanas. Las tensiones entre Lituania y Bielorrusia\u2026","rel":"","context":"En \u00abINTERNACIONALES\u00bb","block_context":{"text":"INTERNACIONALES","link":"https:\/\/lasprimeras.com.do\/index.php\/category\/sin-categoria\/internacionales\/"},"img":{"alt_text":"","src":"https:\/\/i0.wp.com\/lasprimeras.com.do\/wp-content\/uploads\/2025\/12\/globos-meteorologicos.jpg?resize=350%2C200&ssl=1","width":350,"height":200,"srcset":"https:\/\/i0.wp.com\/lasprimeras.com.do\/wp-content\/uploads\/2025\/12\/globos-meteorologicos.jpg?resize=350%2C200&ssl=1 1x, https:\/\/i0.wp.com\/lasprimeras.com.do\/wp-content\/uploads\/2025\/12\/globos-meteorologicos.jpg?resize=525%2C300&ssl=1 1.5x, https:\/\/i0.wp.com\/lasprimeras.com.do\/wp-content\/uploads\/2025\/12\/globos-meteorologicos.jpg?resize=700%2C400&ssl=1 2x"},"classes":[]},{"id":108832,"url":"https:\/\/lasprimeras.com.do\/index.php\/2025\/09\/11\/bielorrusia-libera-a-52-presos-afirma-el-presidente-lituano\/","url_meta":{"origin":109452,"position":1},"title":"Bielorrusia libera a 52 presos, afirma el presidente lituano","author":"Nelson Feliz","date":"11 de septiembre de 2025","format":false,"excerpt":"VILNA, Lituania (AP) \u2014 Bielorrusia liber\u00f3 a 52 prisioneros y estos cruzaron a Lituania, dijo el jueves el presidente lituano. Cuando se hizo p\u00fablico el comunicado, los medios estatales bielorrusos publicaron un v\u00eddeo de un enviado estadounidense anunciando que Washington hab\u00eda levantado las sanciones a la aerol\u00ednea nacional de Bielorrusia,\u2026","rel":"","context":"En \u00abINTERNACIONALES\u00bb","block_context":{"text":"INTERNACIONALES","link":"https:\/\/lasprimeras.com.do\/index.php\/category\/sin-categoria\/internacionales\/"},"img":{"alt_text":"","src":"https:\/\/i0.wp.com\/lasprimeras.com.do\/wp-content\/uploads\/2025\/09\/Alexander-Lukashenko.jpg?resize=350%2C200&ssl=1","width":350,"height":200,"srcset":"https:\/\/i0.wp.com\/lasprimeras.com.do\/wp-content\/uploads\/2025\/09\/Alexander-Lukashenko.jpg?resize=350%2C200&ssl=1 1x, https:\/\/i0.wp.com\/lasprimeras.com.do\/wp-content\/uploads\/2025\/09\/Alexander-Lukashenko.jpg?resize=525%2C300&ssl=1 1.5x, https:\/\/i0.wp.com\/lasprimeras.com.do\/wp-content\/uploads\/2025\/09\/Alexander-Lukashenko.jpg?resize=700%2C400&ssl=1 2x"},"classes":[]},{"id":109620,"url":"https:\/\/lasprimeras.com.do\/index.php\/2025\/09\/19\/jefe-de-espionaje-britanico-dice-que-no-ve-pruebas-de-que-putin-quiera-negociar-la-paz-en-ucrania\/","url_meta":{"origin":109452,"position":2},"title":"Jefe de espionaje brit\u00e1nico dice que no ve pruebas de que Putin quiera negociar la paz en Ucrania","author":"Nelson Feliz","date":"19 de septiembre de 2025","format":false,"excerpt":"ESTAMBUL (AP) \u2014 No hay \u201cabsolutamente ninguna evidencia\u201d de que el presidente de Rusia, Vlad\u00edmir Putin, quiera negociar la paz en Ucrania, afirm\u00f3 el jefe de la agencia de inteligencia exterior de Reino Unido en un discurso de despedida el viernes. Sir Richard Moore, jefe del Servicio de Inteligencia Secreta,\u2026","rel":"","context":"En \u00abINTERNACIONALES\u00bb","block_context":{"text":"INTERNACIONALES","link":"https:\/\/lasprimeras.com.do\/index.php\/category\/sin-categoria\/internacionales\/"},"img":{"alt_text":"","src":"https:\/\/i0.wp.com\/lasprimeras.com.do\/wp-content\/uploads\/2025\/09\/Vladimir-Putin.jpg?resize=350%2C200&ssl=1","width":350,"height":200,"srcset":"https:\/\/i0.wp.com\/lasprimeras.com.do\/wp-content\/uploads\/2025\/09\/Vladimir-Putin.jpg?resize=350%2C200&ssl=1 1x, https:\/\/i0.wp.com\/lasprimeras.com.do\/wp-content\/uploads\/2025\/09\/Vladimir-Putin.jpg?resize=525%2C300&ssl=1 1.5x, https:\/\/i0.wp.com\/lasprimeras.com.do\/wp-content\/uploads\/2025\/09\/Vladimir-Putin.jpg?resize=700%2C400&ssl=1 2x"},"classes":[]},{"id":65022,"url":"https:\/\/lasprimeras.com.do\/index.php\/2023\/10\/25\/rusia-maniobra-con-cautela-sobre-la-guerra-entre-israel-y-hamas\/","url_meta":{"origin":109452,"position":3},"title":"Rusia maniobra con cautela sobre la guerra entre Israel y Hamas","author":"Nelson Feliz","date":"25 de octubre de 2023","format":false,"excerpt":"POR LA PRENSA ASOCIADA Rusia ha emitido cr\u00edticas cuidadosamente calibradas a ambos bandos en la guerra entre Israel y Ham\u00e1s. Pero el conflicto tambi\u00e9n est\u00e1 brindando a Mosc\u00fa nuevas y audaces oportunidades: avanzar en su papel como intermediario de poder global y desafiar los esfuerzos occidentales por aislarlo en Ucrania.\u2026","rel":"","context":"En \u00abSin categor\u00eda\u00bb","block_context":{"text":"Sin categor\u00eda","link":"https:\/\/lasprimeras.com.do\/index.php\/category\/sin-categoria\/"},"img":{"alt_text":"Vladimir Putin","src":"https:\/\/i0.wp.com\/lasprimeras.com.do\/wp-content\/uploads\/2023\/10\/Vladimir-Putin.jpg?resize=350%2C200&ssl=1","width":350,"height":200,"srcset":"https:\/\/i0.wp.com\/lasprimeras.com.do\/wp-content\/uploads\/2023\/10\/Vladimir-Putin.jpg?resize=350%2C200&ssl=1 1x, https:\/\/i0.wp.com\/lasprimeras.com.do\/wp-content\/uploads\/2023\/10\/Vladimir-Putin.jpg?resize=525%2C300&ssl=1 1.5x, https:\/\/i0.wp.com\/lasprimeras.com.do\/wp-content\/uploads\/2023\/10\/Vladimir-Putin.jpg?resize=700%2C400&ssl=1 2x"},"classes":[]},{"id":98572,"url":"https:\/\/lasprimeras.com.do\/index.php\/2025\/05\/09\/dinamarca-dice-que-no-se-puede-espiar-a-un-aliado-tras-reporte-de-espionaje-de-eeuu-en-groenlandia\/","url_meta":{"origin":109452,"position":4},"title":"Dinamarca dice que \u201cno se puede espiar a un aliado\u201d tras reporte de espionaje de EEUU en Groenlandia","author":"Nelson Feliz","date":"9 de mayo de 2025","format":false,"excerpt":"POR EMMA BURROWS OSLO, Noruega (AP) \u2014 La primera ministra danesa, Mette Frederiksen, dijo a la Associated Press que \u201cno se puede espiar contra un aliado\u201d tras los reportes de que Estados Unidos ha intensificado la recopilaci\u00f3n de inteligencia sobre Groenlandia, un territorio dan\u00e9s semiaut\u00f3nomo codiciado por el presidente estadounidense,\u2026","rel":"","context":"En \u00abINTERNACIONALES\u00bb","block_context":{"text":"INTERNACIONALES","link":"https:\/\/lasprimeras.com.do\/index.php\/category\/sin-categoria\/internacionales\/"},"img":{"alt_text":"Mette Frederiksen","src":"https:\/\/i0.wp.com\/lasprimeras.com.do\/wp-content\/uploads\/2025\/05\/Mette-Frederiksen.jpg?resize=350%2C200&ssl=1","width":350,"height":200,"srcset":"https:\/\/i0.wp.com\/lasprimeras.com.do\/wp-content\/uploads\/2025\/05\/Mette-Frederiksen.jpg?resize=350%2C200&ssl=1 1x, https:\/\/i0.wp.com\/lasprimeras.com.do\/wp-content\/uploads\/2025\/05\/Mette-Frederiksen.jpg?resize=525%2C300&ssl=1 1.5x, https:\/\/i0.wp.com\/lasprimeras.com.do\/wp-content\/uploads\/2025\/05\/Mette-Frederiksen.jpg?resize=700%2C400&ssl=1 2x"},"classes":[]},{"id":117736,"url":"https:\/\/lasprimeras.com.do\/index.php\/2025\/12\/15\/el-jefe-del-mi6-dice-que-el-reino-unido-enfrenta-una-amenaza-por-el-deseo-de-rusia-de-exportar-caos\/","url_meta":{"origin":109452,"position":5},"title":"El jefe del MI6 dice que el Reino Unido enfrenta una amenaza por el deseo de Rusia de exportar caos","author":"Nelson Feliz","date":"15 de diciembre de 2025","format":false,"excerpt":"POR JILL LAWLESS LONDRES (AP) \u2014 La nueva jefa de la agencia de espionaje MI6 advertir\u00e1 el lunes sobre c\u00f3mo la determinaci\u00f3n del presidente ruso, Vlad\u00edmir Putin, de exportar caos a todo el mundo est\u00e1 reescribiendo las reglas del conflicto y creando nuevos desaf\u00edos de seguridad. Blaise Metreweli utilizar\u00e1 su\u2026","rel":"","context":"En \u00abINTERNACIONALES\u00bb","block_context":{"text":"INTERNACIONALES","link":"https:\/\/lasprimeras.com.do\/index.php\/category\/sin-categoria\/internacionales\/"},"img":{"alt_text":"El jefe del MI6","src":"https:\/\/i0.wp.com\/lasprimeras.com.do\/wp-content\/uploads\/2025\/12\/El-jefe-del-MI6.jpg?resize=350%2C200&ssl=1","width":350,"height":200,"srcset":"https:\/\/i0.wp.com\/lasprimeras.com.do\/wp-content\/uploads\/2025\/12\/El-jefe-del-MI6.jpg?resize=350%2C200&ssl=1 1x, https:\/\/i0.wp.com\/lasprimeras.com.do\/wp-content\/uploads\/2025\/12\/El-jefe-del-MI6.jpg?resize=525%2C300&ssl=1 1.5x, https:\/\/i0.wp.com\/lasprimeras.com.do\/wp-content\/uploads\/2025\/12\/El-jefe-del-MI6.jpg?resize=700%2C400&ssl=1 2x"},"classes":[]}],"jetpack_sharing_enabled":true,"_links":{"self":[{"href":"https:\/\/lasprimeras.com.do\/index.php\/wp-json\/wp\/v2\/posts\/109452","targetHints":{"allow":["GET"]}}],"collection":[{"href":"https:\/\/lasprimeras.com.do\/index.php\/wp-json\/wp\/v2\/posts"}],"about":[{"href":"https:\/\/lasprimeras.com.do\/index.php\/wp-json\/wp\/v2\/types\/post"}],"author":[{"embeddable":true,"href":"https:\/\/lasprimeras.com.do\/index.php\/wp-json\/wp\/v2\/users\/10"}],"replies":[{"embeddable":true,"href":"https:\/\/lasprimeras.com.do\/index.php\/wp-json\/wp\/v2\/comments?post=109452"}],"version-history":[{"count":1,"href":"https:\/\/lasprimeras.com.do\/index.php\/wp-json\/wp\/v2\/posts\/109452\/revisions"}],"predecessor-version":[{"id":109454,"href":"https:\/\/lasprimeras.com.do\/index.php\/wp-json\/wp\/v2\/posts\/109452\/revisions\/109454"}],"wp:featuredmedia":[{"embeddable":true,"href":"https:\/\/lasprimeras.com.do\/index.php\/wp-json\/wp\/v2\/media\/109453"}],"wp:attachment":[{"href":"https:\/\/lasprimeras.com.do\/index.php\/wp-json\/wp\/v2\/media?parent=109452"}],"wp:term":[{"taxonomy":"category","embeddable":true,"href":"https:\/\/lasprimeras.com.do\/index.php\/wp-json\/wp\/v2\/categories?post=109452"},{"taxonomy":"post_tag","embeddable":true,"href":"https:\/\/lasprimeras.com.do\/index.php\/wp-json\/wp\/v2\/tags?post=109452"}],"curies":[{"name":"wp","href":"https:\/\/api.w.org\/{rel}","templated":true}]}}