{"id":109464,"date":"2025-09-18T10:03:32","date_gmt":"2025-09-18T14:03:32","guid":{"rendered":"https:\/\/lasprimeras.com.do\/?p=109464"},"modified":"2025-09-18T10:03:34","modified_gmt":"2025-09-18T14:03:34","slug":"director-de-prensa-presidencia-rd-se-reune-en-ny-con-medio-centenar-de-periodistas","status":"publish","type":"post","link":"https:\/\/lasprimeras.com.do\/index.php\/2025\/09\/18\/director-de-prensa-presidencia-rd-se-reune-en-ny-con-medio-centenar-de-periodistas\/","title":{"rendered":"Director de Prensa Presidencia RD se re\u00fane en NY con medio centenar de periodistas"},"content":{"rendered":"\n<figure class=\"wp-block-embed is-type-video is-provider-youtube wp-block-embed-youtube wp-embed-aspect-16-9 wp-has-aspect-ratio\"><div class=\"wp-block-embed__wrapper\">\n<iframe title=\"Director de Prensa Presidencia RD se reune en NY con m\u00e1s de medio centenar de periodistas\" width=\"500\" height=\"281\" src=\"https:\/\/www.youtube.com\/embed\/SjlGMj6Z-3Q?feature=oembed\" frameborder=\"0\" allow=\"accelerometer; autoplay; clipboard-write; encrypted-media; gyroscope; picture-in-picture; web-share\" referrerpolicy=\"strict-origin-when-cross-origin\" allowfullscreen><\/iframe>\n<\/div><\/figure>\n\n\n\n<p>Por Ram\u00f3n Mercedes<\/p>\n\n\n\n<p>NUEVA YORK.- El director de prensa de la Presidencia de la Rep\u00fablica Dominicana, Alberto Caminero, sostuvo un encuentro la ma\u00f1ana de mi\u00e9rcoles con m\u00e1s de 50 periodistas y comunicadores dominicanos que ejercen para diferentes medios y residen en esta ciudad.<\/p>\n\n\n\n<p>Caminero, un periodista de larga data, reconoci\u00f3 y llam\u00f3 por sus nombres al 90% de los asistentes, y destac\u00f3 la importancia de mantener una relaci\u00f3n cercana, transparente con los comunicadores, \u00abporque el objetivo es de fortalecer los v\u00ednculos y acercar la pol\u00edtica comunicacional del gobierno dominicano con la di\u00e1spora\u201d.<\/p>\n\n\n\n<p>\u00abSoy un periodista que ha vivido de lo que ustedes viven. He estado en redacciones, he sido productor y coproductor de programas. S\u00e9 lo que necesita un medio de comunicaci\u00f3n, por eso quiero que me vean como un representante de ustedes en el gobierno del presidente Luis Abinader\u00bb, precis\u00f3.<\/p>\n\n\n\n<p>Uno de los temas centrales abordados fue el apoyo a las pensiones de los periodistas. Caminero afirm\u00f3 que se trata de una lucha que siempre ha defendido como gremialista, porque \u00abno es justo que un periodista sea pensionado cuando ya no pueda caminar o su salud est\u00e1 deteriorada. Las pensiones deben garantizar dignidad despu\u00e9s de d\u00e9cadas de servicio\u201d, sostuvo.<\/p>\n\n\n\n<p>\u00abEl presidente Abinader retom\u00f3 esta pol\u00edtica y yo me comprometo a revisar los casos, tanto en RD, NY, Boston, Miami y otros lugares, donde hay colegas que han entregado su vida al oficio y merecen ese reconocimiento\u00bb, indic\u00f3.<\/p>\n\n\n\n<p>El funcionario tambi\u00e9n habl\u00f3 sobre la distribuci\u00f3n de la publicidad oficial, garantizando que ser\u00e1 transparente y equitativa: \u00abTodo aquel que tenga un programa o un medio, sea digital, de radio o de televisi\u00f3n, cumpliendo con los requisitos de ley, tendr\u00e1 nuestro respaldo\u00bb, subray\u00f3.<\/p>\n\n\n\n<p>\u00abPero quien no tenga un medio real no podr\u00e1 recibir publicidad. La distribuci\u00f3n ser\u00e1 equilibrada, objetiva y transparente, porque el presidente Abinader ha demostrado un firme compromiso con la lucha anticorrupci\u00f3n y con el apoyo democr\u00e1tico a los medios de comunicaci\u00f3n\u00bb, expres\u00f3.<\/p>\n\n\n\n<p>Caminero valor\u00f3 la intervenci\u00f3n de los periodistas, a\u00f1adiendo \u00abustedes convierten en noticias cosas que ocurren aqu\u00ed y repercuten all\u00e1. No han perdido la conexi\u00f3n con el pa\u00eds y yo voy a valorar bastante eso\u00bb proclam\u00f3.<\/p>\n\n\n\n<p>El c\u00f3nsul dominicano Jes\u00fas -Chu- V\u00e1squez tambi\u00e9n valor\u00f3 de positivo el encuentro, resaltando el esfuerzo de Caminero por acercar al gobierno con los comunicadores de la di\u00e1spora y reconociendo la importancia de mantener informada y orientada a la comunidad dominicana en el exterior.<\/p>\n\n\n\n<p>Los periodistas y comunicadores presentes coincidieron en destacar el encuentro como un ejercicio positivo, necesario y transparente, en el que se expusieron inquietudes y propuestas, valorando que se les abran espacios de di\u00e1logo directo con el gobierno dominicano y que se reconozca la importancia de su rol en la orientaci\u00f3n y fortalecimiento de la comunidad en el exterior.<\/p>\n\n\n\n<p>La reuni\u00f3n se llev\u00f3 a cabo en el local de Cultura, ubicado en la avenida Amsterdam con la calle 180, en el Alto Manhattan.<\/p>\n","protected":false},"excerpt":{"rendered":"<p>Por Ram\u00f3n Mercedes NUEVA YORK.- El director de prensa de la Presidencia de la Rep\u00fablica Dominicana, Alberto Caminero, sostuvo un encuentro la ma\u00f1ana de mi\u00e9rcoles con m\u00e1s de 50 periodistas&hellip;<\/p>\n","protected":false},"author":10,"featured_media":109465,"comment_status":"open","ping_status":"open","sticky":false,"template":"","format":"standard","meta":{"content-type":"","jetpack_post_was_ever_published":false,"_jetpack_newsletter_access":"","_jetpack_dont_email_post_to_subs":false,"_jetpack_newsletter_tier_id":0,"_jetpack_memberships_contains_paywalled_content":false,"_jetpack_memberships_contains_paid_content":false,"footnotes":""},"categories":[16289],"tags":[24797,247,15768,1595,89,24796,6210],"class_list":["post-109464","post","type-post","status-publish","format-standard","has-post-thumbnail","hentry","category-internacionales","tag-centenar","tag-director","tag-medio","tag-ny","tag-periodistas","tag-prensa-presidencia-rd","tag-se-reune"],"jetpack_featured_media_url":"https:\/\/lasprimeras.com.do\/wp-content\/uploads\/2025\/09\/WhatsApp-Image-2025-09-18-at-7.28.40-AM-1.jpeg","jetpack-related-posts":[{"id":106910,"url":"https:\/\/lasprimeras.com.do\/index.php\/2025\/08\/20\/ministro-andres-bautista-juramenta-a-alberto-caminero-como-director-de-prensa-del-presidente\/","url_meta":{"origin":109464,"position":0},"title":"Ministro Andr\u00e9s Bautista juramenta a Alberto Caminero como director de Prensa del Presidente","author":"Nelson Feliz","date":"20 de agosto de 2025","format":false,"excerpt":"El ministro administrativo de la Presidencia, Andr\u00e9s Bautista, jurament\u00f3 este mi\u00e9rcoles a Carlos Alberto Caminero S\u00e1nchez, designado por el presidente Luis Abinader mediante el Decreto 461-25, como director de la Direcci\u00f3n de Prensa del Presidente (DPP). La ceremonia se realiz\u00f3 en el despacho de la Direcci\u00f3n de Prensa del Presidente,\u2026","rel":"","context":"En \u00abNACIONALES\u00bb","block_context":{"text":"NACIONALES","link":"https:\/\/lasprimeras.com.do\/index.php\/category\/nacionales\/"},"img":{"alt_text":"","src":"https:\/\/i0.wp.com\/lasprimeras.com.do\/wp-content\/uploads\/2025\/08\/caminero-1.jpg?resize=350%2C200&ssl=1","width":350,"height":200,"srcset":"https:\/\/i0.wp.com\/lasprimeras.com.do\/wp-content\/uploads\/2025\/08\/caminero-1.jpg?resize=350%2C200&ssl=1 1x, https:\/\/i0.wp.com\/lasprimeras.com.do\/wp-content\/uploads\/2025\/08\/caminero-1.jpg?resize=525%2C300&ssl=1 1.5x, https:\/\/i0.wp.com\/lasprimeras.com.do\/wp-content\/uploads\/2025\/08\/caminero-1.jpg?resize=700%2C400&ssl=1 2x"},"classes":[]},{"id":99587,"url":"https:\/\/lasprimeras.com.do\/index.php\/2025\/05\/23\/sectores-representativos-dominicanos-nyc-lamentan-fallecimiento-periodista-miguel-cruz-tejada\/","url_meta":{"origin":109464,"position":1},"title":"Sectores representativos dominicanos NYC lamentan fallecimiento periodista Miguel Cruz Tejada","author":"Nelson Feliz","date":"23 de mayo de 2025","format":false,"excerpt":"Por Ram\u00f3n Mercedes NUEVA YORK.- Sectores representativos dominicanos en esta ciudad (pol\u00edticos, profesionales, empresarial, period\u00edsticos y comerciantes, entre otros) lamentaron el fallecimiento este jueves del reconocido periodista de la RD radicado en la Gran Manzana, Miguel Cruz Tejada. Sostienen que fue un baluarte en la defensa de los mejores intereses\u2026","rel":"","context":"En \u00abINTERNACIONALES\u00bb","block_context":{"text":"INTERNACIONALES","link":"https:\/\/lasprimeras.com.do\/index.php\/category\/sin-categoria\/internacionales\/"},"img":{"alt_text":"Miguel Cruz Tejada","src":"https:\/\/i0.wp.com\/lasprimeras.com.do\/wp-content\/uploads\/2025\/05\/Miguel-Cruz-Tejada.jpg?resize=350%2C200&ssl=1","width":350,"height":200,"srcset":"https:\/\/i0.wp.com\/lasprimeras.com.do\/wp-content\/uploads\/2025\/05\/Miguel-Cruz-Tejada.jpg?resize=350%2C200&ssl=1 1x, https:\/\/i0.wp.com\/lasprimeras.com.do\/wp-content\/uploads\/2025\/05\/Miguel-Cruz-Tejada.jpg?resize=525%2C300&ssl=1 1.5x"},"classes":[]},{"id":106778,"url":"https:\/\/lasprimeras.com.do\/index.php\/2025\/08\/19\/solicita-nombrar-periodistas-entidades-gobierno-rd-nyc-no-cuentan-con-departamento-de-prensa\/","url_meta":{"origin":109464,"position":2},"title":"Solicita nombrar periodistas entidades Gobierno RD-NYC no cuentan con departamento de prensa","author":"Nelson Feliz","date":"19 de agosto de 2025","format":false,"excerpt":"Por Ram\u00f3n Mercedes NUEVA YORK.- La candidata a la secretar\u00eda general del Colegio Dominicano de Periodistas (CDP-NY), Ibelka Ure\u00f1a, solicit\u00f3 al Gobierno Dominicano que designe a periodistas afiliados a ese gremio en sus oficinas de la Gran Manzana que no cuentan con departamento de prensa. Ure\u00f1a cita las oficinas del\u2026","rel":"","context":"En \u00abINTERNACIONALES\u00bb","block_context":{"text":"INTERNACIONALES","link":"https:\/\/lasprimeras.com.do\/index.php\/category\/sin-categoria\/internacionales\/"},"img":{"alt_text":"","src":"https:\/\/i0.wp.com\/lasprimeras.com.do\/wp-content\/uploads\/2025\/08\/WhatsApp-Image-2025-08-19-at-5.18.52-AM.jpeg?resize=350%2C200&ssl=1","width":350,"height":200},"classes":[]},{"id":117515,"url":"https:\/\/lasprimeras.com.do\/index.php\/2025\/12\/11\/gobierno-fortalece-vinculos-con-periodistas-de-santiago\/","url_meta":{"origin":109464,"position":3},"title":"Gobierno fortalece v\u00ednculos con periodistas de Santiago","author":"Nelson Feliz","date":"11 de diciembre de 2025","format":false,"excerpt":"La actividad reuni\u00f3 a las principales autoridades de la provincia de Santiago, que se integraron al compartir navide\u00f1o con periodistas y comunicadores. El director de Prensa del Presidente, Carlos Alberto Caminero, encabez\u00f3 un encuentro con periodistas y comunicadores de la provincia de Santiago, realizado en el Sal\u00f3n Juan Pablo Duarte\u2026","rel":"","context":"En \u00abNACIONALES\u00bb","block_context":{"text":"NACIONALES","link":"https:\/\/lasprimeras.com.do\/index.php\/category\/nacionales\/"},"img":{"alt_text":"","src":"https:\/\/i0.wp.com\/lasprimeras.com.do\/wp-content\/uploads\/2025\/12\/Carlos-Alberto-Caminero-1.jpg?resize=350%2C200&ssl=1","width":350,"height":200,"srcset":"https:\/\/i0.wp.com\/lasprimeras.com.do\/wp-content\/uploads\/2025\/12\/Carlos-Alberto-Caminero-1.jpg?resize=350%2C200&ssl=1 1x, https:\/\/i0.wp.com\/lasprimeras.com.do\/wp-content\/uploads\/2025\/12\/Carlos-Alberto-Caminero-1.jpg?resize=525%2C300&ssl=1 1.5x, https:\/\/i0.wp.com\/lasprimeras.com.do\/wp-content\/uploads\/2025\/12\/Carlos-Alberto-Caminero-1.jpg?resize=700%2C400&ssl=1 2x"},"classes":[]},{"id":93769,"url":"https:\/\/lasprimeras.com.do\/index.php\/2025\/02\/19\/dicta-conferencia-la-evolucion-de-la-democracia-en-rd-en-universidad-columbia-ny\/","url_meta":{"origin":109464,"position":4},"title":"Dicta conferencia \u00abLa Evoluci\u00f3n de la Democracia en RD\u00bb en Universidad Columbia-NY","author":"Nelson Feliz","date":"19 de febrero de 2025","format":false,"excerpt":"Por Ram\u00f3n Mercedes NUEVA YORK.- La Universidad de Columbia en esta ciudad fue escenario este lunes de la conferencia \u00abLa Evoluci\u00f3n de la Democracia en la Rep\u00fablica Dominicana\u00bb, dictada por el abogado, consultor y director del Observatorio Pol\u00edtico Dominicano (OPD-FUNGLODE), Nathanael Concepci\u00f3n, con la iniciativa de \u00abJuventud Hablemos\u00bb. Asistieron el\u2026","rel":"","context":"En \u00abINTERNACIONALES\u00bb","block_context":{"text":"INTERNACIONALES","link":"https:\/\/lasprimeras.com.do\/index.php\/category\/sin-categoria\/internacionales\/"},"img":{"alt_text":"","src":"https:\/\/i0.wp.com\/lasprimeras.com.do\/wp-content\/uploads\/2025\/02\/WhatsApp-Image-2025-02-19-at-4.38.52-AM.jpeg?resize=350%2C200&ssl=1","width":350,"height":200,"srcset":"https:\/\/i0.wp.com\/lasprimeras.com.do\/wp-content\/uploads\/2025\/02\/WhatsApp-Image-2025-02-19-at-4.38.52-AM.jpeg?resize=350%2C200&ssl=1 1x, https:\/\/i0.wp.com\/lasprimeras.com.do\/wp-content\/uploads\/2025\/02\/WhatsApp-Image-2025-02-19-at-4.38.52-AM.jpeg?resize=525%2C300&ssl=1 1.5x"},"classes":[]},{"id":99723,"url":"https:\/\/lasprimeras.com.do\/index.php\/2025\/05\/26\/enterate-ny-10\/","url_meta":{"origin":109464,"position":5},"title":"Ent\u00e9rate NY","author":"Nelson Feliz","date":"26 de mayo de 2025","format":false,"excerpt":"PERIODISMO INFORMATIVO Y CR\u00cdTICO AL SERVICIO DE LA COMUNIDAD Por Ram\u00f3n Mercedes \u25baFelicidades a las madres en RD: El autor de esta columna les deseas \u00absalud, bendiciones y larga vida a las madres dominicanas\u00bb. Ayer domingo fue su d\u00eda en RD. \u25baEn homenaje a Miguel Cruz Tejada: Durante el homenaje\u2026","rel":"","context":"En \u00abOPINI\u00d3N\u00bb","block_context":{"text":"OPINI\u00d3N","link":"https:\/\/lasprimeras.com.do\/index.php\/category\/opinion\/"},"img":{"alt_text":"","src":"https:\/\/i0.wp.com\/lasprimeras.com.do\/wp-content\/uploads\/2025\/03\/Ramon-Mercedes.jpeg?resize=350%2C200&ssl=1","width":350,"height":200},"classes":[]}],"jetpack_sharing_enabled":true,"_links":{"self":[{"href":"https:\/\/lasprimeras.com.do\/index.php\/wp-json\/wp\/v2\/posts\/109464","targetHints":{"allow":["GET"]}}],"collection":[{"href":"https:\/\/lasprimeras.com.do\/index.php\/wp-json\/wp\/v2\/posts"}],"about":[{"href":"https:\/\/lasprimeras.com.do\/index.php\/wp-json\/wp\/v2\/types\/post"}],"author":[{"embeddable":true,"href":"https:\/\/lasprimeras.com.do\/index.php\/wp-json\/wp\/v2\/users\/10"}],"replies":[{"embeddable":true,"href":"https:\/\/lasprimeras.com.do\/index.php\/wp-json\/wp\/v2\/comments?post=109464"}],"version-history":[{"count":1,"href":"https:\/\/lasprimeras.com.do\/index.php\/wp-json\/wp\/v2\/posts\/109464\/revisions"}],"predecessor-version":[{"id":109466,"href":"https:\/\/lasprimeras.com.do\/index.php\/wp-json\/wp\/v2\/posts\/109464\/revisions\/109466"}],"wp:featuredmedia":[{"embeddable":true,"href":"https:\/\/lasprimeras.com.do\/index.php\/wp-json\/wp\/v2\/media\/109465"}],"wp:attachment":[{"href":"https:\/\/lasprimeras.com.do\/index.php\/wp-json\/wp\/v2\/media?parent=109464"}],"wp:term":[{"taxonomy":"category","embeddable":true,"href":"https:\/\/lasprimeras.com.do\/index.php\/wp-json\/wp\/v2\/categories?post=109464"},{"taxonomy":"post_tag","embeddable":true,"href":"https:\/\/lasprimeras.com.do\/index.php\/wp-json\/wp\/v2\/tags?post=109464"}],"curies":[{"name":"wp","href":"https:\/\/api.w.org\/{rel}","templated":true}]}}