{"id":109725,"date":"2025-09-21T20:32:10","date_gmt":"2025-09-22T00:32:10","guid":{"rendered":"https:\/\/lasprimeras.com.do\/?p=109725"},"modified":"2025-09-21T20:32:12","modified_gmt":"2025-09-22T00:32:12","slug":"el-ataque-mortal-de-kiev-contra-una-zona-turistica-en-crimea-que-se-sabe","status":"publish","type":"post","link":"https:\/\/lasprimeras.com.do\/index.php\/2025\/09\/21\/el-ataque-mortal-de-kiev-contra-una-zona-turistica-en-crimea-que-se-sabe\/","title":{"rendered":"El ataque mortal de Kiev contra una zona tur\u00edstica en Crimea: qu\u00e9 se sabe"},"content":{"rendered":"\n<p><strong>El r\u00e9gimen de Kiev utiliz\u00f3 drones armados con ojivas de alto poder explosivo, matando a tres civiles e hiriendo a otros 16.<\/strong><\/p>\n\n\n\n<p>El Ministerio de Defensa de Rusia proporcion\u00f3 detalles del ataque perpetrado por drones ucranianos este domingo contra un sanatorio en Crimea, que dej\u00f3 v\u00edctimas.<\/p>\n\n\n\n<p>El organismo calific\u00f3 la acci\u00f3n de &#8220;acto terrorista deliberado contra objetivos civiles&#8221;, afirmando que el ataque de los veh\u00edculos a\u00e9reos no tripulados del r\u00e9gimen de Kiev fue perpetrado en una zona tur\u00edstica donde no hay instalaciones militares.<\/p>\n\n\n\n<p>El Ministerio precisa que los drones portaban ojivas de alto poder explosivo. Seg\u00fan informaci\u00f3n preliminar, el ataque terrorista caus\u00f3 la muerte de tres civiles y dej\u00f3 16 heridos de diversa gravedad.<\/p>\n\n\n\n<p>Previamente, el jefe de la rep\u00fablica de Crimea, Sergu\u00e9i Aksi\u00f3nov, comunic\u00f3 que, &#8220;como resultado del ataque de los drones enemigos, varios edificios del sanatorio Foros han sufrido da\u00f1os&#8221;, as\u00ed como una escuela. Tambi\u00e9n inform\u00f3 que, debido a la ca\u00edda de los restos de un dron derribado, se produjo un incendio de hierba seca cerca de la ciudad de Yalta.<\/p>\n\n\n\n<p>Agresores<\/p>\n\n\n\n<p>Comentando el ataque del r\u00e9gimen de Kiev, la portavoz del Ministerio de Relaciones Exteriores de Rusia, Mar\u00eda Zaj\u00e1rova, aconsej\u00f3 a la OTAN y la Uni\u00f3n Europea que, si quieren encontrar a un agresor en Europa, miren al espejo para verlo.<\/p>\n\n\n\n<p>&#8220;Este es otro acto terrorista del r\u00e9gimen de Kiev. La OTAN y la UE, que buscan el origen de la agresi\u00f3n en el continente europeo, deben mirarse al espejo y verlo. Son ellos quienes impulsan la desestabilizaci\u00f3n y la propagaci\u00f3n del terrorismo en Europa, patrocinando al r\u00e9gimen de Kiev y suministr\u00e1ndole armas&#8221;, manifest\u00f3 Zaj\u00e1rova.<\/p>\n\n\n\n<p>Ucrania lleva a cabo constantemente ataques selectivos contra la poblaci\u00f3n civil de las provincias fronterizas rusas. Drones y misiles del r\u00e9gimen de Kiev impactan contra veh\u00edculos civiles, viviendas, zonas de ocio, centros comerciales y otras instalaciones civiles, dejando v\u00edctimas, en ocasiones menores de edad.<\/p>\n\n\n\n<p>Fuente RT<\/p>\n","protected":false},"excerpt":{"rendered":"<p>El r\u00e9gimen de Kiev utiliz\u00f3 drones armados con ojivas de alto poder explosivo, matando a tres civiles e hiriendo a otros 16. El Ministerio de Defensa de Rusia proporcion\u00f3 detalles&hellip;<\/p>\n","protected":false},"author":10,"featured_media":109726,"comment_status":"open","ping_status":"open","sticky":false,"template":"","format":"standard","meta":{"content-type":"","jetpack_post_was_ever_published":false,"_jetpack_newsletter_access":"","_jetpack_dont_email_post_to_subs":false,"_jetpack_newsletter_tier_id":0,"_jetpack_memberships_contains_paywalled_content":false,"_jetpack_memberships_contains_paid_content":false,"footnotes":""},"categories":[16289],"tags":[24871,4881,1483,24923],"class_list":["post-109725","post","type-post","status-publish","format-standard","has-post-thumbnail","hentry","category-internacionales","tag-ataque-mortal","tag-crimea","tag-kiev","tag-zona-turistica"],"jetpack_featured_media_url":"https:\/\/lasprimeras.com.do\/wp-content\/uploads\/2025\/09\/drones-1.jpg","jetpack-related-posts":[{"id":70984,"url":"https:\/\/lasprimeras.com.do\/index.php\/2023\/12\/16\/rusia-y-ucrania-protagonizan-una-noche-de-intensos-ataques-en-kiev\/","url_meta":{"origin":109725,"position":0},"title":"Rusia y Ucrania protagonizan una noche de intensos ataques en Kiev","author":"BIMARY DE JES\u00daS Matos","date":"16 de diciembre de 2023","format":false,"excerpt":"EFE.-La administraci\u00f3n militar de la capital de Ucrania, Kiev, ha anunciado este s\u00e1bado la intercepci\u00f3n de un ataque efectuado por m\u00e1s de una treintena de aviones no tripulados de Rusia contra la ciudad, que se ha saldado de momento sin v\u00edctimas, en el marco de una intensa noche de ataques\u2026","rel":"","context":"En \u00abSin categor\u00eda\u00bb","block_context":{"text":"Sin categor\u00eda","link":"https:\/\/lasprimeras.com.do\/index.php\/category\/sin-categoria\/"},"img":{"alt_text":"","src":"https:\/\/i0.wp.com\/lasprimeras.com.do\/wp-content\/uploads\/2023\/12\/WhatsApp-Image-2023-12-16-at-9.27.39-AM.jpeg?resize=350%2C200&ssl=1","width":350,"height":200,"srcset":"https:\/\/i0.wp.com\/lasprimeras.com.do\/wp-content\/uploads\/2023\/12\/WhatsApp-Image-2023-12-16-at-9.27.39-AM.jpeg?resize=350%2C200&ssl=1 1x, https:\/\/i0.wp.com\/lasprimeras.com.do\/wp-content\/uploads\/2023\/12\/WhatsApp-Image-2023-12-16-at-9.27.39-AM.jpeg?resize=525%2C300&ssl=1 1.5x"},"classes":[]},{"id":95773,"url":"https:\/\/lasprimeras.com.do\/index.php\/2025\/03\/19\/zelenskyy-la-promesa-de-putin-de-no-atacar-la-red-energetica-de-ucrania-dista-de-la-realidad\/","url_meta":{"origin":109725,"position":1},"title":"Zelenskyy: la promesa de Putin de no atacar la red energ\u00e9tica de Ucrania \u201cdista de la realidad\u201d","author":"Nelson Feliz","date":"19 de marzo de 2025","format":false,"excerpt":"POR HANNA ARHIROVA KIEV, Ucrania (AP) \u2014 El presidente de Ucrania, Volodymyr Zelenskyy, dijo el mi\u00e9rcoles que la promesa de su hom\u00f3logo ruso, Vlad\u00edmir Putin, de no atacar la infraestructura energ\u00e9tica \u201cdista mucho de la realidad\u201d tras una serie de ataques nocturnos con drones en todo el pa\u00eds. Zelenskyy dijo\u2026","rel":"","context":"En \u00abINTERNACIONALES\u00bb","block_context":{"text":"INTERNACIONALES","link":"https:\/\/lasprimeras.com.do\/index.php\/category\/sin-categoria\/internacionales\/"},"img":{"alt_text":"","src":"https:\/\/i0.wp.com\/lasprimeras.com.do\/wp-content\/uploads\/2025\/03\/Volodymyr-Zelenskyy.jpg?resize=350%2C200&ssl=1","width":350,"height":200,"srcset":"https:\/\/i0.wp.com\/lasprimeras.com.do\/wp-content\/uploads\/2025\/03\/Volodymyr-Zelenskyy.jpg?resize=350%2C200&ssl=1 1x, https:\/\/i0.wp.com\/lasprimeras.com.do\/wp-content\/uploads\/2025\/03\/Volodymyr-Zelenskyy.jpg?resize=525%2C300&ssl=1 1.5x, https:\/\/i0.wp.com\/lasprimeras.com.do\/wp-content\/uploads\/2025\/03\/Volodymyr-Zelenskyy.jpg?resize=700%2C400&ssl=1 2x"},"classes":[]},{"id":118798,"url":"https:\/\/lasprimeras.com.do\/index.php\/2026\/01\/03\/20-kilos-de-tnt-revelan-detalles-del-sangriento-ataque-terrorista-de-kiev-contra-civiles\/","url_meta":{"origin":109725,"position":2},"title":"20 kilos de TNT: revelan detalles del sangriento ataque terrorista de Kiev contra civiles","author":"Nelson Feliz","date":"3 de enero de 2026","format":false,"excerpt":"\"Lanzaron un ataque tan sofisticado y fascista justo antes del A\u00f1o Nuevo\", observ\u00f3 el gobernador de la provincia rusa de Jers\u00f3n. El gobernador de la provincia rusa de Jers\u00f3n, Vlad\u00edmir Saldo, inform\u00f3 que Ucrania lanz\u00f3 tres drones durante el ataque perpetrado la noche del A\u00f1o Nuevo contra civiles en la\u2026","rel":"","context":"En \u00abINTERNACIONALES\u00bb","block_context":{"text":"INTERNACIONALES","link":"https:\/\/lasprimeras.com.do\/index.php\/category\/sin-categoria\/internacionales\/"},"img":{"alt_text":"","src":"https:\/\/i0.wp.com\/lasprimeras.com.do\/wp-content\/uploads\/2026\/01\/ataques.jpg?resize=350%2C200&ssl=1","width":350,"height":200,"srcset":"https:\/\/i0.wp.com\/lasprimeras.com.do\/wp-content\/uploads\/2026\/01\/ataques.jpg?resize=350%2C200&ssl=1 1x, https:\/\/i0.wp.com\/lasprimeras.com.do\/wp-content\/uploads\/2026\/01\/ataques.jpg?resize=525%2C300&ssl=1 1.5x, https:\/\/i0.wp.com\/lasprimeras.com.do\/wp-content\/uploads\/2026\/01\/ataques.jpg?resize=700%2C400&ssl=1 2x"},"classes":[]},{"id":101822,"url":"https:\/\/lasprimeras.com.do\/index.php\/2025\/06\/27\/rusia-y-ucrania-intercambian-mas-ataques-con-drones-de-largo-alcance-sello-distintivo-de-su-guerra\/","url_meta":{"origin":109725,"position":3},"title":"Rusia y Ucrania intercambian m\u00e1s ataques con drones de largo alcance, sello distintivo de su guerra","author":"Nelson Feliz","date":"27 de junio de 2025","format":false,"excerpt":"POR ILLIA NOVIKOV KIEV, Ucrania (AP) \u2014 Las fuerzas de Rusia lanzaron 363 drones Shahed y se\u00f1uelos, adem\u00e1s de ocho misiles, contra Ucrania durante la noche, inform\u00f3 el viernes la fuerza a\u00e9rea ucraniana, que dijo que sus defensas antia\u00e9reas detuvieron todos menos cuatro de los aviones no tripulados y derribaron\u2026","rel":"","context":"En \u00abINTERNACIONALES\u00bb","block_context":{"text":"INTERNACIONALES","link":"https:\/\/lasprimeras.com.do\/index.php\/category\/sin-categoria\/internacionales\/"},"img":{"alt_text":"","src":"https:\/\/i0.wp.com\/lasprimeras.com.do\/wp-content\/uploads\/2025\/06\/drones.jpg?resize=350%2C200&ssl=1","width":350,"height":200,"srcset":"https:\/\/i0.wp.com\/lasprimeras.com.do\/wp-content\/uploads\/2025\/06\/drones.jpg?resize=350%2C200&ssl=1 1x, https:\/\/i0.wp.com\/lasprimeras.com.do\/wp-content\/uploads\/2025\/06\/drones.jpg?resize=525%2C300&ssl=1 1.5x, https:\/\/i0.wp.com\/lasprimeras.com.do\/wp-content\/uploads\/2025\/06\/drones.jpg?resize=700%2C400&ssl=1 2x"},"classes":[]},{"id":92172,"url":"https:\/\/lasprimeras.com.do\/index.php\/2024\/12\/31\/un-ataque-ruso-con-misiles-y-drones-golpea-varias-poblaciones-en-ucrania-incluida-kiev\/","url_meta":{"origin":109725,"position":4},"title":"Un ataque ruso con misiles y drones golpea varias poblaciones en Ucrania, incluida Kiev","author":"Nelson Feliz","date":"31 de diciembre de 2024","format":false,"excerpt":"By ILLIA NOVIKOV KIEV, Ucrania (AP) \u2014 Rusia lanz\u00f3 el martes un ataque a\u00e9reo contra Ucrania que golpe\u00f3 la capital y otras regiones con m\u00faltiples misiles y drones. La fuerza a\u00e9rea de Ucrania inform\u00f3 de una amenaza de misil bal\u00edstico a las 3:00 de la madrugada, y se escucharon al\u2026","rel":"","context":"En \u00abINTERNACIONALES\u00bb","block_context":{"text":"INTERNACIONALES","link":"https:\/\/lasprimeras.com.do\/index.php\/category\/sin-categoria\/internacionales\/"},"img":{"alt_text":"","src":"https:\/\/i0.wp.com\/lasprimeras.com.do\/wp-content\/uploads\/2024\/12\/ataque.jpg?resize=350%2C200&ssl=1","width":350,"height":200,"srcset":"https:\/\/i0.wp.com\/lasprimeras.com.do\/wp-content\/uploads\/2024\/12\/ataque.jpg?resize=350%2C200&ssl=1 1x, https:\/\/i0.wp.com\/lasprimeras.com.do\/wp-content\/uploads\/2024\/12\/ataque.jpg?resize=525%2C300&ssl=1 1.5x, https:\/\/i0.wp.com\/lasprimeras.com.do\/wp-content\/uploads\/2024\/12\/ataque.jpg?resize=700%2C400&ssl=1 2x"},"classes":[]},{"id":68525,"url":"https:\/\/lasprimeras.com.do\/index.php\/2023\/11\/25\/ucrania-denuncia-ataque-ruso-con-drones-mayoria-contra-kiev\/","url_meta":{"origin":109725,"position":5},"title":"Ucrania denuncia ataque ruso con drones, mayor\u00eda contra Kiev","author":"BIMARY DE JES\u00daS Matos","date":"25 de noviembre de 2023","format":false,"excerpt":"Ucrania.-Las autoridades de Ucrania han denunciado este s\u00e1bado que las Fuerzas Armadas de Rusia han llevado a cabo un ataque masivo con m\u00e1s de 70 drones contra varios puntos del pa\u00eds, especialmente contra la capital, Kiev. Seg\u00fan ha detallado el departamento de prensa de la Fuerza A\u00e9rea ucraniana, Rusia ha\u2026","rel":"","context":"En \u00abSin categor\u00eda\u00bb","block_context":{"text":"Sin categor\u00eda","link":"https:\/\/lasprimeras.com.do\/index.php\/category\/sin-categoria\/"},"img":{"alt_text":"","src":"https:\/\/i0.wp.com\/lasprimeras.com.do\/wp-content\/uploads\/2023\/11\/WhatsApp-Image-2023-11-24-at-1.48.00-PM-5.jpeg?resize=350%2C200&ssl=1","width":350,"height":200,"srcset":"https:\/\/i0.wp.com\/lasprimeras.com.do\/wp-content\/uploads\/2023\/11\/WhatsApp-Image-2023-11-24-at-1.48.00-PM-5.jpeg?resize=350%2C200&ssl=1 1x, https:\/\/i0.wp.com\/lasprimeras.com.do\/wp-content\/uploads\/2023\/11\/WhatsApp-Image-2023-11-24-at-1.48.00-PM-5.jpeg?resize=525%2C300&ssl=1 1.5x"},"classes":[]}],"jetpack_sharing_enabled":true,"_links":{"self":[{"href":"https:\/\/lasprimeras.com.do\/index.php\/wp-json\/wp\/v2\/posts\/109725","targetHints":{"allow":["GET"]}}],"collection":[{"href":"https:\/\/lasprimeras.com.do\/index.php\/wp-json\/wp\/v2\/posts"}],"about":[{"href":"https:\/\/lasprimeras.com.do\/index.php\/wp-json\/wp\/v2\/types\/post"}],"author":[{"embeddable":true,"href":"https:\/\/lasprimeras.com.do\/index.php\/wp-json\/wp\/v2\/users\/10"}],"replies":[{"embeddable":true,"href":"https:\/\/lasprimeras.com.do\/index.php\/wp-json\/wp\/v2\/comments?post=109725"}],"version-history":[{"count":1,"href":"https:\/\/lasprimeras.com.do\/index.php\/wp-json\/wp\/v2\/posts\/109725\/revisions"}],"predecessor-version":[{"id":109727,"href":"https:\/\/lasprimeras.com.do\/index.php\/wp-json\/wp\/v2\/posts\/109725\/revisions\/109727"}],"wp:featuredmedia":[{"embeddable":true,"href":"https:\/\/lasprimeras.com.do\/index.php\/wp-json\/wp\/v2\/media\/109726"}],"wp:attachment":[{"href":"https:\/\/lasprimeras.com.do\/index.php\/wp-json\/wp\/v2\/media?parent=109725"}],"wp:term":[{"taxonomy":"category","embeddable":true,"href":"https:\/\/lasprimeras.com.do\/index.php\/wp-json\/wp\/v2\/categories?post=109725"},{"taxonomy":"post_tag","embeddable":true,"href":"https:\/\/lasprimeras.com.do\/index.php\/wp-json\/wp\/v2\/tags?post=109725"}],"curies":[{"name":"wp","href":"https:\/\/api.w.org\/{rel}","templated":true}]}}