{"id":109826,"date":"2025-09-22T19:08:08","date_gmt":"2025-09-22T23:08:08","guid":{"rendered":"https:\/\/lasprimeras.com.do\/?p=109826"},"modified":"2025-09-22T19:08:10","modified_gmt":"2025-09-22T23:08:10","slug":"dgcp-cancela-y-suspende-47-registros-de-proveedores-condenados-por-corrupcion","status":"publish","type":"post","link":"https:\/\/lasprimeras.com.do\/index.php\/2025\/09\/22\/dgcp-cancela-y-suspende-47-registros-de-proveedores-condenados-por-corrupcion\/","title":{"rendered":"DGCP cancela y suspende 47 registros de proveedores condenados por corrupci\u00f3n"},"content":{"rendered":"\n<p>La Direcci\u00f3n General de Contrataciones P\u00fablicas (DGCP), en cumplimiento de sus atribuciones legales, emiti\u00f3 este lunes la Resoluci\u00f3n n\u00fam. DGCP-44-2025-003701 mediante la cual dispone la cancelaci\u00f3n y suspensi\u00f3n de oficio del Registro de Proveedores del Estado (RPE) de 47 personas f\u00edsicas y jur\u00eddicas condenadas o procesadas por delitos cometidos contra la Administraci\u00f3n P\u00fablica.<\/p>\n\n\n\n<p>El director general de Contrataciones P\u00fablicas, Carlos Pimentel Florenz\u00e1n, explic\u00f3 que esta decisi\u00f3n se fundamenta en las informaciones suministradas por la Procuradur\u00eda General de la Rep\u00fablica y en lo dispuesto por la Ley n\u00fam. 340-06 sobre Compras y Contrataciones P\u00fablicas y su Reglamento de aplicaci\u00f3n, as\u00ed como en la Ley n\u00fam. 107-13 sobre los Derechos de las Personas en sus Relaciones con la Administraci\u00f3n y de Procedimiento Administrativo.<\/p>\n\n\n\n<p>Mediante una nota de prensa la DGCP explic\u00f3 que los proveedores con estatus de \u201ccancelado\u201d no podr\u00e1n volver a contratar con el Estado, mientras que los \u201csuspendidos\u201d quedan inhabilitados de manera temporal hasta que concluya el proceso judicial correspondiente.<\/p>\n\n\n\n<p>La medida incluye:<\/p>\n\n\n\n<p>La cancelaci\u00f3n definitiva de oficio de 21 RPE de personas f\u00edsicas y jur\u00eddicas condenadas por corrupci\u00f3n con acuerdo homologado.<br>La suspensi\u00f3n provisional de 14 proveedores procesados penalmente, hasta tanto exista decisi\u00f3n judicial firme.<\/p>\n\n\n\n<p>La suspensi\u00f3n autom\u00e1tica de 12 registros de empresas cuyos socios o directivos se encuentran condenados, como mecanismo preventivo.<\/p>\n\n\n\n<p>Asimismo, el \u00f3rgano rector notific\u00f3 el acto a la Contralor\u00eda General de la Rep\u00fablica, la C\u00e1mara de Cuentas, la Direcci\u00f3n General de Impuestos Internos (DGII) y la Procuradur\u00eda General de la Rep\u00fablica para los fines legales pertinentes.<\/p>\n\n\n\n<p>\u201cCon esta acci\u00f3n, la DGCP busca enviar, una vez m\u00e1s, un mensaje a la ciudadan\u00eda y a los actores del mercado p\u00fablico: la contrataci\u00f3n p\u00fablica debe ser un espacio de transparencia, integridad y respeto a la ley, libre de proveedores involucrados en actos de delitos contra la Administraci\u00f3n p\u00fablica\u201d, concluy\u00f3 Pimentel.<\/p>\n\n\n\n<p>La resoluci\u00f3n est\u00e1 disponible para consulta p\u00fablica en la secci\u00f3n Marco Legal del portal institucional www.dgcp.gob.do.<\/p>\n","protected":false},"excerpt":{"rendered":"<p>La Direcci\u00f3n General de Contrataciones P\u00fablicas (DGCP), en cumplimiento de sus atribuciones legales, emiti\u00f3 este lunes la Resoluci\u00f3n n\u00fam. DGCP-44-2025-003701 mediante la cual dispone la cancelaci\u00f3n y suspensi\u00f3n de oficio&hellip;<\/p>\n","protected":false},"author":10,"featured_media":69316,"comment_status":"open","ping_status":"open","sticky":false,"template":"","format":"standard","meta":{"content-type":"","jetpack_post_was_ever_published":false,"_jetpack_newsletter_access":"","_jetpack_dont_email_post_to_subs":false,"_jetpack_newsletter_tier_id":0,"_jetpack_memberships_contains_paywalled_content":false,"_jetpack_memberships_contains_paid_content":false,"footnotes":""},"categories":[39],"tags":[24963,2917,4636,1841,2247,1524],"class_list":["post-109826","post","type-post","status-publish","format-standard","has-post-thumbnail","hentry","category-economia","tag-47-registros-de-proveedores","tag-cancela","tag-condenados","tag-corrupcion","tag-dgcp","tag-suspende"],"jetpack_featured_media_url":"https:\/\/lasprimeras.com.do\/wp-content\/uploads\/2023\/12\/dgcp.jpg","jetpack-related-posts":[{"id":107037,"url":"https:\/\/lasprimeras.com.do\/index.php\/2025\/08\/22\/la-dgcp-anula-39-adjudicaciones-del-inabie-por-irregularidades-y-remite-casos-a-la-procuraduria\/","url_meta":{"origin":109826,"position":0},"title":"La DGCP anula 39 adjudicaciones del Inabie por irregularidades y remite casos a la Procuradur\u00eda","author":"Nelson Feliz","date":"22 de agosto de 2025","format":false,"excerpt":"La Direcci\u00f3n General de Contrataciones P\u00fablicas (DGCP) anul\u00f3 39 adjudicaciones de rubros escolares al Instituto Nacional de Bienestar Estudiantil (Inabie), tras detectar irregularidades que van desde la presentaci\u00f3n de documentaci\u00f3n alterada con indicios de falsedad por parte de varios proveedores, hasta indicios de colusi\u00f3n y conflictos de inter\u00e9s entre adjudicatarios.\u2026","rel":"","context":"En \u00abECONOM\u00cdA\u00bb","block_context":{"text":"ECONOM\u00cdA","link":"https:\/\/lasprimeras.com.do\/index.php\/category\/economia\/"},"img":{"alt_text":"dgcp","src":"https:\/\/i0.wp.com\/lasprimeras.com.do\/wp-content\/uploads\/2023\/12\/dgcp.jpg?resize=350%2C200&ssl=1","width":350,"height":200,"srcset":"https:\/\/i0.wp.com\/lasprimeras.com.do\/wp-content\/uploads\/2023\/12\/dgcp.jpg?resize=350%2C200&ssl=1 1x, https:\/\/i0.wp.com\/lasprimeras.com.do\/wp-content\/uploads\/2023\/12\/dgcp.jpg?resize=525%2C300&ssl=1 1.5x, https:\/\/i0.wp.com\/lasprimeras.com.do\/wp-content\/uploads\/2023\/12\/dgcp.jpg?resize=700%2C400&ssl=1 2x"},"classes":[]},{"id":102915,"url":"https:\/\/lasprimeras.com.do\/index.php\/2025\/07\/09\/dgcp-y-unidad-antifraude-detectan-violaciones-en-licitaciones-del-inabie-remiten-hallazgos-a-la-pgr\/","url_meta":{"origin":109826,"position":1},"title":"DGCP y Unidad Antifraude detectan violaciones en licitaciones del INABIE; remiten hallazgos a la PGR","author":"Nelson Feliz","date":"9 de julio de 2025","format":false,"excerpt":"La Unidad Antifraude de la Contralor\u00eda General de la Rep\u00fablica, en coordinaci\u00f3n con la Direcci\u00f3n General de Contrataciones P\u00fablicas (DGCP), present\u00f3 este mi\u00e9rcoles un informe exhaustivo sobre las violaciones a la normativa en tres procesos de licitaci\u00f3n p\u00fablica del Instituto Nacional de Bienestar Estudiantil (INABIE) durante el a\u00f1o 2024. El\u2026","rel":"","context":"En \u00abECONOM\u00cdA\u00bb","block_context":{"text":"ECONOM\u00cdA","link":"https:\/\/lasprimeras.com.do\/index.php\/category\/economia\/"},"img":{"alt_text":"INABIE","src":"https:\/\/i0.wp.com\/lasprimeras.com.do\/wp-content\/uploads\/2024\/01\/INABIE-2024.jpg?resize=350%2C200&ssl=1","width":350,"height":200,"srcset":"https:\/\/i0.wp.com\/lasprimeras.com.do\/wp-content\/uploads\/2024\/01\/INABIE-2024.jpg?resize=350%2C200&ssl=1 1x, https:\/\/i0.wp.com\/lasprimeras.com.do\/wp-content\/uploads\/2024\/01\/INABIE-2024.jpg?resize=525%2C300&ssl=1 1.5x"},"classes":[]},{"id":63122,"url":"https:\/\/lasprimeras.com.do\/index.php\/2023\/10\/10\/ratifican-inhabilitacion-de-registros-de-proveedores-de-constructora-odebrecht\/","url_meta":{"origin":109826,"position":2},"title":"Ratifican inhabilitaci\u00f3n de registros de proveedores de constructora Odebrecht","author":"BIMARY DE JES\u00daS Matos","date":"10 de octubre de 2023","format":false,"excerpt":"Santo Domingo.-El Tribunal Constitucional (TC) rechaz\u00f3 el recurso de revisi\u00f3n incoado por la raz\u00f3n social Constructora Norberto Odebrecht S.A., en contra de una sentencia dictada en 2018 por el Tribunal Superior Administrativo (TSA) que ratifica su inhabilitaci\u00f3n para ser proveedora del Estado. La sentencia TC\/0500\/23, dictada en el pasado mes\u2026","rel":"","context":"En \u00abNACIONALES\u00bb","block_context":{"text":"NACIONALES","link":"https:\/\/lasprimeras.com.do\/index.php\/category\/nacionales\/"},"img":{"alt_text":"","src":"https:\/\/i0.wp.com\/lasprimeras.com.do\/wp-content\/uploads\/2023\/10\/WhatsApp-Image-2023-10-09-at-6.14.13-PM-2-7.jpeg?resize=350%2C200&ssl=1","width":350,"height":200,"srcset":"https:\/\/i0.wp.com\/lasprimeras.com.do\/wp-content\/uploads\/2023\/10\/WhatsApp-Image-2023-10-09-at-6.14.13-PM-2-7.jpeg?resize=350%2C200&ssl=1 1x, https:\/\/i0.wp.com\/lasprimeras.com.do\/wp-content\/uploads\/2023\/10\/WhatsApp-Image-2023-10-09-at-6.14.13-PM-2-7.jpeg?resize=525%2C300&ssl=1 1.5x, https:\/\/i0.wp.com\/lasprimeras.com.do\/wp-content\/uploads\/2023\/10\/WhatsApp-Image-2023-10-09-at-6.14.13-PM-2-7.jpeg?resize=700%2C400&ssl=1 2x"},"classes":[]},{"id":106409,"url":"https:\/\/lasprimeras.com.do\/index.php\/2025\/08\/14\/inabie-acoge-resolucion-de-la-dgcp-sobre-adjudicacion-de-zapatos-y-colabora-en-investigacion-del-organo-rector\/","url_meta":{"origin":109826,"position":3},"title":"INABIE acoge resoluci\u00f3n de la DGCP sobre adjudicaci\u00f3n de zapatos y colabora en investigaci\u00f3n del \u00f3rgano rector","author":"Nelson Feliz","date":"14 de agosto de 2025","format":false,"excerpt":"La instituci\u00f3n procedi\u00f3 a cancelar los 25 contratos se\u00f1alados por la Direcci\u00f3n de Contrataciones P\u00fablicas y llevar\u00e1 a cabo la reevaluaci\u00f3n de las ofertas de otras 9 empresas remitidas El Instituto Nacional de Bienestar Estudiantil (INABIE) acogi\u00f3 la Resoluci\u00f3n RIC-0106-2025 de la Direcci\u00f3n General de Contrataciones P\u00fablicas que anula parcialmente\u2026","rel":"","context":"En \u00abECONOM\u00cdA\u00bb","block_context":{"text":"ECONOM\u00cdA","link":"https:\/\/lasprimeras.com.do\/index.php\/category\/economia\/"},"img":{"alt_text":"","src":"https:\/\/i0.wp.com\/lasprimeras.com.do\/wp-content\/uploads\/2025\/08\/Victor-Castro.jpg?resize=350%2C200&ssl=1","width":350,"height":200,"srcset":"https:\/\/i0.wp.com\/lasprimeras.com.do\/wp-content\/uploads\/2025\/08\/Victor-Castro.jpg?resize=350%2C200&ssl=1 1x, https:\/\/i0.wp.com\/lasprimeras.com.do\/wp-content\/uploads\/2025\/08\/Victor-Castro.jpg?resize=525%2C300&ssl=1 1.5x, https:\/\/i0.wp.com\/lasprimeras.com.do\/wp-content\/uploads\/2025\/08\/Victor-Castro.jpg?resize=700%2C400&ssl=1 2x"},"classes":[]},{"id":102977,"url":"https:\/\/lasprimeras.com.do\/index.php\/2025\/07\/10\/inabie-continuara-colaborando-con-investigacion-sobre-procesos-de-compras-de-utileria-escolar\/","url_meta":{"origin":109826,"position":4},"title":"INABIE continuar\u00e1 colaborando con investigaci\u00f3n sobre procesos de compras de utiler\u00eda escolar","author":"Nelson Feliz","date":"10 de julio de 2025","format":false,"excerpt":"Como medidas proactivas la instituci\u00f3n inici\u00f3 el proceso legal para cancelar aproximadamente 20 contratos adjudicados Un total de 9 personas que participaron en las licitaciones han sido canceladas de la instituci\u00f3n. Tras un informe prelimimar dado a conocer ayer por la Direcci\u00f3n General de Contrataciones P\u00fablicas (DGCP), el Instituto Nacional\u2026","rel":"","context":"En \u00abJUSTICIA\u00bb","block_context":{"text":"JUSTICIA","link":"https:\/\/lasprimeras.com.do\/index.php\/category\/justicia\/"},"img":{"alt_text":"","src":"https:\/\/i0.wp.com\/lasprimeras.com.do\/wp-content\/uploads\/2025\/07\/INABIE.jpg?resize=350%2C200&ssl=1","width":350,"height":200,"srcset":"https:\/\/i0.wp.com\/lasprimeras.com.do\/wp-content\/uploads\/2025\/07\/INABIE.jpg?resize=350%2C200&ssl=1 1x, https:\/\/i0.wp.com\/lasprimeras.com.do\/wp-content\/uploads\/2025\/07\/INABIE.jpg?resize=525%2C300&ssl=1 1.5x, https:\/\/i0.wp.com\/lasprimeras.com.do\/wp-content\/uploads\/2025\/07\/INABIE.jpg?resize=700%2C400&ssl=1 2x"},"classes":[]},{"id":111491,"url":"https:\/\/lasprimeras.com.do\/index.php\/2025\/10\/09\/dga-y-contrataciones-publicas-exigiran-certificacion-tributaria-aduanera-para-proveedores-del-estado-desde-enero-2026\/","url_meta":{"origin":109826,"position":5},"title":"DGA y Contrataciones P\u00fablicas exigir\u00e1n certificaci\u00f3n tributaria aduanera para proveedores del Estado desde enero 2026","author":"Nelson Feliz","date":"9 de octubre de 2025","format":false,"excerpt":"La medida, que entrar\u00e1 en vigor el 2 de enero de 2026, busca asegurar que los proveedores del Estado est\u00e9n al d\u00eda con sus obligaciones tributarias aduaneras. La Direcci\u00f3n General de Aduanas (DGA) y la Direcci\u00f3n General de Contrataciones P\u00fablicas (DGCP) firmaron un acuerdo que establece la emisi\u00f3n obligatoria de\u2026","rel":"","context":"En \u00abECONOM\u00cdA\u00bb","block_context":{"text":"ECONOM\u00cdA","link":"https:\/\/lasprimeras.com.do\/index.php\/category\/economia\/"},"img":{"alt_text":"","src":"https:\/\/i0.wp.com\/lasprimeras.com.do\/wp-content\/uploads\/2025\/10\/DGA-y-Contrataciones-Publicas-1.jpg?resize=350%2C200&ssl=1","width":350,"height":200,"srcset":"https:\/\/i0.wp.com\/lasprimeras.com.do\/wp-content\/uploads\/2025\/10\/DGA-y-Contrataciones-Publicas-1.jpg?resize=350%2C200&ssl=1 1x, https:\/\/i0.wp.com\/lasprimeras.com.do\/wp-content\/uploads\/2025\/10\/DGA-y-Contrataciones-Publicas-1.jpg?resize=525%2C300&ssl=1 1.5x, https:\/\/i0.wp.com\/lasprimeras.com.do\/wp-content\/uploads\/2025\/10\/DGA-y-Contrataciones-Publicas-1.jpg?resize=700%2C400&ssl=1 2x, https:\/\/i0.wp.com\/lasprimeras.com.do\/wp-content\/uploads\/2025\/10\/DGA-y-Contrataciones-Publicas-1.jpg?resize=1050%2C600&ssl=1 3x"},"classes":[]}],"jetpack_sharing_enabled":true,"_links":{"self":[{"href":"https:\/\/lasprimeras.com.do\/index.php\/wp-json\/wp\/v2\/posts\/109826","targetHints":{"allow":["GET"]}}],"collection":[{"href":"https:\/\/lasprimeras.com.do\/index.php\/wp-json\/wp\/v2\/posts"}],"about":[{"href":"https:\/\/lasprimeras.com.do\/index.php\/wp-json\/wp\/v2\/types\/post"}],"author":[{"embeddable":true,"href":"https:\/\/lasprimeras.com.do\/index.php\/wp-json\/wp\/v2\/users\/10"}],"replies":[{"embeddable":true,"href":"https:\/\/lasprimeras.com.do\/index.php\/wp-json\/wp\/v2\/comments?post=109826"}],"version-history":[{"count":1,"href":"https:\/\/lasprimeras.com.do\/index.php\/wp-json\/wp\/v2\/posts\/109826\/revisions"}],"predecessor-version":[{"id":109827,"href":"https:\/\/lasprimeras.com.do\/index.php\/wp-json\/wp\/v2\/posts\/109826\/revisions\/109827"}],"wp:featuredmedia":[{"embeddable":true,"href":"https:\/\/lasprimeras.com.do\/index.php\/wp-json\/wp\/v2\/media\/69316"}],"wp:attachment":[{"href":"https:\/\/lasprimeras.com.do\/index.php\/wp-json\/wp\/v2\/media?parent=109826"}],"wp:term":[{"taxonomy":"category","embeddable":true,"href":"https:\/\/lasprimeras.com.do\/index.php\/wp-json\/wp\/v2\/categories?post=109826"},{"taxonomy":"post_tag","embeddable":true,"href":"https:\/\/lasprimeras.com.do\/index.php\/wp-json\/wp\/v2\/tags?post=109826"}],"curies":[{"name":"wp","href":"https:\/\/api.w.org\/{rel}","templated":true}]}}