{"id":109828,"date":"2025-09-22T19:14:05","date_gmt":"2025-09-22T23:14:05","guid":{"rendered":"https:\/\/lasprimeras.com.do\/?p=109828"},"modified":"2025-09-22T19:14:08","modified_gmt":"2025-09-22T23:14:08","slug":"un-tiroteo-se-habria-registrado-en-el-parqueo-de-la-torre-donde-vive-el-alfa","status":"publish","type":"post","link":"https:\/\/lasprimeras.com.do\/index.php\/2025\/09\/22\/un-tiroteo-se-habria-registrado-en-el-parqueo-de-la-torre-donde-vive-el-alfa\/","title":{"rendered":"Un tiroteo se habr\u00eda registrado en el parqueo de la torre donde vive El Alfa"},"content":{"rendered":"\n<p>Por L\u00e1zaro Medina Familia<\/p>\n\n\n\n<p>Un tiroteo, cuyas causas a\u00fan se desconocen, se registr\u00f3 la tarde de este lunes en el parqueo de la torre de apartamentos donde supuestamente reside el cantante dominicano El Alfa, en la ciudad de Santo Domingo y hasta el momento no se han reportado personas heridas.<\/p>\n\n\n\n<p>De acuerdo con un video publicado por el portal De \u00daltimo Minuto, en la escena se observa un veh\u00edculo Mercedes Benz negro con m\u00faltiples impactos de bala.<\/p>\n\n\n\n<p>En el pavimento tambi\u00e9n quedaron esparcidos varios casquillos de proyectiles, lo que evidencia la magnitud del tiroteo.<\/p>\n","protected":false},"excerpt":{"rendered":"<p>Por L\u00e1zaro Medina Familia Un tiroteo, cuyas causas a\u00fan se desconocen, se registr\u00f3 la tarde de este lunes en el parqueo de la torre de apartamentos donde supuestamente reside el&hellip;<\/p>\n","protected":false},"author":10,"featured_media":109829,"comment_status":"open","ping_status":"open","sticky":false,"template":"","format":"standard","meta":{"content-type":"","jetpack_post_was_ever_published":false,"_jetpack_newsletter_access":"","_jetpack_dont_email_post_to_subs":false,"_jetpack_newsletter_tier_id":0,"_jetpack_memberships_contains_paywalled_content":false,"_jetpack_memberships_contains_paid_content":false,"footnotes":""},"categories":[35],"tags":[24964,10404,1586,70,11169,21879],"class_list":["post-109828","post","type-post","status-publish","format-standard","has-post-thumbnail","hentry","category-nacionales","tag-el-alfa","tag-parqueo","tag-registrado","tag-tiroteo","tag-torre","tag-vive"],"jetpack_featured_media_url":"https:\/\/lasprimeras.com.do\/wp-content\/uploads\/2025\/09\/Alfa.jpg","jetpack-related-posts":[{"id":88581,"url":"https:\/\/lasprimeras.com.do\/index.php\/2024\/08\/31\/matan-joven-en-tiroteo-y-otros-resultan-heridos-en-la-romana\/","url_meta":{"origin":109828,"position":0},"title":"Matan joven en tiroteo y otros resultan heridos en La Romana","author":"Nelson Feliz","date":"31 de agosto de 2024","format":false,"excerpt":"Por: Alex Marte Campos Una joven falleci\u00f3 tras recibir un disparo durante un tiroteo registrado en la madrugada de hoy en el barrio de San Carlos de La Romana. El lamentable suceso se registr\u00f3 sin que hasta el momento se conozcan los motivos y las circunstancias. En el hecho tambi\u00e9n\u2026","rel":"","context":"En \u00abNACIONALES\u00bb","block_context":{"text":"NACIONALES","link":"https:\/\/lasprimeras.com.do\/index.php\/category\/nacionales\/"},"img":{"alt_text":"","src":"https:\/\/i0.wp.com\/lasprimeras.com.do\/wp-content\/uploads\/2024\/08\/matan.jpg?resize=350%2C200&ssl=1","width":350,"height":200,"srcset":"https:\/\/i0.wp.com\/lasprimeras.com.do\/wp-content\/uploads\/2024\/08\/matan.jpg?resize=350%2C200&ssl=1 1x, https:\/\/i0.wp.com\/lasprimeras.com.do\/wp-content\/uploads\/2024\/08\/matan.jpg?resize=525%2C300&ssl=1 1.5x"},"classes":[]},{"id":126838,"url":"https:\/\/lasprimeras.com.do\/index.php\/2026\/04\/06\/video-muestra-patrulla-de-la-pn-llevandose-dos-motores-de-un-parqueo-en-moca\/","url_meta":{"origin":109828,"position":1},"title":"Video muestra patrulla de la PN llev\u00e1ndose dos motores de un parqueo en Moca","author":"Nelson Feliz","date":"6 de abril de 2026","format":false,"excerpt":"Moca, Espaillat.\u00a0\u2014 Una situaci\u00f3n que genera preocupaci\u00f3n ocurri\u00f3 en\u00a0Cayetano Germos\u00e9n, cuando una patrulla de la\u00a0Polic\u00eda Nacional\u00a0retir\u00f3 una motocicleta que se encontraba estacionada en el parqueo de su propietario. El due\u00f1o del veh\u00edculo denunci\u00f3 el hecho y asegur\u00f3 que el incidente qued\u00f3 registrado por una c\u00e1mara de seguridad instalada en el\u2026","rel":"","context":"En \u00abNACIONALES\u00bb","block_context":{"text":"NACIONALES","link":"https:\/\/lasprimeras.com.do\/index.php\/category\/nacionales\/"},"img":{"alt_text":"Patrulla PN","src":"https:\/\/i0.wp.com\/lasprimeras.com.do\/wp-content\/uploads\/2024\/04\/Patrulla-PN.jpg?resize=350%2C200&ssl=1","width":350,"height":200,"srcset":"https:\/\/i0.wp.com\/lasprimeras.com.do\/wp-content\/uploads\/2024\/04\/Patrulla-PN.jpg?resize=350%2C200&ssl=1 1x, https:\/\/i0.wp.com\/lasprimeras.com.do\/wp-content\/uploads\/2024\/04\/Patrulla-PN.jpg?resize=525%2C300&ssl=1 1.5x, https:\/\/i0.wp.com\/lasprimeras.com.do\/wp-content\/uploads\/2024\/04\/Patrulla-PN.jpg?resize=700%2C400&ssl=1 2x"},"classes":[]},{"id":51302,"url":"https:\/\/lasprimeras.com.do\/index.php\/2023\/05\/30\/varias-personas-resultan-heridas-durante-tiroteo-en-hollywood-beach-miami\/","url_meta":{"origin":109828,"position":2},"title":"Varias personas resultan heridas durante tiroteo en Hollywood Beach, Miami","author":"prenxa100","date":"30 de mayo de 2023","format":false,"excerpt":"Miami, EFE.-.Nueve personas fueron hospitalizadas este lunes por un enfrentamiento a tiros entre dos grupos en el paseo de la playa de la ciudad de Hollywood, a unos 30 kil\u00f3metros al norte de Miami, seg\u00fan confirmaron fuentes policiales. Una persona fue detenida como sospechosa y la Polic\u00eda busca a otro\u2026","rel":"","context":"En \u00abSin categor\u00eda\u00bb","block_context":{"text":"Sin categor\u00eda","link":"https:\/\/lasprimeras.com.do\/index.php\/category\/sin-categoria\/"},"img":{"alt_text":"","src":"","width":0,"height":0},"classes":[]},{"id":65170,"url":"https:\/\/lasprimeras.com.do\/index.php\/2023\/10\/26\/buscan-a-robert-card-el-reservista-del-ejercito-involucrado-en-el-tiroteo-masivo-de-maine\/","url_meta":{"origin":109828,"position":3},"title":"Buscan a Robert Card, el reservista del ej\u00e9rcito involucrado en el tiroteo masivo de Maine","author":"Nelson Feliz","date":"26 de octubre de 2023","format":false,"excerpt":"-Las matanzas ocurrieron la noche del mi\u00e9rcoles en la ciudad de Lewiston, la segunda del Estado de Maine, donde se inst\u00f3 a la poblaci\u00f3n a permanecer en sus casas. -Estados Unidos tiene m\u00e1s armas que habitantes. Maine, EFE.-. Las autoridades siguen buscando intensamente este jueves a un reservista del ej\u00e9rcito\u2026","rel":"","context":"En \u00abSin categor\u00eda\u00bb","block_context":{"text":"Sin categor\u00eda","link":"https:\/\/lasprimeras.com.do\/index.php\/category\/sin-categoria\/"},"img":{"alt_text":"","src":"https:\/\/i0.wp.com\/lasprimeras.com.do\/wp-content\/uploads\/2023\/10\/ROBERT-CARD.jpeg?resize=350%2C200&ssl=1","width":350,"height":200,"srcset":"https:\/\/i0.wp.com\/lasprimeras.com.do\/wp-content\/uploads\/2023\/10\/ROBERT-CARD.jpeg?resize=350%2C200&ssl=1 1x, https:\/\/i0.wp.com\/lasprimeras.com.do\/wp-content\/uploads\/2023\/10\/ROBERT-CARD.jpeg?resize=525%2C300&ssl=1 1.5x, https:\/\/i0.wp.com\/lasprimeras.com.do\/wp-content\/uploads\/2023\/10\/ROBERT-CARD.jpeg?resize=700%2C400&ssl=1 2x"},"classes":[]},{"id":62439,"url":"https:\/\/lasprimeras.com.do\/index.php\/2023\/10\/05\/el-alfa-admite-se-sentio-mal-con-mozart-la-para-por-tema-danalo\/","url_meta":{"origin":109828,"position":4},"title":"El Alfa admite se senti\u00f3 mal con Mozart La Para por tema \u00abD\u00e1\u00f1alo\u00bb","author":"BIMARY DE JES\u00daS Matos","date":"5 de octubre de 2023","format":false,"excerpt":"SANTO DOMINGO.- El artista urbano El Alfa habl\u00f3 sobre la reciente tiradera por parte de Mozart La Para, quien se pronunci\u00f3 a trav\u00e9s de versos en la canci\u00f3n Da\u00f1alo, sobre su aspecto f\u00edsico, espec\u00edficamente su calvicie, fronteo y de su supuesta falta de talento. Sobre su parecer de la canci\u00f3n,\u2026","rel":"","context":"En \u00abENTRETENIMIENTO\u00bb","block_context":{"text":"ENTRETENIMIENTO","link":"https:\/\/lasprimeras.com.do\/index.php\/category\/entretenimiento\/"},"img":{"alt_text":"","src":"https:\/\/i0.wp.com\/lasprimeras.com.do\/wp-content\/uploads\/2023\/10\/WhatsApp-Image-2023-10-04-at-5.20.12-PM-4.jpeg?resize=350%2C200&ssl=1","width":350,"height":200,"srcset":"https:\/\/i0.wp.com\/lasprimeras.com.do\/wp-content\/uploads\/2023\/10\/WhatsApp-Image-2023-10-04-at-5.20.12-PM-4.jpeg?resize=350%2C200&ssl=1 1x, https:\/\/i0.wp.com\/lasprimeras.com.do\/wp-content\/uploads\/2023\/10\/WhatsApp-Image-2023-10-04-at-5.20.12-PM-4.jpeg?resize=525%2C300&ssl=1 1.5x, https:\/\/i0.wp.com\/lasprimeras.com.do\/wp-content\/uploads\/2023\/10\/WhatsApp-Image-2023-10-04-at-5.20.12-PM-4.jpeg?resize=700%2C400&ssl=1 2x"},"classes":[]},{"id":58462,"url":"https:\/\/lasprimeras.com.do\/index.php\/2023\/08\/24\/un-tiroteo-en-un-bar-de-moteros-de-california-mata-a-4-personas-incluido-el-tirador-y-hiere-a-5-mas\/","url_meta":{"origin":109828,"position":5},"title":"Un tiroteo en un bar de moteros de California mata a 4 personas, incluido el tirador, y hiere a 5 m\u00e1s","author":"Nelson Feliz","date":"24 de agosto de 2023","format":false,"excerpt":"Tres personas murieron y otras cinco resultaron heridas en un tiroteo el mi\u00e9rcoles en un bar de motociclistas en el sur de California, dijo el Departamento del Sheriff del condado de Orange. El pistolero tambi\u00e9n fue asesinado por los agentes. El tiroteo ocurri\u00f3 despu\u00e9s de las 7 pm en Cook's\u2026","rel":"","context":"En \u00abSin categor\u00eda\u00bb","block_context":{"text":"Sin categor\u00eda","link":"https:\/\/lasprimeras.com.do\/index.php\/category\/sin-categoria\/"},"img":{"alt_text":"","src":"https:\/\/i0.wp.com\/lasprimeras.com.do\/wp-content\/uploads\/2023\/08\/bar.jpg?resize=350%2C200&ssl=1","width":350,"height":200,"srcset":"https:\/\/i0.wp.com\/lasprimeras.com.do\/wp-content\/uploads\/2023\/08\/bar.jpg?resize=350%2C200&ssl=1 1x, https:\/\/i0.wp.com\/lasprimeras.com.do\/wp-content\/uploads\/2023\/08\/bar.jpg?resize=525%2C300&ssl=1 1.5x, https:\/\/i0.wp.com\/lasprimeras.com.do\/wp-content\/uploads\/2023\/08\/bar.jpg?resize=700%2C400&ssl=1 2x"},"classes":[]}],"jetpack_sharing_enabled":true,"_links":{"self":[{"href":"https:\/\/lasprimeras.com.do\/index.php\/wp-json\/wp\/v2\/posts\/109828","targetHints":{"allow":["GET"]}}],"collection":[{"href":"https:\/\/lasprimeras.com.do\/index.php\/wp-json\/wp\/v2\/posts"}],"about":[{"href":"https:\/\/lasprimeras.com.do\/index.php\/wp-json\/wp\/v2\/types\/post"}],"author":[{"embeddable":true,"href":"https:\/\/lasprimeras.com.do\/index.php\/wp-json\/wp\/v2\/users\/10"}],"replies":[{"embeddable":true,"href":"https:\/\/lasprimeras.com.do\/index.php\/wp-json\/wp\/v2\/comments?post=109828"}],"version-history":[{"count":1,"href":"https:\/\/lasprimeras.com.do\/index.php\/wp-json\/wp\/v2\/posts\/109828\/revisions"}],"predecessor-version":[{"id":109830,"href":"https:\/\/lasprimeras.com.do\/index.php\/wp-json\/wp\/v2\/posts\/109828\/revisions\/109830"}],"wp:featuredmedia":[{"embeddable":true,"href":"https:\/\/lasprimeras.com.do\/index.php\/wp-json\/wp\/v2\/media\/109829"}],"wp:attachment":[{"href":"https:\/\/lasprimeras.com.do\/index.php\/wp-json\/wp\/v2\/media?parent=109828"}],"wp:term":[{"taxonomy":"category","embeddable":true,"href":"https:\/\/lasprimeras.com.do\/index.php\/wp-json\/wp\/v2\/categories?post=109828"},{"taxonomy":"post_tag","embeddable":true,"href":"https:\/\/lasprimeras.com.do\/index.php\/wp-json\/wp\/v2\/tags?post=109828"}],"curies":[{"name":"wp","href":"https:\/\/api.w.org\/{rel}","templated":true}]}}