{"id":109834,"date":"2025-09-22T19:29:19","date_gmt":"2025-09-22T23:29:19","guid":{"rendered":"https:\/\/lasprimeras.com.do\/?p=109834"},"modified":"2025-09-22T19:29:20","modified_gmt":"2025-09-22T23:29:20","slug":"senado-de-la-republica-y-tc-suscriben-acuerdo-de-cooperacion-interinstitucional","status":"publish","type":"post","link":"https:\/\/lasprimeras.com.do\/index.php\/2025\/09\/22\/senado-de-la-republica-y-tc-suscriben-acuerdo-de-cooperacion-interinstitucional\/","title":{"rendered":"Senado de la Rep\u00fablica y TC suscriben acuerdo de cooperaci\u00f3n interinstitucional"},"content":{"rendered":"\n<p>El Senado de la Rep\u00fablica y el Tribunal Constitucional (TC) ratificaron este lunes un acuerdo marco de cooperaci\u00f3n interinstitucional, a trav\u00e9s del cual acordaron continuar uniendo esfuerzo con la finalidad de desarrollar proyectos de docencia, investigaci\u00f3n e intercambio de capacitaci\u00f3n.<\/p>\n\n\n\n<p>Con el convenio, suscrito por el presidente de la C\u00e1mara Alta, Ricardo de los Santos y el presidente del TC, magistrado Napole\u00f3n R. Est\u00e9vez Lavandier, ambas instituciones elaborar\u00e1n una estrategia basada en temas puntuales que ser\u00e1 ejecutada de manera conjunta.<\/p>\n\n\n\n<p>\u201cEste acuerdo de colaboraci\u00f3n encarna una visi\u00f3n compartida: unir la experiencia jur\u00eddica y la perspectiva legislativa para procurar, con responsabilidad y transparencia, que las normas reguladoras de la vida de nuestro pueblo respondan a los m\u00e1s altos principios de protecci\u00f3n a los derechos inherentes de las personas\u201d, afirm\u00f3 el presidente del Senado, Ricardo de los Santos.<\/p>\n\n\n\n<p>En sus palabras, tambi\u00e9n destac\u00f3 que el acuerdo es una ruta de trabajo conjunto, que implica la promoci\u00f3n de investigaciones sobre derechos y garant\u00edas, la realizaci\u00f3n de talleres, seminarios y diplomados para funcionarios y legisladores, la revisi\u00f3n de proyectos desde la \u00f3ptica constitucional y el desarrollo de capacidades que fortalezcan la labor parlamentaria y legislativa con criterios de igualdad, equidad y dignidad humana.<\/p>\n\n\n\n<p>Tras la firma, el magistrado Est\u00e9vez Lavandier resalt\u00f3 los frutos obtenidos durante los dos a\u00f1os de vigencia anterior del acuerdo, raz\u00f3n por la cual se decidi\u00f3 su renovaci\u00f3n, dada la cooperaci\u00f3n real y sincera entre ambas instituciones.<\/p>\n\n\n\n<p>\u201cSomos testigos directos de que el Senado de la Rep\u00fablica se ha empe\u00f1ado en la capacitaci\u00f3n tanto de sus legisladores como de su personal administrativo, ayudantes y auxiliares.<\/p>\n\n\n\n<p>En el caso del Tribunal Constitucional, no solo lo asumimos como una obligaci\u00f3n impuesta por la ley, que nos manda a la ense\u00f1anza de la Constituci\u00f3n, sino que lo hacemos por vocaci\u00f3n. Todos los jueces del TC, al igual que sus servidores, estamos a disposici\u00f3n no solo del Senado, sino del pueblo dominicano\u201d, destac\u00f3 el presidente de la alta corte.<\/p>\n\n\n\n<p>Mediante el acuerdo, que tendr\u00e1 una duraci\u00f3n inicial de dos a\u00f1os, el TC colaborar\u00e1 con los cursos, diplomados, talleres y conferencias que el Senado le solicite, en materia constitucional y \u00e1reas afines, para ser impartidos a sus miembros.<\/p>\n\n\n\n<p>El Senado, de su lado, ofrecer\u00e1 apoyo log\u00edstico y administrativo. En tal sentido, podr\u00e1 proporcionar personal de apoyo log\u00edstico y administrativo para garantizar que los eventos de capacitaci\u00f3n se desarrollen sin problemas.<\/p>\n\n\n\n<p>Para cada actividad, grupo de actividades o acci\u00f3n prevista en la estrategia de trabajo, se fijar\u00e1n las responsabilidades que asumir\u00e1 cada instituci\u00f3n, que, adem\u00e1s, avalar\u00e1n con su nombre y logo la certificaci\u00f3n de los cursos, diplomados, talleres, seminarios y actividades que se impartan.<\/p>\n\n\n\n<p>Acompa\u00f1aron en la firma al presidente de la C\u00e1mara Alta los senadores Gustavo Lara, representante de San Crist\u00f3bal; Mois\u00e9s Ayala, de Barahona; Dagoberto Rodr\u00edguez, de Independencia; Santiago Zorrilla, de El Seibo y Antonio Marte, de Santiago Rodr\u00edguez, as\u00ed como funcionarios de la instituci\u00f3n.<\/p>\n\n\n\n<p>En tanto que el presidente del TC estuvo acompa\u00f1ado por los magistrados Sonia D\u00edaz Inoa, Manuel Ulises Bonnelly Vega y Army Ferreira, la secretaria Grace Ventura, el director general t\u00e9cnico, Christian Cuello; la directora de Relaciones Internacionales e Interinstitucionales, Heidy Berroa; la directora del Despacho de Presidencia, Montserrat P\u00e9rez y la directora del Centro de Estudios Constitucionales, Mayra Cabral Brea.<\/p>\n","protected":false},"excerpt":{"rendered":"<p>El Senado de la Rep\u00fablica y el Tribunal Constitucional (TC) ratificaron este lunes un acuerdo marco de cooperaci\u00f3n interinstitucional, a trav\u00e9s del cual acordaron continuar uniendo esfuerzo con la finalidad&hellip;<\/p>\n","protected":false},"author":10,"featured_media":109835,"comment_status":"open","ping_status":"open","sticky":false,"template":"","format":"standard","meta":{"content-type":"","jetpack_post_was_ever_published":false,"_jetpack_newsletter_access":"","_jetpack_dont_email_post_to_subs":false,"_jetpack_newsletter_tier_id":0,"_jetpack_memberships_contains_paywalled_content":false,"_jetpack_memberships_contains_paid_content":false,"footnotes":""},"categories":[35,25],"tags":[521,523,9737,11949,24967,1699],"class_list":["post-109834","post","type-post","status-publish","format-standard","has-post-thumbnail","hentry","category-nacionales","category-portada","tag-acuerdo","tag-cooperacion","tag-interinstitucional","tag-senado-de-la-republica","tag-suscriben","tag-tc"],"jetpack_featured_media_url":"https:\/\/lasprimeras.com.do\/wp-content\/uploads\/2025\/09\/acuerdo.jpg","jetpack-related-posts":[{"id":60488,"url":"https:\/\/lasprimeras.com.do\/index.php\/2023\/09\/14\/senado-y-el-tc-firman-acuerdo-de-cooperacion-interinstitucional\/","url_meta":{"origin":109834,"position":0},"title":"Senado y el TC firman acuerdo de cooperaci\u00f3n interinstitucional","author":"Nelson Feliz","date":"14 de septiembre de 2023","format":false,"excerpt":"Los presidentes de ambas entidades, Ricardo De los Santos, y Milton Ray Guevara, acordaron elaborar una estrategia basada en temas puntuales para desarrollarlas de manera conjunta. El Senado de la Rep\u00fablica Dominicana y el Tribunal Constitucional (TC) acordaron establecer v\u00ednculos de cooperaci\u00f3n interinstitucional para desarrollar iniciativas dentro del marco de\u2026","rel":"","context":"En \u00abNACIONALES\u00bb","block_context":{"text":"NACIONALES","link":"https:\/\/lasprimeras.com.do\/index.php\/category\/nacionales\/"},"img":{"alt_text":"ACUERDO SENADO","src":"https:\/\/i0.wp.com\/lasprimeras.com.do\/wp-content\/uploads\/2023\/09\/FIRMA-ACUERDO-SENADO-4.jpg?resize=350%2C200&ssl=1","width":350,"height":200,"srcset":"https:\/\/i0.wp.com\/lasprimeras.com.do\/wp-content\/uploads\/2023\/09\/FIRMA-ACUERDO-SENADO-4.jpg?resize=350%2C200&ssl=1 1x, https:\/\/i0.wp.com\/lasprimeras.com.do\/wp-content\/uploads\/2023\/09\/FIRMA-ACUERDO-SENADO-4.jpg?resize=525%2C300&ssl=1 1.5x, https:\/\/i0.wp.com\/lasprimeras.com.do\/wp-content\/uploads\/2023\/09\/FIRMA-ACUERDO-SENADO-4.jpg?resize=700%2C400&ssl=1 2x"},"classes":[]},{"id":85857,"url":"https:\/\/lasprimeras.com.do\/index.php\/2024\/07\/10\/presidente-del-senado-y-defensor-del-pueblo-firman-acuerdo-de-cooperacion-interinstitucional\/","url_meta":{"origin":109834,"position":1},"title":"Presidente del Senado y Defensor del Pueblo firman acuerdo de cooperaci\u00f3n interinstitucional","author":"Nelson Feliz","date":"10 de julio de 2024","format":false,"excerpt":"El Senado de la Rep\u00fablica y el Defensor del Pueblo firmaron este mi\u00e9rcoles un acuerdo de cooperaci\u00f3n interinstitucional para desarrollar proyectos mutuos de docencia, investigaci\u00f3n, capacitaci\u00f3n, extensi\u00f3n e intercambio de formaci\u00f3n. El presidente del Senado, Ricardo de los Santos y el titular del Defensor del Pueblo, Pablo Ulloa, plasmaron sus\u2026","rel":"","context":"En \u00abNACIONALES\u00bb","block_context":{"text":"NACIONALES","link":"https:\/\/lasprimeras.com.do\/index.php\/category\/nacionales\/"},"img":{"alt_text":"Ricardo de los Santos y Pablo Ulloa","src":"https:\/\/i0.wp.com\/lasprimeras.com.do\/wp-content\/uploads\/2024\/07\/Ricardo-de-los-Santos-y-Pablo-Ulloa-1.jpg?resize=350%2C200&ssl=1","width":350,"height":200,"srcset":"https:\/\/i0.wp.com\/lasprimeras.com.do\/wp-content\/uploads\/2024\/07\/Ricardo-de-los-Santos-y-Pablo-Ulloa-1.jpg?resize=350%2C200&ssl=1 1x, https:\/\/i0.wp.com\/lasprimeras.com.do\/wp-content\/uploads\/2024\/07\/Ricardo-de-los-Santos-y-Pablo-Ulloa-1.jpg?resize=525%2C300&ssl=1 1.5x"},"classes":[]},{"id":82333,"url":"https:\/\/lasprimeras.com.do\/index.php\/2024\/05\/01\/jueces-del-tc-y-senadores-coordinan-acciones-para-proximas-jornadas-formativas\/","url_meta":{"origin":109834,"position":2},"title":"Jueces del TC y senadores coordinan acciones para pr\u00f3ximas jornadas formativas","author":"BIMARY DE JES\u00daS Matos","date":"1 de mayo de 2024","format":false,"excerpt":"SANTO DOMINGO. El presidente del Tribunal Constitucional (TC), magistrado Napole\u00f3n R. Est\u00e9vez Lavandier, y su hom\u00f3logo del Senado de la Rep\u00fablica, Ricardo de los Santos, encabezaron una reuni\u00f3n de trabajo con el prop\u00f3sito de coordinar las pr\u00f3ximas acciones a realizar como parte del acuerdo suscrito para desarrollar proyectos de capacitaci\u00f3n\u2026","rel":"","context":"En \u00abNACIONALES\u00bb","block_context":{"text":"NACIONALES","link":"https:\/\/lasprimeras.com.do\/index.php\/category\/nacionales\/"},"img":{"alt_text":"","src":"https:\/\/i0.wp.com\/lasprimeras.com.do\/wp-content\/uploads\/2024\/05\/IMG-20240501-WA0028.jpg?resize=350%2C200&ssl=1","width":350,"height":200,"srcset":"https:\/\/i0.wp.com\/lasprimeras.com.do\/wp-content\/uploads\/2024\/05\/IMG-20240501-WA0028.jpg?resize=350%2C200&ssl=1 1x, https:\/\/i0.wp.com\/lasprimeras.com.do\/wp-content\/uploads\/2024\/05\/IMG-20240501-WA0028.jpg?resize=525%2C300&ssl=1 1.5x, https:\/\/i0.wp.com\/lasprimeras.com.do\/wp-content\/uploads\/2024\/05\/IMG-20240501-WA0028.jpg?resize=700%2C400&ssl=1 2x, https:\/\/i0.wp.com\/lasprimeras.com.do\/wp-content\/uploads\/2024\/05\/IMG-20240501-WA0028.jpg?resize=1050%2C600&ssl=1 3x, https:\/\/i0.wp.com\/lasprimeras.com.do\/wp-content\/uploads\/2024\/05\/IMG-20240501-WA0028.jpg?resize=1400%2C800&ssl=1 4x"},"classes":[]},{"id":68400,"url":"https:\/\/lasprimeras.com.do\/index.php\/2023\/11\/23\/senado-y-tc-realizan-encuentro-academico-y-reafirman-compromiso-con-carta-magna\/","url_meta":{"origin":109834,"position":3},"title":"Senado y TC realizan encuentro acad\u00e9mico y reafirman compromiso con Carta Magna","author":"Nelson Feliz","date":"23 de noviembre de 2023","format":false,"excerpt":"Por Martin Restituyo El Senado de la Rep\u00fablica y el Tribunal Constitucional (TC) realizaron este jueves su primer encuentro formativo como parte del compromiso asumido para desarrollar proyectos de docencia y capacitaci\u00f3n sobre la Constituci\u00f3n y las \u00e1reas de derecho constitucional y jurisprudencial. La actividad la encabezaron el presidente del\u2026","rel":"","context":"En \u00abNACIONALES\u00bb","block_context":{"text":"NACIONALES","link":"https:\/\/lasprimeras.com.do\/index.php\/category\/nacionales\/"},"img":{"alt_text":"SENADO","src":"https:\/\/i0.wp.com\/lasprimeras.com.do\/wp-content\/uploads\/2023\/11\/SENADO-1-1.jpg?resize=350%2C200&ssl=1","width":350,"height":200,"srcset":"https:\/\/i0.wp.com\/lasprimeras.com.do\/wp-content\/uploads\/2023\/11\/SENADO-1-1.jpg?resize=350%2C200&ssl=1 1x, https:\/\/i0.wp.com\/lasprimeras.com.do\/wp-content\/uploads\/2023\/11\/SENADO-1-1.jpg?resize=525%2C300&ssl=1 1.5x, https:\/\/i0.wp.com\/lasprimeras.com.do\/wp-content\/uploads\/2023\/11\/SENADO-1-1.jpg?resize=700%2C400&ssl=1 2x"},"classes":[]},{"id":128386,"url":"https:\/\/lasprimeras.com.do\/index.php\/2026\/04\/22\/tribunal-constitucional-deja-en-estado-de-fallo-once-expedientes\/","url_meta":{"origin":109834,"position":4},"title":"Tribunal Constitucional deja en estado de fallo once expedientes","author":"Nelson Feliz","date":"22 de abril de 2026","format":false,"excerpt":"Durante la audiencia p\u00fablica encabezada por el presidente de esta alta corte, magistrado Napole\u00f3n R. Est\u00e9vez Lavandier, un expediente fue declarado inadmisible El Pleno del Tribunal Constitucional (TC), encabezado por el magistrado presidente Napole\u00f3n R. Est\u00e9vez Lavandier, conoci\u00f3 doce expedientes, de los cuales once quedaron en estado de fallo y\u2026","rel":"","context":"En \u00abNACIONALES\u00bb","block_context":{"text":"NACIONALES","link":"https:\/\/lasprimeras.com.do\/index.php\/category\/nacionales\/"},"img":{"alt_text":"","src":"https:\/\/i0.wp.com\/lasprimeras.com.do\/wp-content\/uploads\/2026\/04\/Foto-Pleno.jpg?resize=350%2C200&ssl=1","width":350,"height":200,"srcset":"https:\/\/i0.wp.com\/lasprimeras.com.do\/wp-content\/uploads\/2026\/04\/Foto-Pleno.jpg?resize=350%2C200&ssl=1 1x, https:\/\/i0.wp.com\/lasprimeras.com.do\/wp-content\/uploads\/2026\/04\/Foto-Pleno.jpg?resize=525%2C300&ssl=1 1.5x, https:\/\/i0.wp.com\/lasprimeras.com.do\/wp-content\/uploads\/2026\/04\/Foto-Pleno.jpg?resize=700%2C400&ssl=1 2x"},"classes":[]},{"id":90600,"url":"https:\/\/lasprimeras.com.do\/index.php\/2024\/10\/24\/fp-rechaza-sentencia-del-tc-sobre-acuerdo-maritimo-entre-rd-y-paises-bajos\/","url_meta":{"origin":109834,"position":5},"title":"FP rechaza sentencia del TC sobre acuerdo mar\u00edtimo entre RD y Pa\u00edses Bajos","author":"Nelson Feliz","date":"24 de octubre de 2024","format":false,"excerpt":"Denuncian que el acuerdo lesiona la soberan\u00eda dominicana y vulnera la Constituci\u00f3n El partido Fuerza del Pueblo (FP) expres\u00f3 su firme rechazo a la reciente sentencia del Tribunal Constitucional (TC), que declara conforme a la Constituci\u00f3n el Acuerdo entre la Rep\u00fablica Dominicana y el Reino de los Pa\u00edses Bajos sobre\u2026","rel":"","context":"En \u00abPORTADA\u00bb","block_context":{"text":"PORTADA","link":"https:\/\/lasprimeras.com.do\/index.php\/category\/portada\/"},"img":{"alt_text":"","src":"https:\/\/i0.wp.com\/lasprimeras.com.do\/wp-content\/uploads\/2024\/10\/fp-1.jpg?resize=350%2C200&ssl=1","width":350,"height":200,"srcset":"https:\/\/i0.wp.com\/lasprimeras.com.do\/wp-content\/uploads\/2024\/10\/fp-1.jpg?resize=350%2C200&ssl=1 1x, https:\/\/i0.wp.com\/lasprimeras.com.do\/wp-content\/uploads\/2024\/10\/fp-1.jpg?resize=525%2C300&ssl=1 1.5x, https:\/\/i0.wp.com\/lasprimeras.com.do\/wp-content\/uploads\/2024\/10\/fp-1.jpg?resize=700%2C400&ssl=1 2x"},"classes":[]}],"jetpack_sharing_enabled":true,"_links":{"self":[{"href":"https:\/\/lasprimeras.com.do\/index.php\/wp-json\/wp\/v2\/posts\/109834","targetHints":{"allow":["GET"]}}],"collection":[{"href":"https:\/\/lasprimeras.com.do\/index.php\/wp-json\/wp\/v2\/posts"}],"about":[{"href":"https:\/\/lasprimeras.com.do\/index.php\/wp-json\/wp\/v2\/types\/post"}],"author":[{"embeddable":true,"href":"https:\/\/lasprimeras.com.do\/index.php\/wp-json\/wp\/v2\/users\/10"}],"replies":[{"embeddable":true,"href":"https:\/\/lasprimeras.com.do\/index.php\/wp-json\/wp\/v2\/comments?post=109834"}],"version-history":[{"count":1,"href":"https:\/\/lasprimeras.com.do\/index.php\/wp-json\/wp\/v2\/posts\/109834\/revisions"}],"predecessor-version":[{"id":109836,"href":"https:\/\/lasprimeras.com.do\/index.php\/wp-json\/wp\/v2\/posts\/109834\/revisions\/109836"}],"wp:featuredmedia":[{"embeddable":true,"href":"https:\/\/lasprimeras.com.do\/index.php\/wp-json\/wp\/v2\/media\/109835"}],"wp:attachment":[{"href":"https:\/\/lasprimeras.com.do\/index.php\/wp-json\/wp\/v2\/media?parent=109834"}],"wp:term":[{"taxonomy":"category","embeddable":true,"href":"https:\/\/lasprimeras.com.do\/index.php\/wp-json\/wp\/v2\/categories?post=109834"},{"taxonomy":"post_tag","embeddable":true,"href":"https:\/\/lasprimeras.com.do\/index.php\/wp-json\/wp\/v2\/tags?post=109834"}],"curies":[{"name":"wp","href":"https:\/\/api.w.org\/{rel}","templated":true}]}}