{"id":109847,"date":"2025-09-22T20:13:15","date_gmt":"2025-09-23T00:13:15","guid":{"rendered":"https:\/\/lasprimeras.com.do\/?p=109847"},"modified":"2025-09-22T20:13:17","modified_gmt":"2025-09-23T00:13:17","slug":"pld-exhorta-al-presidente-a-ordenar-investigacion-integral-sobre-irregularidades-en-el-inabie","status":"publish","type":"post","link":"https:\/\/lasprimeras.com.do\/index.php\/2025\/09\/22\/pld-exhorta-al-presidente-a-ordenar-investigacion-integral-sobre-irregularidades-en-el-inabie\/","title":{"rendered":"PLD exhorta al presidente a ordenar investigaci\u00f3n integral sobre irregularidades en el INABIE"},"content":{"rendered":"\n<p><strong>\u201cEl presidente ha dicho que no tiene c\u00f3mplices. Hoy tiene la oportunidad de demostrarlo ante toda la sociedad\u201d, resalta el PLD en rueda de prensa en la que reclama transparencia en INABIE<\/strong><\/p>\n\n\n\n<p>El Partido de la Liberaci\u00f3n Dominicana (PLD) exhort\u00f3 este lunes al presidente de la Rep\u00fablica a instruir una investigaci\u00f3n integral, p\u00fablica y con cronograma definido sobre todos los procesos del Instituto Nacional de Bienestar Estudiantil (INABIE) desde 2021 hasta la fecha.<\/p>\n\n\n\n<p>Seg\u00fan la organizaci\u00f3n pol\u00edtica, la magnitud del presupuesto de la instituci\u00f3n \u2014que en 2025 asciende a 40 mil millones de pesos, superando el de 18 entidades juntas\u2014 exige un manejo ejemplar y libre de cuestionamientos.<\/p>\n\n\n\n<p>En su acostumbrada rueda de prensa de los lunes, el PLD se\u00f1ala que, en 2021, durante el proceso de licitaci\u00f3n del almuerzo escolar, esa entidad adjudic\u00f3 de manera irregular contratos a m\u00e1s de 1,260 proveedores.<\/p>\n\n\n\n<p>El PLD por intermedio de Johnny Pujols, su secretario general, junto a Ren\u00e9 Jaquez, ex director de Inabie, los miembros del Comit\u00e9 Pol\u00edtico, Kenia Lora y El\u00edas Cornelio y los miembros del Comit\u00e9 Central, Mercedes Rodr\u00edguez y Chanel Rosa y una representaci\u00f3n de titulares de Secretar\u00edas y miembros del Comit\u00e9 Central, solicit\u00f3 al presidente Luis Abinader instruir una investigaci\u00f3n con un cronograma definido sobre los procesos cuestionados en Inabie.<\/p>\n\n\n\n<p>Recordaron que ninguna licitaci\u00f3n del INABIE en los \u00faltimos cuatro a\u00f1os ha estado exenta de denuncias: contratos otorgados a suplidores sin requisitos, exclusiones arbitrarias de centros educativos, pagos indebidos y hasta supuestos cobros ilegales para garantizar adjudicaciones.<\/p>\n\n\n\n<p>Se\u00f1alaron adem\u00e1s que tanto la Direcci\u00f3n de Contrataciones P\u00fablicas como la Contralor\u00eda General de la Rep\u00fablica han documentado irregularidades en procesos de compras de alimentos, mochilas, uniformes y calzados escolares por montos que superan los seis mil millones de pesos.<\/p>\n\n\n\n<p>El partido advirti\u00f3 que no se trata de rumores ni de especulaciones, sino de hechos sustentados en informes oficiales, resoluciones anuladas y expedientes remitidos al Ministerio P\u00fablico.<\/p>\n\n\n\n<p>\u201cCada irregularidad significa escuelas que arrancan el a\u00f1o sin la utiler\u00eda a tiempo, suplidores quebrados y, sobre todo, ni\u00f1os que dejan de recibir la alimentaci\u00f3n a la que tienen derecho\u201d, denunci\u00f3 la organizaci\u00f3n.<\/p>\n\n\n\n<p>Propuestas de reformas inmediatas<\/p>\n\n\n\n<p>El PLD subray\u00f3 que el INABIE necesita medidas urgentes para recuperar la confianza p\u00fablica. En ese sentido, propuso fortalecer los controles internos y la supervisi\u00f3n en cada fase de las licitaciones, al tiempo de garantizar que todos los procesos tengan trazabilidad digital para una auditor\u00eda transparente.<\/p>\n\n\n\n<p>Tambi\u00e9n plante\u00f3 la necesidad de establecer mecanismos que aseguren pagos oportunos a las MIPYMES suplidoras, verificaciones rigurosas de las plantas f\u00edsicas de los oferentes, as\u00ed como la eliminaci\u00f3n de intermediaciones que encarecen los contratos.<\/p>\n\n\n\n<p>De igual modo, llam\u00f3 a proteger a los denunciantes de posibles represalias y a instaurar una cultura institucional de cero tolerancias a la corrupci\u00f3n.<\/p>\n\n\n\n<p>\u201cEl pa\u00eds no puede seguir normalizando que la sombra de la corrupci\u00f3n opaque programas tan sensibles como el de alimentaci\u00f3n escolar\u201d, enfatizaron los dirigentes.<\/p>\n\n\n\n<p>Finalmente, el PLD record\u00f3 que durante su gesti\u00f3n al frente del Estado aplic\u00f3 correctivos para garantizar transparencia en el INABIE y que por eso habla hoy con la autoridad moral de haber elegido siempre el camino correcto.<\/p>\n\n\n\n<p>\u201cFallar en proteger al INABIE es fallar en proteger la confianza del pueblo dominicano en su democracia. Este es el momento de demostrar que no hay c\u00f3mplices, como tantas veces ha dicho el presidente\u201d.<\/p>\n\n\n\n<figure class=\"wp-block-embed is-type-rich is-provider-twitter wp-block-embed-twitter\"><div class=\"wp-block-embed__wrapper\">\n<div class=\"embed-twitter\"><blockquote class=\"twitter-tweet\" data-width=\"500\" data-dnt=\"true\"><p lang=\"es\" dir=\"ltr\"><a href=\"https:\/\/twitter.com\/hashtag\/DelPartidoPLD?src=hash&amp;ref_src=twsrc%5Etfw\">#DelPartidoPLD<\/a> | <a href=\"https:\/\/twitter.com\/hashtag\/PLD?src=hash&amp;ref_src=twsrc%5Etfw\">#PLD<\/a> exhorta al presidente a ordenar investigaci\u00f3n integral sobre irregularidades en el INABIE. <a href=\"https:\/\/t.co\/KicgdIhHcF\">pic.twitter.com\/KicgdIhHcF<\/a><\/p>&mdash; PLD (@PLDenlinea) <a href=\"https:\/\/twitter.com\/PLDenlinea\/status\/1970167776649093556?ref_src=twsrc%5Etfw\">September 22, 2025<\/a><\/blockquote><script async src=\"https:\/\/platform.twitter.com\/widgets.js\" charset=\"utf-8\"><\/script><\/div>\n<\/div><\/figure>\n","protected":false},"excerpt":{"rendered":"<p>\u201cEl presidente ha dicho que no tiene c\u00f3mplices. Hoy tiene la oportunidad de demostrarlo ante toda la sociedad\u201d, resalta el PLD en rueda de prensa en la que reclama transparencia&hellip;<\/p>\n","protected":false},"author":10,"featured_media":109848,"comment_status":"open","ping_status":"open","sticky":false,"template":"","format":"standard","meta":{"content-type":"","jetpack_post_was_ever_published":false,"_jetpack_newsletter_access":"","_jetpack_dont_email_post_to_subs":false,"_jetpack_newsletter_tier_id":0,"_jetpack_memberships_contains_paywalled_content":false,"_jetpack_memberships_contains_paid_content":false,"footnotes":""},"categories":[16559,25],"tags":[9338,24972,509,16053,269,935],"class_list":["post-109847","post","type-post","status-publish","format-standard","has-post-thumbnail","hentry","category-politica","category-portada","tag-inabie","tag-investigacion-integral","tag-irregularidades","tag-ordenar","tag-pld","tag-presidente"],"jetpack_featured_media_url":"https:\/\/lasprimeras.com.do\/wp-content\/uploads\/2025\/09\/pujols.jpg","jetpack-related-posts":[{"id":97387,"url":"https:\/\/lasprimeras.com.do\/index.php\/2025\/04\/08\/inabie-suspende-firma-y-certificacion-de-contratos-con-empresas-de-utileria-denunciadas\/","url_meta":{"origin":109847,"position":0},"title":"INABIE suspende firma y certificaci\u00f3n de contratos con empresas de utiler\u00eda denunciadas","author":"Nelson Feliz","date":"8 de abril de 2025","format":false,"excerpt":"La Direcci\u00f3n Ejecutiva tambi\u00e9n orden\u00f3 la suspensi\u00f3n de los peritos actuantes en las inspecciones para determinar posibles acciones u omisiones contrarias a la ley. La Direcci\u00f3n Ejecutiva del Instituto Nacional de Bienestar Estudiantil (INABIE) dispuso la suspensi\u00f3n de la firma y certificaci\u00f3n de contratos de empresas denuncias por posibles indicios\u2026","rel":"","context":"En \u00abNACIONALES\u00bb","block_context":{"text":"NACIONALES","link":"https:\/\/lasprimeras.com.do\/index.php\/category\/nacionales\/"},"img":{"alt_text":"","src":"https:\/\/i0.wp.com\/lasprimeras.com.do\/wp-content\/uploads\/2025\/04\/INABIE-suspende-firma-y-certificacion-de-contratos-con-empresas.jpg?resize=350%2C200&ssl=1","width":350,"height":200,"srcset":"https:\/\/i0.wp.com\/lasprimeras.com.do\/wp-content\/uploads\/2025\/04\/INABIE-suspende-firma-y-certificacion-de-contratos-con-empresas.jpg?resize=350%2C200&ssl=1 1x, https:\/\/i0.wp.com\/lasprimeras.com.do\/wp-content\/uploads\/2025\/04\/INABIE-suspende-firma-y-certificacion-de-contratos-con-empresas.jpg?resize=525%2C300&ssl=1 1.5x"},"classes":[]},{"id":120066,"url":"https:\/\/lasprimeras.com.do\/index.php\/2026\/01\/19\/pld-exige-al-ministerio-publico-investigar-denuncias-de-corrupcion-video\/","url_meta":{"origin":109847,"position":1},"title":"PLD exige al Ministerio P\u00fablico investigar denuncias de corrupci\u00f3n | Video","author":"Nelson Feliz","date":"19 de enero de 2026","format":false,"excerpt":"Ivan Lorenzo","rel":"","context":"En \u00abPOLITICA\u00bb","block_context":{"text":"POLITICA","link":"https:\/\/lasprimeras.com.do\/index.php\/category\/politica\/"},"img":{"alt_text":"Ivan Lorenzo","src":"https:\/\/i0.wp.com\/lasprimeras.com.do\/wp-content\/uploads\/2026\/01\/Ivan-Lorenzo.jpg?resize=350%2C200&ssl=1","width":350,"height":200,"srcset":"https:\/\/i0.wp.com\/lasprimeras.com.do\/wp-content\/uploads\/2026\/01\/Ivan-Lorenzo.jpg?resize=350%2C200&ssl=1 1x, https:\/\/i0.wp.com\/lasprimeras.com.do\/wp-content\/uploads\/2026\/01\/Ivan-Lorenzo.jpg?resize=525%2C300&ssl=1 1.5x, https:\/\/i0.wp.com\/lasprimeras.com.do\/wp-content\/uploads\/2026\/01\/Ivan-Lorenzo.jpg?resize=700%2C400&ssl=1 2x"},"classes":[]},{"id":99352,"url":"https:\/\/lasprimeras.com.do\/index.php\/2025\/05\/20\/inabie-refuerza-la-salud-preventiva-para-mantener-a-los-estudiantes-en-las-aulas\/","url_meta":{"origin":109847,"position":2},"title":"INABIE refuerza la salud preventiva para mantener a los estudiantes en las aulas","author":"Nelson Feliz","date":"20 de mayo de 2025","format":false,"excerpt":"El Instituto Nacional de Bienestar Estudiantil (INABIE) fortaleci\u00f3 su enfoque de salud preventiva mediante intervenciones m\u00e9dicas oportunas, que incluyeron la entrega de 63,917 medicamentos en 112 centros educativos en lo que va del a\u00f1o escolar. Estas acciones son ejecutadas por la Divisi\u00f3n de Epidemiolog\u00eda e Investigaci\u00f3n, que pertenece a la\u2026","rel":"","context":"En \u00abPORTADA\u00bb","block_context":{"text":"PORTADA","link":"https:\/\/lasprimeras.com.do\/index.php\/category\/portada\/"},"img":{"alt_text":"","src":"https:\/\/i0.wp.com\/lasprimeras.com.do\/wp-content\/uploads\/2025\/05\/Salud-preventiva-INABIE-.jpg?resize=350%2C200&ssl=1","width":350,"height":200,"srcset":"https:\/\/i0.wp.com\/lasprimeras.com.do\/wp-content\/uploads\/2025\/05\/Salud-preventiva-INABIE-.jpg?resize=350%2C200&ssl=1 1x, https:\/\/i0.wp.com\/lasprimeras.com.do\/wp-content\/uploads\/2025\/05\/Salud-preventiva-INABIE-.jpg?resize=525%2C300&ssl=1 1.5x"},"classes":[]},{"id":107037,"url":"https:\/\/lasprimeras.com.do\/index.php\/2025\/08\/22\/la-dgcp-anula-39-adjudicaciones-del-inabie-por-irregularidades-y-remite-casos-a-la-procuraduria\/","url_meta":{"origin":109847,"position":3},"title":"La DGCP anula 39 adjudicaciones del Inabie por irregularidades y remite casos a la Procuradur\u00eda","author":"Nelson Feliz","date":"22 de agosto de 2025","format":false,"excerpt":"La Direcci\u00f3n General de Contrataciones P\u00fablicas (DGCP) anul\u00f3 39 adjudicaciones de rubros escolares al Instituto Nacional de Bienestar Estudiantil (Inabie), tras detectar irregularidades que van desde la presentaci\u00f3n de documentaci\u00f3n alterada con indicios de falsedad por parte de varios proveedores, hasta indicios de colusi\u00f3n y conflictos de inter\u00e9s entre adjudicatarios.\u2026","rel":"","context":"En \u00abECONOM\u00cdA\u00bb","block_context":{"text":"ECONOM\u00cdA","link":"https:\/\/lasprimeras.com.do\/index.php\/category\/economia\/"},"img":{"alt_text":"dgcp","src":"https:\/\/i0.wp.com\/lasprimeras.com.do\/wp-content\/uploads\/2023\/12\/dgcp.jpg?resize=350%2C200&ssl=1","width":350,"height":200,"srcset":"https:\/\/i0.wp.com\/lasprimeras.com.do\/wp-content\/uploads\/2023\/12\/dgcp.jpg?resize=350%2C200&ssl=1 1x, https:\/\/i0.wp.com\/lasprimeras.com.do\/wp-content\/uploads\/2023\/12\/dgcp.jpg?resize=525%2C300&ssl=1 1.5x, https:\/\/i0.wp.com\/lasprimeras.com.do\/wp-content\/uploads\/2023\/12\/dgcp.jpg?resize=700%2C400&ssl=1 2x"},"classes":[]},{"id":102515,"url":"https:\/\/lasprimeras.com.do\/index.php\/2025\/07\/06\/inabie-lleva-servicios-de-salud-a-sdn-en-jornada-del-gobierno-en-las-provincias\/","url_meta":{"origin":109847,"position":4},"title":"INABIE lleva servicios de salud a SDN en jornada del Gobierno en las Provincias","author":"Nelson Feliz","date":"6 de julio de 2025","format":false,"excerpt":"En continuidad con el programa \u201cEl Gobierno en las Provincias\u201d, que se desarrolla desde la Presidencia de la Rep\u00fablica como pol\u00edtica de cercan\u00eda y acci\u00f3n directa con la ciudadan\u00eda, el Instituto Nacional de Bienestar Estudiantil (INABIE) realiz\u00f3 una jornada de salud integral dirigida a ni\u00f1os en edad escolar del municipio\u2026","rel":"","context":"En \u00abPORTADA\u00bb","block_context":{"text":"PORTADA","link":"https:\/\/lasprimeras.com.do\/index.php\/category\/portada\/"},"img":{"alt_text":"","src":"https:\/\/i0.wp.com\/lasprimeras.com.do\/wp-content\/uploads\/2025\/07\/FOTO-2.jpg?resize=350%2C200&ssl=1","width":350,"height":200,"srcset":"https:\/\/i0.wp.com\/lasprimeras.com.do\/wp-content\/uploads\/2025\/07\/FOTO-2.jpg?resize=350%2C200&ssl=1 1x, https:\/\/i0.wp.com\/lasprimeras.com.do\/wp-content\/uploads\/2025\/07\/FOTO-2.jpg?resize=525%2C300&ssl=1 1.5x, https:\/\/i0.wp.com\/lasprimeras.com.do\/wp-content\/uploads\/2025\/07\/FOTO-2.jpg?resize=700%2C400&ssl=1 2x"},"classes":[]},{"id":120847,"url":"https:\/\/lasprimeras.com.do\/index.php\/2026\/01\/28\/inabie-e-ideice-firman-acuerdo-para-analizar-y-fortalecer-programas-de-alimentacion-y-salud-escolar\/","url_meta":{"origin":109847,"position":5},"title":"Inabie e Ideice firman acuerdo para analizar y fortalecer programas de alimentaci\u00f3n y salud escolar","author":"Nelson Feliz","date":"28 de enero de 2026","format":false,"excerpt":"El Instituto Nacional de Bienestar Estudiantil (Inabie) y el Instituto Dominicano de Evaluaci\u00f3n e Investigaci\u00f3n de la Calidad Educativa (Ideice) formalizaron un acuerdo interinstitucional con el prop\u00f3sito de medir y fortalecer el impacto de los programas de alimentaci\u00f3n y salud escolar, como parte de los esfuerzos por mejorar el bienestar\u2026","rel":"","context":"En \u00abNACIONALES\u00bb","block_context":{"text":"NACIONALES","link":"https:\/\/lasprimeras.com.do\/index.php\/category\/nacionales\/"},"img":{"alt_text":"","src":"https:\/\/i0.wp.com\/lasprimeras.com.do\/wp-content\/uploads\/2026\/01\/1.-Adolfo-Perez-y-Jesus-Andujar-Aviles-2026-01-28-at-12.49.30-PM.jpg?resize=350%2C200&ssl=1","width":350,"height":200,"srcset":"https:\/\/i0.wp.com\/lasprimeras.com.do\/wp-content\/uploads\/2026\/01\/1.-Adolfo-Perez-y-Jesus-Andujar-Aviles-2026-01-28-at-12.49.30-PM.jpg?resize=350%2C200&ssl=1 1x, https:\/\/i0.wp.com\/lasprimeras.com.do\/wp-content\/uploads\/2026\/01\/1.-Adolfo-Perez-y-Jesus-Andujar-Aviles-2026-01-28-at-12.49.30-PM.jpg?resize=525%2C300&ssl=1 1.5x, https:\/\/i0.wp.com\/lasprimeras.com.do\/wp-content\/uploads\/2026\/01\/1.-Adolfo-Perez-y-Jesus-Andujar-Aviles-2026-01-28-at-12.49.30-PM.jpg?resize=700%2C400&ssl=1 2x"},"classes":[]}],"jetpack_sharing_enabled":true,"_links":{"self":[{"href":"https:\/\/lasprimeras.com.do\/index.php\/wp-json\/wp\/v2\/posts\/109847","targetHints":{"allow":["GET"]}}],"collection":[{"href":"https:\/\/lasprimeras.com.do\/index.php\/wp-json\/wp\/v2\/posts"}],"about":[{"href":"https:\/\/lasprimeras.com.do\/index.php\/wp-json\/wp\/v2\/types\/post"}],"author":[{"embeddable":true,"href":"https:\/\/lasprimeras.com.do\/index.php\/wp-json\/wp\/v2\/users\/10"}],"replies":[{"embeddable":true,"href":"https:\/\/lasprimeras.com.do\/index.php\/wp-json\/wp\/v2\/comments?post=109847"}],"version-history":[{"count":1,"href":"https:\/\/lasprimeras.com.do\/index.php\/wp-json\/wp\/v2\/posts\/109847\/revisions"}],"predecessor-version":[{"id":109849,"href":"https:\/\/lasprimeras.com.do\/index.php\/wp-json\/wp\/v2\/posts\/109847\/revisions\/109849"}],"wp:featuredmedia":[{"embeddable":true,"href":"https:\/\/lasprimeras.com.do\/index.php\/wp-json\/wp\/v2\/media\/109848"}],"wp:attachment":[{"href":"https:\/\/lasprimeras.com.do\/index.php\/wp-json\/wp\/v2\/media?parent=109847"}],"wp:term":[{"taxonomy":"category","embeddable":true,"href":"https:\/\/lasprimeras.com.do\/index.php\/wp-json\/wp\/v2\/categories?post=109847"},{"taxonomy":"post_tag","embeddable":true,"href":"https:\/\/lasprimeras.com.do\/index.php\/wp-json\/wp\/v2\/tags?post=109847"}],"curies":[{"name":"wp","href":"https:\/\/api.w.org\/{rel}","templated":true}]}}