{"id":109861,"date":"2025-09-22T23:52:06","date_gmt":"2025-09-23T03:52:06","guid":{"rendered":"https:\/\/lasprimeras.com.do\/?p=109861"},"modified":"2025-09-22T23:52:08","modified_gmt":"2025-09-23T03:52:08","slug":"leonel-dice-apagon-del-aila-es-un-desprestigio-internacional-para-rd","status":"publish","type":"post","link":"https:\/\/lasprimeras.com.do\/index.php\/2025\/09\/22\/leonel-dice-apagon-del-aila-es-un-desprestigio-internacional-para-rd\/","title":{"rendered":"Leonel dice apag\u00f3n del AILA es un &#8220;desprestigio internacional&#8221; para RD"},"content":{"rendered":"\n<p><strong>\u201cLes confieso honestamente que en estos momentos veo con gran pena el terrible retroceso que estamos experimentando en la Rep\u00fablica Dominicana\u201d, expres\u00f3 Fern\u00e1ndez.<\/strong><\/p>\n\n\n\n<p>El presidente de la Fuerza del Pueblo (FP), Leonel Fern\u00e1ndez, lament\u00f3 el prolongado apag\u00f3n registrado en el Aeropuerto Internacional de Las Am\u00e9ricas (AILA), al considerar que constituye un serio da\u00f1o a la imagen del pa\u00eds frente a la comunidad internacional.<\/p>\n\n\n\n<p>\u201cLes confieso honestamente que en estos momentos veo con gran pena el terrible retroceso que estamos experimentando en la Rep\u00fablica Dominicana\u201d, expres\u00f3 Fern\u00e1ndez durante un acto en Manhattan, Estados Unidos.<\/p>\n\n\n\n<p>El exmandatario calific\u00f3 el incidente en la terminal a\u00e9rea como un golpe doloroso para la reputaci\u00f3n del pa\u00eds.<\/p>\n\n\n\n<p>\u201cQue el Aeropuerto Internacional de las Am\u00e9ricas, Jos\u00e9 Francisco Pe\u00f1a G\u00f3mez, hoy haya sido afectado por un prolongado apag\u00f3n, a m\u00ed particularmente me hiere el alma, porque lo que est\u00e1 ocurriendo es el desprestigio internacional de la Rep\u00fablica Dominicana. Eso no podemos permitirlo\u201d, advirti\u00f3.<\/p>\n\n\n\n<p>Fern\u00e1ndez agreg\u00f3 que no es aceptable que, tras d\u00e9cadas de avances, se produzcan fallas de esa magnitud en una instalaci\u00f3n estrat\u00e9gica.<\/p>\n\n\n\n<p>\u201cNo es posible que en nuestro pa\u00eds, despu\u00e9s de tantos esfuerzos y de tantos avances, en el aeropuerto se produzca un apag\u00f3n, y que se prolongue ese apag\u00f3n, y que no se sepa la causa del apag\u00f3n\u201d, se\u00f1al\u00f3.<\/p>\n\n\n\n<p>Las palabras fueron ofrecidas en el marco de la juramentaci\u00f3n de nuevos miembros de la Fuerza del Pueblo en Nueva York, en un acto que desbord\u00f3 las expectativas y congreg\u00f3 a cientos de dominicanos.<\/p>\n\n\n\n<p>La actividad reafirm\u00f3 el proceso de crecimiento de la FP en el exterior, consolidando su estructura en Nueva York y fortaleciendo los lazos con sectores comunitarios, empresariales y juveniles.<\/p>\n","protected":false},"excerpt":{"rendered":"<p>\u201cLes confieso honestamente que en estos momentos veo con gran pena el terrible retroceso que estamos experimentando en la Rep\u00fablica Dominicana\u201d, expres\u00f3 Fern\u00e1ndez. El presidente de la Fuerza del Pueblo&hellip;<\/p>\n","protected":false},"author":10,"featured_media":109117,"comment_status":"open","ping_status":"open","sticky":false,"template":"","format":"standard","meta":{"content-type":"","jetpack_post_was_ever_published":false,"_jetpack_newsletter_access":"","_jetpack_dont_email_post_to_subs":false,"_jetpack_newsletter_tier_id":0,"_jetpack_memberships_contains_paywalled_content":false,"_jetpack_memberships_contains_paid_content":false,"footnotes":""},"categories":[16559,25],"tags":[24977,15992,24978,51,127],"class_list":["post-109861","post","type-post","status-publish","format-standard","has-post-thumbnail","hentry","category-politica","category-portada","tag-aeropuerto-de-las-americas","tag-apagon-2","tag-desprestigio-internacional","tag-leonel-fernandez","tag-rd"],"jetpack_featured_media_url":"https:\/\/lasprimeras.com.do\/wp-content\/uploads\/2025\/09\/Leonel-Fernandez.jpeg","jetpack-related-posts":[{"id":115104,"url":"https:\/\/lasprimeras.com.do\/index.php\/2025\/11\/19\/afirma-prm-deteriora-imagen-rd-a-nivel-internacional\/","url_meta":{"origin":109861,"position":0},"title":"Afirma PRM deteriora imagen RD a nivel internacional","author":"Nelson Feliz","date":"19 de noviembre de 2025","format":false,"excerpt":"Por Ram\u00f3n Mercedes NUEVA YORK.- El Partido Revolucionario Moderno (PRM) es la versi\u00f3n del PRD, y en esta nueva ex\u00e9gesis del cambio la imagen de la Rep\u00fablica Dominicana est\u00e1 siendo vilipendiada, al predominar las noticias de apagones en los aeropuertos, el narcotr\u00e1fico, haciendo met\u00e1stasis en el seno del partido de\u2026","rel":"","context":"En \u00abLA VOZ DE LA DIASPORA\u00bb","block_context":{"text":"LA VOZ DE LA DIASPORA","link":"https:\/\/lasprimeras.com.do\/index.php\/category\/la-voz-de-la-diaspora\/"},"img":{"alt_text":"Afirma PRM deteriora imagen RD a nivel internacional","src":"https:\/\/i0.wp.com\/lasprimeras.com.do\/wp-content\/uploads\/2025\/11\/WhatsApp-Image-2025-11-19-at-7.20.14-AM-1.jpeg?resize=350%2C200&ssl=1","width":350,"height":200},"classes":[]},{"id":118117,"url":"https:\/\/lasprimeras.com.do\/index.php\/2025\/12\/22\/leonel-la-gran-estafa-a-los-pobres-con-senasa-marca-un-ano-horrible-para-la-republica-dominicana\/","url_meta":{"origin":109861,"position":1},"title":"Leonel: \u201cLa gran estafa a los pobres con SeNaSa marca un a\u00f1o horrible para la Rep\u00fablica Dominicana\u201d","author":"Nelson Feliz","date":"22 de diciembre de 2025","format":false,"excerpt":"LF afirma que el gobierno del PRM \u201cno tiene forma de recuperar la confianza de la gente\u201d. El presidente del partido Fuerza del Pueblo (FP) y expresidente de la Rep\u00fablica, Leonel Fern\u00e1ndez, calific\u00f3 el a\u00f1o 2025 como \u201cun a\u00f1o horrible para la Rep\u00fablica Dominicana\u201d, al presentar un balance cr\u00edtico de\u2026","rel":"","context":"En \u00abPOLITICA\u00bb","block_context":{"text":"POLITICA","link":"https:\/\/lasprimeras.com.do\/index.php\/category\/politica\/"},"img":{"alt_text":"Leonel Fern\u00e1ndez","src":"https:\/\/i0.wp.com\/lasprimeras.com.do\/wp-content\/uploads\/2025\/12\/Leonel-Fernandez-2.jpg?resize=350%2C200&ssl=1","width":350,"height":200,"srcset":"https:\/\/i0.wp.com\/lasprimeras.com.do\/wp-content\/uploads\/2025\/12\/Leonel-Fernandez-2.jpg?resize=350%2C200&ssl=1 1x, https:\/\/i0.wp.com\/lasprimeras.com.do\/wp-content\/uploads\/2025\/12\/Leonel-Fernandez-2.jpg?resize=525%2C300&ssl=1 1.5x, https:\/\/i0.wp.com\/lasprimeras.com.do\/wp-content\/uploads\/2025\/12\/Leonel-Fernandez-2.jpg?resize=700%2C400&ssl=1 2x"},"classes":[]},{"id":60651,"url":"https:\/\/lasprimeras.com.do\/index.php\/2023\/09\/17\/leonel-califica-como-una-burla-mandar-a-disminuir-consumo-en-medio-de-tantos-apagones\/","url_meta":{"origin":109861,"position":2},"title":"Leonel califica como una burla mandar a disminuir consumo en medio de tantos apagones","author":"Nelson Feliz","date":"17 de septiembre de 2023","format":false,"excerpt":"\"Ustedes lo que tienen es que ser m\u00e1s eficiente en lo que hacen\", dice Leonel a ministro de Energ\u00eda y Minas New York, E.U.- El precandidato presidencial de la Fuerza del Pueblo, Leonel Fern\u00e1ndez, calific\u00f3 hoy como una burla al pueblo, que en medio de tantos apagones el ministro de\u2026","rel":"","context":"En \u00abPORTADA\u00bb","block_context":{"text":"PORTADA","link":"https:\/\/lasprimeras.com.do\/index.php\/category\/portada\/"},"img":{"alt_text":"Leonel Fernandez","src":"https:\/\/i0.wp.com\/lasprimeras.com.do\/wp-content\/uploads\/2023\/09\/Leonel-Fernandez-NY-1.jpg?resize=350%2C200&ssl=1","width":350,"height":200,"srcset":"https:\/\/i0.wp.com\/lasprimeras.com.do\/wp-content\/uploads\/2023\/09\/Leonel-Fernandez-NY-1.jpg?resize=350%2C200&ssl=1 1x, https:\/\/i0.wp.com\/lasprimeras.com.do\/wp-content\/uploads\/2023\/09\/Leonel-Fernandez-NY-1.jpg?resize=525%2C300&ssl=1 1.5x, https:\/\/i0.wp.com\/lasprimeras.com.do\/wp-content\/uploads\/2023\/09\/Leonel-Fernandez-NY-1.jpg?resize=700%2C400&ssl=1 2x"},"classes":[]},{"id":114218,"url":"https:\/\/lasprimeras.com.do\/index.php\/2025\/11\/11\/leonel-fernandez-ve-ineficiencia-del-gobierno-provoco-el-apagon\/","url_meta":{"origin":109861,"position":3},"title":"Leonel Fern\u00e1ndez ve \u201cineficiencia del Gobierno\u201d provoc\u00f3 el apag\u00f3n","author":"Nelson Feliz","date":"11 de noviembre de 2025","format":false,"excerpt":"El expresidente Leonel Fern\u00e1ndez conden\u00f3 el apag\u00f3n general que se ha producido este martes en la Rep\u00fablica Dominicana se\u00f1alando, entre otras cosas, que \u201cla ineficiencia del gobierno del PRM no podr\u00eda ser mayor\u201d. En un primer mensaje publicado en redes sociales, Fern\u00e1ndez, presidente del opositor Partido Fuerza del Pueblo, dijo\u2026","rel":"","context":"En \u00abPOLITICA\u00bb","block_context":{"text":"POLITICA","link":"https:\/\/lasprimeras.com.do\/index.php\/category\/politica\/"},"img":{"alt_text":"Leonel Fern\u00e1ndez","src":"https:\/\/i0.wp.com\/lasprimeras.com.do\/wp-content\/uploads\/2025\/11\/Leonel-Fernandez.jpg?resize=350%2C200&ssl=1","width":350,"height":200,"srcset":"https:\/\/i0.wp.com\/lasprimeras.com.do\/wp-content\/uploads\/2025\/11\/Leonel-Fernandez.jpg?resize=350%2C200&ssl=1 1x, https:\/\/i0.wp.com\/lasprimeras.com.do\/wp-content\/uploads\/2025\/11\/Leonel-Fernandez.jpg?resize=525%2C300&ssl=1 1.5x"},"classes":[]},{"id":78955,"url":"https:\/\/lasprimeras.com.do\/index.php\/2024\/03\/20\/leonel-rd-retrocede-por-la-caida-de-la-calidad-de-los-servicios-publicos\/","url_meta":{"origin":109861,"position":4},"title":"Leonel: RD retrocede por la ca\u00edda de la calidad de los servicios p\u00fablicos","author":"Nelson Feliz","date":"20 de marzo de 2024","format":false,"excerpt":"LF dijo se logr\u00f3 el Nueva York \u201cchiquito\u201d y ahora quiere hacer de RD, el Silicon Valley del Caribe MIAMI, Florida.- El l\u00edder y candidato a la Presidencia de la Rep\u00fablica por el partido Fuerza del Pueblo y organizaciones aliadas, Leonel Fern\u00e1ndez, destac\u00f3 que, sobre la base de la f\u00e1bula,\u2026","rel":"","context":"En \u00abPORTADA\u00bb","block_context":{"text":"PORTADA","link":"https:\/\/lasprimeras.com.do\/index.php\/category\/portada\/"},"img":{"alt_text":"Leonel Fern\u00e1ndez","src":"https:\/\/i0.wp.com\/lasprimeras.com.do\/wp-content\/uploads\/2024\/03\/Leonel-Fernandez-8.jpg?resize=350%2C200&ssl=1","width":350,"height":200,"srcset":"https:\/\/i0.wp.com\/lasprimeras.com.do\/wp-content\/uploads\/2024\/03\/Leonel-Fernandez-8.jpg?resize=350%2C200&ssl=1 1x, https:\/\/i0.wp.com\/lasprimeras.com.do\/wp-content\/uploads\/2024\/03\/Leonel-Fernandez-8.jpg?resize=525%2C300&ssl=1 1.5x, https:\/\/i0.wp.com\/lasprimeras.com.do\/wp-content\/uploads\/2024\/03\/Leonel-Fernandez-8.jpg?resize=700%2C400&ssl=1 2x"},"classes":[]},{"id":109731,"url":"https:\/\/lasprimeras.com.do\/index.php\/2025\/09\/21\/leonel-asegura-desde-nueva-york-que-el-prm-ha-colapsado-los-servicios-publicos\/","url_meta":{"origin":109861,"position":5},"title":"Leonel asegura desde Nueva York que el PRM ha colapsado los servicios p\u00fablicos","author":"Nelson Feliz","date":"21 de septiembre de 2025","format":false,"excerpt":"El l\u00edder de la Fuerza del Pueblo afirm\u00f3 que el fracaso del Gobierno se debe a ineficiencia y asegur\u00f3 que su partido encabeza el camino hacia el 2028.\u201cLos hospitales est\u00e1n m\u00e1s enfermos que los pacientes\u201d Nueva York. \u2013 El expresidente de la Rep\u00fablica Dominicana y l\u00edder de la Fuerza del\u2026","rel":"","context":"En \u00abPOLITICA\u00bb","block_context":{"text":"POLITICA","link":"https:\/\/lasprimeras.com.do\/index.php\/category\/politica\/"},"img":{"alt_text":"","src":"https:\/\/i0.wp.com\/lasprimeras.com.do\/wp-content\/uploads\/2025\/09\/Leonel-Fernandez-1.jpg?resize=350%2C200&ssl=1","width":350,"height":200,"srcset":"https:\/\/i0.wp.com\/lasprimeras.com.do\/wp-content\/uploads\/2025\/09\/Leonel-Fernandez-1.jpg?resize=350%2C200&ssl=1 1x, https:\/\/i0.wp.com\/lasprimeras.com.do\/wp-content\/uploads\/2025\/09\/Leonel-Fernandez-1.jpg?resize=525%2C300&ssl=1 1.5x, https:\/\/i0.wp.com\/lasprimeras.com.do\/wp-content\/uploads\/2025\/09\/Leonel-Fernandez-1.jpg?resize=700%2C400&ssl=1 2x"},"classes":[]}],"jetpack_sharing_enabled":true,"_links":{"self":[{"href":"https:\/\/lasprimeras.com.do\/index.php\/wp-json\/wp\/v2\/posts\/109861","targetHints":{"allow":["GET"]}}],"collection":[{"href":"https:\/\/lasprimeras.com.do\/index.php\/wp-json\/wp\/v2\/posts"}],"about":[{"href":"https:\/\/lasprimeras.com.do\/index.php\/wp-json\/wp\/v2\/types\/post"}],"author":[{"embeddable":true,"href":"https:\/\/lasprimeras.com.do\/index.php\/wp-json\/wp\/v2\/users\/10"}],"replies":[{"embeddable":true,"href":"https:\/\/lasprimeras.com.do\/index.php\/wp-json\/wp\/v2\/comments?post=109861"}],"version-history":[{"count":1,"href":"https:\/\/lasprimeras.com.do\/index.php\/wp-json\/wp\/v2\/posts\/109861\/revisions"}],"predecessor-version":[{"id":109862,"href":"https:\/\/lasprimeras.com.do\/index.php\/wp-json\/wp\/v2\/posts\/109861\/revisions\/109862"}],"wp:featuredmedia":[{"embeddable":true,"href":"https:\/\/lasprimeras.com.do\/index.php\/wp-json\/wp\/v2\/media\/109117"}],"wp:attachment":[{"href":"https:\/\/lasprimeras.com.do\/index.php\/wp-json\/wp\/v2\/media?parent=109861"}],"wp:term":[{"taxonomy":"category","embeddable":true,"href":"https:\/\/lasprimeras.com.do\/index.php\/wp-json\/wp\/v2\/categories?post=109861"},{"taxonomy":"post_tag","embeddable":true,"href":"https:\/\/lasprimeras.com.do\/index.php\/wp-json\/wp\/v2\/tags?post=109861"}],"curies":[{"name":"wp","href":"https:\/\/api.w.org\/{rel}","templated":true}]}}