{"id":109885,"date":"2025-09-23T08:43:56","date_gmt":"2025-09-23T12:43:56","guid":{"rendered":"https:\/\/lasprimeras.com.do\/?p=109885"},"modified":"2025-09-23T08:43:58","modified_gmt":"2025-09-23T12:43:58","slug":"pensiones-solidarias-reducen-la-pobreza-extrema-en-mas-de-un-50-en-republica-dominicana","status":"publish","type":"post","link":"https:\/\/lasprimeras.com.do\/index.php\/2025\/09\/23\/pensiones-solidarias-reducen-la-pobreza-extrema-en-mas-de-un-50-en-republica-dominicana\/","title":{"rendered":"Pensiones Solidarias reducen la pobreza extrema en m\u00e1s de un 50 % en Rep\u00fablica Dominicana"},"content":{"rendered":"\n<p>El director general de Jubilaciones y Pensiones a Cargo del Estado (DGJP), Juan Rosa, destac\u00f3 que la pobreza extrema en Rep\u00fablica Dominicana ha disminuido en m\u00e1s de un 50 %, entre el a\u00f1o 2020 y el 2025, gracias a la implementaci\u00f3n de las pensiones solidarias y otras ayudas sociales dirigidas a los sectores m\u00e1s vulnerables.<\/p>\n\n\n\n<p>Precis\u00f3 que, durante la gesti\u00f3n del presidente Luis Abinader, se han otorgado m\u00e1s de 151 mil pensiones en sus diferentes modalidades, de las cuales el 71% han sido destinadas a los sectores m\u00e1s vulnerables del pa\u00eds.<\/p>\n\n\n\n<p>En ese sentido, el funcionario expres\u00f3 que se han concedido 67 mil 828 pensiones solidarias de 6,000 pesos cada una y m\u00e1s de 40 mil pensiones del antiguo Instituto Dominicano de Seguros Sociales (IDSS), de 10,000 pesos mensuales cada una.<\/p>\n\n\n\n<p>Rosa resalt\u00f3 que, seg\u00fan informes de la CEPAL, mantener la expansi\u00f3n del programa de pensiones solidaria permitir\u00e1 la pobreza general sea reducida en 6 puntos por encima tuales, en el pa\u00eds.<\/p>\n\n\n\n<p>En otro orden, Rosa inform\u00f3 que la DGJP se ha transformado Bajo su gesti\u00f3n, ya que se implementaron mejoras sustanciales como el sistema Iflow, turnos por tickets, almuerzos para envejecientes en coordinaci\u00f3n con los Comedores Econ\u00f3micos, y la implementaci\u00f3n del programa Visitas Guiadas para acercar la instituci\u00f3n a la ciudadan\u00eda.<\/p>\n\n\n\n<p>Adem\u00e1s, se han inaugurado varias oficinas para mejorar el servicio en distintas regiones del pa\u00eds y en el exterior, como la oficina Regional Este en La Romana, los Puntos GOB: Parada de la Cultura, Santo Domingo Este y Colina Centro en Santo Domingo Norte, y en los consulados de Nueva York y Madrid.<\/p>\n\n\n\n<p>El funcionario subray\u00f3, adem\u00e1s, los avances en la modernizaci\u00f3n digital, que incluyen servicios en l\u00ednea como \u201cConsulta tu pensi\u00f3n\u201d, \u201cHist\u00f3rico de pagos\u201d y certificaciones accesibles desde el portal institucional, lo que ha facilitado el acceso a informaciones de manera r\u00e1pida y transparente.<\/p>\n\n\n\n<p>Las declaraciones fueron ofrecidas en el programa Fuera de R\u00e9cord, que conduce el periodista Elvis Lima.<\/p>\n","protected":false},"excerpt":{"rendered":"<p>El director general de Jubilaciones y Pensiones a Cargo del Estado (DGJP), Juan Rosa, destac\u00f3 que la pobreza extrema en Rep\u00fablica Dominicana ha disminuido en m\u00e1s de un 50 %,&hellip;<\/p>\n","protected":false},"author":10,"featured_media":109886,"comment_status":"open","ping_status":"open","sticky":false,"template":"","format":"standard","meta":{"content-type":"","jetpack_post_was_ever_published":false,"_jetpack_newsletter_access":"","_jetpack_dont_email_post_to_subs":false,"_jetpack_newsletter_tier_id":0,"_jetpack_memberships_contains_paywalled_content":false,"_jetpack_memberships_contains_paid_content":false,"footnotes":""},"categories":[39],"tags":[24990,15979,24991,1226],"class_list":["post-109885","post","type-post","status-publish","format-standard","has-post-thumbnail","hentry","category-economia","tag-pensiones-solidarias","tag-pobreza-extrema","tag-reducen","tag-republica-dominicana"],"jetpack_featured_media_url":"https:\/\/lasprimeras.com.do\/wp-content\/uploads\/2025\/09\/Juan-Rosa-1.jpg","jetpack-related-posts":[{"id":110653,"url":"https:\/\/lasprimeras.com.do\/index.php\/2025\/09\/30\/gobierno-destino-rd54-mil-millones-al-pago-de-pensiones-en-2025\/","url_meta":{"origin":109885,"position":0},"title":"Gobierno destin\u00f3 RD$54 mil millones al pago de pensiones en 2025","author":"Nelson Feliz","date":"30 de septiembre de 2025","format":false,"excerpt":"El director general de Jubilaciones y Pensiones a Cargo del Estado, Juan Rosa, inform\u00f3 que el presupuesto destinado al pago de pensiones para el a\u00f1o 2025, asciende a RD$54 mil millones de pesos, recursos que cubren pensiones por antig\u00fcedad en el servicio, miembros de la Polic\u00eda Nacional, solidarias y especiales.\u2026","rel":"","context":"En \u00abECONOM\u00cdA\u00bb","block_context":{"text":"ECONOM\u00cdA","link":"https:\/\/lasprimeras.com.do\/index.php\/category\/economia\/"},"img":{"alt_text":"","src":"https:\/\/i0.wp.com\/lasprimeras.com.do\/wp-content\/uploads\/2025\/09\/JUAN-ROSA.jpg?resize=350%2C200&ssl=1","width":350,"height":200,"srcset":"https:\/\/i0.wp.com\/lasprimeras.com.do\/wp-content\/uploads\/2025\/09\/JUAN-ROSA.jpg?resize=350%2C200&ssl=1 1x, https:\/\/i0.wp.com\/lasprimeras.com.do\/wp-content\/uploads\/2025\/09\/JUAN-ROSA.jpg?resize=525%2C300&ssl=1 1.5x, https:\/\/i0.wp.com\/lasprimeras.com.do\/wp-content\/uploads\/2025\/09\/JUAN-ROSA.jpg?resize=700%2C400&ssl=1 2x"},"classes":[]},{"id":103196,"url":"https:\/\/lasprimeras.com.do\/index.php\/2025\/07\/13\/abinader-preocupado-por-la-gente\/","url_meta":{"origin":109885,"position":1},"title":"Abinader preocupado por la gente","author":"Nelson Feliz","date":"13 de julio de 2025","format":false,"excerpt":"Por Doctor Ram\u00f3n Ceballo La Rep\u00fablica Dominicana ha arrastrado durante d\u00e9cadas una deuda social hist\u00f3rica, producto del abandono sistem\u00e1tico de pol\u00edticas p\u00fablicas orientadas a mejorar las condiciones de vida de los sectores m\u00e1s vulnerables. La clase pol\u00edtica, en gran medida, ha priorizado agendas econ\u00f3micas o clientelares, dejando a millones de\u2026","rel":"","context":"En \u00abOPINI\u00d3N\u00bb","block_context":{"text":"OPINI\u00d3N","link":"https:\/\/lasprimeras.com.do\/index.php\/category\/opinion\/"},"img":{"alt_text":"","src":"https:\/\/i0.wp.com\/lasprimeras.com.do\/wp-content\/uploads\/2025\/07\/LUIS-ABINADER-3.jpg?resize=350%2C200&ssl=1","width":350,"height":200,"srcset":"https:\/\/i0.wp.com\/lasprimeras.com.do\/wp-content\/uploads\/2025\/07\/LUIS-ABINADER-3.jpg?resize=350%2C200&ssl=1 1x, https:\/\/i0.wp.com\/lasprimeras.com.do\/wp-content\/uploads\/2025\/07\/LUIS-ABINADER-3.jpg?resize=525%2C300&ssl=1 1.5x, https:\/\/i0.wp.com\/lasprimeras.com.do\/wp-content\/uploads\/2025\/07\/LUIS-ABINADER-3.jpg?resize=700%2C400&ssl=1 2x"},"classes":[]},{"id":74011,"url":"https:\/\/lasprimeras.com.do\/index.php\/2024\/01\/18\/abel-martinez-gobierno-hace-trucos-con-estadisticas-para-enganar-al-pueblo\/","url_meta":{"origin":109885,"position":2},"title":"Abel Mart\u00ednez: \u201cGobierno hace trucos con estad\u00edsticas para enga\u00f1ar al pueblo\u201d","author":"Nelson Feliz","date":"18 de enero de 2024","format":false,"excerpt":"Sostuvo que los n\u00fameros que presenta sobre el bienestar son vac\u00edos, porque la gente la est\u00e1 pasando mal. El candidato presidencial del Partido de la Liberaci\u00f3n Dominicana (PLD), Abel Mart\u00ednez, calific\u00f3 de cifras vac\u00edas y n\u00fameros inventados para \u201ctapar la realidad y enga\u00f1ar a los dominicanos\u201d las estad\u00edsticas que ofrece\u2026","rel":"","context":"En \u00abSin categor\u00eda\u00bb","block_context":{"text":"Sin categor\u00eda","link":"https:\/\/lasprimeras.com.do\/index.php\/category\/sin-categoria\/"},"img":{"alt_text":"Abel Martinez","src":"https:\/\/i0.wp.com\/lasprimeras.com.do\/wp-content\/uploads\/2024\/01\/Abel-Martinez.jpg?resize=350%2C200&ssl=1","width":350,"height":200,"srcset":"https:\/\/i0.wp.com\/lasprimeras.com.do\/wp-content\/uploads\/2024\/01\/Abel-Martinez.jpg?resize=350%2C200&ssl=1 1x, https:\/\/i0.wp.com\/lasprimeras.com.do\/wp-content\/uploads\/2024\/01\/Abel-Martinez.jpg?resize=525%2C300&ssl=1 1.5x, https:\/\/i0.wp.com\/lasprimeras.com.do\/wp-content\/uploads\/2024\/01\/Abel-Martinez.jpg?resize=700%2C400&ssl=1 2x"},"classes":[]},{"id":57242,"url":"https:\/\/lasprimeras.com.do\/index.php\/2023\/08\/10\/diputado-luis-henriquez-acusa-al-gobierno-de-beneficiar-a-perremeistas-con-pensiones-solidarias\/","url_meta":{"origin":109885,"position":3},"title":"Diputado Luis Henr\u00edquez acusa al gobierno de beneficiar a perremeistas con pensiones solidarias","author":"Nelson Feliz","date":"10 de agosto de 2023","format":false,"excerpt":"El diputado del Partido de la Liberaci\u00f3n Dominicana (PLD), Luis Henr\u00edquez desarroll\u00f3 la conferencia \u201cEl enga\u00f1o del Cambio\u201d, ante un nutrido grupo de dominicanos residentes en el Bronx, NewYork. All\u00ed el representante de Santo Domingo Este deplor\u00f3 que m\u00e1s de 150 dirigentes del Partido Revolucionario Moderno (PRM, que viven en\u2026","rel":"","context":"En \u00abSin categor\u00eda\u00bb","block_context":{"text":"Sin categor\u00eda","link":"https:\/\/lasprimeras.com.do\/index.php\/category\/sin-categoria\/"},"img":{"alt_text":"Luis Henr\u00edquez","src":"https:\/\/i0.wp.com\/lasprimeras.com.do\/wp-content\/uploads\/2023\/08\/Luis-Henriquez-1.jpg?resize=350%2C200&ssl=1","width":350,"height":200,"srcset":"https:\/\/i0.wp.com\/lasprimeras.com.do\/wp-content\/uploads\/2023\/08\/Luis-Henriquez-1.jpg?resize=350%2C200&ssl=1 1x, https:\/\/i0.wp.com\/lasprimeras.com.do\/wp-content\/uploads\/2023\/08\/Luis-Henriquez-1.jpg?resize=525%2C300&ssl=1 1.5x, https:\/\/i0.wp.com\/lasprimeras.com.do\/wp-content\/uploads\/2023\/08\/Luis-Henriquez-1.jpg?resize=700%2C400&ssl=1 2x"},"classes":[]},{"id":116611,"url":"https:\/\/lasprimeras.com.do\/index.php\/2025\/12\/02\/dgjp-paga-mas-rd-3884-millones-de-regalia-pascual-a-pensionados-a-nivel-nacional\/","url_meta":{"origin":109885,"position":4},"title":"DGJP paga m\u00e1s RD$ 3,884 millones de regal\u00eda pascual a pensionados a nivel nacional","author":"Nelson Feliz","date":"2 de diciembre de 2025","format":false,"excerpt":"La Direcci\u00f3n General de Jubilaciones y Pensiones a Cargo del Estado (DGJP) inform\u00f3 que fue realizado el desembolso de m\u00e1s RD$ 3,884, 802,646.57 correspondiente al pago de la regal\u00eda pascual del a\u00f1o 2025, a todos los pensionados y jubilados a cargo del Estado. La entidad indic\u00f3 que el monto remunerado\u2026","rel":"","context":"En \u00abECONOM\u00cdA\u00bb","block_context":{"text":"ECONOM\u00cdA","link":"https:\/\/lasprimeras.com.do\/index.php\/category\/economia\/"},"img":{"alt_text":"DGJP","src":"https:\/\/i0.wp.com\/lasprimeras.com.do\/wp-content\/uploads\/2025\/12\/DGJP.jpg?resize=350%2C200&ssl=1","width":350,"height":200,"srcset":"https:\/\/i0.wp.com\/lasprimeras.com.do\/wp-content\/uploads\/2025\/12\/DGJP.jpg?resize=350%2C200&ssl=1 1x, https:\/\/i0.wp.com\/lasprimeras.com.do\/wp-content\/uploads\/2025\/12\/DGJP.jpg?resize=525%2C300&ssl=1 1.5x, https:\/\/i0.wp.com\/lasprimeras.com.do\/wp-content\/uploads\/2025\/12\/DGJP.jpg?resize=700%2C400&ssl=1 2x"},"classes":[]},{"id":105975,"url":"https:\/\/lasprimeras.com.do\/index.php\/2025\/08\/09\/ramon-meresty-solicita-al-gobierno-una-pension-solidaria\/","url_meta":{"origin":109885,"position":5},"title":"Ram\u00f3n Meresty solicita al Gobierno una pensi\u00f3n solidaria","author":"Nelson Feliz","date":"9 de agosto de 2025","format":false,"excerpt":"Un hombre de 57 a\u00f1os, quien perdi\u00f3 una pierna y un brazo cuando era ni\u00f1o, pidi\u00f3 a las autoridades gubernamentales una pensi\u00f3n solidaria por discapacidad,ya que solo depende de la gracias de Dios para sobrevivir. Ram\u00f3n Meresty, quien reside en el sector Las Palmas en Santo Domingo Oeste, solicit\u00f3 a\u2026","rel":"","context":"En \u00abNACIONALES\u00bb","block_context":{"text":"NACIONALES","link":"https:\/\/lasprimeras.com.do\/index.php\/category\/nacionales\/"},"img":{"alt_text":"","src":"https:\/\/i0.wp.com\/lasprimeras.com.do\/wp-content\/uploads\/2025\/08\/ayuda.jpg?resize=350%2C200&ssl=1","width":350,"height":200,"srcset":"https:\/\/i0.wp.com\/lasprimeras.com.do\/wp-content\/uploads\/2025\/08\/ayuda.jpg?resize=350%2C200&ssl=1 1x, https:\/\/i0.wp.com\/lasprimeras.com.do\/wp-content\/uploads\/2025\/08\/ayuda.jpg?resize=525%2C300&ssl=1 1.5x, https:\/\/i0.wp.com\/lasprimeras.com.do\/wp-content\/uploads\/2025\/08\/ayuda.jpg?resize=700%2C400&ssl=1 2x"},"classes":[]}],"jetpack_sharing_enabled":true,"_links":{"self":[{"href":"https:\/\/lasprimeras.com.do\/index.php\/wp-json\/wp\/v2\/posts\/109885","targetHints":{"allow":["GET"]}}],"collection":[{"href":"https:\/\/lasprimeras.com.do\/index.php\/wp-json\/wp\/v2\/posts"}],"about":[{"href":"https:\/\/lasprimeras.com.do\/index.php\/wp-json\/wp\/v2\/types\/post"}],"author":[{"embeddable":true,"href":"https:\/\/lasprimeras.com.do\/index.php\/wp-json\/wp\/v2\/users\/10"}],"replies":[{"embeddable":true,"href":"https:\/\/lasprimeras.com.do\/index.php\/wp-json\/wp\/v2\/comments?post=109885"}],"version-history":[{"count":1,"href":"https:\/\/lasprimeras.com.do\/index.php\/wp-json\/wp\/v2\/posts\/109885\/revisions"}],"predecessor-version":[{"id":109887,"href":"https:\/\/lasprimeras.com.do\/index.php\/wp-json\/wp\/v2\/posts\/109885\/revisions\/109887"}],"wp:featuredmedia":[{"embeddable":true,"href":"https:\/\/lasprimeras.com.do\/index.php\/wp-json\/wp\/v2\/media\/109886"}],"wp:attachment":[{"href":"https:\/\/lasprimeras.com.do\/index.php\/wp-json\/wp\/v2\/media?parent=109885"}],"wp:term":[{"taxonomy":"category","embeddable":true,"href":"https:\/\/lasprimeras.com.do\/index.php\/wp-json\/wp\/v2\/categories?post=109885"},{"taxonomy":"post_tag","embeddable":true,"href":"https:\/\/lasprimeras.com.do\/index.php\/wp-json\/wp\/v2\/tags?post=109885"}],"curies":[{"name":"wp","href":"https:\/\/api.w.org\/{rel}","templated":true}]}}