{"id":109888,"date":"2025-09-23T08:51:18","date_gmt":"2025-09-23T12:51:18","guid":{"rendered":"https:\/\/lasprimeras.com.do\/?p=109888"},"modified":"2025-09-23T08:51:20","modified_gmt":"2025-09-23T12:51:20","slug":"abinader-resalta-potencial-de-tierras-raras-en-rd-durante-su-agenda-en-nueva-york","status":"publish","type":"post","link":"https:\/\/lasprimeras.com.do\/index.php\/2025\/09\/23\/abinader-resalta-potencial-de-tierras-raras-en-rd-durante-su-agenda-en-nueva-york\/","title":{"rendered":"Abinader resalta potencial de tierras raras en RD durante su agenda en Nueva York"},"content":{"rendered":"\n<p><strong>Mandatario afirma que el pa\u00eds presentar\u00e1 este potencial a organismos multilaterales y foros empresariales para atraer inversiones.<\/strong><\/p>\n\n\n\n<p>Nueva York.\u2014 El presidente Luis Abinader destac\u00f3 anoche la importancia estrat\u00e9gica de los recientes descubrimientos de tierras raras en la Rep\u00fablica Dominicana, al se\u00f1alar que se trata de uno de los hallazgos m\u00e1s relevantes de Am\u00e9rica Latina por su nivel de riqueza y valor econ\u00f3mico.<\/p>\n\n\n\n<p>\u201cQuiero decirles que estamos muy optimistas con lo que estamos descubriendo en tierras raras. En t\u00e9rminos de su riqueza y valor, quiz\u00e1s sea el mayor de la regi\u00f3n\u201d, expres\u00f3 el mandatario a su llegada a Nueva York, acompa\u00f1ado de la primera dama Raquel Arbaje, donde desarrollar\u00e1 una intensa agenda de trabajo en el marco del 80\u00ba per\u00edodo de sesiones de la Asamblea General de las Naciones Unidas (ONU).<\/p>\n\n\n\n<p>El jefe de Estado explic\u00f3 que la Rep\u00fablica Dominicana presentar\u00e1 este potencial a organismos multilaterales y foros empresariales con el objetivo de atraer nuevas inversiones.<\/p>\n\n\n\n<p>Se\u00f1al\u00f3 que entre los espacios de di\u00e1logo figuran el Consejo de las Am\u00e9ricas, el Atlantic Forum y el Centro de Inversiones de Empresarios Hispanoamericanos, plataformas que re\u00fanen a influyentes representantes del sector privado de la regi\u00f3n.<\/p>\n\n\n\n<p>El gobernante destac\u00f3 adem\u00e1s que su gobierno mantiene una visi\u00f3n optimista sobre las oportunidades que generar\u00e1n estos recursos. \u201cSe trata de un activo estrat\u00e9gico para el desarrollo nacional y para consolidar la participaci\u00f3n del pa\u00eds en la econom\u00eda global\u201d.<\/p>\n\n\n\n<figure class=\"wp-block-video\"><video height=\"720\" style=\"aspect-ratio: 1280 \/ 720;\" width=\"1280\" autoplay controls muted src=\"https:\/\/lasprimeras.com.do\/wp-content\/uploads\/2025\/09\/WhatsApp-Video-2025-09-23-at-2.37.27-AM.mp4\"><\/video><\/figure>\n","protected":false},"excerpt":{"rendered":"<p>Mandatario afirma que el pa\u00eds presentar\u00e1 este potencial a organismos multilaterales y foros empresariales para atraer inversiones. Nueva York.\u2014 El presidente Luis Abinader destac\u00f3 anoche la importancia estrat\u00e9gica de los&hellip;<\/p>\n","protected":false},"author":10,"featured_media":109889,"comment_status":"open","ping_status":"open","sticky":false,"template":"","format":"standard","meta":{"content-type":"","jetpack_post_was_ever_published":false,"_jetpack_newsletter_access":"","_jetpack_dont_email_post_to_subs":false,"_jetpack_newsletter_tier_id":0,"_jetpack_memberships_contains_paywalled_content":false,"_jetpack_memberships_contains_paid_content":false,"footnotes":""},"categories":[39,25],"tags":[361,67,104,5798,1226,14793],"class_list":["post-109888","post","type-post","status-publish","format-standard","has-post-thumbnail","hentry","category-economia","category-portada","tag-agenda","tag-luis-abinader","tag-nueva-york","tag-potencial","tag-republica-dominicana","tag-tierras-raras"],"jetpack_featured_media_url":"https:\/\/lasprimeras.com.do\/wp-content\/uploads\/2025\/09\/Luis-Abinader-5.jpg","jetpack-related-posts":[{"id":94290,"url":"https:\/\/lasprimeras.com.do\/index.php\/2025\/02\/27\/abinader-sobre-tierras-raras-en-rd-son-una-oportunidad-estrategica-sin-precedente\/","url_meta":{"origin":109888,"position":0},"title":"Abinader sobre tierras raras en RD: son una &#8220;oportunidad estrat\u00e9gica sin precedente&#8221;","author":"Nelson Feliz","date":"27 de febrero de 2025","format":false,"excerpt":"El presidente asegur\u00f3 que los beneficios de la explotaci\u00f3n de estos minerales ser\u00e1 \u00fanicamente de los dominicanos. El presidente Luis Abinader insisti\u00f3 en su quinta rendici\u00f3n de cuentas este jueves en que el descubrimiento y explotaci\u00f3n de las tierras raras en la Rep\u00fablica Dominicana representa \"una oportunidad estrat\u00e9gica sin precedentes\",\u2026","rel":"","context":"En \u00abECONOM\u00cdA\u00bb","block_context":{"text":"ECONOM\u00cdA","link":"https:\/\/lasprimeras.com.do\/index.php\/category\/economia\/"},"img":{"alt_text":"Luis Abinader","src":"https:\/\/i0.wp.com\/lasprimeras.com.do\/wp-content\/uploads\/2025\/02\/Luis-Abinader-6.jpg?resize=350%2C200&ssl=1","width":350,"height":200,"srcset":"https:\/\/i0.wp.com\/lasprimeras.com.do\/wp-content\/uploads\/2025\/02\/Luis-Abinader-6.jpg?resize=350%2C200&ssl=1 1x, https:\/\/i0.wp.com\/lasprimeras.com.do\/wp-content\/uploads\/2025\/02\/Luis-Abinader-6.jpg?resize=525%2C300&ssl=1 1.5x, https:\/\/i0.wp.com\/lasprimeras.com.do\/wp-content\/uploads\/2025\/02\/Luis-Abinader-6.jpg?resize=700%2C400&ssl=1 2x"},"classes":[]},{"id":93839,"url":"https:\/\/lasprimeras.com.do\/index.php\/2025\/02\/21\/pld-recomienda-estudio-sobre-tierras-raras-en-dominicana\/","url_meta":{"origin":109888,"position":1},"title":"PLD recomienda estudio sobre \u201ctierras raras\u201d en Dominicana","author":"Nelson Feliz","date":"21 de febrero de 2025","format":false,"excerpt":"Carece de fundamento cient\u00edfico y es prematura la afirmaci\u00f3n del presidente Luis Abinader sobre la existencia de 100 millones de toneladas de reservas brutas de tierras raras, opin\u00f3 el Partido de la Liberaci\u00f3n Dominicana (PLD). Alexander Medina, subsecretario de Energ\u00eda y Minas del PLD, hace el se\u00f1alamiento en un documento\u2026","rel":"","context":"En \u00abPOLITICA\u00bb","block_context":{"text":"POLITICA","link":"https:\/\/lasprimeras.com.do\/index.php\/category\/politica\/"},"img":{"alt_text":"","src":"https:\/\/i0.wp.com\/lasprimeras.com.do\/wp-content\/uploads\/2024\/05\/CN-PLD.jpg?resize=350%2C200&ssl=1","width":350,"height":200,"srcset":"https:\/\/i0.wp.com\/lasprimeras.com.do\/wp-content\/uploads\/2024\/05\/CN-PLD.jpg?resize=350%2C200&ssl=1 1x, https:\/\/i0.wp.com\/lasprimeras.com.do\/wp-content\/uploads\/2024\/05\/CN-PLD.jpg?resize=525%2C300&ssl=1 1.5x, https:\/\/i0.wp.com\/lasprimeras.com.do\/wp-content\/uploads\/2024\/05\/CN-PLD.jpg?resize=700%2C400&ssl=1 2x"},"classes":[]},{"id":93324,"url":"https:\/\/lasprimeras.com.do\/index.php\/2025\/02\/07\/isa-conde-cuestiona-estimacion-sobre-las-tierras-raras-en-el-pais\/","url_meta":{"origin":109888,"position":2},"title":"Isa Conde cuestiona estimaci\u00f3n sobre las tierras raras en el pa\u00eds","author":"Nelson Feliz","date":"7 de febrero de 2025","format":false,"excerpt":"Exministro de Energ\u00eda y Minas dice estimaci\u00f3n de tierras raras en RD supera las reservas de China. El exministro de Energ\u00eda y Minas, Antonio Isa Conde, cuestion\u00f3 la estimaci\u00f3n de tierras raras en el pa\u00eds que ofreci\u00f3 el presidente Luis Abinader durante una rueda de prensa conjunta con el secretario\u2026","rel":"","context":"En \u00abECONOM\u00cdA\u00bb","block_context":{"text":"ECONOM\u00cdA","link":"https:\/\/lasprimeras.com.do\/index.php\/category\/economia\/"},"img":{"alt_text":"Antonio Isa Conde","src":"https:\/\/i0.wp.com\/lasprimeras.com.do\/wp-content\/uploads\/2025\/02\/Antonio-Isa-Conde.jpg?resize=350%2C200&ssl=1","width":350,"height":200,"srcset":"https:\/\/i0.wp.com\/lasprimeras.com.do\/wp-content\/uploads\/2025\/02\/Antonio-Isa-Conde.jpg?resize=350%2C200&ssl=1 1x, https:\/\/i0.wp.com\/lasprimeras.com.do\/wp-content\/uploads\/2025\/02\/Antonio-Isa-Conde.jpg?resize=525%2C300&ssl=1 1.5x, https:\/\/i0.wp.com\/lasprimeras.com.do\/wp-content\/uploads\/2025\/02\/Antonio-Isa-Conde.jpg?resize=700%2C400&ssl=1 2x"},"classes":[]},{"id":93333,"url":"https:\/\/lasprimeras.com.do\/index.php\/2025\/02\/07\/sierra-de-bahoruco-un-tesoro-de-elementos-de-tierras-raras-en-republica-dominicana\/","url_meta":{"origin":109888,"position":3},"title":"Sierra de Bahoruco: un tesoro de elementos de tierras raras en Rep\u00fablica Dominicana","author":"Nelson Feliz","date":"7 de febrero de 2025","format":false,"excerpt":"Los recursos de tierras raras presentes en las bauxitas de la Sierra de Bahoruco podr\u00edan tener un impacto econ\u00f3mico, destaca estudio sobre sus dep\u00f3sitos. La Rep\u00fablica Dominicana alberga importantes recursos \"no convencionales\" de elementos de tierras raras (REE), metales cr\u00edticos para la tecnolog\u00eda moderna. Una investigaci\u00f3n realizada por el Dr.\u2026","rel":"","context":"En \u00abNACIONALES\u00bb","block_context":{"text":"NACIONALES","link":"https:\/\/lasprimeras.com.do\/index.php\/category\/nacionales\/"},"img":{"alt_text":"","src":"https:\/\/i0.wp.com\/lasprimeras.com.do\/wp-content\/uploads\/2025\/02\/tierras-raras-en-la-Sierra-de-Bahoruco.jpg?resize=350%2C200&ssl=1","width":350,"height":200,"srcset":"https:\/\/i0.wp.com\/lasprimeras.com.do\/wp-content\/uploads\/2025\/02\/tierras-raras-en-la-Sierra-de-Bahoruco.jpg?resize=350%2C200&ssl=1 1x, https:\/\/i0.wp.com\/lasprimeras.com.do\/wp-content\/uploads\/2025\/02\/tierras-raras-en-la-Sierra-de-Bahoruco.jpg?resize=525%2C300&ssl=1 1.5x, https:\/\/i0.wp.com\/lasprimeras.com.do\/wp-content\/uploads\/2025\/02\/tierras-raras-en-la-Sierra-de-Bahoruco.jpg?resize=700%2C400&ssl=1 2x"},"classes":[]},{"id":87971,"url":"https:\/\/lasprimeras.com.do\/index.php\/2024\/08\/20\/presidente-luis-abinader-crea-la-empresa-minera-dominicana-s-a\/","url_meta":{"origin":109888,"position":4},"title":"Presidente Luis Abinader Crea la Empresa Minera Dominicana, S.A.","author":"Nelson Feliz","date":"20 de agosto de 2024","format":false,"excerpt":"Esta empresa busca Potenciar la Explotaci\u00f3n Sostenible de Recursos Estrat\u00e9gicos como las Tierras Raras. Mediante el decreto n\u00famero 453-24, el Presidente de la Rep\u00fablica, Luis Abinader, ha dispuesto la creaci\u00f3n de la Empresa Minera Dominicana, S.A. (EMIDOM), una entidad p\u00fablica de capital \u00fanico estatal, cuyo prop\u00f3sito es la exploraci\u00f3n y\u2026","rel":"","context":"En \u00abNACIONALES\u00bb","block_context":{"text":"NACIONALES","link":"https:\/\/lasprimeras.com.do\/index.php\/category\/nacionales\/"},"img":{"alt_text":"","src":"https:\/\/i0.wp.com\/lasprimeras.com.do\/wp-content\/uploads\/2024\/04\/luis-abinader-1.jpg?resize=350%2C200&ssl=1","width":350,"height":200,"srcset":"https:\/\/i0.wp.com\/lasprimeras.com.do\/wp-content\/uploads\/2024\/04\/luis-abinader-1.jpg?resize=350%2C200&ssl=1 1x, https:\/\/i0.wp.com\/lasprimeras.com.do\/wp-content\/uploads\/2024\/04\/luis-abinader-1.jpg?resize=525%2C300&ssl=1 1.5x, https:\/\/i0.wp.com\/lasprimeras.com.do\/wp-content\/uploads\/2024\/04\/luis-abinader-1.jpg?resize=700%2C400&ssl=1 2x, https:\/\/i0.wp.com\/lasprimeras.com.do\/wp-content\/uploads\/2024\/04\/luis-abinader-1.jpg?resize=1050%2C600&ssl=1 3x"},"classes":[]},{"id":93313,"url":"https:\/\/lasprimeras.com.do\/index.php\/2025\/02\/07\/marco-rubio-no-se-le-va-a-pedir-a-rd-que-acepte-una-ola-masiva-de-migrantes\/","url_meta":{"origin":109888,"position":5},"title":"Marco Rubio: No se le va a pedir a RD que acepte una ola masiva de migrantes","author":"Nelson Feliz","date":"7 de febrero de 2025","format":false,"excerpt":"Marco Rubio expres\u00f3 que Estados Unidos tienen un \u201ccompromiso bastante fuerte\u201d con la pacificaci\u00f3n haitiana. Al aclarar que se han ventilado una serie de informaciones falsas sobre los acuerdos que se realizar\u00e1n entre Rep\u00fablica Dominicana y Estados Unidos, el secretario de Estado norteamericano, Marco Rubio, indic\u00f3 que no se le\u2026","rel":"","context":"En \u00abNACIONALES\u00bb","block_context":{"text":"NACIONALES","link":"https:\/\/lasprimeras.com.do\/index.php\/category\/nacionales\/"},"img":{"alt_text":"","src":"https:\/\/i0.wp.com\/lasprimeras.com.do\/wp-content\/uploads\/2025\/02\/marco-rubio.jpeg?resize=350%2C200&ssl=1","width":350,"height":200,"srcset":"https:\/\/i0.wp.com\/lasprimeras.com.do\/wp-content\/uploads\/2025\/02\/marco-rubio.jpeg?resize=350%2C200&ssl=1 1x, https:\/\/i0.wp.com\/lasprimeras.com.do\/wp-content\/uploads\/2025\/02\/marco-rubio.jpeg?resize=525%2C300&ssl=1 1.5x, https:\/\/i0.wp.com\/lasprimeras.com.do\/wp-content\/uploads\/2025\/02\/marco-rubio.jpeg?resize=700%2C400&ssl=1 2x"},"classes":[]}],"jetpack_sharing_enabled":true,"_links":{"self":[{"href":"https:\/\/lasprimeras.com.do\/index.php\/wp-json\/wp\/v2\/posts\/109888","targetHints":{"allow":["GET"]}}],"collection":[{"href":"https:\/\/lasprimeras.com.do\/index.php\/wp-json\/wp\/v2\/posts"}],"about":[{"href":"https:\/\/lasprimeras.com.do\/index.php\/wp-json\/wp\/v2\/types\/post"}],"author":[{"embeddable":true,"href":"https:\/\/lasprimeras.com.do\/index.php\/wp-json\/wp\/v2\/users\/10"}],"replies":[{"embeddable":true,"href":"https:\/\/lasprimeras.com.do\/index.php\/wp-json\/wp\/v2\/comments?post=109888"}],"version-history":[{"count":1,"href":"https:\/\/lasprimeras.com.do\/index.php\/wp-json\/wp\/v2\/posts\/109888\/revisions"}],"predecessor-version":[{"id":109891,"href":"https:\/\/lasprimeras.com.do\/index.php\/wp-json\/wp\/v2\/posts\/109888\/revisions\/109891"}],"wp:featuredmedia":[{"embeddable":true,"href":"https:\/\/lasprimeras.com.do\/index.php\/wp-json\/wp\/v2\/media\/109889"}],"wp:attachment":[{"href":"https:\/\/lasprimeras.com.do\/index.php\/wp-json\/wp\/v2\/media?parent=109888"}],"wp:term":[{"taxonomy":"category","embeddable":true,"href":"https:\/\/lasprimeras.com.do\/index.php\/wp-json\/wp\/v2\/categories?post=109888"},{"taxonomy":"post_tag","embeddable":true,"href":"https:\/\/lasprimeras.com.do\/index.php\/wp-json\/wp\/v2\/tags?post=109888"}],"curies":[{"name":"wp","href":"https:\/\/api.w.org\/{rel}","templated":true}]}}