{"id":109892,"date":"2025-09-22T20:56:00","date_gmt":"2025-09-23T00:56:00","guid":{"rendered":"https:\/\/lasprimeras.com.do\/?p=109892"},"modified":"2025-09-23T09:04:17","modified_gmt":"2025-09-23T13:04:17","slug":"presidente-abinader-anuncia-recepcion-con-donald-trump-a-jefes-de-estado-y-de-gobierno","status":"publish","type":"post","link":"https:\/\/lasprimeras.com.do\/index.php\/2025\/09\/22\/presidente-abinader-anuncia-recepcion-con-donald-trump-a-jefes-de-estado-y-de-gobierno\/","title":{"rendered":"Presidente Abinader anuncia recepci\u00f3n con Donald Trump a jefes de Estado y de Gobierno"},"content":{"rendered":"\n<p><strong>Sobre interrupci\u00f3n el\u00e9ctrica en AILA: \u201cSi hubo negligencia en ese caso, pues habr\u00e1 consecuencias, porque situaciones como esa, para nuestro gobierno, son totalmente inaceptables\u201d<\/strong><\/p>\n\n\n\n<p>En el marco del octag\u00e9simo per\u00edodo de sesiones de la Asamblea General de las Naciones Unidas (ONU), el presidente Luis Abinader desarrollar\u00e1 una amplia agenda de trabajo que incluye su participaci\u00f3n en foros internacionales, encuentros bilaterales, reuniones con l\u00edderes empresariales y asistir\u00e1 a la recepci\u00f3n ofrecida por el presidente Donald Trump.<\/p>\n\n\n\n<p>El mandatario ofreci\u00f3 estas informaci\u00f3nes durante su encuentro con LA Semanal con la Prensa que lleva a cabo todos los lunes en la casa de gobierno con los medios de comunicaci\u00f3n.<\/p>\n\n\n\n<p><strong>Lunes 22 de septiembre de 2025<\/strong><\/p>\n\n\n\n<p>A su llegada a la ciudad de Nueva York este lunes, asistir\u00e1 a una cena con inversionistas.<\/p>\n\n\n\n<p><strong>Martes 23 de septiembre de 2025<\/strong><\/p>\n\n\n\n<p>Este d\u00eda iniciar\u00e1 su agenda al participar en la apertura del Debate General de la Asamblea General de las Naciones Unidas.<\/p>\n\n\n\n<p>En esta jornada de intervenciones tomar\u00e1n la palabra, el secretario general de la ONU, Ant\u00f3nio Guterres; as\u00ed como los presidentes de Estados Unidos, Donald Trump; y de Brasil, Luiz In\u00e1cio Lula Da Silva; entre otros.<\/p>\n\n\n\n<p>Posteriormente, sostendr\u00e1 reuniones bilaterales con Su Majestad Abdal\u00e1 II bin Al-Hussein, Rey de Jordania, y con Qu Dongyu, director ejecutivo de la Organizaci\u00f3n de las Naciones Unidas para la Alimentaci\u00f3n y la Agricultura (FAO).<\/p>\n\n\n\n<p>Durante el resto de la jornada se reunir\u00e1 con ejecutivos del Consejo de las Am\u00e9ricas, con Andr\u00e9s Gluski, CEO de AES Global Energy y participar\u00e1 en un encuentro organizado por el Atlantic Council con l\u00edderes empresariales e inversionistas globales, donde adem\u00e1s tendr\u00e1 una intervenci\u00f3n sobre el impulso del crecimiento econ\u00f3mico en Am\u00e9rica Latina y el Caribe.<\/p>\n\n\n\n<p>M\u00e1s tarde, el gobernante dominicano asistir\u00e1 a la recepci\u00f3n ofrecida por el presidente de los Estados Unidos, Donald Trump, a los jefes de Estado y de Gobierno que participan en el 80\u00ba Per\u00edodo de Sesiones de la Asamblea General de las Naciones Unidas.<\/p>\n\n\n\n<p>El gobernante dominicano concluir\u00e1 su agenda del martes con una cena junto a empresarios iberoamericanos convocada por el Consejo Empresarial Alianza por Iberoam\u00e9rica (CEAPI) y del Adam Smith Center for Economic Freedom.<\/p>\n\n\n\n<p><strong>Mi\u00e9rcoles 24 de septiembre de 2025<\/strong><\/p>\n\n\n\n<p>El mandatario dominicano dar\u00e1 comienzo a su agenda en la Cumbre Anual de Concordia 2025, donde ser\u00e1 entrevistado por Nicholas Logothetis sobre econom\u00eda global, democracia, seguridad, derechos humanos e innovaci\u00f3n tecnol\u00f3gica.<\/p>\n\n\n\n<p>Luego, el presidente Abinader sostendr\u00e1 una reuni\u00f3n bilateral con el Secretario de Estado de Estados Unidos, Marco Rubio.<\/p>\n\n\n\n<p>Asimismo, pasado el mediod\u00eda, el jefe de Estado dominicano pronunciar\u00e1 su alocuci\u00f3n ante la Asamblea General de las Naciones Unidas, donde expondr\u00e1 la posici\u00f3n del pa\u00eds frente a los principales desaf\u00edos globales.<\/p>\n\n\n\n<p>Tras culminar su participaci\u00f3n en el marco del 80.\u00ba per\u00edodo de sesiones de la Asamblea General de las Naciones Unidas, el mandatario dominicano regresar\u00e1 al pa\u00eds el mi\u00e9rcoles 24 de septiembre.<\/p>\n\n\n\n<p><strong>Gobierno investiga interrupci\u00f3n el\u00e9ctrica en AILA<\/strong><\/p>\n\n\n\n<p>Al respecto indic\u00f3 que el gobierno est\u00e1 investigando de cerca las causas de la interrupci\u00f3n del servicio el\u00e9ctrico en el Aeropuerto Internacional de Las Am\u00e9ricas Jos\u00e9 Francisco Pe\u00f1a G\u00f3mez (AILA), registrado este domingo.<\/p>\n\n\n\n<p>Reiter\u00f3 adem\u00e1s que el ministro de Obras P\u00fablicas, Eduardo Estrella, tambi\u00e9n presidente de la Comisi\u00f3n Aeroportuaria, convoc\u00f3 a dicho organismo para llevar a cabo las indagaciones necesarias.<\/p>\n\n\n\n<p>\u201cEstamos d\u00e1ndole seguimiento y si hubo negligencia en ese caso pues habr\u00e1 consecuencias, porque situaciones como esa, para nuestro gobierno, son totalmente inaceptables\u201d.<\/p>\n\n\n\n<figure class=\"wp-block-video\"><video height=\"1080\" style=\"aspect-ratio: 1920 \/ 1080;\" width=\"1920\" autoplay controls muted src=\"https:\/\/lasprimeras.com.do\/wp-content\/uploads\/2025\/09\/WhatsApp-Video-2025-09-22-at-6.07.29-PM.mp4\"><\/video><\/figure>\n","protected":false},"excerpt":{"rendered":"<p>Sobre interrupci\u00f3n el\u00e9ctrica en AILA: \u201cSi hubo negligencia en ese caso, pues habr\u00e1 consecuencias, porque situaciones como esa, para nuestro gobierno, son totalmente inaceptables\u201d En el marco del octag\u00e9simo per\u00edodo&hellip;<\/p>\n","protected":false},"author":10,"featured_media":109895,"comment_status":"open","ping_status":"open","sticky":false,"template":"","format":"standard","meta":{"content-type":"","jetpack_post_was_ever_published":false,"_jetpack_newsletter_access":"","_jetpack_dont_email_post_to_subs":false,"_jetpack_newsletter_tier_id":0,"_jetpack_memberships_contains_paywalled_content":false,"_jetpack_memberships_contains_paid_content":false,"footnotes":""},"categories":[16559,25],"tags":[978,171,3957,67,12819],"class_list":["post-109892","post","type-post","status-publish","format-standard","has-post-thumbnail","hentry","category-politica","category-portada","tag-donald-trump","tag-gobierno","tag-jefes-de-estado","tag-luis-abinader","tag-recepcion"],"jetpack_featured_media_url":"https:\/\/lasprimeras.com.do\/wp-content\/uploads\/2025\/09\/Luis-Abinader-2-2.jpg","jetpack-related-posts":[{"id":123906,"url":"https:\/\/lasprimeras.com.do\/index.php\/2026\/03\/06\/abinader-en-miami-agenda-para-la-cumbre-convocada-por-trump-este-sabado\/","url_meta":{"origin":109892,"position":0},"title":"Abinader en Miami: Agenda para la cumbre convocada por Trump este s\u00e1bado","author":"Nelson Feliz","date":"6 de marzo de 2026","format":false,"excerpt":"Director de Prensa del presidente detalla agenda de Abinader en cumbre de alto nivel convocada por Donald Trump en Miami para este s\u00e1bado Miami. \u2013 El director de Prensa del presidente, Alberto Caminero, inform\u00f3 este viernes sobre la agenda que desarrollar\u00e1 el presidente Luis Abinader durante la cumbre de alto\u2026","rel":"","context":"En \u00abNACIONALES\u00bb","block_context":{"text":"NACIONALES","link":"https:\/\/lasprimeras.com.do\/index.php\/category\/nacionales\/"},"img":{"alt_text":"Alberto Caminero,","src":"https:\/\/i0.wp.com\/lasprimeras.com.do\/wp-content\/uploads\/2026\/03\/Alberto-Caminero-1.jpg?resize=350%2C200&ssl=1","width":350,"height":200,"srcset":"https:\/\/i0.wp.com\/lasprimeras.com.do\/wp-content\/uploads\/2026\/03\/Alberto-Caminero-1.jpg?resize=350%2C200&ssl=1 1x, https:\/\/i0.wp.com\/lasprimeras.com.do\/wp-content\/uploads\/2026\/03\/Alberto-Caminero-1.jpg?resize=525%2C300&ssl=1 1.5x, https:\/\/i0.wp.com\/lasprimeras.com.do\/wp-content\/uploads\/2026\/03\/Alberto-Caminero-1.jpg?resize=700%2C400&ssl=1 2x"},"classes":[]},{"id":109818,"url":"https:\/\/lasprimeras.com.do\/index.php\/2025\/09\/22\/abinader-inicia-agenda-en-nueva-york-en-el-80-o-periodo-de-sesiones-de-la-onu\/","url_meta":{"origin":109892,"position":1},"title":"Abinader inicia agenda en Nueva York en el 80.\u00ba per\u00edodo de sesiones de la ONU","author":"Nelson Feliz","date":"22 de septiembre de 2025","format":false,"excerpt":"El presidente Luis Abinader comenz\u00f3 este lunes su participaci\u00f3n en el 80.\u00ba per\u00edodo de sesiones de la Asamblea General de las Naciones Unidas (ONU), donde desarrollar\u00e1 una amplia agenda que incluye encuentros bilaterales, participaci\u00f3n en foros internacionales y reuniones con l\u00edderes empresariales. A su llegada a Nueva York, el mandatario\u2026","rel":"","context":"En \u00abNACIONALES\u00bb","block_context":{"text":"NACIONALES","link":"https:\/\/lasprimeras.com.do\/index.php\/category\/nacionales\/"},"img":{"alt_text":"","src":"https:\/\/i0.wp.com\/lasprimeras.com.do\/wp-content\/uploads\/2025\/07\/LA-viaja.jpg?resize=350%2C200&ssl=1","width":350,"height":200,"srcset":"https:\/\/i0.wp.com\/lasprimeras.com.do\/wp-content\/uploads\/2025\/07\/LA-viaja.jpg?resize=350%2C200&ssl=1 1x, https:\/\/i0.wp.com\/lasprimeras.com.do\/wp-content\/uploads\/2025\/07\/LA-viaja.jpg?resize=525%2C300&ssl=1 1.5x, https:\/\/i0.wp.com\/lasprimeras.com.do\/wp-content\/uploads\/2025\/07\/LA-viaja.jpg?resize=700%2C400&ssl=1 2x"},"classes":[]},{"id":93221,"url":"https:\/\/lasprimeras.com.do\/index.php\/2025\/01\/27\/gobierno-dominicano-pide-respeto-para-sus-ciudadanos-en-el-extranjero\/","url_meta":{"origin":109892,"position":2},"title":"Gobierno dominicano pide respeto para sus ciudadanos en el extranjero","author":"Nelson Feliz","date":"27 de enero de 2025","format":false,"excerpt":"El Gobierno de la Rep\u00fablica Dominicana subray\u00f3 este lunes que la pol\u00edtica migratoria es un derecho soberano de cada Estado, pero exhort\u00f3 a que al aplicarse se \u00abrespete plenamente los derechos fundamentales de los dominicanos\u00bb. En ese sentido, el Ministerio de Relaciones Exteriores dominicano inform\u00f3, a trav\u00e9s de un comunicado,\u2026","rel":"","context":"En \u00abNACIONALES\u00bb","block_context":{"text":"NACIONALES","link":"https:\/\/lasprimeras.com.do\/index.php\/category\/nacionales\/"},"img":{"alt_text":"MIREX","src":"https:\/\/i0.wp.com\/lasprimeras.com.do\/wp-content\/uploads\/2024\/05\/MIREX.jpg?resize=350%2C200&ssl=1","width":350,"height":200,"srcset":"https:\/\/i0.wp.com\/lasprimeras.com.do\/wp-content\/uploads\/2024\/05\/MIREX.jpg?resize=350%2C200&ssl=1 1x, https:\/\/i0.wp.com\/lasprimeras.com.do\/wp-content\/uploads\/2024\/05\/MIREX.jpg?resize=525%2C300&ssl=1 1.5x, https:\/\/i0.wp.com\/lasprimeras.com.do\/wp-content\/uploads\/2024\/05\/MIREX.jpg?resize=700%2C400&ssl=1 2x"},"classes":[]},{"id":85962,"url":"https:\/\/lasprimeras.com.do\/index.php\/2024\/07\/14\/abinader-sobre-atentado-a-trump-la-violencia-no-tiene-cabida-en-la-vida-de-ninguna-sociedad\/","url_meta":{"origin":109892,"position":3},"title":"Abinader sobre atentado a Trump: \u00abLa violencia no tiene cabida en la vida de ninguna sociedad\u00bb","author":"Nelson Feliz","date":"14 de julio de 2024","format":false,"excerpt":"El presidente Luis Abinader rechaz\u00f3 el presunto atentado que sufri\u00f3 este s\u00e1bado el aspirante republicano y expresidente estadounidense Donald Trump (2017- 2021) en un mitin de campa\u00f1a en Pensilvania. En su mensaje, que realiz\u00f3 a trav\u00e9s de la red social X, dijo que los actos violentos no tienen cabida en\u2026","rel":"","context":"En \u00abNACIONALES\u00bb","block_context":{"text":"NACIONALES","link":"https:\/\/lasprimeras.com.do\/index.php\/category\/nacionales\/"},"img":{"alt_text":"Luis Abinader","src":"https:\/\/i0.wp.com\/lasprimeras.com.do\/wp-content\/uploads\/2024\/06\/Luis-Abinader-13.jpg?resize=350%2C200&ssl=1","width":350,"height":200,"srcset":"https:\/\/i0.wp.com\/lasprimeras.com.do\/wp-content\/uploads\/2024\/06\/Luis-Abinader-13.jpg?resize=350%2C200&ssl=1 1x, https:\/\/i0.wp.com\/lasprimeras.com.do\/wp-content\/uploads\/2024\/06\/Luis-Abinader-13.jpg?resize=525%2C300&ssl=1 1.5x"},"classes":[]},{"id":109546,"url":"https:\/\/lasprimeras.com.do\/index.php\/2025\/09\/18\/abinader-pospone-encuentros-con-comunidad-dominicana-en-boston-y-nueva-york\/","url_meta":{"origin":109892,"position":4},"title":"Abinader pospone encuentros con comunidad dominicana en Boston y Nueva York","author":"Nelson Feliz","date":"18 de septiembre de 2025","format":false,"excerpt":"El mandatario continuar\u00e1 su agenda ante la Organizaci\u00f3n de las Naciones Unidas (ONU) El director de Prensa del Presidente, Carlos Alberto Caminero, inform\u00f3 que el presidente Luis Abinader decidi\u00f3 posponer para una fecha por definir, los encuentros que ten\u00eda programado con la comunidad dominicana en Boston y en la ciudad\u2026","rel":"","context":"En \u00abNACIONALES\u00bb","block_context":{"text":"NACIONALES","link":"https:\/\/lasprimeras.com.do\/index.php\/category\/nacionales\/"},"img":{"alt_text":"","src":"https:\/\/i0.wp.com\/lasprimeras.com.do\/wp-content\/uploads\/2025\/09\/rafael-caminero.jpg?resize=350%2C200&ssl=1","width":350,"height":200,"srcset":"https:\/\/i0.wp.com\/lasprimeras.com.do\/wp-content\/uploads\/2025\/09\/rafael-caminero.jpg?resize=350%2C200&ssl=1 1x, https:\/\/i0.wp.com\/lasprimeras.com.do\/wp-content\/uploads\/2025\/09\/rafael-caminero.jpg?resize=525%2C300&ssl=1 1.5x, https:\/\/i0.wp.com\/lasprimeras.com.do\/wp-content\/uploads\/2025\/09\/rafael-caminero.jpg?resize=700%2C400&ssl=1 2x"},"classes":[]},{"id":109899,"url":"https:\/\/lasprimeras.com.do\/index.php\/2025\/09\/23\/abinader-llega-a-la-sede-de-la-organizacion-de-las-naciones-unidasonu\/","url_meta":{"origin":109892,"position":5},"title":"Abinader llega a la sede de la Organizaci\u00f3n de las Naciones Unidas(ONU)","author":"Nelson Feliz","date":"23 de septiembre de 2025","format":false,"excerpt":"En estos momentos el presidente Luis Abinader, llega a la sede de la Organizaci\u00f3n de las Naciones Unidas (ONU) para participar en el inicio de los debates del 80\u00ba per\u00edodo de sesiones de la Asamblea General. Dentro del marco de la agenda en la Asamblea de la ONU, el presidente\u2026","rel":"","context":"En \u00abNACIONALES\u00bb","block_context":{"text":"NACIONALES","link":"https:\/\/lasprimeras.com.do\/index.php\/category\/nacionales\/"},"img":{"alt_text":"","src":"https:\/\/i0.wp.com\/lasprimeras.com.do\/wp-content\/uploads\/2025\/09\/Luis-Abinader-4-1.jpg?resize=350%2C200&ssl=1","width":350,"height":200,"srcset":"https:\/\/i0.wp.com\/lasprimeras.com.do\/wp-content\/uploads\/2025\/09\/Luis-Abinader-4-1.jpg?resize=350%2C200&ssl=1 1x, https:\/\/i0.wp.com\/lasprimeras.com.do\/wp-content\/uploads\/2025\/09\/Luis-Abinader-4-1.jpg?resize=525%2C300&ssl=1 1.5x, https:\/\/i0.wp.com\/lasprimeras.com.do\/wp-content\/uploads\/2025\/09\/Luis-Abinader-4-1.jpg?resize=700%2C400&ssl=1 2x"},"classes":[]}],"jetpack_sharing_enabled":true,"_links":{"self":[{"href":"https:\/\/lasprimeras.com.do\/index.php\/wp-json\/wp\/v2\/posts\/109892","targetHints":{"allow":["GET"]}}],"collection":[{"href":"https:\/\/lasprimeras.com.do\/index.php\/wp-json\/wp\/v2\/posts"}],"about":[{"href":"https:\/\/lasprimeras.com.do\/index.php\/wp-json\/wp\/v2\/types\/post"}],"author":[{"embeddable":true,"href":"https:\/\/lasprimeras.com.do\/index.php\/wp-json\/wp\/v2\/users\/10"}],"replies":[{"embeddable":true,"href":"https:\/\/lasprimeras.com.do\/index.php\/wp-json\/wp\/v2\/comments?post=109892"}],"version-history":[{"count":1,"href":"https:\/\/lasprimeras.com.do\/index.php\/wp-json\/wp\/v2\/posts\/109892\/revisions"}],"predecessor-version":[{"id":109894,"href":"https:\/\/lasprimeras.com.do\/index.php\/wp-json\/wp\/v2\/posts\/109892\/revisions\/109894"}],"wp:featuredmedia":[{"embeddable":true,"href":"https:\/\/lasprimeras.com.do\/index.php\/wp-json\/wp\/v2\/media\/109895"}],"wp:attachment":[{"href":"https:\/\/lasprimeras.com.do\/index.php\/wp-json\/wp\/v2\/media?parent=109892"}],"wp:term":[{"taxonomy":"category","embeddable":true,"href":"https:\/\/lasprimeras.com.do\/index.php\/wp-json\/wp\/v2\/categories?post=109892"},{"taxonomy":"post_tag","embeddable":true,"href":"https:\/\/lasprimeras.com.do\/index.php\/wp-json\/wp\/v2\/tags?post=109892"}],"curies":[{"name":"wp","href":"https:\/\/api.w.org\/{rel}","templated":true}]}}