{"id":109919,"date":"2025-09-23T11:30:21","date_gmt":"2025-09-23T15:30:21","guid":{"rendered":"https:\/\/lasprimeras.com.do\/?p=109919"},"modified":"2025-09-23T11:30:22","modified_gmt":"2025-09-23T15:30:22","slug":"abinader-participa-en-la-apertura-de-la-80-a-asamblea-general-de-la-onu-encabezada-por-el-secretario-general","status":"publish","type":"post","link":"https:\/\/lasprimeras.com.do\/index.php\/2025\/09\/23\/abinader-participa-en-la-apertura-de-la-80-a-asamblea-general-de-la-onu-encabezada-por-el-secretario-general\/","title":{"rendered":"Abinader participa en la apertura de la 80.\u00aa Asamblea General de la ONU, encabezada por el secretario general"},"content":{"rendered":"\n<p><strong>El mandatario tiene previsto pronunciar su discurso ante el pleno este mi\u00e9rcoles 24 de septiembre a las 2:50 de la tarde.<\/strong><\/p>\n\n\n\n<p><strong>Nueva York. &#8211;<\/strong> El presidente Luis Abinader inici\u00f3 este martes su agenda de trabajo participando en la apertura de la 80.\u00aa Asamblea General de la Organizaci\u00f3n de las Naciones Unidas (ONU), encabezada por el secretario general, Antonio Guterres.<\/p>\n\n\n\n<p>En el marco de la Asamblea General, el gobernante dominicano, junto a l\u00edderes mundiales, iniciaron los debates sobre la situaci\u00f3n actual del mundo.<\/p>\n\n\n\n<p>La sesi\u00f3n inaugural estuvo marcada por las palabras de bienvenida de Guterres, quien resalt\u00f3 los desaf\u00edos globales que enfrenta la comunidad internacional tras m\u00e1s de 80 a\u00f1os en un mundo arrasado por la guerra y luego tom\u00f3 la palabra la presidenta de la Asamblea General, Annalena Baerbock.<\/p>\n\n\n\n<figure class=\"wp-block-image size-full\"><img decoding=\"async\" width=\"900\" height=\"565\" src=\"https:\/\/lasprimeras.com.do\/wp-content\/uploads\/2025\/09\/LUIS-ABINADER-5-1.jpg\" alt=\"\" class=\"wp-image-109921\" srcset=\"https:\/\/lasprimeras.com.do\/wp-content\/uploads\/2025\/09\/LUIS-ABINADER-5-1.jpg 900w, https:\/\/lasprimeras.com.do\/wp-content\/uploads\/2025\/09\/LUIS-ABINADER-5-1-300x188.jpg 300w, https:\/\/lasprimeras.com.do\/wp-content\/uploads\/2025\/09\/LUIS-ABINADER-5-1-768x482.jpg 768w\" sizes=\"(max-width: 900px) 100vw, 900px\" \/><\/figure>\n\n\n\n<p>La sesi\u00f3n, bajo el lema \u201cMejor juntos: 80 a\u00f1os y m\u00e1s por la paz, el desarrollo y los derechos humanos\u201d, abordar\u00e1 la guerra entre Rusia y Ucrania, la situaci\u00f3n en Gaza, la causa palestina, los Objetivos de Desarrollo Sostenible y la crisis clim\u00e1tica.<\/p>\n\n\n\n<p>El presidente de Brasil, Luiz In\u00e1cio Lula da Silva, abri\u00f3 la ronda de discursos, seguido por el mandatario estadounidense, Donald Trump, en calidad de anfitri\u00f3n, marcando las pautas de las discusiones que continuar\u00e1n a lo largo de la semana.<\/p>\n\n\n\n<p>El mandatario dominicano tiene previsto pronunciar su discurso ante el pleno este mi\u00e9rcoles 24 de septiembre a las 2:50 de la tarde, momento en el que presentar\u00e1 la visi\u00f3n y propuestas de la Rep\u00fablica Dominicana frente a los grandes retos que enfrenta la humanidad.<\/p>\n\n\n\n<p>Con su participaci\u00f3n, el jefe de Estado dominicano da inicio a una agenda estrat\u00e9gica que incluye encuentros bilaterales de alto nivel y reuniones con organismos multilaterales, consolidando el liderazgo de la Rep\u00fablica Dominicana en el escenario internacional.<\/p>\n\n\n\n<p>La presencia del presidente Abinader en la apertura reafirma el compromiso del pa\u00eds con los principios de la ONU y su inter\u00e9s en proyectar una voz activa en la b\u00fasqueda de soluciones conjuntas.<\/p>\n","protected":false},"excerpt":{"rendered":"<p>El mandatario tiene previsto pronunciar su discurso ante el pleno este mi\u00e9rcoles 24 de septiembre a las 2:50 de la tarde. Nueva York. &#8211; El presidente Luis Abinader inici\u00f3 este&hellip;<\/p>\n","protected":false},"author":10,"featured_media":109920,"comment_status":"open","ping_status":"open","sticky":false,"template":"","format":"standard","meta":{"content-type":"","jetpack_post_was_ever_published":false,"_jetpack_newsletter_access":"","_jetpack_dont_email_post_to_subs":false,"_jetpack_newsletter_tier_id":0,"_jetpack_memberships_contains_paywalled_content":false,"_jetpack_memberships_contains_paid_content":false,"footnotes":""},"categories":[35,25],"tags":[1782,25002,25001,1444,67,7704],"class_list":["post-109919","post","type-post","status-publish","format-standard","has-post-thumbnail","hentry","category-nacionales","category-portada","tag-apertura","tag-asamblea-general-de-la-onu","tag-encabezada","tag-general","tag-luis-abinader","tag-secretario"],"jetpack_featured_media_url":"https:\/\/lasprimeras.com.do\/wp-content\/uploads\/2025\/09\/aNTONIO-GUTERRES.jpg","jetpack-related-posts":[{"id":109818,"url":"https:\/\/lasprimeras.com.do\/index.php\/2025\/09\/22\/abinader-inicia-agenda-en-nueva-york-en-el-80-o-periodo-de-sesiones-de-la-onu\/","url_meta":{"origin":109919,"position":0},"title":"Abinader inicia agenda en Nueva York en el 80.\u00ba per\u00edodo de sesiones de la ONU","author":"Nelson Feliz","date":"22 de septiembre de 2025","format":false,"excerpt":"El presidente Luis Abinader comenz\u00f3 este lunes su participaci\u00f3n en el 80.\u00ba per\u00edodo de sesiones de la Asamblea General de las Naciones Unidas (ONU), donde desarrollar\u00e1 una amplia agenda que incluye encuentros bilaterales, participaci\u00f3n en foros internacionales y reuniones con l\u00edderes empresariales. A su llegada a Nueva York, el mandatario\u2026","rel":"","context":"En \u00abNACIONALES\u00bb","block_context":{"text":"NACIONALES","link":"https:\/\/lasprimeras.com.do\/index.php\/category\/nacionales\/"},"img":{"alt_text":"","src":"https:\/\/i0.wp.com\/lasprimeras.com.do\/wp-content\/uploads\/2025\/07\/LA-viaja.jpg?resize=350%2C200&ssl=1","width":350,"height":200,"srcset":"https:\/\/i0.wp.com\/lasprimeras.com.do\/wp-content\/uploads\/2025\/07\/LA-viaja.jpg?resize=350%2C200&ssl=1 1x, https:\/\/i0.wp.com\/lasprimeras.com.do\/wp-content\/uploads\/2025\/07\/LA-viaja.jpg?resize=525%2C300&ssl=1 1.5x, https:\/\/i0.wp.com\/lasprimeras.com.do\/wp-content\/uploads\/2025\/07\/LA-viaja.jpg?resize=700%2C400&ssl=1 2x"},"classes":[]},{"id":60838,"url":"https:\/\/lasprimeras.com.do\/index.php\/2023\/09\/19\/presidente-abinader-llega-a-la-onu-participa-en-apertura-del-debate-general\/","url_meta":{"origin":109919,"position":1},"title":"Presidente Abinader llega a la ONU; participa en apertura del debate general","author":"Nelson Feliz","date":"19 de septiembre de 2023","format":false,"excerpt":"Por Wilson P\u00e9rez New York.- El presidente Luis Abinader inici\u00f3 su agenda de este martes participando en la apertura de la 78 Asamblea General de la Organizaci\u00f3n de las Naciones Unidas (ONU), cuyas\u00a0palabras de bienvenida estuvieron a cargo del secretario general de la ONU, Antonio\u00a0Guterres. Acto seguido tom\u00f3 la palabra\u2026","rel":"","context":"En \u00abNACIONALES\u00bb","block_context":{"text":"NACIONALES","link":"https:\/\/lasprimeras.com.do\/index.php\/category\/nacionales\/"},"img":{"alt_text":"Elias Wessin Chavez","src":"https:\/\/i0.wp.com\/lasprimeras.com.do\/wp-content\/uploads\/2023\/09\/Elias-Wessin-Chavez-1.jpg?resize=350%2C200&ssl=1","width":350,"height":200,"srcset":"https:\/\/i0.wp.com\/lasprimeras.com.do\/wp-content\/uploads\/2023\/09\/Elias-Wessin-Chavez-1.jpg?resize=350%2C200&ssl=1 1x, https:\/\/i0.wp.com\/lasprimeras.com.do\/wp-content\/uploads\/2023\/09\/Elias-Wessin-Chavez-1.jpg?resize=525%2C300&ssl=1 1.5x, https:\/\/i0.wp.com\/lasprimeras.com.do\/wp-content\/uploads\/2023\/09\/Elias-Wessin-Chavez-1.jpg?resize=700%2C400&ssl=1 2x"},"classes":[]},{"id":109892,"url":"https:\/\/lasprimeras.com.do\/index.php\/2025\/09\/22\/presidente-abinader-anuncia-recepcion-con-donald-trump-a-jefes-de-estado-y-de-gobierno\/","url_meta":{"origin":109919,"position":2},"title":"Presidente Abinader anuncia recepci\u00f3n con Donald Trump a jefes de Estado y de Gobierno","author":"Nelson Feliz","date":"22 de septiembre de 2025","format":false,"excerpt":"Sobre interrupci\u00f3n el\u00e9ctrica en AILA: \u201cSi hubo negligencia en ese caso, pues habr\u00e1 consecuencias, porque situaciones como esa, para nuestro gobierno, son totalmente inaceptables\u201d En el marco del octag\u00e9simo per\u00edodo de sesiones de la Asamblea General de las Naciones Unidas (ONU), el presidente Luis Abinader desarrollar\u00e1 una amplia agenda de\u2026","rel":"","context":"En \u00abPOLITICA\u00bb","block_context":{"text":"POLITICA","link":"https:\/\/lasprimeras.com.do\/index.php\/category\/politica\/"},"img":{"alt_text":"","src":"https:\/\/i0.wp.com\/lasprimeras.com.do\/wp-content\/uploads\/2025\/09\/Luis-Abinader-2-2.jpg?resize=350%2C200&ssl=1","width":350,"height":200,"srcset":"https:\/\/i0.wp.com\/lasprimeras.com.do\/wp-content\/uploads\/2025\/09\/Luis-Abinader-2-2.jpg?resize=350%2C200&ssl=1 1x, https:\/\/i0.wp.com\/lasprimeras.com.do\/wp-content\/uploads\/2025\/09\/Luis-Abinader-2-2.jpg?resize=525%2C300&ssl=1 1.5x, https:\/\/i0.wp.com\/lasprimeras.com.do\/wp-content\/uploads\/2025\/09\/Luis-Abinader-2-2.jpg?resize=700%2C400&ssl=1 2x"},"classes":[]},{"id":89371,"url":"https:\/\/lasprimeras.com.do\/index.php\/2024\/09\/22\/abinader-habla-este-lunes-ante-cumbre-del-futuro-en-asamblea-general-de-la-onu\/","url_meta":{"origin":109919,"position":3},"title":"Abinader habla este lunes ante Cumbre del Futuro en Asamblea General de la ONU","author":"Nelson Feliz","date":"22 de septiembre de 2024","format":false,"excerpt":"New York.- Este lunes, el presidente Luis Abinader desarrollar\u00e1 diferentes actividades en esta ciudad en el marco de su participaci\u00f3n en el 79\u00ba periodo de sesiones de la Asamblea General de las Naciones Unidas (ONU) y en la Cumbre del Futuro de la ONU. Este lunes 23 su agenda inicia\u2026","rel":"","context":"En \u00abNACIONALES\u00bb","block_context":{"text":"NACIONALES","link":"https:\/\/lasprimeras.com.do\/index.php\/category\/nacionales\/"},"img":{"alt_text":"Luis Abinader","src":"https:\/\/i0.wp.com\/lasprimeras.com.do\/wp-content\/uploads\/2023\/08\/Luis-Abinader-ONU.jpg?resize=350%2C200&ssl=1","width":350,"height":200,"srcset":"https:\/\/i0.wp.com\/lasprimeras.com.do\/wp-content\/uploads\/2023\/08\/Luis-Abinader-ONU.jpg?resize=350%2C200&ssl=1 1x, https:\/\/i0.wp.com\/lasprimeras.com.do\/wp-content\/uploads\/2023\/08\/Luis-Abinader-ONU.jpg?resize=525%2C300&ssl=1 1.5x, https:\/\/i0.wp.com\/lasprimeras.com.do\/wp-content\/uploads\/2023\/08\/Luis-Abinader-ONU.jpg?resize=700%2C400&ssl=1 2x"},"classes":[]},{"id":109899,"url":"https:\/\/lasprimeras.com.do\/index.php\/2025\/09\/23\/abinader-llega-a-la-sede-de-la-organizacion-de-las-naciones-unidasonu\/","url_meta":{"origin":109919,"position":4},"title":"Abinader llega a la sede de la Organizaci\u00f3n de las Naciones Unidas(ONU)","author":"Nelson Feliz","date":"23 de septiembre de 2025","format":false,"excerpt":"En estos momentos el presidente Luis Abinader, llega a la sede de la Organizaci\u00f3n de las Naciones Unidas (ONU) para participar en el inicio de los debates del 80\u00ba per\u00edodo de sesiones de la Asamblea General. Dentro del marco de la agenda en la Asamblea de la ONU, el presidente\u2026","rel":"","context":"En \u00abNACIONALES\u00bb","block_context":{"text":"NACIONALES","link":"https:\/\/lasprimeras.com.do\/index.php\/category\/nacionales\/"},"img":{"alt_text":"","src":"https:\/\/i0.wp.com\/lasprimeras.com.do\/wp-content\/uploads\/2025\/09\/Luis-Abinader-4-1.jpg?resize=350%2C200&ssl=1","width":350,"height":200,"srcset":"https:\/\/i0.wp.com\/lasprimeras.com.do\/wp-content\/uploads\/2025\/09\/Luis-Abinader-4-1.jpg?resize=350%2C200&ssl=1 1x, https:\/\/i0.wp.com\/lasprimeras.com.do\/wp-content\/uploads\/2025\/09\/Luis-Abinader-4-1.jpg?resize=525%2C300&ssl=1 1.5x, https:\/\/i0.wp.com\/lasprimeras.com.do\/wp-content\/uploads\/2025\/09\/Luis-Abinader-4-1.jpg?resize=700%2C400&ssl=1 2x"},"classes":[]},{"id":61052,"url":"https:\/\/lasprimeras.com.do\/index.php\/2023\/09\/21\/presidente-solicita-a-secretario-general-onu-redoblar-esfuerzos-para-despliegue-mision-de-seguridad-en-haiti\/","url_meta":{"origin":109919,"position":5},"title":"Presidente solicita a Secretario General ONU redoblar esfuerzos para despliegue misi\u00f3n de seguridad en Hait\u00ed","author":"Nelson Feliz","date":"21 de septiembre de 2023","format":false,"excerpt":"Secretario General ONU reconoce liderazgo de RD en la regi\u00f3n. Nueva York. - El presidente Luis Abinader, durante un encuentro privado con el Secretario General de las Naciones Unidas, Antonio Guterres, le reiter\u00f3 su solicitud de redoblar los esfuerzos para el despliegue de una misi\u00f3n de seguridad en Hait\u00ed, que\u2026","rel":"","context":"En \u00abNACIONALES\u00bb","block_context":{"text":"NACIONALES","link":"https:\/\/lasprimeras.com.do\/index.php\/category\/nacionales\/"},"img":{"alt_text":"El presidente Luis Abinader junto al Secretario General de la ONU, Antonio Guterres.","src":"https:\/\/i0.wp.com\/lasprimeras.com.do\/wp-content\/uploads\/2023\/09\/El-presidente-Luis-Abinader-junto-al-Secretario-General-de-la-ONU-Antonio-Guterres.jpg?resize=350%2C200&ssl=1","width":350,"height":200,"srcset":"https:\/\/i0.wp.com\/lasprimeras.com.do\/wp-content\/uploads\/2023\/09\/El-presidente-Luis-Abinader-junto-al-Secretario-General-de-la-ONU-Antonio-Guterres.jpg?resize=350%2C200&ssl=1 1x, https:\/\/i0.wp.com\/lasprimeras.com.do\/wp-content\/uploads\/2023\/09\/El-presidente-Luis-Abinader-junto-al-Secretario-General-de-la-ONU-Antonio-Guterres.jpg?resize=525%2C300&ssl=1 1.5x, https:\/\/i0.wp.com\/lasprimeras.com.do\/wp-content\/uploads\/2023\/09\/El-presidente-Luis-Abinader-junto-al-Secretario-General-de-la-ONU-Antonio-Guterres.jpg?resize=700%2C400&ssl=1 2x"},"classes":[]}],"jetpack_sharing_enabled":true,"_links":{"self":[{"href":"https:\/\/lasprimeras.com.do\/index.php\/wp-json\/wp\/v2\/posts\/109919","targetHints":{"allow":["GET"]}}],"collection":[{"href":"https:\/\/lasprimeras.com.do\/index.php\/wp-json\/wp\/v2\/posts"}],"about":[{"href":"https:\/\/lasprimeras.com.do\/index.php\/wp-json\/wp\/v2\/types\/post"}],"author":[{"embeddable":true,"href":"https:\/\/lasprimeras.com.do\/index.php\/wp-json\/wp\/v2\/users\/10"}],"replies":[{"embeddable":true,"href":"https:\/\/lasprimeras.com.do\/index.php\/wp-json\/wp\/v2\/comments?post=109919"}],"version-history":[{"count":1,"href":"https:\/\/lasprimeras.com.do\/index.php\/wp-json\/wp\/v2\/posts\/109919\/revisions"}],"predecessor-version":[{"id":109922,"href":"https:\/\/lasprimeras.com.do\/index.php\/wp-json\/wp\/v2\/posts\/109919\/revisions\/109922"}],"wp:featuredmedia":[{"embeddable":true,"href":"https:\/\/lasprimeras.com.do\/index.php\/wp-json\/wp\/v2\/media\/109920"}],"wp:attachment":[{"href":"https:\/\/lasprimeras.com.do\/index.php\/wp-json\/wp\/v2\/media?parent=109919"}],"wp:term":[{"taxonomy":"category","embeddable":true,"href":"https:\/\/lasprimeras.com.do\/index.php\/wp-json\/wp\/v2\/categories?post=109919"},{"taxonomy":"post_tag","embeddable":true,"href":"https:\/\/lasprimeras.com.do\/index.php\/wp-json\/wp\/v2\/tags?post=109919"}],"curies":[{"name":"wp","href":"https:\/\/api.w.org\/{rel}","templated":true}]}}