{"id":109923,"date":"2025-09-23T12:20:27","date_gmt":"2025-09-23T16:20:27","guid":{"rendered":"https:\/\/lasprimeras.com.do\/?p=109923"},"modified":"2025-09-23T12:21:49","modified_gmt":"2025-09-23T16:21:49","slug":"gobierno-dominicano-reafirma-su-compromiso-en-la-lucha-contra-el-narcotrafico","status":"publish","type":"post","link":"https:\/\/lasprimeras.com.do\/index.php\/2025\/09\/23\/gobierno-dominicano-reafirma-su-compromiso-en-la-lucha-contra-el-narcotrafico\/","title":{"rendered":"Gobierno dominicano reafirma su compromiso en la lucha contra el narcotr\u00e1fico"},"content":{"rendered":"\n<p>El Gobierno de la Rep\u00fablica Dominicana reafirm\u00f3 este martes su firme y reconocida trayectoria en la lucha sin tregua contra el narcotr\u00e1fico, destacando los esfuerzos conjuntos para erradicar esta actividad il\u00edcita por aire, mar y tierra.<\/p>\n\n\n\n<p>En un comunicado emitido por el Ministerio de Relaciones Exteriores, se resalta que el pa\u00eds ha asumido con responsabilidad el compromiso de proteger a su ciudadan\u00eda y contribuir a la seguridad regional, combatiendo las redes del narcotr\u00e1fico que representan una amenaza para la paz y el desarrollo.<\/p>\n\n\n\n<p>Asimismo, se precisa que la Rep\u00fablica Dominicana enmarca sus actuaciones dentro del derecho internacional y de los acuerdos de cooperaci\u00f3n que fortalecen la seguridad mar\u00edtima tanto a nivel nacional como regional.<\/p>\n\n\n\n<p>El Gobierno dominicano reiter\u00f3 su inquebrantable voluntad de seguir trabajando junto a los pa\u00edses aliados, con determinaci\u00f3n y responsabilidad compartida, en la lucha contra el narcotr\u00e1fico y las graves consecuencias que este genera en las sociedades.<\/p>\n\n\n\n<p>Asimismo, la Rep\u00fablica Dominicana reafirm\u00f3 su compromiso con el reconocido principio de Am\u00e9rica Latina y el Caribe como Zona de Paz, ratificando su voluntad de continuar contribuyendo a la seguridad, la estabilidad y el desarrollo de la regi\u00f3n.<\/p>\n\n\n\n<div data-wp-interactive=\"core\/file\" class=\"wp-block-file\"><object data-wp-bind--hidden=\"!state.hasPdfPreview\" hidden class=\"wp-block-file__embed\" data=\"https:\/\/lasprimeras.com.do\/wp-content\/uploads\/2025\/09\/COMUNICADO-CONSEJO-DE-SEGURIDAD.pdf\" type=\"application\/pdf\" style=\"width:100%;height:600px\" aria-label=\"Incrustado de COMUNICADO CONSEJO DE SEGURIDAD.\"><\/object><a id=\"wp-block-file--media-9b8b4b13-2754-46c5-899b-0bd1a86cb2c9\" href=\"https:\/\/lasprimeras.com.do\/wp-content\/uploads\/2025\/09\/COMUNICADO-CONSEJO-DE-SEGURIDAD.pdf\">COMUNICADO CONSEJO DE SEGURIDAD<\/a><a href=\"https:\/\/lasprimeras.com.do\/wp-content\/uploads\/2025\/09\/COMUNICADO-CONSEJO-DE-SEGURIDAD.pdf\" class=\"wp-block-file__button wp-element-button\" download aria-describedby=\"wp-block-file--media-9b8b4b13-2754-46c5-899b-0bd1a86cb2c9\">Descarga<\/a><\/div>\n","protected":false},"excerpt":{"rendered":"<p>El Gobierno de la Rep\u00fablica Dominicana reafirm\u00f3 este martes su firme y reconocida trayectoria en la lucha sin tregua contra el narcotr\u00e1fico, destacando los esfuerzos conjuntos para erradicar esta actividad&hellip;<\/p>\n","protected":false},"author":10,"featured_media":89655,"comment_status":"open","ping_status":"open","sticky":false,"template":"","format":"standard","meta":{"content-type":"","jetpack_post_was_ever_published":false,"_jetpack_newsletter_access":"","_jetpack_dont_email_post_to_subs":false,"_jetpack_newsletter_tier_id":0,"_jetpack_memberships_contains_paywalled_content":false,"_jetpack_memberships_contains_paid_content":false,"footnotes":""},"categories":[35,25],"tags":[12249,562,364,171,1020,10065,5724,7772],"class_list":["post-109923","post","type-post","status-publish","format-standard","has-post-thumbnail","hentry","category-nacionales","category-portada","tag-aire","tag-compromiso","tag-dominicano","tag-gobierno","tag-lucha","tag-mar","tag-narcotrafico","tag-tierra"],"jetpack_featured_media_url":"https:\/\/lasprimeras.com.do\/wp-content\/uploads\/2024\/10\/cancilleria1.jpg","jetpack-related-posts":[{"id":65262,"url":"https:\/\/lasprimeras.com.do\/index.php\/2023\/10\/26\/ard-y-dncd-analizan-estrategias-para-mejorar-lucha-contra-el-narcotrafico\/","url_meta":{"origin":109923,"position":0},"title":"ARD y DNCD analizan estrategias para mejorar lucha contra el narcotr\u00e1fico","author":"Nelson Feliz","date":"26 de octubre de 2023","format":false,"excerpt":"Por Martin Restituyo El Comandate General de la Armada de Rep\u00fablica Dominicana, vicealmirante Agust\u00edn A. Morillo Rodr\u00edguez y su Estado Mayor, recibieron al presidente de la Direcci\u00f3n Nacional de Control de Drogas (DNCD), vicealmirante Jos\u00e9 M. Cabrera Ulloa, en una reunion de trabajo en la que se analizaron las nuevas\u2026","rel":"","context":"En \u00abMILITARES\u00bb","block_context":{"text":"MILITARES","link":"https:\/\/lasprimeras.com.do\/index.php\/category\/militares\/"},"img":{"alt_text":"Estrategias","src":"https:\/\/i0.wp.com\/lasprimeras.com.do\/wp-content\/uploads\/2023\/10\/Estrategias-1.jpg?resize=350%2C200&ssl=1","width":350,"height":200,"srcset":"https:\/\/i0.wp.com\/lasprimeras.com.do\/wp-content\/uploads\/2023\/10\/Estrategias-1.jpg?resize=350%2C200&ssl=1 1x, https:\/\/i0.wp.com\/lasprimeras.com.do\/wp-content\/uploads\/2023\/10\/Estrategias-1.jpg?resize=525%2C300&ssl=1 1.5x, https:\/\/i0.wp.com\/lasprimeras.com.do\/wp-content\/uploads\/2023\/10\/Estrategias-1.jpg?resize=700%2C400&ssl=1 2x"},"classes":[]},{"id":121417,"url":"https:\/\/lasprimeras.com.do\/index.php\/2026\/02\/04\/jefe-de-la-dea-destaca-apoyo-del-presidente-abinader-a-la-lucha-contra-el-narcotrafico\/","url_meta":{"origin":109923,"position":1},"title":"Jefe de la DEA destaca apoyo del presidente Abinader a la lucha contra el narcotr\u00e1fico","author":"Nelson Feliz","date":"4 de febrero de 2026","format":false,"excerpt":"_Resalta respaldo de la Rep\u00fablica Dominicana a la campa\u00f1a de Proteger, Prevenir y Apoyar operaciones conjuntas por un mundo libre de fentanilo_ El Agente Especial a Cargo de la Administraci\u00f3n para el Control de Drogas (DEA) en la regi\u00f3n del Caribe, Michael A. Miranda, destac\u00f3 este mi\u00e9rcoles el firme apoyo\u2026","rel":"","context":"En \u00abNACIONALES\u00bb","block_context":{"text":"NACIONALES","link":"https:\/\/lasprimeras.com.do\/index.php\/category\/nacionales\/"},"img":{"alt_text":"","src":"https:\/\/i0.wp.com\/lasprimeras.com.do\/wp-content\/uploads\/2026\/02\/IMG-20260204-WA0383.jpg?resize=350%2C200&ssl=1","width":350,"height":200,"srcset":"https:\/\/i0.wp.com\/lasprimeras.com.do\/wp-content\/uploads\/2026\/02\/IMG-20260204-WA0383.jpg?resize=350%2C200&ssl=1 1x, https:\/\/i0.wp.com\/lasprimeras.com.do\/wp-content\/uploads\/2026\/02\/IMG-20260204-WA0383.jpg?resize=525%2C300&ssl=1 1.5x, https:\/\/i0.wp.com\/lasprimeras.com.do\/wp-content\/uploads\/2026\/02\/IMG-20260204-WA0383.jpg?resize=700%2C400&ssl=1 2x, https:\/\/i0.wp.com\/lasprimeras.com.do\/wp-content\/uploads\/2026\/02\/IMG-20260204-WA0383.jpg?resize=1050%2C600&ssl=1 3x, https:\/\/i0.wp.com\/lasprimeras.com.do\/wp-content\/uploads\/2026\/02\/IMG-20260204-WA0383.jpg?resize=1400%2C800&ssl=1 4x"},"classes":[]},{"id":116068,"url":"https:\/\/lasprimeras.com.do\/index.php\/2025\/11\/27\/pete-hegseth-asegura-respaldo-de-ee-uu-a-la-rd-reconoce-liderazgo-del-presidente-abinader-contra-el-narcotrafico\/","url_meta":{"origin":109923,"position":2},"title":"Pete Hegseth asegura respaldo de EE.UU. a la RD; reconoce liderazgo del presidente Abinader contra el narcotr\u00e1fico","author":"Nelson Feliz","date":"27 de noviembre de 2025","format":false,"excerpt":"El alto funcionario dice que EE. UU. reconoce que RD y el presidente Abinader son l\u00edderes regionales en la lucha contra el narcotr\u00e1fico y asegur\u00f3 que la colaboraci\u00f3n con el pa\u00eds se ampliar\u00e1 siempre con pleno respeto a las leyes y a la soberan\u00eda dominicana El secretario de Defensa de\u2026","rel":"","context":"En \u00abNACIONALES\u00bb","block_context":{"text":"NACIONALES","link":"https:\/\/lasprimeras.com.do\/index.php\/category\/nacionales\/"},"img":{"alt_text":"","src":"https:\/\/i0.wp.com\/lasprimeras.com.do\/wp-content\/uploads\/2025\/11\/Luis-Abinader-8.jpg?resize=350%2C200&ssl=1","width":350,"height":200,"srcset":"https:\/\/i0.wp.com\/lasprimeras.com.do\/wp-content\/uploads\/2025\/11\/Luis-Abinader-8.jpg?resize=350%2C200&ssl=1 1x, https:\/\/i0.wp.com\/lasprimeras.com.do\/wp-content\/uploads\/2025\/11\/Luis-Abinader-8.jpg?resize=525%2C300&ssl=1 1.5x, https:\/\/i0.wp.com\/lasprimeras.com.do\/wp-content\/uploads\/2025\/11\/Luis-Abinader-8.jpg?resize=700%2C400&ssl=1 2x"},"classes":[]},{"id":81323,"url":"https:\/\/lasprimeras.com.do\/index.php\/2024\/04\/19\/dncd-captura-dos-y-ocupan-400-paquetes-presumiblemente-de-cocaina\/","url_meta":{"origin":109923,"position":3},"title":"DNCD captura dos y ocupan 400 paquetes presumiblemente de coca\u00edna","author":"BIMARY DE JES\u00daS Matos","date":"19 de abril de 2024","format":false,"excerpt":"Santo Domingo.- En la continuaci\u00f3n de la firme ofensiva contra las redes de narcotr\u00e1fico, la Direcci\u00f3n Nacional de Control de Drogas (DNCD), efectivos de la Armada de Rep\u00fablica Dominicana, la Fuerza A\u00e9rea y agencias de Inteligencia del Estado, coordinados por miembros del Ministerio P\u00fablico, confiscaron un cargamento de 400 paquetes\u2026","rel":"","context":"En \u00abNACIONALES\u00bb","block_context":{"text":"NACIONALES","link":"https:\/\/lasprimeras.com.do\/index.php\/category\/nacionales\/"},"img":{"alt_text":"","src":"https:\/\/i0.wp.com\/lasprimeras.com.do\/wp-content\/uploads\/2024\/04\/WhatsApp-Image-2024-04-19-at-11.49.44-AM-1.jpeg?resize=350%2C200&ssl=1","width":350,"height":200,"srcset":"https:\/\/i0.wp.com\/lasprimeras.com.do\/wp-content\/uploads\/2024\/04\/WhatsApp-Image-2024-04-19-at-11.49.44-AM-1.jpeg?resize=350%2C200&ssl=1 1x, https:\/\/i0.wp.com\/lasprimeras.com.do\/wp-content\/uploads\/2024\/04\/WhatsApp-Image-2024-04-19-at-11.49.44-AM-1.jpeg?resize=525%2C300&ssl=1 1.5x, https:\/\/i0.wp.com\/lasprimeras.com.do\/wp-content\/uploads\/2024\/04\/WhatsApp-Image-2024-04-19-at-11.49.44-AM-1.jpeg?resize=700%2C400&ssl=1 2x, https:\/\/i0.wp.com\/lasprimeras.com.do\/wp-content\/uploads\/2024\/04\/WhatsApp-Image-2024-04-19-at-11.49.44-AM-1.jpeg?resize=1050%2C600&ssl=1 3x, https:\/\/i0.wp.com\/lasprimeras.com.do\/wp-content\/uploads\/2024\/04\/WhatsApp-Image-2024-04-19-at-11.49.44-AM-1.jpeg?resize=1400%2C800&ssl=1 4x"},"classes":[]},{"id":116309,"url":"https:\/\/lasprimeras.com.do\/index.php\/2025\/11\/30\/presidente-del-senado-valora-como-positiva-la-decision-del-gobierno-lucha-contra-el-narcotrafico\/","url_meta":{"origin":109923,"position":4},"title":"Presidente del Senado valora como positiva la decisi\u00f3n del Gobierno lucha contra el narcotr\u00e1fico","author":"Nelson Feliz","date":"30 de noviembre de 2025","format":false,"excerpt":"El presidente del Senado de la Rep\u00fablica, Ricardo de los Santos, calific\u00f3 como acertada y oportuna la decisi\u00f3n del presidente Luis Abinader de poner en plena ejecuci\u00f3n el Acuerdo Bilateral de Interdicci\u00f3n Mar\u00edtima y A\u00e9rea, vigente desde 1995, con el fin de reforzar las acciones conjuntas con los Estados Unidos\u2026","rel":"","context":"En \u00abPOLITICA\u00bb","block_context":{"text":"POLITICA","link":"https:\/\/lasprimeras.com.do\/index.php\/category\/politica\/"},"img":{"alt_text":"","src":"https:\/\/i0.wp.com\/lasprimeras.com.do\/wp-content\/uploads\/2025\/11\/Ricardo-de-los-Santos-2.jpg?resize=350%2C200&ssl=1","width":350,"height":200,"srcset":"https:\/\/i0.wp.com\/lasprimeras.com.do\/wp-content\/uploads\/2025\/11\/Ricardo-de-los-Santos-2.jpg?resize=350%2C200&ssl=1 1x, https:\/\/i0.wp.com\/lasprimeras.com.do\/wp-content\/uploads\/2025\/11\/Ricardo-de-los-Santos-2.jpg?resize=525%2C300&ssl=1 1.5x, https:\/\/i0.wp.com\/lasprimeras.com.do\/wp-content\/uploads\/2025\/11\/Ricardo-de-los-Santos-2.jpg?resize=700%2C400&ssl=1 2x"},"classes":[]},{"id":114436,"url":"https:\/\/lasprimeras.com.do\/index.php\/2025\/11\/14\/dea-felicita-al-presidente-abinader-por-su-lucha-contra-el-narcotrafico\/","url_meta":{"origin":109923,"position":5},"title":"DEA felicita al presidente Abinader por su lucha contra el narcotr\u00e1fico","author":"Nelson Feliz","date":"14 de noviembre de 2025","format":false,"excerpt":"El Presidente de la Republica, Lu\u00eds Abinader, fue felicitado por la Agencia Antidrogas de Estados Unidos (DEA) por el apoyo brindado a la lucha contra el narcotr\u00e1fico tanto en el pa\u00eds como en la regi\u00f3n del Caribe. Para tal efecto, una misi\u00f3n de alto nivel de la DEA viaj\u00f3 a\u2026","rel":"","context":"En \u00abNACIONALES\u00bb","block_context":{"text":"NACIONALES","link":"https:\/\/lasprimeras.com.do\/index.php\/category\/nacionales\/"},"img":{"alt_text":"","src":"https:\/\/i0.wp.com\/lasprimeras.com.do\/wp-content\/uploads\/2025\/11\/DEA.jpg?resize=350%2C200&ssl=1","width":350,"height":200,"srcset":"https:\/\/i0.wp.com\/lasprimeras.com.do\/wp-content\/uploads\/2025\/11\/DEA.jpg?resize=350%2C200&ssl=1 1x, https:\/\/i0.wp.com\/lasprimeras.com.do\/wp-content\/uploads\/2025\/11\/DEA.jpg?resize=525%2C300&ssl=1 1.5x, https:\/\/i0.wp.com\/lasprimeras.com.do\/wp-content\/uploads\/2025\/11\/DEA.jpg?resize=700%2C400&ssl=1 2x"},"classes":[]}],"jetpack_sharing_enabled":true,"_links":{"self":[{"href":"https:\/\/lasprimeras.com.do\/index.php\/wp-json\/wp\/v2\/posts\/109923","targetHints":{"allow":["GET"]}}],"collection":[{"href":"https:\/\/lasprimeras.com.do\/index.php\/wp-json\/wp\/v2\/posts"}],"about":[{"href":"https:\/\/lasprimeras.com.do\/index.php\/wp-json\/wp\/v2\/types\/post"}],"author":[{"embeddable":true,"href":"https:\/\/lasprimeras.com.do\/index.php\/wp-json\/wp\/v2\/users\/10"}],"replies":[{"embeddable":true,"href":"https:\/\/lasprimeras.com.do\/index.php\/wp-json\/wp\/v2\/comments?post=109923"}],"version-history":[{"count":2,"href":"https:\/\/lasprimeras.com.do\/index.php\/wp-json\/wp\/v2\/posts\/109923\/revisions"}],"predecessor-version":[{"id":109927,"href":"https:\/\/lasprimeras.com.do\/index.php\/wp-json\/wp\/v2\/posts\/109923\/revisions\/109927"}],"wp:featuredmedia":[{"embeddable":true,"href":"https:\/\/lasprimeras.com.do\/index.php\/wp-json\/wp\/v2\/media\/89655"}],"wp:attachment":[{"href":"https:\/\/lasprimeras.com.do\/index.php\/wp-json\/wp\/v2\/media?parent=109923"}],"wp:term":[{"taxonomy":"category","embeddable":true,"href":"https:\/\/lasprimeras.com.do\/index.php\/wp-json\/wp\/v2\/categories?post=109923"},{"taxonomy":"post_tag","embeddable":true,"href":"https:\/\/lasprimeras.com.do\/index.php\/wp-json\/wp\/v2\/tags?post=109923"}],"curies":[{"name":"wp","href":"https:\/\/api.w.org\/{rel}","templated":true}]}}