{"id":109928,"date":"2025-09-23T12:28:50","date_gmt":"2025-09-23T16:28:50","guid":{"rendered":"https:\/\/lasprimeras.com.do\/?p=109928"},"modified":"2025-09-23T12:28:52","modified_gmt":"2025-09-23T16:28:52","slug":"raquel-pena-y-paliza-encabezan-quincuagesimo-segundo-consejo-de-ministros","status":"publish","type":"post","link":"https:\/\/lasprimeras.com.do\/index.php\/2025\/09\/23\/raquel-pena-y-paliza-encabezan-quincuagesimo-segundo-consejo-de-ministros\/","title":{"rendered":"Raquel Pe\u00f1a y Paliza encabezan quincuag\u00e9simo segundo Consejo de Ministros"},"content":{"rendered":"\n<p>La vicepresidenta de la Rep\u00fablica, Raquel Pe\u00f1a, junto al ministro de la Presidencia, Jos\u00e9 Ignacio Paliza, encabeza este martes el quincuag\u00e9simo segundo Consejo de Ministros en el Palacio Nacional.<\/p>\n\n\n\n<p>Durante el encuentro, que se desarrolla en el Sal\u00f3n del Consejo de Gobierno, se abordan diversos temas de inter\u00e9s nacional vinculados a la gesti\u00f3n gubernamental.<\/p>\n\n\n\n<figure class=\"wp-block-image size-full\"><img decoding=\"async\" width=\"900\" height=\"652\" src=\"https:\/\/lasprimeras.com.do\/wp-content\/uploads\/2025\/09\/Raquel-Pena.jpg\" alt=\"\" class=\"wp-image-109930\" srcset=\"https:\/\/lasprimeras.com.do\/wp-content\/uploads\/2025\/09\/Raquel-Pena.jpg 900w, https:\/\/lasprimeras.com.do\/wp-content\/uploads\/2025\/09\/Raquel-Pena-300x217.jpg 300w, https:\/\/lasprimeras.com.do\/wp-content\/uploads\/2025\/09\/Raquel-Pena-768x556.jpg 768w\" sizes=\"(max-width: 900px) 100vw, 900px\" \/><\/figure>\n","protected":false},"excerpt":{"rendered":"<p>La vicepresidenta de la Rep\u00fablica, Raquel Pe\u00f1a, junto al ministro de la Presidencia, Jos\u00e9 Ignacio Paliza, encabeza este martes el quincuag\u00e9simo segundo Consejo de Ministros en el Palacio Nacional. Durante&hellip;<\/p>\n","protected":false},"author":10,"featured_media":109929,"comment_status":"open","ping_status":"open","sticky":false,"template":"","format":"standard","meta":{"content-type":"","jetpack_post_was_ever_published":false,"_jetpack_newsletter_access":"","_jetpack_dont_email_post_to_subs":false,"_jetpack_newsletter_tier_id":0,"_jetpack_memberships_contains_paywalled_content":false,"_jetpack_memberships_contains_paid_content":false,"footnotes":""},"categories":[35],"tags":[5517,1420,373,2873,2874],"class_list":["post-109928","post","type-post","status-publish","format-standard","has-post-thumbnail","hentry","category-nacionales","tag-consejo-de-ministros","tag-jose-ignacio-paliza","tag-ministro","tag-raquel-pena","tag-vicepresidenta"],"jetpack_featured_media_url":"https:\/\/lasprimeras.com.do\/wp-content\/uploads\/2025\/09\/consejo.jpg","jetpack-related-posts":[{"id":124284,"url":"https:\/\/lasprimeras.com.do\/index.php\/2026\/03\/09\/raquel-pena-encabeza-jornada-de-evaluacion-del-plan-de-seguridad-ciudadana\/","url_meta":{"origin":109928,"position":0},"title":"Raquel Pe\u00f1a encabeza jornada de evaluaci\u00f3n del Plan de Seguridad Ciudadana","author":"Nelson Feliz","date":"9 de marzo de 2026","format":false,"excerpt":"Las autoridades revisaron indicadores, acciones en marcha y coordinaci\u00f3n institucional en la reuni\u00f3n n\u00famero 131. La vicepresidenta de la Rep\u00fablica, Raquel Pe\u00f1a, encabez\u00f3 este lunes una nueva sesi\u00f3n de seguimiento al Plan de Seguridad Ciudadana, un espacio de trabajo que permite analizar indicadores y evaluar las medidas implementadas para fortalecer\u2026","rel":"","context":"En \u00abPORTADA\u00bb","block_context":{"text":"PORTADA","link":"https:\/\/lasprimeras.com.do\/index.php\/category\/portada\/"},"img":{"alt_text":"","src":"https:\/\/i0.wp.com\/lasprimeras.com.do\/wp-content\/uploads\/2026\/03\/seguridad-ciudadana.jpg?resize=350%2C200&ssl=1","width":350,"height":200,"srcset":"https:\/\/i0.wp.com\/lasprimeras.com.do\/wp-content\/uploads\/2026\/03\/seguridad-ciudadana.jpg?resize=350%2C200&ssl=1 1x, https:\/\/i0.wp.com\/lasprimeras.com.do\/wp-content\/uploads\/2026\/03\/seguridad-ciudadana.jpg?resize=525%2C300&ssl=1 1.5x, https:\/\/i0.wp.com\/lasprimeras.com.do\/wp-content\/uploads\/2026\/03\/seguridad-ciudadana.jpg?resize=700%2C400&ssl=1 2x"},"classes":[]},{"id":88205,"url":"https:\/\/lasprimeras.com.do\/index.php\/2024\/08\/23\/abinader-y-vicepresidenta-encabezan-consejo-de-ministros-y-directores-y-tratan-sobre-la-etica\/","url_meta":{"origin":109928,"position":1},"title":"Abinader y vicepresidenta encabezan Consejo de Ministros y Directores y tratan sobre la \u00e9tica","author":"Nelson Feliz","date":"23 de agosto de 2024","format":false,"excerpt":"Fue un llamado general a continuar con m\u00e1s transparencia, m\u00e1s compromiso, y m\u00e1s identificaci\u00f3n del funcionario p\u00fablico con las mejores pr\u00e1cticas y el mejor de los comportamientos en el devenir de sus funciones. El presidente Luis Abinader y la vicepresidenta Raquel Pe\u00f1a encabezaron este viernes el primer Consejo de Ministros\u2026","rel":"","context":"En \u00abNACIONALES\u00bb","block_context":{"text":"NACIONALES","link":"https:\/\/lasprimeras.com.do\/index.php\/category\/nacionales\/"},"img":{"alt_text":"Luis Abinader","src":"https:\/\/i0.wp.com\/lasprimeras.com.do\/wp-content\/uploads\/2024\/08\/Luis-Abinader-2-1.jpg?resize=350%2C200&ssl=1","width":350,"height":200,"srcset":"https:\/\/i0.wp.com\/lasprimeras.com.do\/wp-content\/uploads\/2024\/08\/Luis-Abinader-2-1.jpg?resize=350%2C200&ssl=1 1x, https:\/\/i0.wp.com\/lasprimeras.com.do\/wp-content\/uploads\/2024\/08\/Luis-Abinader-2-1.jpg?resize=525%2C300&ssl=1 1.5x, https:\/\/i0.wp.com\/lasprimeras.com.do\/wp-content\/uploads\/2024\/08\/Luis-Abinader-2-1.jpg?resize=700%2C400&ssl=1 2x"},"classes":[]},{"id":89090,"url":"https:\/\/lasprimeras.com.do\/index.php\/2024\/09\/15\/abinader-anuncia-varias-obras-importantes-para-santo-domingo-este\/","url_meta":{"origin":109928,"position":2},"title":"Abinader anuncia varias obras importantes para Santo Domingo Este","author":"Nelson Feliz","date":"15 de septiembre de 2024","format":false,"excerpt":"Entre est\u00e1s enumer\u00f3, el Tribunal de Justicia, una nueva extensi\u00f3n de la UASD, el Tren Metropolitano, un Hospital General, reconstrucci\u00f3n del malec\u00f3n de SDE y 3 plantas de tratamiento de aguas negras. El presidente Luis Abinader junto a la vicepresidenta Raquel Pe\u00f1a encabezaron este domingo un Consejo de Ministros y\u2026","rel":"","context":"En \u00abNACIONALES\u00bb","block_context":{"text":"NACIONALES","link":"https:\/\/lasprimeras.com.do\/index.php\/category\/nacionales\/"},"img":{"alt_text":"Luis Abinader","src":"https:\/\/i0.wp.com\/lasprimeras.com.do\/wp-content\/uploads\/2024\/09\/Luis-Abinader-1.jpg?resize=350%2C200&ssl=1","width":350,"height":200,"srcset":"https:\/\/i0.wp.com\/lasprimeras.com.do\/wp-content\/uploads\/2024\/09\/Luis-Abinader-1.jpg?resize=350%2C200&ssl=1 1x, https:\/\/i0.wp.com\/lasprimeras.com.do\/wp-content\/uploads\/2024\/09\/Luis-Abinader-1.jpg?resize=525%2C300&ssl=1 1.5x"},"classes":[]},{"id":58093,"url":"https:\/\/lasprimeras.com.do\/index.php\/2023\/08\/19\/abinader-instruye-a-funcionarios-del-gobierno-no-utilizar-los-recursos-del-estado-en-la-campana-electoral\/","url_meta":{"origin":109928,"position":3},"title":"Abinader instruye a funcionarios del Gobierno no utilizar los recursos del Estado en la campa\u00f1a electoral","author":"Nelson Feliz","date":"19 de agosto de 2023","format":false,"excerpt":"El Presidente Luis Abinader junto a la vicepresidenta Raquel Pe\u00f1a encabezaron un Consejo de Ministros y Directores en el Palacio Nacional, donde el mandatario instruy\u00f3 a todos los funcionarios del Gobierno para que los recursos del Estado no sean empleados en el proceso de la campa\u00f1a electoral. Del mismo modo,\u2026","rel":"","context":"En \u00abSin categor\u00eda\u00bb","block_context":{"text":"Sin categor\u00eda","link":"https:\/\/lasprimeras.com.do\/index.php\/category\/sin-categoria\/"},"img":{"alt_text":"Jos\u00e9 Ignacio Paliza","src":"https:\/\/i0.wp.com\/lasprimeras.com.do\/wp-content\/uploads\/2023\/08\/Jose-Ignacio-Paliza-1.jpg?resize=350%2C200&ssl=1","width":350,"height":200,"srcset":"https:\/\/i0.wp.com\/lasprimeras.com.do\/wp-content\/uploads\/2023\/08\/Jose-Ignacio-Paliza-1.jpg?resize=350%2C200&ssl=1 1x, https:\/\/i0.wp.com\/lasprimeras.com.do\/wp-content\/uploads\/2023\/08\/Jose-Ignacio-Paliza-1.jpg?resize=525%2C300&ssl=1 1.5x, https:\/\/i0.wp.com\/lasprimeras.com.do\/wp-content\/uploads\/2023\/08\/Jose-Ignacio-Paliza-1.jpg?resize=700%2C400&ssl=1 2x"},"classes":[]},{"id":90064,"url":"https:\/\/lasprimeras.com.do\/index.php\/2024\/10\/12\/presidente-abinader-encabeza-consejo-de-ministros-y-directores-en-puerto-plata\/","url_meta":{"origin":109928,"position":4},"title":"Presidente Abinader encabeza consejo de Ministros y Directores, en Puerto Plata","author":"Nelson Feliz","date":"12 de octubre de 2024","format":false,"excerpt":"El presidente de la Rep\u00fablica, Luis Abinader, junto a la vicepresidenta, Raquel Pe\u00f1a, encabeza en estos momentos el cuadrag\u00e9simo tercer consejo de Gobierno con una representaci\u00f3n de sus principales Ministros y Directores Generales. En el encuentro, que busca poner en conocimiento del mandatario los logros y avances de la provincia\u2026","rel":"","context":"En \u00abNACIONALES\u00bb","block_context":{"text":"NACIONALES","link":"https:\/\/lasprimeras.com.do\/index.php\/category\/nacionales\/"},"img":{"alt_text":"","src":"https:\/\/i0.wp.com\/lasprimeras.com.do\/wp-content\/uploads\/2024\/10\/Luis-Abinader-pp-4.jpg?resize=350%2C200&ssl=1","width":350,"height":200,"srcset":"https:\/\/i0.wp.com\/lasprimeras.com.do\/wp-content\/uploads\/2024\/10\/Luis-Abinader-pp-4.jpg?resize=350%2C200&ssl=1 1x, https:\/\/i0.wp.com\/lasprimeras.com.do\/wp-content\/uploads\/2024\/10\/Luis-Abinader-pp-4.jpg?resize=525%2C300&ssl=1 1.5x, https:\/\/i0.wp.com\/lasprimeras.com.do\/wp-content\/uploads\/2024\/10\/Luis-Abinader-pp-4.jpg?resize=700%2C400&ssl=1 2x"},"classes":[]},{"id":51455,"url":"https:\/\/lasprimeras.com.do\/index.php\/2023\/05\/31\/abinader-encabeza-trigesimo-consejo-de-ministros-y-directores-en-el-palacio-nacional\/","url_meta":{"origin":109928,"position":5},"title":"Abinader encabeza trig\u00e9simo Consejo de Ministros y Directores en el Palacio Nacional","author":"prenxa100","date":"31 de mayo de 2023","format":false,"excerpt":"Por Wilson P\u00e9rez Santo Domingo. - En estos momentos el presidente Luis Abinader y la vicepresidenta Raquel Pe\u00f1a, encabezan el trig\u00e9simo Consejo de Ministros y Directores en el Palacio Nacional, donde se tratan importantes temas sobre la marcha del gobierno. https:\/\/youtu.be\/q-2y6XvR6F8","rel":"","context":"En \u00abNACIONALES\u00bb","block_context":{"text":"NACIONALES","link":"https:\/\/lasprimeras.com.do\/index.php\/category\/nacionales\/"},"img":{"alt_text":"","src":"https:\/\/i0.wp.com\/img.youtube.com\/vi\/q-2y6XvR6F8\/0.jpg?resize=350%2C200","width":350,"height":200},"classes":[]}],"jetpack_sharing_enabled":true,"_links":{"self":[{"href":"https:\/\/lasprimeras.com.do\/index.php\/wp-json\/wp\/v2\/posts\/109928","targetHints":{"allow":["GET"]}}],"collection":[{"href":"https:\/\/lasprimeras.com.do\/index.php\/wp-json\/wp\/v2\/posts"}],"about":[{"href":"https:\/\/lasprimeras.com.do\/index.php\/wp-json\/wp\/v2\/types\/post"}],"author":[{"embeddable":true,"href":"https:\/\/lasprimeras.com.do\/index.php\/wp-json\/wp\/v2\/users\/10"}],"replies":[{"embeddable":true,"href":"https:\/\/lasprimeras.com.do\/index.php\/wp-json\/wp\/v2\/comments?post=109928"}],"version-history":[{"count":1,"href":"https:\/\/lasprimeras.com.do\/index.php\/wp-json\/wp\/v2\/posts\/109928\/revisions"}],"predecessor-version":[{"id":109931,"href":"https:\/\/lasprimeras.com.do\/index.php\/wp-json\/wp\/v2\/posts\/109928\/revisions\/109931"}],"wp:featuredmedia":[{"embeddable":true,"href":"https:\/\/lasprimeras.com.do\/index.php\/wp-json\/wp\/v2\/media\/109929"}],"wp:attachment":[{"href":"https:\/\/lasprimeras.com.do\/index.php\/wp-json\/wp\/v2\/media?parent=109928"}],"wp:term":[{"taxonomy":"category","embeddable":true,"href":"https:\/\/lasprimeras.com.do\/index.php\/wp-json\/wp\/v2\/categories?post=109928"},{"taxonomy":"post_tag","embeddable":true,"href":"https:\/\/lasprimeras.com.do\/index.php\/wp-json\/wp\/v2\/tags?post=109928"}],"curies":[{"name":"wp","href":"https:\/\/api.w.org\/{rel}","templated":true}]}}