{"id":109932,"date":"2025-09-23T12:34:27","date_gmt":"2025-09-23T16:34:27","guid":{"rendered":"https:\/\/lasprimeras.com.do\/?p=109932"},"modified":"2025-09-23T12:34:29","modified_gmt":"2025-09-23T16:34:29","slug":"mescyt-entrega-108-nuevas-becas-a-estudiantes-meritorios-para-continuar-su-formacion-superior","status":"publish","type":"post","link":"https:\/\/lasprimeras.com.do\/index.php\/2025\/09\/23\/mescyt-entrega-108-nuevas-becas-a-estudiantes-meritorios-para-continuar-su-formacion-superior\/","title":{"rendered":"MESCyT entrega 108 nuevas becas a estudiantes meritorios para continuar su formaci\u00f3n superior"},"content":{"rendered":"\n<p>El Ministerio de Educaci\u00f3n Superior, Ciencia y Tecnolog\u00eda, (MESCyT) entreg\u00f3 un nuevo grupo de becas nacionales a estudiantes meritorios, seleccionados entre m\u00e1s de 80 mil solicitudes recibidas durante la convocatoria.<\/p>\n\n\n\n<p>De acuerdo con las autoridades, la meta es otorgar 8,000 becas, lo que resalta a\u00fan m\u00e1s el m\u00e9rito acad\u00e9mico de los beneficiarios, quienes fueron seleccionados en base a criterios de excelencia y sin distinci\u00f3n pol\u00edtica, religiosa ni econ\u00f3mica.<\/p>\n\n\n\n<p>Este grupo de estudiantes, cursaran sus estudios superior en el Instituto Pedro Francisco Bon\u00f3, as\u00ed, como en el Instituto T\u00e9cnico Superior Comunitario de San Luis, respectivamente.<\/p>\n\n\n\n<p>La informaci\u00f3n, fue emitida por el encargado de Becas Nacionales, Rafael Martinez, qui\u00e9n represent\u00f3 al ministro, doctor Franklin Gracia Ferm\u00edn.<\/p>\n\n\n\n<p>Durante el acto, varios estudiantes fueron reconocidos como parte de los nuevos becarios, entre ellos, Jorge Luis Rosario, quien cursar\u00e1 la carrera de T\u00e9cnico Superior en Radiolog\u00eda en el ITSC; Carla Reynoso Mart\u00ednez, seleccionada para estudiar Enfermer\u00eda; Marieli Contreras; Mar\u00eda Celeste Mart\u00ednez, en la carrera de Enfermer\u00eda.<\/p>\n\n\n\n<p>En representaci\u00f3n de los beneficiarios, Mar\u00eda Celeste Mart\u00ednez agradeci\u00f3 al MESCyT y al presidente Luis Abinader, destacando que esta oportunidad \u201cno solo representa un alivio econ\u00f3mico, sino una inversi\u00f3n en el futuro de cada estudiante, que se compromete a poner sus conocimientos al servicio de la comunidad y del pa\u00eds\u201d.<\/p>\n\n\n\n<p>Las autoridades del MECyT, recordaron que cada a\u00f1o, debido a la gran cantidad de solicitudes (que oscilan entre 79,000 y 85,000 expedientes), muchos aspirantes deben esperar futuras convocatorias, pero aseguraron que el programa \u201cBeca Tu Futuro\u201d seguir\u00e1 creciendo para ofrecer m\u00e1s oportunidades.<\/p>\n\n\n\n<p>La instituci\u00f3n resalt\u00f3 que este proceso es estrictamente acad\u00e9mico y meritocr\u00e1tico, garantizando igualdad de oportunidades para todos los j\u00f3venes del pa\u00eds, sin importar procedencia, condici\u00f3n econ\u00f3mica, ideolog\u00eda o religi\u00f3n.<\/p>\n\n\n\n<p>Con este programa, el Gobierno dominicano reafirma su compromiso con la educaci\u00f3n, fortaleciendo el capital humano y formando profesionales en \u00e1reas estrat\u00e9gicas para el desarrollo nacional. Esta convocatoria se realiza a partir de 21 de febrero y concluye en marzo.<\/p>\n","protected":false},"excerpt":{"rendered":"<p>El Ministerio de Educaci\u00f3n Superior, Ciencia y Tecnolog\u00eda, (MESCyT) entreg\u00f3 un nuevo grupo de becas nacionales a estudiantes meritorios, seleccionados entre m\u00e1s de 80 mil solicitudes recibidas durante la convocatoria.&hellip;<\/p>\n","protected":false},"author":10,"featured_media":109933,"comment_status":"open","ping_status":"open","sticky":false,"template":"","format":"standard","meta":{"content-type":"","jetpack_post_was_ever_published":false,"_jetpack_newsletter_access":"","_jetpack_dont_email_post_to_subs":false,"_jetpack_newsletter_tier_id":0,"_jetpack_memberships_contains_paywalled_content":false,"_jetpack_memberships_contains_paid_content":false,"footnotes":""},"categories":[35],"tags":[2877,25003,22030,25004,1736],"class_list":["post-109932","post","type-post","status-publish","format-standard","has-post-thumbnail","hentry","category-nacionales","tag-becas","tag-continuar","tag-estudiantes-meritorios","tag-formacion-superior","tag-mescyt"],"jetpack_featured_media_url":"https:\/\/lasprimeras.com.do\/wp-content\/uploads\/2025\/09\/becas.jpg","jetpack-related-posts":[{"id":106936,"url":"https:\/\/lasprimeras.com.do\/index.php\/2025\/08\/21\/mescyt-e-itla-realizan-historica-entrega-de-350-becas-nacionales-a-estudiantes-en-carreras-steam\/","url_meta":{"origin":109932,"position":0},"title":"MESCyT e ITLA realizan hist\u00f3rica entrega de 350 becas nacionales a estudiantes en carreras STEAM","author":"Nelson Feliz","date":"21 de agosto de 2025","format":false,"excerpt":"Por primera vez, 350 j\u00f3venes reciben becas del Mescyt para estudios superiores en el ITLA. El Ministerio de Educaci\u00f3n Superior, Ciencia y Tecnolog\u00eda (MESCyT) y el Instituto Tecnol\u00f3gico de Las Am\u00e9ricas (ITLA) realizaron la entrega de 350 becas nacionales a j\u00f3venes provenientes de provincias del pa\u00eds, con el objetivo de\u2026","rel":"","context":"En \u00abNACIONALES\u00bb","block_context":{"text":"NACIONALES","link":"https:\/\/lasprimeras.com.do\/index.php\/category\/nacionales\/"},"img":{"alt_text":"","src":"https:\/\/i0.wp.com\/lasprimeras.com.do\/wp-content\/uploads\/2025\/08\/becas.jpg?resize=350%2C200&ssl=1","width":350,"height":200,"srcset":"https:\/\/i0.wp.com\/lasprimeras.com.do\/wp-content\/uploads\/2025\/08\/becas.jpg?resize=350%2C200&ssl=1 1x, https:\/\/i0.wp.com\/lasprimeras.com.do\/wp-content\/uploads\/2025\/08\/becas.jpg?resize=525%2C300&ssl=1 1.5x, https:\/\/i0.wp.com\/lasprimeras.com.do\/wp-content\/uploads\/2025\/08\/becas.jpg?resize=700%2C400&ssl=1 2x"},"classes":[]},{"id":61434,"url":"https:\/\/lasprimeras.com.do\/index.php\/2023\/09\/27\/mescyt-entrega-53-becas-nacionales-a-alumnos-de-la-universidad-uce\/","url_meta":{"origin":109932,"position":1},"title":"MESCYT entrega 53 becas nacionales a alumnos de la Universidad UCE","author":"Nelson Feliz","date":"27 de septiembre de 2023","format":false,"excerpt":"Por Martin Restituyo El Ministerio de Educaci\u00f3n Superior, Ciencia y Tecnolog\u00eda (MESCYT) entreg\u00f3 53 certificaciones de becas al primer grupo de alumnos meritorios que cursar\u00e1n programas de grado y de postgrado en la Universidad Central del Este (UCE). El prop\u00f3sito del MESCYT es garantizar una formaci\u00f3n profesional basado en tres\u2026","rel":"","context":"En \u00abNACIONALES\u00bb","block_context":{"text":"NACIONALES","link":"https:\/\/lasprimeras.com.do\/index.php\/category\/nacionales\/"},"img":{"alt_text":"Franklin Garc\u00eda Ferm\u00edn","src":"https:\/\/i0.wp.com\/lasprimeras.com.do\/wp-content\/uploads\/2023\/09\/WhatsApp-Image-2023-09-26-at-7.38.54-PM.jpeg?resize=350%2C200&ssl=1","width":350,"height":200,"srcset":"https:\/\/i0.wp.com\/lasprimeras.com.do\/wp-content\/uploads\/2023\/09\/WhatsApp-Image-2023-09-26-at-7.38.54-PM.jpeg?resize=350%2C200&ssl=1 1x, https:\/\/i0.wp.com\/lasprimeras.com.do\/wp-content\/uploads\/2023\/09\/WhatsApp-Image-2023-09-26-at-7.38.54-PM.jpeg?resize=525%2C300&ssl=1 1.5x, https:\/\/i0.wp.com\/lasprimeras.com.do\/wp-content\/uploads\/2023\/09\/WhatsApp-Image-2023-09-26-at-7.38.54-PM.jpeg?resize=700%2C400&ssl=1 2x"},"classes":[]},{"id":60311,"url":"https:\/\/lasprimeras.com.do\/index.php\/2023\/09\/13\/rector-de-unapec-resalta-proceso-de-seleccion-de-becados-es-mas-claro-diafano-y-transparente-que-nunca\/","url_meta":{"origin":109932,"position":2},"title":"Rector de UNAPEC resalta proceso de selecci\u00f3n de becados es m\u00e1s claro, di\u00e1fano y transparente que nunca","author":"Nelson Feliz","date":"13 de septiembre de 2023","format":false,"excerpt":"En acto de entrega de 140 becas nacionales de grado y posgrado a estudiantes de esa instituci\u00f3n, ministro del MESCYT dice que j\u00f3venes que deseen prepararse contar\u00e1n con el apoyo de Luis Abinader. Por Martin Restituyo El Ministerio de Educaci\u00f3n Superior, Ciencia y Tecnolog\u00eda (MESCYT), otorg\u00f3 un total de 140\u2026","rel":"","context":"En \u00abNACIONALES\u00bb","block_context":{"text":"NACIONALES","link":"https:\/\/lasprimeras.com.do\/index.php\/category\/nacionales\/"},"img":{"alt_text":"MESCYT","src":"https:\/\/i0.wp.com\/lasprimeras.com.do\/wp-content\/uploads\/2023\/09\/MESCYT.jpg?resize=350%2C200&ssl=1","width":350,"height":200,"srcset":"https:\/\/i0.wp.com\/lasprimeras.com.do\/wp-content\/uploads\/2023\/09\/MESCYT.jpg?resize=350%2C200&ssl=1 1x, https:\/\/i0.wp.com\/lasprimeras.com.do\/wp-content\/uploads\/2023\/09\/MESCYT.jpg?resize=525%2C300&ssl=1 1.5x, https:\/\/i0.wp.com\/lasprimeras.com.do\/wp-content\/uploads\/2023\/09\/MESCYT.jpg?resize=700%2C400&ssl=1 2x"},"classes":[]},{"id":111487,"url":"https:\/\/lasprimeras.com.do\/index.php\/2025\/10\/09\/mescyt-otorga-117-becas-nacionales-a-estudiantes-de-utesur-en-azua\/","url_meta":{"origin":109932,"position":3},"title":"Mescyt otorga 117 becas nacionales a estudiantes de Utesur en Azua","author":"Nelson Feliz","date":"9 de octubre de 2025","format":false,"excerpt":"Ministro Franklin Garc\u00eda Ferm\u00edn afirma que el conocimiento es la llave que abre la puerta del futuro y mejora la calidad de vida de los dominicanos. El Ministerio de Educaci\u00f3n Superior, Ciencia y Tecnolog\u00eda (Mescyt) entreg\u00f3 117 certificados de becas nacionales a igual n\u00famero de estudiantes meritorios de la Universidad\u2026","rel":"","context":"En \u00abNACIONALES\u00bb","block_context":{"text":"NACIONALES","link":"https:\/\/lasprimeras.com.do\/index.php\/category\/nacionales\/"},"img":{"alt_text":"","src":"https:\/\/i0.wp.com\/lasprimeras.com.do\/wp-content\/uploads\/2025\/10\/Franklin-Garcia-Fermin.jpg?resize=350%2C200&ssl=1","width":350,"height":200,"srcset":"https:\/\/i0.wp.com\/lasprimeras.com.do\/wp-content\/uploads\/2025\/10\/Franklin-Garcia-Fermin.jpg?resize=350%2C200&ssl=1 1x, https:\/\/i0.wp.com\/lasprimeras.com.do\/wp-content\/uploads\/2025\/10\/Franklin-Garcia-Fermin.jpg?resize=525%2C300&ssl=1 1.5x, https:\/\/i0.wp.com\/lasprimeras.com.do\/wp-content\/uploads\/2025\/10\/Franklin-Garcia-Fermin.jpg?resize=700%2C400&ssl=1 2x"},"classes":[]},{"id":51701,"url":"https:\/\/lasprimeras.com.do\/index.php\/2023\/06\/02\/mescyt-entrega-170-becas-a-alumnos-que-cursaran-programas-de-posgrados-en-espana-e-italia\/","url_meta":{"origin":109932,"position":4},"title":"MESCYT entrega 170 becas a alumnos que cursar\u00e1n programas de posgrados en Espa\u00f1a e Italia","author":"prenxa100","date":"2 de junio de 2023","format":false,"excerpt":"Los estudiantes corresponden al primer grupo de becarios que participaron en la Convocatoria de Becas Internacionales 2023 Santo Domingo.-El Ministerio de Educaci\u00f3n Superior, Ciencia y Tecnolog\u00eda (MESCYT), entreg\u00f3 170 certificaciones de becas internacionales, al primer grupo de alumnos meritorios que cursar\u00e1n, programas de posgrado, en seis universidades ubicadas en Espa\u00f1a\u2026","rel":"","context":"En \u00abNACIONALES\u00bb","block_context":{"text":"NACIONALES","link":"https:\/\/lasprimeras.com.do\/index.php\/category\/nacionales\/"},"img":{"alt_text":"","src":"","width":0,"height":0},"classes":[]},{"id":112355,"url":"https:\/\/lasprimeras.com.do\/index.php\/2025\/10\/21\/mescyt-entrega-50-becas-a-estudiantes-del-instituto-global-de-altos-estudios-en-ciencias-sociales\/","url_meta":{"origin":109932,"position":5},"title":"Mescyt entrega 50 becas a estudiantes del Instituto Global de Altos Estudios en Ciencias Sociales","author":"Nelson Feliz","date":"21 de octubre de 2025","format":false,"excerpt":"El Ministerio de Educaci\u00f3n Superior, Ciencia y Tecnolog\u00eda (Mescyt) entreg\u00f3 50 becas nacionales a profesionales seleccionados para cursar programas de maestr\u00eda en el Instituto Global de Altos Estudios en Ciencias Sociales (IGLOBAL), en un acto encabezado por el ministro doctor Franklin Garc\u00eda Ferm\u00edn y la rectora de esa instituci\u00f3n, doctora\u2026","rel":"","context":"En \u00abNACIONALES\u00bb","block_context":{"text":"NACIONALES","link":"https:\/\/lasprimeras.com.do\/index.php\/category\/nacionales\/"},"img":{"alt_text":"","src":"https:\/\/i0.wp.com\/lasprimeras.com.do\/wp-content\/uploads\/2025\/10\/FRANKLIN-GARCIA-FERMIN-1.jpg?resize=350%2C200&ssl=1","width":350,"height":200,"srcset":"https:\/\/i0.wp.com\/lasprimeras.com.do\/wp-content\/uploads\/2025\/10\/FRANKLIN-GARCIA-FERMIN-1.jpg?resize=350%2C200&ssl=1 1x, https:\/\/i0.wp.com\/lasprimeras.com.do\/wp-content\/uploads\/2025\/10\/FRANKLIN-GARCIA-FERMIN-1.jpg?resize=525%2C300&ssl=1 1.5x, https:\/\/i0.wp.com\/lasprimeras.com.do\/wp-content\/uploads\/2025\/10\/FRANKLIN-GARCIA-FERMIN-1.jpg?resize=700%2C400&ssl=1 2x"},"classes":[]}],"jetpack_sharing_enabled":true,"_links":{"self":[{"href":"https:\/\/lasprimeras.com.do\/index.php\/wp-json\/wp\/v2\/posts\/109932","targetHints":{"allow":["GET"]}}],"collection":[{"href":"https:\/\/lasprimeras.com.do\/index.php\/wp-json\/wp\/v2\/posts"}],"about":[{"href":"https:\/\/lasprimeras.com.do\/index.php\/wp-json\/wp\/v2\/types\/post"}],"author":[{"embeddable":true,"href":"https:\/\/lasprimeras.com.do\/index.php\/wp-json\/wp\/v2\/users\/10"}],"replies":[{"embeddable":true,"href":"https:\/\/lasprimeras.com.do\/index.php\/wp-json\/wp\/v2\/comments?post=109932"}],"version-history":[{"count":1,"href":"https:\/\/lasprimeras.com.do\/index.php\/wp-json\/wp\/v2\/posts\/109932\/revisions"}],"predecessor-version":[{"id":109934,"href":"https:\/\/lasprimeras.com.do\/index.php\/wp-json\/wp\/v2\/posts\/109932\/revisions\/109934"}],"wp:featuredmedia":[{"embeddable":true,"href":"https:\/\/lasprimeras.com.do\/index.php\/wp-json\/wp\/v2\/media\/109933"}],"wp:attachment":[{"href":"https:\/\/lasprimeras.com.do\/index.php\/wp-json\/wp\/v2\/media?parent=109932"}],"wp:term":[{"taxonomy":"category","embeddable":true,"href":"https:\/\/lasprimeras.com.do\/index.php\/wp-json\/wp\/v2\/categories?post=109932"},{"taxonomy":"post_tag","embeddable":true,"href":"https:\/\/lasprimeras.com.do\/index.php\/wp-json\/wp\/v2\/tags?post=109932"}],"curies":[{"name":"wp","href":"https:\/\/api.w.org\/{rel}","templated":true}]}}