{"id":109976,"date":"2025-09-24T15:23:49","date_gmt":"2025-09-24T19:23:49","guid":{"rendered":"https:\/\/lasprimeras.com.do\/?p=109976"},"modified":"2025-09-24T15:23:50","modified_gmt":"2025-09-24T19:23:50","slug":"raquel-pena-participa-en-eucaristia-por-el-dia-de-la-virgen-de-las-mercedes-en-el-santo-cerro","status":"publish","type":"post","link":"https:\/\/lasprimeras.com.do\/index.php\/2025\/09\/24\/raquel-pena-participa-en-eucaristia-por-el-dia-de-la-virgen-de-las-mercedes-en-el-santo-cerro\/","title":{"rendered":"Raquel Pe\u00f1a participa en eucarist\u00eda por el D\u00eda de la Virgen de las Mercedes en el Santo Cerro"},"content":{"rendered":"\n<p><strong>La vicepresidenta resalt\u00f3 la devoci\u00f3n mariana como expresi\u00f3n de unidad nacional y fortaleza espiritual del pueblo dominicano.<\/strong><\/p>\n\n\n\n<p>Con motivo de la festividad de la Virgen de las Mercedes, Raquel Pe\u00f1a, vicepresidenta de la Rep\u00fablica, se uni\u00f3 este martes a la multitud de creyentes que abarrot\u00f3 el Santo Cerro, en La Vega, para participar en la solemne misa en honor a la patrona del pueblo dominicano.<\/p>\n\n\n\n<p>El recorrido de la vicemandataria inici\u00f3 con el encendido de un vel\u00f3n en s\u00faplica para que la Virgen contin\u00fae iluminando y protegiendo al pueblo dominicano.<\/p>\n\n\n\n<p>\u201cCada d\u00eda se manifiesta m\u00e1s nuestra devoci\u00f3n por la Virgen de las Mercedes, que intercede por nosotros ante Dios para que las bendiciones lleguen a nuestra naci\u00f3n. Esta expresi\u00f3n de fe del pueblo dominicano refleja la alegr\u00eda de celebrar a nuestra intercesora\u201d, expres\u00f3 Pe\u00f1a.<\/p>\n\n\n\n<figure class=\"wp-block-image size-full\"><img decoding=\"async\" width=\"900\" height=\"600\" src=\"https:\/\/lasprimeras.com.do\/wp-content\/uploads\/2025\/09\/RAQUEL-PENA-1-1.jpg\" alt=\"\" class=\"wp-image-109978\" srcset=\"https:\/\/lasprimeras.com.do\/wp-content\/uploads\/2025\/09\/RAQUEL-PENA-1-1.jpg 900w, https:\/\/lasprimeras.com.do\/wp-content\/uploads\/2025\/09\/RAQUEL-PENA-1-1-300x200.jpg 300w, https:\/\/lasprimeras.com.do\/wp-content\/uploads\/2025\/09\/RAQUEL-PENA-1-1-768x512.jpg 768w\" sizes=\"(max-width: 900px) 100vw, 900px\" \/><\/figure>\n\n\n\n<p>La vicepresidenta tambi\u00e9n particip\u00f3 de la eucarist\u00eda de acci\u00f3n de gracias por el D\u00eda de Nuestra Se\u00f1ora de las Mercedes, oficiada por el administrador apost\u00f3lico y obispo auxiliar de la Arquidi\u00f3cesis Metropolitana, monse\u00f1or Carlos Tom\u00e1s Morel Dipl\u00e1n.<\/p>\n\n\n\n<p>Durante la liturgia, Pe\u00f1a tuvo a su cargo la primera lectura, proclamando un pasaje del libro de Jerem\u00edas que resalta la esperanza y la liberaci\u00f3n del pueblo bajo la protecci\u00f3n del Se\u00f1or.<\/p>\n\n\n\n<p>En su homil\u00eda, monse\u00f1or Morel Dipl\u00e1n inst\u00f3 a fortalecer la familia y confiar en Cristo como fuente de esperanza en medio de las dificultades. \u201cLa esperanza cristiana nos mantiene firmes cuando la vida se vuelve dif\u00edcil y nos impide alejarnos de Cristo. Es una invitaci\u00f3n a regresar a la esperanza que \u00c9l nos ofrece\u201d, sostuvo.<\/p>\n\n\n\n<p>Al concluir la ceremonia, la vicepresidenta manifest\u00f3 que \u201cla fe de nuestra gente, expresada hoy en el Santo Cerro, es un signo de unidad y de fortaleza para toda la naci\u00f3n. Es tambi\u00e9n un compromiso para seguir construyendo juntos un pa\u00eds en paz y con esperanza en el futuro\u201d.<\/p>\n\n\n\n<p>Raquel Pe\u00f1a estuvo acompa\u00f1ada por la gobernadora provincial, Luisa Jim\u00e9nez; el senador de La Vega, Ram\u00f3n Rogelio Genao; el ministro de Agricultura, Limber Cruz; el ministro de Deportes, Kelvin Cruz; el director del Instituto Nacional de Bienestar Estudiantil, Adolfo P\u00e9rez; y el alcalde de Santiago, Ulises Rodr\u00edguez, entre otras autoridades.<\/p>\n","protected":false},"excerpt":{"rendered":"<p>La vicepresidenta resalt\u00f3 la devoci\u00f3n mariana como expresi\u00f3n de unidad nacional y fortaleza espiritual del pueblo dominicano. Con motivo de la festividad de la Virgen de las Mercedes, Raquel Pe\u00f1a,&hellip;<\/p>\n","protected":false},"author":10,"featured_media":109977,"comment_status":"open","ping_status":"open","sticky":false,"template":"","format":"standard","meta":{"content-type":"","jetpack_post_was_ever_published":false,"_jetpack_newsletter_access":"","_jetpack_dont_email_post_to_subs":false,"_jetpack_newsletter_tier_id":0,"_jetpack_memberships_contains_paywalled_content":false,"_jetpack_memberships_contains_paid_content":false,"footnotes":""},"categories":[35,25],"tags":[25031,8023,4987,2873,15606],"class_list":["post-109976","post","type-post","status-publish","format-standard","has-post-thumbnail","hentry","category-nacionales","category-portada","tag-dia-de-la-virgen-de-las-mercedes","tag-eucaristia","tag-participa","tag-raquel-pena","tag-santo-cerro"],"jetpack_featured_media_url":"https:\/\/lasprimeras.com.do\/wp-content\/uploads\/2025\/09\/RAQUEL-PENA-1.jpg","jetpack-related-posts":[{"id":89417,"url":"https:\/\/lasprimeras.com.do\/index.php\/2024\/09\/24\/raquel-pena-asiste-a-celebraciones-en-el-santo-cerro-por-dia-de-las-mercedes\/","url_meta":{"origin":109976,"position":0},"title":"Raquel Pe\u00f1a asiste a celebraciones en el Santo Cerro por D\u00eda de las Mercedes","author":"Nelson Feliz","date":"24 de septiembre de 2024","format":false,"excerpt":"La vicepresidenta particip\u00f3 activamente de la eucarist\u00eda con la proclamaci\u00f3n de la primera lectura. La vicepresidenta de la Rep\u00fablica, Raquel Pe\u00f1a, se sum\u00f3 a cientos de feligreses que se dieron cita este martes en el Santo Cerro, en La Vega, para honrar a la Virgen de las Mercedes, patrona del\u2026","rel":"","context":"En \u00abNACIONALES\u00bb","block_context":{"text":"NACIONALES","link":"https:\/\/lasprimeras.com.do\/index.php\/category\/nacionales\/"},"img":{"alt_text":"","src":"https:\/\/i0.wp.com\/lasprimeras.com.do\/wp-content\/uploads\/2024\/09\/Raquel-Pena-3.jpg?resize=350%2C200&ssl=1","width":350,"height":200,"srcset":"https:\/\/i0.wp.com\/lasprimeras.com.do\/wp-content\/uploads\/2024\/09\/Raquel-Pena-3.jpg?resize=350%2C200&ssl=1 1x, https:\/\/i0.wp.com\/lasprimeras.com.do\/wp-content\/uploads\/2024\/09\/Raquel-Pena-3.jpg?resize=525%2C300&ssl=1 1.5x"},"classes":[]},{"id":61244,"url":"https:\/\/lasprimeras.com.do\/index.php\/2023\/09\/24\/vicepresidenta-raquel-pena-encabeza-actos-por-el-dia-de-la-virgen-de-las-mercedes\/","url_meta":{"origin":109976,"position":1},"title":"Vicepresidenta Raquel Pe\u00f1a encabeza actos por el d\u00eda de la Virgen de Las Mercedes","author":"Nelson Feliz","date":"24 de septiembre de 2023","format":false,"excerpt":"Monse\u00f1or Piergorgio Bertoldi, nuncio apostolico de su Santidad al realizar el oficio eucar\u00edstico llam\u00f3 al di\u00e1logo, como ha planteado el gobierno dominicano, entre Rep\u00fablica Dominicana y Hait\u00ed ante la construcci\u00f3n unilateral de un canal en el r\u00edo Masacre por los haitianos. La vicepresidenta Raquel Pe\u00f1a particip\u00f3 hoy de las actividades\u2026","rel":"","context":"En \u00abNACIONALES\u00bb","block_context":{"text":"NACIONALES","link":"https:\/\/lasprimeras.com.do\/index.php\/category\/nacionales\/"},"img":{"alt_text":"Raquel Pe\u00f1a","src":"https:\/\/i0.wp.com\/lasprimeras.com.do\/wp-content\/uploads\/2023\/09\/Raquel-Pena-1-1.jpg?resize=350%2C200&ssl=1","width":350,"height":200,"srcset":"https:\/\/i0.wp.com\/lasprimeras.com.do\/wp-content\/uploads\/2023\/09\/Raquel-Pena-1-1.jpg?resize=350%2C200&ssl=1 1x, https:\/\/i0.wp.com\/lasprimeras.com.do\/wp-content\/uploads\/2023\/09\/Raquel-Pena-1-1.jpg?resize=525%2C300&ssl=1 1.5x, https:\/\/i0.wp.com\/lasprimeras.com.do\/wp-content\/uploads\/2023\/09\/Raquel-Pena-1-1.jpg?resize=700%2C400&ssl=1 2x"},"classes":[]},{"id":110007,"url":"https:\/\/lasprimeras.com.do\/index.php\/2025\/09\/24\/obispo-morel-diplan-la-raiz-de-la-corrupcion-esta-en-la-crisis-de-la-familia\/","url_meta":{"origin":109976,"position":2},"title":"Obispo Morel Dipl\u00e1n: &#8220;La ra\u00edz de la corrupci\u00f3n est\u00e1 en la crisis de la familia&#8221;","author":"Nelson Feliz","date":"24 de septiembre de 2025","format":false,"excerpt":"En misa por la Virgen de las Mercedes en el Santo Cerro llam\u00f3 a rescatar valores familiares y critic\u00f3 a l\u00edderes pol\u00edticos. En la misa principal por el D\u00eda de la Virgen de las Mercedes, celebrada este 24 de septiembre en el santuario del Santo Cerro, provincia La Vega, el\u2026","rel":"","context":"En \u00abNACIONALES\u00bb","block_context":{"text":"NACIONALES","link":"https:\/\/lasprimeras.com.do\/index.php\/category\/nacionales\/"},"img":{"alt_text":"","src":"","width":0,"height":0},"classes":[]},{"id":74278,"url":"https:\/\/lasprimeras.com.do\/index.php\/2024\/01\/21\/abinader-asiste-a-eucaristia-en-honor-a-la-virgen-de-la-altagracia\/","url_meta":{"origin":109976,"position":3},"title":"Abinader asiste a eucarist\u00eda en honor a la Virgen de la Altagracia","author":"Nelson Feliz","date":"21 de enero de 2024","format":false,"excerpt":"El presidente Luis Abinader, junto a la primera dama Raquel Arbaje, asisti\u00f3 este domingo a la tradicional eucarist\u00eda de acci\u00f3n de gracias al celebrarse el D\u00eda de Nuestra Se\u00f1ora de la Altagracia, madre y protectora del pueblo dominicano. La misma tuvo lugar en la Bas\u00edlica Catedral Nuestra Se\u00f1ora de la\u2026","rel":"","context":"En \u00abNACIONALES\u00bb","block_context":{"text":"NACIONALES","link":"https:\/\/lasprimeras.com.do\/index.php\/category\/nacionales\/"},"img":{"alt_text":"Luis Abinader","src":"https:\/\/i0.wp.com\/lasprimeras.com.do\/wp-content\/uploads\/2024\/01\/Luis-Abinader-Higuey.jpg?resize=350%2C200&ssl=1","width":350,"height":200,"srcset":"https:\/\/i0.wp.com\/lasprimeras.com.do\/wp-content\/uploads\/2024\/01\/Luis-Abinader-Higuey.jpg?resize=350%2C200&ssl=1 1x, https:\/\/i0.wp.com\/lasprimeras.com.do\/wp-content\/uploads\/2024\/01\/Luis-Abinader-Higuey.jpg?resize=525%2C300&ssl=1 1.5x, https:\/\/i0.wp.com\/lasprimeras.com.do\/wp-content\/uploads\/2024\/01\/Luis-Abinader-Higuey.jpg?resize=700%2C400&ssl=1 2x"},"classes":[]},{"id":120219,"url":"https:\/\/lasprimeras.com.do\/index.php\/2026\/01\/21\/abinader-no-asiste-a-la-misa-de-la-virgen-de-la-altagracia-a-la-basilica-de-higuey-afectado-por-virus-gripal\/","url_meta":{"origin":109976,"position":4},"title":"Abinader no asiste a la misa de la Virgen de la Altagracia a la Bas\u00edlica de Hig\u00fcey, afectado por Virus gripal","author":"Nelson Feliz","date":"21 de enero de 2026","format":false,"excerpt":"La salud del presidente Luis Abinader fue el eje central de las declaraciones ofrecidas este mi\u00e9rcoles por la primera dama Raquel Arbaje, durante la misa de acci\u00f3n de gracias por el D\u00eda de Nuestra Se\u00f1ora de la Altagracia, celebrada en la Bas\u00edlica de Hig\u00fcey. Arbaje inform\u00f3 que el mandatario no\u2026","rel":"","context":"En \u00abNACIONALES\u00bb","block_context":{"text":"NACIONALES","link":"https:\/\/lasprimeras.com.do\/index.php\/category\/nacionales\/"},"img":{"alt_text":"Funcionario en La Bas\u00edlica","src":"https:\/\/i0.wp.com\/lasprimeras.com.do\/wp-content\/uploads\/2026\/01\/Funcionario-en-La-Basilica.jpg?resize=350%2C200&ssl=1","width":350,"height":200,"srcset":"https:\/\/i0.wp.com\/lasprimeras.com.do\/wp-content\/uploads\/2026\/01\/Funcionario-en-La-Basilica.jpg?resize=350%2C200&ssl=1 1x, https:\/\/i0.wp.com\/lasprimeras.com.do\/wp-content\/uploads\/2026\/01\/Funcionario-en-La-Basilica.jpg?resize=525%2C300&ssl=1 1.5x, https:\/\/i0.wp.com\/lasprimeras.com.do\/wp-content\/uploads\/2026\/01\/Funcionario-en-La-Basilica.jpg?resize=700%2C400&ssl=1 2x, https:\/\/i0.wp.com\/lasprimeras.com.do\/wp-content\/uploads\/2026\/01\/Funcionario-en-La-Basilica.jpg?resize=1050%2C600&ssl=1 3x"},"classes":[]},{"id":92981,"url":"https:\/\/lasprimeras.com.do\/index.php\/2025\/01\/21\/las-promesas-a-la-virgen-una-caracteristica-distintiva-del-dia-de-la-altagracia\/","url_meta":{"origin":109976,"position":5},"title":"Las promesas a la Virgen: una caracter\u00edstica distintiva del D\u00eda de la Altagracia","author":"Nelson Feliz","date":"21 de enero de 2025","format":false,"excerpt":"Desde tempranas horas de la ma\u00f1ana, devotos de todo el pa\u00eds se movilizan hacia la regi\u00f3n este para participar en la celebraci\u00f3n. Jes\u00fas V\u00e1squez Hig\u00fcey - San Luis Mar\u00eda Gri\u00f1\u00f3n de Montfort dec\u00eda: \"A quien Dios quiere hacer muy santo, lo hace devoto de la Virgen Mar\u00eda\". Estas palabras, divididas\u2026","rel":"","context":"En \u00abNACIONALES\u00bb","block_context":{"text":"NACIONALES","link":"https:\/\/lasprimeras.com.do\/index.php\/category\/nacionales\/"},"img":{"alt_text":"","src":"https:\/\/i0.wp.com\/lasprimeras.com.do\/wp-content\/uploads\/2025\/01\/BASILICA.jpg?resize=350%2C200&ssl=1","width":350,"height":200,"srcset":"https:\/\/i0.wp.com\/lasprimeras.com.do\/wp-content\/uploads\/2025\/01\/BASILICA.jpg?resize=350%2C200&ssl=1 1x, https:\/\/i0.wp.com\/lasprimeras.com.do\/wp-content\/uploads\/2025\/01\/BASILICA.jpg?resize=525%2C300&ssl=1 1.5x, https:\/\/i0.wp.com\/lasprimeras.com.do\/wp-content\/uploads\/2025\/01\/BASILICA.jpg?resize=700%2C400&ssl=1 2x"},"classes":[]}],"jetpack_sharing_enabled":true,"_links":{"self":[{"href":"https:\/\/lasprimeras.com.do\/index.php\/wp-json\/wp\/v2\/posts\/109976","targetHints":{"allow":["GET"]}}],"collection":[{"href":"https:\/\/lasprimeras.com.do\/index.php\/wp-json\/wp\/v2\/posts"}],"about":[{"href":"https:\/\/lasprimeras.com.do\/index.php\/wp-json\/wp\/v2\/types\/post"}],"author":[{"embeddable":true,"href":"https:\/\/lasprimeras.com.do\/index.php\/wp-json\/wp\/v2\/users\/10"}],"replies":[{"embeddable":true,"href":"https:\/\/lasprimeras.com.do\/index.php\/wp-json\/wp\/v2\/comments?post=109976"}],"version-history":[{"count":1,"href":"https:\/\/lasprimeras.com.do\/index.php\/wp-json\/wp\/v2\/posts\/109976\/revisions"}],"predecessor-version":[{"id":109979,"href":"https:\/\/lasprimeras.com.do\/index.php\/wp-json\/wp\/v2\/posts\/109976\/revisions\/109979"}],"wp:featuredmedia":[{"embeddable":true,"href":"https:\/\/lasprimeras.com.do\/index.php\/wp-json\/wp\/v2\/media\/109977"}],"wp:attachment":[{"href":"https:\/\/lasprimeras.com.do\/index.php\/wp-json\/wp\/v2\/media?parent=109976"}],"wp:term":[{"taxonomy":"category","embeddable":true,"href":"https:\/\/lasprimeras.com.do\/index.php\/wp-json\/wp\/v2\/categories?post=109976"},{"taxonomy":"post_tag","embeddable":true,"href":"https:\/\/lasprimeras.com.do\/index.php\/wp-json\/wp\/v2\/tags?post=109976"}],"curies":[{"name":"wp","href":"https:\/\/api.w.org\/{rel}","templated":true}]}}