{"id":109989,"date":"2025-09-24T16:06:09","date_gmt":"2025-09-24T20:06:09","guid":{"rendered":"https:\/\/lasprimeras.com.do\/?p=109989"},"modified":"2025-09-24T16:06:12","modified_gmt":"2025-09-24T20:06:12","slug":"leonel-fernandez-resalta-en-new-jersey-aportes-de-la-diaspora-al-desarrollo-de-rd","status":"publish","type":"post","link":"https:\/\/lasprimeras.com.do\/index.php\/2025\/09\/24\/leonel-fernandez-resalta-en-new-jersey-aportes-de-la-diaspora-al-desarrollo-de-rd\/","title":{"rendered":"Leonel Fern\u00e1ndez resalta en New Jersey aportes de la di\u00e1spora al desarrollo de RD"},"content":{"rendered":"\n<p>New Jersey. \u2013 Desde un abarrotado acto celebrado en la ciudad de Saddle Brook, en New Jersey, el expresidente de la Rep\u00fablica Dominicana y presidente de la Fuerza del Pueblo (FP), Leonel Fern\u00e1ndez, destac\u00f3 el papel fundamental de la di\u00e1spora dominicana en el desarrollo econ\u00f3mico y social del pa\u00eds.<\/p>\n\n\n\n<p>La actividad, que originalmente fue organizada como un peque\u00f1o encuentro de recaudaci\u00f3n de fondos, termin\u00f3 convertida en un aut\u00e9ntico mitin pol\u00edtico debido a la masiva concurrencia de seguidores, empresarios, comerciantes y dirigentes comunitarios.<\/p>\n\n\n\n<p>El local se desbord\u00f3 por completo y oblig\u00f3 a decenas de asistentes a permanecer de pie. Con tono jocoso, Fern\u00e1ndez se refiri\u00f3 a la situaci\u00f3n para relajar el ambiente: \u201cLamento mucho que las compa\u00f1eras y compa\u00f1eros que est\u00e1n en el centro no pudieran sentarse. El \u00fanico resarcimiento que les brindo es que yo tambi\u00e9n estoy de pie. As\u00ed que estamos iguales\u201d.<\/p>\n\n\n\n<p>El l\u00edder opositor agradeci\u00f3 la convocatoria y la entrega de los organizadores. \u201cEn tan s\u00f3lo tres d\u00edas, los compa\u00f1eros Flavio, Henry, Franklin, sobre todo ellos tres, en s\u00f3lo tres d\u00edas han realizado este evento aqu\u00ed en los Estados Unidos.<\/p>\n\n\n\n<p>Y yo pienso que ante la reacci\u00f3n que hemos tenido con esta presencia entusiasta y multitudinaria me quedo pensando para qu\u00e9 hacer elecciones en el 2028 si ya se sabe que la vamos a ganar\u201d, afirm\u00f3, provocando una ovaci\u00f3n de la concurrencia.<\/p>\n\n\n\n<p>En su discurso, Fern\u00e1ndez resalt\u00f3 la necesidad de fortalecer la conexi\u00f3n entre la Rep\u00fablica Dominicana y sus comunidades en el exterior. \u201cEsta generaci\u00f3n nuestra tiene que dejar establecido de una vez por todas que necesitamos combinar libertad con progreso en la Rep\u00fablica Dominicana incorporando a la di\u00e1spora dominicana en ese proceso de transformaci\u00f3n de la Rep\u00fablica Dominicana\u201d, sostuvo.<\/p>\n\n\n\n<p>Record\u00f3 que las remesas constituyen un soporte indispensable para la econom\u00eda dominicana. \u201cAnualmente se env\u00edan 12,000 millones de d\u00f3lares de los dominicanos aqu\u00ed para mantener a sus familias, para mantener a sus amigos en la Rep\u00fablica Dominicana. Y sin eso, si eso no llegara, no ser\u00eda igual la suerte de la Rep\u00fablica Dominicana. De manera que los que estamos all\u00e1 debemos mucho a los que est\u00e1n aqu\u00ed\u201d, enfatiz\u00f3.<\/p>\n\n\n\n<p>Durante la actividad tambi\u00e9n intervino el empresario Henry Abreu, uno de los organizadores, quien resalt\u00f3 el liderazgo del exmandatario. \u201cS\u00f3lo as\u00ed honraremos la confianza de quienes nos miran. Y esperan que usted, amigo presidente, padre, l\u00edder de todos los dominicanos, vuelva a subir nuevamente las escalinatas del Palacio Nacional\u201d, expres\u00f3.<\/p>\n\n\n\n<p>Fern\u00e1ndez concluy\u00f3 su intervenci\u00f3n reafirmando su compromiso con la transformaci\u00f3n de la Rep\u00fablica Dominicana. \u201cTrabajamos para transformar a la Rep\u00fablica Dominicana. Muchas gracias. Con la Fuerza del Pueblo venceremos\u201d, proclam\u00f3.<\/p>\n\n\n\n<p>El evento, que super\u00f3 las expectativas en asistencia y entusiasmo, consolid\u00f3 a New Jersey como otra de las plazas fuertes de la Fuerza del Pueblo en los Estados Unidos, reflejando el creciente apoyo de la di\u00e1spora a la organizaci\u00f3n pol\u00edtica.<\/p>\n\n\n\n<p>La agenda del exmandatario en EE. UU. incluye este mi\u00e9rcoles el VII Foro Global Latinoam\u00e9rica y el Caribe 2025, que se celebrar\u00e1 en la Universidad de Columbia, en Nueva York. Este encuentro reunir\u00e1 a l\u00edderes acad\u00e9micos, pol\u00edticos y empresariales para debatir sobre gobernanza, econom\u00eda, innovaci\u00f3n tecnol\u00f3gica, migraci\u00f3n e inteligencia artificial, en uno de los foros internacionales m\u00e1s destacados del a\u00f1o.<\/p>\n","protected":false},"excerpt":{"rendered":"<p>New Jersey. \u2013 Desde un abarrotado acto celebrado en la ciudad de Saddle Brook, en New Jersey, el expresidente de la Rep\u00fablica Dominicana y presidente de la Fuerza del Pueblo&hellip;<\/p>\n","protected":false},"author":10,"featured_media":109990,"comment_status":"open","ping_status":"open","sticky":false,"template":"","format":"standard","meta":{"content-type":"","jetpack_post_was_ever_published":false,"_jetpack_newsletter_access":"","_jetpack_dont_email_post_to_subs":false,"_jetpack_newsletter_tier_id":0,"_jetpack_memberships_contains_paywalled_content":false,"_jetpack_memberships_contains_paid_content":false,"footnotes":""},"categories":[16559,25],"tags":[1244,363,2329,158,51,4123,1226],"class_list":["post-109989","post","type-post","status-publish","format-standard","has-post-thumbnail","hentry","category-politica","category-portada","tag-aportes","tag-desarrollo","tag-diaspora","tag-fuerza-del-pueblo","tag-leonel-fernandez","tag-new-jersey","tag-republica-dominicana"],"jetpack_featured_media_url":"https:\/\/lasprimeras.com.do\/wp-content\/uploads\/2025\/09\/Leonel-Fernandez-1-1.jpg","jetpack-related-posts":[{"id":123037,"url":"https:\/\/lasprimeras.com.do\/index.php\/2026\/02\/24\/leonel-fernandez-diaspora-debe-ser-parte-de-alianza-nacional\/","url_meta":{"origin":109989,"position":0},"title":"Leonel Fern\u00e1ndez: Di\u00e1spora debe ser parte de alianza nacional","author":"Nelson Feliz","date":"24 de febrero de 2026","format":false,"excerpt":"https:\/\/www.youtube.com\/watch?v=feAxV7uglew Por Ram\u00f3n Mercedes NUEVA JERSEY.- El expresidente de la rep\u00fablica y presidente del partido Fuerza del Pueblo (FP), doctor Leonel Fern\u00e1ndez, reiter\u00f3 a m\u00e1s de un centenar de empresarios que les ofrecieran un desayuno el pasado fin de semana en la ciudad de Paterson que el pueblo dominicano no\u2026","rel":"","context":"En \u00abPOLITICA\u00bb","block_context":{"text":"POLITICA","link":"https:\/\/lasprimeras.com.do\/index.php\/category\/politica\/"},"img":{"alt_text":"","src":"https:\/\/i0.wp.com\/lasprimeras.com.do\/wp-content\/uploads\/2026\/02\/Leonel-RD-no-quiere-mas-promesas-la-diaspora-debe-convertirse-en-parte-de-una-alianza-estrategica-nacional.jpg?resize=350%2C200&ssl=1","width":350,"height":200},"classes":[]},{"id":110311,"url":"https:\/\/lasprimeras.com.do\/index.php\/2025\/09\/27\/leonel-asegura-en-filadelfia-que-el-gobierno-del-prm-ha-fracasado-prometieron-de-todo-y-no-han-hecho-nada\/","url_meta":{"origin":109989,"position":1},"title":"Leonel asegura en Filadelfia que el gobierno del PRM ha fracasado: Prometieron de todo y no han hecho nada.","author":"Nelson Feliz","date":"27 de septiembre de 2025","format":false,"excerpt":"Fern\u00e1ndez apuesta a convertir a Rep\u00fablica Dominicana en \u201cla capital del conocimiento de Am\u00e9rica Latina\u201d. Filadelfia, EE. UU.\u2013 El expresidente de la Rep\u00fablica y l\u00edder de la Fuerza del Pueblo (FP), Leonel Fern\u00e1ndez, asegur\u00f3 este s\u00e1bado que el gobierno del Partido Revolucionario Moderno (PRM) ha sido un fracaso, al afirmar\u2026","rel":"","context":"En \u00abPOLITICA\u00bb","block_context":{"text":"POLITICA","link":"https:\/\/lasprimeras.com.do\/index.php\/category\/politica\/"},"img":{"alt_text":"","src":"https:\/\/i0.wp.com\/lasprimeras.com.do\/wp-content\/uploads\/2025\/09\/leonel-2.jpg?resize=350%2C200&ssl=1","width":350,"height":200,"srcset":"https:\/\/i0.wp.com\/lasprimeras.com.do\/wp-content\/uploads\/2025\/09\/leonel-2.jpg?resize=350%2C200&ssl=1 1x, https:\/\/i0.wp.com\/lasprimeras.com.do\/wp-content\/uploads\/2025\/09\/leonel-2.jpg?resize=525%2C300&ssl=1 1.5x, https:\/\/i0.wp.com\/lasprimeras.com.do\/wp-content\/uploads\/2025\/09\/leonel-2.jpg?resize=700%2C400&ssl=1 2x"},"classes":[]},{"id":79512,"url":"https:\/\/lasprimeras.com.do\/index.php\/2024\/03\/27\/corcino-destaca-fortaleza-de-leonel-fernandez\/","url_meta":{"origin":109989,"position":2},"title":"Corcino destaca fortaleza de Leonel Fern\u00e1ndez","author":"Nelson Feliz","date":"27 de marzo de 2024","format":false,"excerpt":"Por Vicente Balbuena New Jersey.- El presidente de la Fuerza del Pueblo en el estado de New Jersey, M\u00e1ximo Corcino, destac\u00f3 la fortaleza lograda por el doctor Leonel Fern\u00e1ndez, candidato presidencial para las elecciones del pr\u00f3ximo 19 de mayo. Corcino, atribuy\u00f3 dicho logr\u00f3 al trabajo contin\u00fao realizado por sus dirigentes\u2026","rel":"","context":"En \u00abSin categor\u00eda\u00bb","block_context":{"text":"Sin categor\u00eda","link":"https:\/\/lasprimeras.com.do\/index.php\/category\/sin-categoria\/"},"img":{"alt_text":"M\u00e1ximo Corcino","src":"https:\/\/i0.wp.com\/lasprimeras.com.do\/wp-content\/uploads\/2024\/03\/Maximo-Corcino.jpg?resize=350%2C200&ssl=1","width":350,"height":200},"classes":[]},{"id":93588,"url":"https:\/\/lasprimeras.com.do\/index.php\/2025\/02\/14\/leonel-fernandez-viaja-a-ee-uu-para-cumplir-una-intensa-agenda-con-lideres-politicos\/","url_meta":{"origin":109989,"position":3},"title":"Leonel Fern\u00e1ndez viaja a EE.UU. para cumplir una intensa agenda con l\u00edderes pol\u00edticos","author":"Nelson Feliz","date":"14 de febrero de 2025","format":false,"excerpt":"Washington, D.C. \u2013 El expresidente de la Rep\u00fablica Dominicana y l\u00edder de la Fuerza del Pueblo, Leonel Fern\u00e1ndez, se encuentra en los Estados Unidos desarrollando una intensa agenda de trabajo en varias ciudades, donde sostendr\u00e1 reuniones con altos representantes de organismos internacionales, acad\u00e9micos, empresarios y dirigentes de la di\u00e1spora dominicana.\u2026","rel":"","context":"En \u00abPOLITICA\u00bb","block_context":{"text":"POLITICA","link":"https:\/\/lasprimeras.com.do\/index.php\/category\/politica\/"},"img":{"alt_text":"","src":"https:\/\/i0.wp.com\/lasprimeras.com.do\/wp-content\/uploads\/2025\/02\/Leonel-Fernandez-4.jpg?resize=350%2C200&ssl=1","width":350,"height":200,"srcset":"https:\/\/i0.wp.com\/lasprimeras.com.do\/wp-content\/uploads\/2025\/02\/Leonel-Fernandez-4.jpg?resize=350%2C200&ssl=1 1x, https:\/\/i0.wp.com\/lasprimeras.com.do\/wp-content\/uploads\/2025\/02\/Leonel-Fernandez-4.jpg?resize=525%2C300&ssl=1 1.5x, https:\/\/i0.wp.com\/lasprimeras.com.do\/wp-content\/uploads\/2025\/02\/Leonel-Fernandez-4.jpg?resize=700%2C400&ssl=1 2x"},"classes":[]},{"id":109669,"url":"https:\/\/lasprimeras.com.do\/index.php\/2025\/09\/21\/selinee-mendez-lamenta-colapso-y-la-presunta-malversacion-de-fondos-del-senasa\/","url_meta":{"origin":109989,"position":4},"title":"Selinee M\u00e9ndez lamenta colapso y la presunta malversaci\u00f3n de fondos del SeNaSa","author":"Nelson Feliz","date":"21 de septiembre de 2025","format":false,"excerpt":"NUEVA JERSEY. \u2013 La diputada de la Fuerza del Pueblo (FP), Selinee M\u00e9ndez, lament\u00f3 la dif\u00edcil situaci\u00f3n por la que atraviesa el Seguro Nacional de Salud (SeNaSa) en la Rep\u00fablica Dominicana, asegurando que la instituci\u00f3n se encuentra al borde del colapso debido a una gesti\u00f3n cuestionada y a la presunta\u2026","rel":"","context":"En \u00abPOLITICA\u00bb","block_context":{"text":"POLITICA","link":"https:\/\/lasprimeras.com.do\/index.php\/category\/politica\/"},"img":{"alt_text":"Selin\u00e9e M\u00e9ndez","src":"https:\/\/i0.wp.com\/lasprimeras.com.do\/wp-content\/uploads\/2025\/07\/Selinee-Mendez.jpg?resize=350%2C200&ssl=1","width":350,"height":200,"srcset":"https:\/\/i0.wp.com\/lasprimeras.com.do\/wp-content\/uploads\/2025\/07\/Selinee-Mendez.jpg?resize=350%2C200&ssl=1 1x, https:\/\/i0.wp.com\/lasprimeras.com.do\/wp-content\/uploads\/2025\/07\/Selinee-Mendez.jpg?resize=525%2C300&ssl=1 1.5x, https:\/\/i0.wp.com\/lasprimeras.com.do\/wp-content\/uploads\/2025\/07\/Selinee-Mendez.jpg?resize=700%2C400&ssl=1 2x"},"classes":[]},{"id":117877,"url":"https:\/\/lasprimeras.com.do\/index.php\/2025\/12\/14\/leonel-fernandez-firmara-varios-convenios-en-beneficio-de-la-rd-en-ny\/","url_meta":{"origin":109989,"position":5},"title":"Leonel Fern\u00e1ndez firmar\u00e1 varios convenios en beneficio de la RD en NY","author":"Nelson Feliz","date":"14 de diciembre de 2025","format":false,"excerpt":"El expresidente tambi\u00e9n sostendr\u00e1 encuentros acad\u00e9micos, pol\u00edticos, familiares y con dirigentes de la Fuerza del Pueblo en Estados Unidos. Nueva York, EE. UU.\u2013 El expresidente de la Rep\u00fablica y presidente del partido Fuerza del Pueblo, Leonel Fern\u00e1ndez, se encuentra en la ciudad de Nueva York desarrollando una agenda de trabajo\u2026","rel":"","context":"En \u00abPOLITICA\u00bb","block_context":{"text":"POLITICA","link":"https:\/\/lasprimeras.com.do\/index.php\/category\/politica\/"},"img":{"alt_text":"Leonel Fern\u00e1ndez","src":"https:\/\/i0.wp.com\/lasprimeras.com.do\/wp-content\/uploads\/2025\/12\/Leonel-Fernandez-1.jpg?resize=350%2C200&ssl=1","width":350,"height":200,"srcset":"https:\/\/i0.wp.com\/lasprimeras.com.do\/wp-content\/uploads\/2025\/12\/Leonel-Fernandez-1.jpg?resize=350%2C200&ssl=1 1x, https:\/\/i0.wp.com\/lasprimeras.com.do\/wp-content\/uploads\/2025\/12\/Leonel-Fernandez-1.jpg?resize=525%2C300&ssl=1 1.5x, https:\/\/i0.wp.com\/lasprimeras.com.do\/wp-content\/uploads\/2025\/12\/Leonel-Fernandez-1.jpg?resize=700%2C400&ssl=1 2x"},"classes":[]}],"jetpack_sharing_enabled":true,"_links":{"self":[{"href":"https:\/\/lasprimeras.com.do\/index.php\/wp-json\/wp\/v2\/posts\/109989","targetHints":{"allow":["GET"]}}],"collection":[{"href":"https:\/\/lasprimeras.com.do\/index.php\/wp-json\/wp\/v2\/posts"}],"about":[{"href":"https:\/\/lasprimeras.com.do\/index.php\/wp-json\/wp\/v2\/types\/post"}],"author":[{"embeddable":true,"href":"https:\/\/lasprimeras.com.do\/index.php\/wp-json\/wp\/v2\/users\/10"}],"replies":[{"embeddable":true,"href":"https:\/\/lasprimeras.com.do\/index.php\/wp-json\/wp\/v2\/comments?post=109989"}],"version-history":[{"count":1,"href":"https:\/\/lasprimeras.com.do\/index.php\/wp-json\/wp\/v2\/posts\/109989\/revisions"}],"predecessor-version":[{"id":109991,"href":"https:\/\/lasprimeras.com.do\/index.php\/wp-json\/wp\/v2\/posts\/109989\/revisions\/109991"}],"wp:featuredmedia":[{"embeddable":true,"href":"https:\/\/lasprimeras.com.do\/index.php\/wp-json\/wp\/v2\/media\/109990"}],"wp:attachment":[{"href":"https:\/\/lasprimeras.com.do\/index.php\/wp-json\/wp\/v2\/media?parent=109989"}],"wp:term":[{"taxonomy":"category","embeddable":true,"href":"https:\/\/lasprimeras.com.do\/index.php\/wp-json\/wp\/v2\/categories?post=109989"},{"taxonomy":"post_tag","embeddable":true,"href":"https:\/\/lasprimeras.com.do\/index.php\/wp-json\/wp\/v2\/tags?post=109989"}],"curies":[{"name":"wp","href":"https:\/\/api.w.org\/{rel}","templated":true}]}}