{"id":109992,"date":"2025-09-24T18:20:45","date_gmt":"2025-09-24T22:20:45","guid":{"rendered":"https:\/\/lasprimeras.com.do\/?p=109992"},"modified":"2025-09-24T18:20:47","modified_gmt":"2025-09-24T22:20:47","slug":"wilson-munoz-y-fernando-paniagua-entrega-una-vivienda-en-los-guaricanos","status":"publish","type":"post","link":"https:\/\/lasprimeras.com.do\/index.php\/2025\/09\/24\/wilson-munoz-y-fernando-paniagua-entrega-una-vivienda-en-los-guaricanos\/","title":{"rendered":"Wilson Mu\u00f1oz y Fernando Paniagua entrega una vivienda en Los Guaricanos"},"content":{"rendered":"\n<p class=\"wp-block-paragraph\">El l\u00edder comunitario Wilson Mu\u00f1oz, junto al equipo de trabajo del dirigente social y pol\u00edtico Fernando Paniagua, realizaron la entrega oficial de una vivienda digna a la se\u00f1ora Martha Rivera, residente en la comunidad de El Somito de Los Guaricanos, en Santo Domingo Norte.<\/p>\n\n\n\n<p class=\"wp-block-paragraph\">La entrega de esta casa forma parte de las acciones sociales que desarrolla el equipo de Paniagua en distintos sectores del municipio, con el firme prop\u00f3sito de impactar positivamente la vida de familias de escasos recursos, que durante a\u00f1os han vivido en condiciones de vulnerabilidad.<\/p>\n\n\n\n<p class=\"wp-block-paragraph\">Durante el acto, Wilson Mu\u00f1oz expres\u00f3 que este gesto constituye una muestra del compromiso que tienen de trabajar por los m\u00e1s necesitados: \u201cHoy no solo entregamos una vivienda, entregamos esperanza y dignidad a una familia que lo necesitaba. Estamos convencidos de que la mejor pol\u00edtica es servir al pr\u00f3jimo con amor y responsabilidad\u201d, manifest\u00f3.<\/p>\n\n\n\n<p class=\"wp-block-paragraph\">La beneficiaria, Martha Rivera, no pudo contener la emoci\u00f3n al recibir las llaves de su nuevo hogar. Entre l\u00e1grimas de gratitud, agradeci\u00f3 profundamente a Dios, a Wilson Mu\u00f1oz y al equipo de Fernando Paniagua por haber hecho realidad un sue\u00f1o que parec\u00eda imposible.<\/p>\n\n\n\n<p class=\"wp-block-paragraph\">La actividad cont\u00f3 con la presencia de comunitarios, l\u00edderes sociales, amigos y vecinos, quienes se unieron al j\u00fabilo de la se\u00f1ora Rivera y reconocieron el esfuerzo que viene realizando el equipo de Paniagua en favor de las comunidades m\u00e1s necesitadas de Santo Domingo Norte.<\/p>\n\n\n\n<p class=\"wp-block-paragraph\">Este tipo de iniciativas sociales refleja el compromiso de fomentar el desarrollo humano y la inclusi\u00f3n social, llevando soluciones concretas a familias que, por a\u00f1os, han carecido de un techo seguro donde vivir.<\/p>\n\n\n\n<p class=\"wp-block-paragraph\">Con acciones como esta, Wilson Mu\u00f1oz y el equipo de Fernando Paniagua reafirman su misi\u00f3n de trabajar hombro a hombro con la comunidad, impulsando valores de solidaridad, justicia social y servicio al pr\u00f3jimo.<\/p>\n","protected":false},"excerpt":{"rendered":"<p>El l\u00edder comunitario Wilson Mu\u00f1oz, junto al equipo de trabajo del dirigente social y pol\u00edtico Fernando Paniagua, realizaron la entrega oficial de una vivienda digna a la se\u00f1ora Martha Rivera,&hellip;<\/p>\n","protected":false},"author":10,"featured_media":109993,"comment_status":"open","ping_status":"open","sticky":false,"template":"","format":"standard","meta":{"content-type":"","_jetpack_newsletter_access":"","_jetpack_dont_email_post_to_subs":false,"_jetpack_newsletter_tier_id":0,"_jetpack_memberships_contains_paywalled_content":false,"_jetpack_feature_clip_id":0,"_jetpack_memberships_contains_paid_content":false,"footnotes":"","jetpack_post_was_ever_published":false},"categories":[35],"tags":[25036,2051,1426,25035],"class_list":["post-109992","post","type-post","status-publish","format-standard","has-post-thumbnail","hentry","category-nacionales","tag-fernando-paniagua","tag-los-guaricanos","tag-vivienda","tag-wilson-munoz"],"jetpack-related-posts":[{"id":72941,"url":"https:\/\/lasprimeras.com.do\/index.php\/2024\/01\/04\/pun-proclama-a-wilson-paniagua-candidato-a-alcalde-de-pedro-brand\/","url_meta":{"origin":109992,"position":0},"title":"PUN proclama a Wilson Paniagua candidato a Alcalde de Pedro Brand","author":"Nelson Feliz","date":"4 de enero de 2024","format":false,"excerpt":"Por Mart\u00edn Restituyo El Partido de Unidad Nacional (PUN), anuncia al pa\u00eds que elegimos y proclamamos al actual alcalde del municipio de Pedro Brand, Wilson Paniagua Encarnaci\u00f3n, como su candidato a la alcald\u00eda y a la abogada y dirigente comunitaria Graciela Cabral como candidata a la vice alcald\u00eda, para las\u2026","rel":"","context":"En \u00abPORTADA\u00bb","block_context":{"text":"PORTADA","link":"https:\/\/lasprimeras.com.do\/index.php\/category\/portada\/"},"img":{"alt_text":"Pedro Corpor\u00e1n","src":"https:\/\/i0.wp.com\/lasprimeras.com.do\/wp-content\/uploads\/2024\/01\/Pedro-Corporan.jpg?resize=350%2C200&ssl=1","width":350,"height":200,"srcset":"https:\/\/i0.wp.com\/lasprimeras.com.do\/wp-content\/uploads\/2024\/01\/Pedro-Corporan.jpg?resize=350%2C200&ssl=1 1x, https:\/\/i0.wp.com\/lasprimeras.com.do\/wp-content\/uploads\/2024\/01\/Pedro-Corporan.jpg?resize=525%2C300&ssl=1 1.5x, https:\/\/i0.wp.com\/lasprimeras.com.do\/wp-content\/uploads\/2024\/01\/Pedro-Corporan.jpg?resize=700%2C400&ssl=1 2x"},"classes":[]},{"id":67290,"url":"https:\/\/lasprimeras.com.do\/index.php\/2023\/11\/14\/alcalde-de-pedro-brand-insta-a-unificar-el-prm-en-esa-localidad\/","url_meta":{"origin":109992,"position":1},"title":"Alcalde de Pedro Brand insta a unificar el PRM en esa localidad","author":"Nelson Feliz","date":"14 de noviembre de 2023","format":false,"excerpt":"El alcalde de Pedro Brand, Wilson Paniagua, realiz\u00f3 una gran concentraci\u00f3n con cientos de dirigentes del Partido Revolucionario Moderno (PRM) de esa localidad, a quienes inst\u00f3 a unificar esa entidad partidaria para salir ganadores en las elecciones municipales, presidenciales y congresuales. Paniagua dijo, que todos los rencillas y discusiones pol\u00edticas\u2026","rel":"","context":"En \u00abSin categor\u00eda\u00bb","block_context":{"text":"Sin categor\u00eda","link":"https:\/\/lasprimeras.com.do\/index.php\/category\/sin-categoria\/"},"img":{"alt_text":"Wilson Paniagua","src":"https:\/\/i0.wp.com\/lasprimeras.com.do\/wp-content\/uploads\/2023\/11\/Wilson-Paniagua.jpg?resize=350%2C200&ssl=1","width":350,"height":200,"srcset":"https:\/\/i0.wp.com\/lasprimeras.com.do\/wp-content\/uploads\/2023\/11\/Wilson-Paniagua.jpg?resize=350%2C200&ssl=1 1x, https:\/\/i0.wp.com\/lasprimeras.com.do\/wp-content\/uploads\/2023\/11\/Wilson-Paniagua.jpg?resize=525%2C300&ssl=1 1.5x, https:\/\/i0.wp.com\/lasprimeras.com.do\/wp-content\/uploads\/2023\/11\/Wilson-Paniagua.jpg?resize=700%2C400&ssl=1 2x"},"classes":[]},{"id":59399,"url":"https:\/\/lasprimeras.com.do\/index.php\/2023\/09\/03\/alcalde-carlos-guzman-entrega-vivienda-en-los-guaricanos-e-inaugura-cancha-en-villa-mella\/","url_meta":{"origin":109992,"position":2},"title":"Alcalde Carlos Guzm\u00e1n entrega vivienda en Los Guaricanos e inaugura cancha en Villa Mella","author":"Nelson Feliz","date":"3 de septiembre de 2023","format":false,"excerpt":"Guzm\u00e1n ha reconstruido m\u00e1s de 30 viviendas y entregando m\u00e1s de 50 canchas deportivas totalmente remozadas en todo SDN. El alcalde de Santo Domingo Norte (SDN), Carlos Guzm\u00e1n, entreg\u00f3 una humilde vivienda a una comunitaria, que llevaba m\u00e1s de 25 a\u00f1os viviendo en condiciones dif\u00edciles bajo las inclemencias del tiempo,\u2026","rel":"","context":"En \u00abPORTADA\u00bb","block_context":{"text":"PORTADA","link":"https:\/\/lasprimeras.com.do\/index.php\/category\/portada\/"},"img":{"alt_text":"Carlos Guzman","src":"https:\/\/i0.wp.com\/lasprimeras.com.do\/wp-content\/uploads\/2023\/09\/Carlos-Guzman-Casa.jpg?resize=350%2C200&ssl=1","width":350,"height":200,"srcset":"https:\/\/i0.wp.com\/lasprimeras.com.do\/wp-content\/uploads\/2023\/09\/Carlos-Guzman-Casa.jpg?resize=350%2C200&ssl=1 1x, https:\/\/i0.wp.com\/lasprimeras.com.do\/wp-content\/uploads\/2023\/09\/Carlos-Guzman-Casa.jpg?resize=525%2C300&ssl=1 1.5x, https:\/\/i0.wp.com\/lasprimeras.com.do\/wp-content\/uploads\/2023\/09\/Carlos-Guzman-Casa.jpg?resize=700%2C400&ssl=1 2x"},"classes":[]},{"id":136470,"url":"https:\/\/lasprimeras.com.do\/index.php\/2026\/08\/04\/apresan-a-presunto-implicado-en-robo-a-vivienda-en-san-juan-de-la-maguana\/","url_meta":{"origin":109992,"position":3},"title":"Apresan a presunto implicado en robo a vivienda en San Juan de la Maguana","author":"Nelson Feliz","date":"4 de agosto de 2026","format":false,"excerpt":"-Se activa la b\u00fasqueda de un segundo implicado. San Juan de la Maguana, R.D.\u2013 Agentes de la Polic\u00eda Nacional, adscritos a la Subdirecci\u00f3n Regional de Investigaci\u00f3n (DICRIM), apresaron a un hombre se\u00f1alado como presunto implicado en un robo perpetrado en una vivienda del sector Villa Liberaci\u00f3n, en este municipio. El\u2026","rel":"","context":"En \u00abMILITARES\u00bb","block_context":{"text":"MILITARES","link":"https:\/\/lasprimeras.com.do\/index.php\/category\/militares\/"},"img":{"alt_text":"","src":"https:\/\/i0.wp.com\/lasprimeras.com.do\/wp-content\/uploads\/2026\/08\/IMG-20260804-WA0232.jpg?resize=350%2C200&ssl=1","width":350,"height":200,"srcset":"https:\/\/i0.wp.com\/lasprimeras.com.do\/wp-content\/uploads\/2026\/08\/IMG-20260804-WA0232.jpg?resize=350%2C200&ssl=1 1x, https:\/\/i0.wp.com\/lasprimeras.com.do\/wp-content\/uploads\/2026\/08\/IMG-20260804-WA0232.jpg?resize=525%2C300&ssl=1 1.5x, https:\/\/i0.wp.com\/lasprimeras.com.do\/wp-content\/uploads\/2026\/08\/IMG-20260804-WA0232.jpg?resize=700%2C400&ssl=1 2x, https:\/\/i0.wp.com\/lasprimeras.com.do\/wp-content\/uploads\/2026\/08\/IMG-20260804-WA0232.jpg?resize=1050%2C600&ssl=1 3x, https:\/\/i0.wp.com\/lasprimeras.com.do\/wp-content\/uploads\/2026\/08\/IMG-20260804-WA0232.jpg?resize=1400%2C800&ssl=1 4x"},"classes":[]},{"id":51109,"url":"https:\/\/lasprimeras.com.do\/index.php\/2023\/05\/27\/presidente-abinader-inaugura-escuela-en-los-guaricanos\/","url_meta":{"origin":109992,"position":4},"title":"Presidente Abinader inaugura escuela en Los Guaricanos","author":"prenxa100","date":"27 de mayo de 2023","format":false,"excerpt":"Por Wilson P\u00e9rez Santo Domingo Norte. - El presidente Luis Abinader inaugur\u00f3 este s\u00e1bado la Escuela B\u00e1sica Felicia Amada Moreta, Las Palmeras, en el sector de Los Guaricanos la cual tuvo una inversi\u00f3n de 147, 290,053.63 y beneficiar\u00e1 a 800 estudiantes de la zona. El nuevo centro educativo, de la\u2026","rel":"","context":"En \u00abECONOM\u00cdA\u00bb","block_context":{"text":"ECONOM\u00cdA","link":"https:\/\/lasprimeras.com.do\/index.php\/category\/economia\/"},"img":{"alt_text":"","src":"","width":0,"height":0},"classes":[]},{"id":114739,"url":"https:\/\/lasprimeras.com.do\/index.php\/2025\/11\/16\/manuel-a-grullon-y-christopher-paniagua-entre-los-lideres-mejor-valorados-en-merco-2025\/","url_meta":{"origin":109992,"position":5},"title":"Manuel A. Grull\u00f3n y Christopher Paniagua, entre los l\u00edderes mejor valorados en Merco 2025","author":"Nelson Feliz","date":"16 de noviembre de 2025","format":false,"excerpt":"Ambos se colocan dentro de los cinco primeros lugares del ranking general El presidente del Consejo de Administraci\u00f3n de Grupo Popular, Manuel A. Grull\u00f3n, y el presidente ejecutivo del Banco Popular Dominicano, Christopher Paniagua, fueron reconocidos entre los cinco primeros lugares del ranking general del Monitor Empresarial de Reputaci\u00f3n Corporativa\u2026","rel":"","context":"En \u00abECONOM\u00cdA\u00bb","block_context":{"text":"ECONOM\u00cdA","link":"https:\/\/lasprimeras.com.do\/index.php\/category\/economia\/"},"img":{"alt_text":"","src":"https:\/\/i0.wp.com\/lasprimeras.com.do\/wp-content\/uploads\/2025\/11\/Manuel-A.-Grullon.jpg?resize=350%2C200&ssl=1","width":350,"height":200,"srcset":"https:\/\/i0.wp.com\/lasprimeras.com.do\/wp-content\/uploads\/2025\/11\/Manuel-A.-Grullon.jpg?resize=350%2C200&ssl=1 1x, https:\/\/i0.wp.com\/lasprimeras.com.do\/wp-content\/uploads\/2025\/11\/Manuel-A.-Grullon.jpg?resize=525%2C300&ssl=1 1.5x, https:\/\/i0.wp.com\/lasprimeras.com.do\/wp-content\/uploads\/2025\/11\/Manuel-A.-Grullon.jpg?resize=700%2C400&ssl=1 2x"},"classes":[]}],"jetpack_sharing_enabled":true,"jetpack_featured_media_url":"https:\/\/lasprimeras.com.do\/wp-content\/uploads\/2025\/09\/vivienda.jpg","_links":{"self":[{"href":"https:\/\/lasprimeras.com.do\/index.php\/wp-json\/wp\/v2\/posts\/109992","targetHints":{"allow":["GET"]}}],"collection":[{"href":"https:\/\/lasprimeras.com.do\/index.php\/wp-json\/wp\/v2\/posts"}],"about":[{"href":"https:\/\/lasprimeras.com.do\/index.php\/wp-json\/wp\/v2\/types\/post"}],"author":[{"embeddable":true,"href":"https:\/\/lasprimeras.com.do\/index.php\/wp-json\/wp\/v2\/users\/10"}],"replies":[{"embeddable":true,"href":"https:\/\/lasprimeras.com.do\/index.php\/wp-json\/wp\/v2\/comments?post=109992"}],"version-history":[{"count":1,"href":"https:\/\/lasprimeras.com.do\/index.php\/wp-json\/wp\/v2\/posts\/109992\/revisions"}],"predecessor-version":[{"id":109994,"href":"https:\/\/lasprimeras.com.do\/index.php\/wp-json\/wp\/v2\/posts\/109992\/revisions\/109994"}],"wp:featuredmedia":[{"embeddable":true,"href":"https:\/\/lasprimeras.com.do\/index.php\/wp-json\/wp\/v2\/media\/109993"}],"wp:attachment":[{"href":"https:\/\/lasprimeras.com.do\/index.php\/wp-json\/wp\/v2\/media?parent=109992"}],"wp:term":[{"taxonomy":"category","embeddable":true,"href":"https:\/\/lasprimeras.com.do\/index.php\/wp-json\/wp\/v2\/categories?post=109992"},{"taxonomy":"post_tag","embeddable":true,"href":"https:\/\/lasprimeras.com.do\/index.php\/wp-json\/wp\/v2\/tags?post=109992"}],"curies":[{"name":"wp","href":"https:\/\/api.w.org\/{rel}","templated":true}]}}