{"id":110021,"date":"2025-09-24T19:39:31","date_gmt":"2025-09-24T23:39:31","guid":{"rendered":"https:\/\/lasprimeras.com.do\/?p=110021"},"modified":"2025-09-24T19:39:34","modified_gmt":"2025-09-24T23:39:34","slug":"youtube-permitira-el-regreso-de-creadores-vetados-por-desinformacion-sobre-covid-19-y-elecciones","status":"publish","type":"post","link":"https:\/\/lasprimeras.com.do\/index.php\/2025\/09\/24\/youtube-permitira-el-regreso-de-creadores-vetados-por-desinformacion-sobre-covid-19-y-elecciones\/","title":{"rendered":"YouTube permitir\u00e1 el regreso de creadores vetados por desinformaci\u00f3n sobre COVID-19 y elecciones"},"content":{"rendered":"\n<p>NUEVA YORK (AP) \u2014 YouTube ofrecer\u00e1 a los creadores de contenido una forma de reincorporarse a la plataforma si fueron vetados por violar pol\u00edticas de desinformaci\u00f3n sobre el COVID-19 y las elecciones, las cuales ya no est\u00e1n vigentes, dijo el martes su empresa matriz Alphabet.<\/p>\n\n\n\n<p>En una carta enviada en respuesta a citaciones del Comit\u00e9 Judicial de la C\u00e1mara de Representantes de Estados Unidos, los abogados de Alphabet dijeron que la decisi\u00f3n de restaurar cuentas vetadas refleja el compromiso de la empresa con la libertad de expresi\u00f3n. Afirmaron que la compa\u00f1\u00eda valora las voces conservadoras en su plataforma y reconoce su alcance y su importante papel en el discurso c\u00edvico.<\/p>\n\n\n\n<p>\u201cSin importar cu\u00e1l sea el ambiente pol\u00edtico, YouTube seguir\u00e1 permitiendo la libre expresi\u00f3n en su plataforma, particularmente en lo que respecta a temas sujetos a debate pol\u00edtico\u201d, se lee en la carta.<\/p>\n\n\n\n<p>La medida es la m\u00e1s reciente en una serie de pasos atr\u00e1s en la moderaci\u00f3n de contenido por parte de las empresas tecnol\u00f3gicas, que tomaron medidas en\u00e9rgicas contra la informaci\u00f3n falsa durante la pandemia y despu\u00e9s de las elecciones de 2020, pero que desde entonces han enfrentado la presi\u00f3n del presidente Donald Trump y otros conservadores, que argumentan que sofocaron ilegalmente las voces de derecha en el proceso.<\/p>\n\n\n\n<p>Esto ocurre mientras los directores ejecutivos de tecnolog\u00eda, entre ellos, el CEO de Alphabet, Sundar Pichai, buscan una relaci\u00f3n m\u00e1s cercana con el presidente republicano, incluso al aportar generosas donaciones a su campa\u00f1a y asistir a eventos en Washington.<\/p>\n\n\n\n<p>En 2023, YouTube retir\u00f3 gradualmente su pol\u00edtica de eliminar contenido que afirmara falsamente que las elecciones de 2020, u otras elecciones presidenciales anteriores en Estados Unidos, estuvieron marcadas por \u201cfraude generalizado, errores o fallos\u201d.<\/p>\n\n\n\n<p>En 2024, la plataforma tambi\u00e9n retir\u00f3 sus restricciones independientes sobre contenido relacionado con el COVID-19, permitiendo que se hable de distintos tratamientos para la enfermedad. La desinformaci\u00f3n sobre el COVID-19 ahora se enmarca en la pol\u00edtica m\u00e1s amplia de desinformaci\u00f3n m\u00e9dica de YouTube.<\/p>\n","protected":false},"excerpt":{"rendered":"<p>NUEVA YORK (AP) \u2014 YouTube ofrecer\u00e1 a los creadores de contenido una forma de reincorporarse a la plataforma si fueron vetados por violar pol\u00edticas de desinformaci\u00f3n sobre el COVID-19 y&hellip;<\/p>\n","protected":false},"author":10,"featured_media":110022,"comment_status":"open","ping_status":"open","sticky":false,"template":"","format":"standard","meta":{"content-type":"","jetpack_post_was_ever_published":false,"_jetpack_newsletter_access":"","_jetpack_dont_email_post_to_subs":false,"_jetpack_newsletter_tier_id":0,"_jetpack_memberships_contains_paywalled_content":false,"_jetpack_memberships_contains_paid_content":false,"footnotes":""},"categories":[23746],"tags":[704,25048,7010,182,10316,25049,6906],"class_list":["post-110021","post","type-post","status-publish","format-standard","has-post-thumbnail","hentry","category-tecnologia","tag-covid-19","tag-creadores","tag-desinformacion","tag-elecciones","tag-regreso","tag-vetados","tag-youtube"],"jetpack_featured_media_url":"https:\/\/lasprimeras.com.do\/wp-content\/uploads\/2025\/09\/YOUTUBE.jpg","jetpack-related-posts":[{"id":83486,"url":"https:\/\/lasprimeras.com.do\/index.php\/2024\/05\/18\/el-presidente-de-georgia-veta-la-ley-de-medios-que-ha-provocado-semanas-de-protestas\/","url_meta":{"origin":110021,"position":0},"title":"El presidente de Georgia veta la ley de medios que ha provocado semanas de protestas","author":"Nelson Feliz","date":"18 de mayo de 2024","format":false,"excerpt":"TBILISI, Georgia (AP) \u2014 El presidente de Georgia vet\u00f3 el s\u00e1bado la llamada \u201cley rusa\u201d dirigida a los medios de comunicaci\u00f3n y que ha provocado semanas de protestas masivas . La ley exigir\u00eda que los medios y las ONG se registren como \u201cque persiguen los intereses de una potencia extranjera\u201d\u2026","rel":"","context":"En \u00abSin categor\u00eda\u00bb","block_context":{"text":"Sin categor\u00eda","link":"https:\/\/lasprimeras.com.do\/index.php\/category\/sin-categoria\/"},"img":{"alt_text":"","src":"https:\/\/i0.wp.com\/lasprimeras.com.do\/wp-content\/uploads\/2024\/05\/Salome-Zourabichvili.jpg?resize=350%2C200&ssl=1","width":350,"height":200,"srcset":"https:\/\/i0.wp.com\/lasprimeras.com.do\/wp-content\/uploads\/2024\/05\/Salome-Zourabichvili.jpg?resize=350%2C200&ssl=1 1x, https:\/\/i0.wp.com\/lasprimeras.com.do\/wp-content\/uploads\/2024\/05\/Salome-Zourabichvili.jpg?resize=525%2C300&ssl=1 1.5x, https:\/\/i0.wp.com\/lasprimeras.com.do\/wp-content\/uploads\/2024\/05\/Salome-Zourabichvili.jpg?resize=700%2C400&ssl=1 2x"},"classes":[]},{"id":105230,"url":"https:\/\/lasprimeras.com.do\/index.php\/2025\/07\/31\/australia-incluye-a-youtube-en-su-prohibicion-de-redes-sociales-para-menores-de-16-anos\/","url_meta":{"origin":110021,"position":1},"title":"Australia incluye a YouTube en su prohibici\u00f3n de redes sociales para menores de 16 a\u00f1os","author":"Nelson Feliz","date":"31 de julio de 2025","format":false,"excerpt":"Canberra desaf\u00eda a Alphabet y endurece las restricciones a las plataformas digitales; otras naciones siguen con atenci\u00f3n la iniciativa Australia - Australia ha ampliado su ofensiva contra el uso de redes sociales por parte de menores de edad al incluir a YouTube en la lista de plataformas prohibidas para adolescentes\u2026","rel":"","context":"En \u00abINTERNACIONALES\u00bb","block_context":{"text":"INTERNACIONALES","link":"https:\/\/lasprimeras.com.do\/index.php\/category\/sin-categoria\/internacionales\/"},"img":{"alt_text":"","src":"https:\/\/i0.wp.com\/lasprimeras.com.do\/wp-content\/uploads\/2025\/07\/youtube.jpg?resize=350%2C200&ssl=1","width":350,"height":200,"srcset":"https:\/\/i0.wp.com\/lasprimeras.com.do\/wp-content\/uploads\/2025\/07\/youtube.jpg?resize=350%2C200&ssl=1 1x, https:\/\/i0.wp.com\/lasprimeras.com.do\/wp-content\/uploads\/2025\/07\/youtube.jpg?resize=525%2C300&ssl=1 1.5x, https:\/\/i0.wp.com\/lasprimeras.com.do\/wp-content\/uploads\/2025\/07\/youtube.jpg?resize=700%2C400&ssl=1 2x"},"classes":[]},{"id":126748,"url":"https:\/\/lasprimeras.com.do\/index.php\/2026\/04\/05\/caesco-el-periodismo-dominicano-enfrenta-una-distancia-generacional-y-el-dominio-de-los-creadores\/","url_meta":{"origin":110021,"position":2},"title":"CAESCO: El periodismo dominicano enfrenta una &#8220;distancia generacional&#8221; y el dominio de los creadores","author":"Nelson Feliz","date":"5 de abril de 2026","format":false,"excerpt":"A prop\u00f3sito de la celebraci\u00f3n este 5 de abril del D\u00eda del Periodista, el Centro de An\u00e1lisis y Estudio de la Comunicaci\u00f3n (CAESCO) present\u00f3 un an\u00e1lisis sobre la distancia entre las audiencias j\u00f3venes y el periodismo tradicional en la Rep\u00fablica Dominicana. El an\u00e1lisis, que cruza datos globales del Reuters Institute\u2026","rel":"","context":"En \u00abNACIONALES\u00bb","block_context":{"text":"NACIONALES","link":"https:\/\/lasprimeras.com.do\/index.php\/category\/nacionales\/"},"img":{"alt_text":"","src":"https:\/\/i0.wp.com\/lasprimeras.com.do\/wp-content\/uploads\/2026\/04\/CAESCO.jpg?resize=350%2C200&ssl=1","width":350,"height":200,"srcset":"https:\/\/i0.wp.com\/lasprimeras.com.do\/wp-content\/uploads\/2026\/04\/CAESCO.jpg?resize=350%2C200&ssl=1 1x, https:\/\/i0.wp.com\/lasprimeras.com.do\/wp-content\/uploads\/2026\/04\/CAESCO.jpg?resize=525%2C300&ssl=1 1.5x, https:\/\/i0.wp.com\/lasprimeras.com.do\/wp-content\/uploads\/2026\/04\/CAESCO.jpg?resize=700%2C400&ssl=1 2x"},"classes":[]},{"id":83379,"url":"https:\/\/lasprimeras.com.do\/index.php\/2024\/05\/15\/armados-con-ia-adversarios-de-ee-uu-influiran-en-las-elecciones-advierten-funcionarios-de-seguridad\/","url_meta":{"origin":110021,"position":3},"title":"Armados con IA adversarios de EE.UU. influir\u00e1n en las elecciones, advierten funcionarios de seguridad","author":"Nelson Feliz","date":"15 de mayo de 2024","format":false,"excerpt":"POR DAVID KLEPPER Y ERIC TUCKER WASHINGTON (AP) \u2014 Los adversarios extranjeros de Estados Unidos intentar\u00e1n nuevamente influir en las pr\u00f3ximas elecciones estadounidenses, advirtieron el mi\u00e9rcoles altos funcionarios de seguridad a los miembros del Senado, aprovechando las \u00faltimas innovaciones en inteligencia artificial para difundir desinformaci\u00f3n en l\u00ednea, enga\u00f1ar a los\u2026","rel":"","context":"En \u00abSin categor\u00eda\u00bb","block_context":{"text":"Sin categor\u00eda","link":"https:\/\/lasprimeras.com.do\/index.php\/category\/sin-categoria\/"},"img":{"alt_text":"","src":"https:\/\/i0.wp.com\/lasprimeras.com.do\/wp-content\/uploads\/2024\/05\/Avril-Haines.jpg?resize=350%2C200&ssl=1","width":350,"height":200,"srcset":"https:\/\/i0.wp.com\/lasprimeras.com.do\/wp-content\/uploads\/2024\/05\/Avril-Haines.jpg?resize=350%2C200&ssl=1 1x, https:\/\/i0.wp.com\/lasprimeras.com.do\/wp-content\/uploads\/2024\/05\/Avril-Haines.jpg?resize=525%2C300&ssl=1 1.5x, https:\/\/i0.wp.com\/lasprimeras.com.do\/wp-content\/uploads\/2024\/05\/Avril-Haines.jpg?resize=700%2C400&ssl=1 2x"},"classes":[]},{"id":90771,"url":"https:\/\/lasprimeras.com.do\/index.php\/2024\/10\/27\/trump-ante-20-000-personas-en-nueva-york-kamala-estas-despedida-vete-ya\/","url_meta":{"origin":110021,"position":4},"title":"Trump, ante 20.000 personas en Nueva York: &#8220;\u00a1Kamala est\u00e1s despedida, vete ya!&#8221;","author":"Nelson Feliz","date":"27 de octubre de 2024","format":false,"excerpt":"Nueva York, (EFE).- El candidato republicano a la presidencia, el expresidente Donald Trump, se present\u00f3 este domingo frente a unos 20.000 simpatizantes en el Madison Square Garden de Nueva York para pedir el voto el 5 de noviembre y \"despedir a Kamala (Harris)\", su rival dem\u00f3crata y prometer una nueva\u2026","rel":"","context":"En \u00abSin categor\u00eda\u00bb","block_context":{"text":"Sin categor\u00eda","link":"https:\/\/lasprimeras.com.do\/index.php\/category\/sin-categoria\/"},"img":{"alt_text":"Madison Square Garden de Nueva York","src":"https:\/\/i0.wp.com\/lasprimeras.com.do\/wp-content\/uploads\/2024\/10\/Madison-Square-Garden-de-Nueva-York.jpg?resize=350%2C200&ssl=1","width":350,"height":200,"srcset":"https:\/\/i0.wp.com\/lasprimeras.com.do\/wp-content\/uploads\/2024\/10\/Madison-Square-Garden-de-Nueva-York.jpg?resize=350%2C200&ssl=1 1x, https:\/\/i0.wp.com\/lasprimeras.com.do\/wp-content\/uploads\/2024\/10\/Madison-Square-Garden-de-Nueva-York.jpg?resize=525%2C300&ssl=1 1.5x"},"classes":[]},{"id":79519,"url":"https:\/\/lasprimeras.com.do\/index.php\/2024\/03\/27\/comision-de-la-jce-verifica-en-europa-montaje-para-elecciones-del-19-de-mayo-2\/","url_meta":{"origin":110021,"position":5},"title":"Comisi\u00f3n de la JCE verifica en Europa montaje para elecciones del 19 de mayo","author":"Nelson Feliz","date":"27 de marzo de 2024","format":false,"excerpt":"J\u00e1quez Liranzo llama a dominicanos a elegir \u201cir a votar\u201d Espa\u00f1a.- Una comisi\u00f3n de la Junta Central Electoral (JCE) llev\u00f3 a cabo reuniones de trabajo en Europa con representantes de las Oficinas de Coordinaci\u00f3n de Log\u00edstica Electoral en el Exterior (OCLEE), de las Oficinas de Servicios en el Exterior (OSE),\u2026","rel":"","context":"En \u00abPORTADA\u00bb","block_context":{"text":"PORTADA","link":"https:\/\/lasprimeras.com.do\/index.php\/category\/portada\/"},"img":{"alt_text":"JCE","src":"https:\/\/i0.wp.com\/lasprimeras.com.do\/wp-content\/uploads\/2024\/03\/Montaje-ext.-6.jpg?resize=350%2C200&ssl=1","width":350,"height":200,"srcset":"https:\/\/i0.wp.com\/lasprimeras.com.do\/wp-content\/uploads\/2024\/03\/Montaje-ext.-6.jpg?resize=350%2C200&ssl=1 1x, https:\/\/i0.wp.com\/lasprimeras.com.do\/wp-content\/uploads\/2024\/03\/Montaje-ext.-6.jpg?resize=525%2C300&ssl=1 1.5x, https:\/\/i0.wp.com\/lasprimeras.com.do\/wp-content\/uploads\/2024\/03\/Montaje-ext.-6.jpg?resize=700%2C400&ssl=1 2x"},"classes":[]}],"jetpack_sharing_enabled":true,"_links":{"self":[{"href":"https:\/\/lasprimeras.com.do\/index.php\/wp-json\/wp\/v2\/posts\/110021","targetHints":{"allow":["GET"]}}],"collection":[{"href":"https:\/\/lasprimeras.com.do\/index.php\/wp-json\/wp\/v2\/posts"}],"about":[{"href":"https:\/\/lasprimeras.com.do\/index.php\/wp-json\/wp\/v2\/types\/post"}],"author":[{"embeddable":true,"href":"https:\/\/lasprimeras.com.do\/index.php\/wp-json\/wp\/v2\/users\/10"}],"replies":[{"embeddable":true,"href":"https:\/\/lasprimeras.com.do\/index.php\/wp-json\/wp\/v2\/comments?post=110021"}],"version-history":[{"count":1,"href":"https:\/\/lasprimeras.com.do\/index.php\/wp-json\/wp\/v2\/posts\/110021\/revisions"}],"predecessor-version":[{"id":110023,"href":"https:\/\/lasprimeras.com.do\/index.php\/wp-json\/wp\/v2\/posts\/110021\/revisions\/110023"}],"wp:featuredmedia":[{"embeddable":true,"href":"https:\/\/lasprimeras.com.do\/index.php\/wp-json\/wp\/v2\/media\/110022"}],"wp:attachment":[{"href":"https:\/\/lasprimeras.com.do\/index.php\/wp-json\/wp\/v2\/media?parent=110021"}],"wp:term":[{"taxonomy":"category","embeddable":true,"href":"https:\/\/lasprimeras.com.do\/index.php\/wp-json\/wp\/v2\/categories?post=110021"},{"taxonomy":"post_tag","embeddable":true,"href":"https:\/\/lasprimeras.com.do\/index.php\/wp-json\/wp\/v2\/tags?post=110021"}],"curies":[{"name":"wp","href":"https:\/\/api.w.org\/{rel}","templated":true}]}}