{"id":110031,"date":"2025-09-25T07:20:51","date_gmt":"2025-09-25T11:20:51","guid":{"rendered":"https:\/\/lasprimeras.com.do\/?p=110031"},"modified":"2025-09-25T07:20:53","modified_gmt":"2025-09-25T11:20:53","slug":"banreservas-beneficia-a-mas-de-700-familias-en-jornada-del-programa-vida-para-el-ozama","status":"publish","type":"post","link":"https:\/\/lasprimeras.com.do\/index.php\/2025\/09\/25\/banreservas-beneficia-a-mas-de-700-familias-en-jornada-del-programa-vida-para-el-ozama\/","title":{"rendered":"Banreservas beneficia a m\u00e1s de 700 familias en jornada del programa \u201cVida para el Ozama\u201d"},"content":{"rendered":"\n<p class=\"wp-block-paragraph\">El Voluntariado Banreservas realiz\u00f3 una jornada masiva del programa \u201cVida para el Ozama\u201d, en la que m\u00e1s de 700 residentes de comunidades aleda\u00f1as al r\u00edo intercambiaron bolsas de pl\u00e1sticos por raciones de alimentos de la canasta b\u00e1sica.<\/p>\n\n\n\n<p class=\"wp-block-paragraph\">La actividad tuvo lugar en el sector El Dique y se enmarca en los esfuerzos de la instituci\u00f3n por promover la sostenibilidad ambiental, al tiempo que ofrece un beneficio directo a las familias de la zona.<\/p>\n\n\n\n<p class=\"wp-block-paragraph\">Durante la jornada, en representaci\u00f3n de la presidenta del Voluntariado Banreservas, doctora Carmen Alicia Quijano, la directora Shailyn Sosa destac\u00f3 que esta iniciativa constituye un esfuerzo integral que une sostenibilidad ambiental y desarrollo econ\u00f3mico en las comunidades cercanas al Ozama.<\/p>\n\n\n\n<figure class=\"wp-block-image size-full\"><img decoding=\"async\" width=\"900\" height=\"598\" src=\"https:\/\/lasprimeras.com.do\/wp-content\/uploads\/2025\/09\/Voluntariado-Banreservas-2.jpg\" alt=\"\" class=\"wp-image-110033\" srcset=\"https:\/\/lasprimeras.com.do\/wp-content\/uploads\/2025\/09\/Voluntariado-Banreservas-2.jpg 900w, https:\/\/lasprimeras.com.do\/wp-content\/uploads\/2025\/09\/Voluntariado-Banreservas-2-300x199.jpg 300w, https:\/\/lasprimeras.com.do\/wp-content\/uploads\/2025\/09\/Voluntariado-Banreservas-2-768x510.jpg 768w\" sizes=\"(max-width: 900px) 100vw, 900px\" \/><\/figure>\n\n\n\n<p class=\"wp-block-paragraph\">\u201cEste proyecto no solo busca proteger nuestros recursos naturales, sino tambi\u00e9n fortalecer el bienestar y las condiciones de vida de los residentes de esta zona\u201d, expres\u00f3 Sosa.<\/p>\n\n\n\n<p class=\"wp-block-paragraph\">En sus 12 a\u00f1os de ejecuci\u00f3n, el programa \u201cVida para el Ozama\u201d ha impactado a miles de personas y ha logrado recolectar m\u00e1s de siete millones de libras de pl\u00e1sticos en las riberas del r\u00edo Ozama, consolid\u00e1ndose como una de las iniciativas sociales y medioambientales m\u00e1s relevantes del pa\u00eds.<\/p>\n\n\n\n<p class=\"wp-block-paragraph\">En la jornada, adem\u00e1s de Sosa, estuvieron la gerente, Michelle Caro, y el subgerente, Robert Mateo.<\/p>\n\n\n\n<p class=\"wp-block-paragraph\">Como parte de la actividad, se visitaron las instalaciones de la Escuela Movearte R\u00edo Ozama y se realiz\u00f3 un recorrido por la comunidad, con el objetivo de identificar nuevas oportunidades y necesidades de colaboraci\u00f3n, as\u00ed como dar continuidad a proyectos de alto impacto social.<\/p>\n","protected":false},"excerpt":{"rendered":"<p>El Voluntariado Banreservas realiz\u00f3 una jornada masiva del programa \u201cVida para el Ozama\u201d, en la que m\u00e1s de 700 residentes de comunidades aleda\u00f1as al r\u00edo intercambiaron bolsas de pl\u00e1sticos por&hellip;<\/p>\n","protected":false},"author":10,"featured_media":110032,"comment_status":"open","ping_status":"open","sticky":false,"template":"","format":"standard","meta":{"content-type":"","_jetpack_newsletter_access":"","_jetpack_dont_email_post_to_subs":false,"_jetpack_newsletter_tier_id":0,"_jetpack_memberships_contains_paywalled_content":false,"_jetpack_feature_clip_id":0,"_jetpack_memberships_contains_paid_content":false,"footnotes":"","jetpack_post_was_ever_published":false},"categories":[35],"tags":[25057,1991,281,198,25058,25056],"class_list":["post-110031","post","type-post","status-publish","format-standard","has-post-thumbnail","hentry","category-nacionales","tag-700-familias","tag-beneficia","tag-jornada","tag-programa","tag-vida-para-el-ozama","tag-voluntariado-banreservas"],"jetpack-related-posts":[{"id":115117,"url":"https:\/\/lasprimeras.com.do\/index.php\/2025\/11\/19\/voluntariado-banreservas-beneficia-cientos-de-personas-en-jornada-del-programa-vida-para-el-ozama\/","url_meta":{"origin":110031,"position":0},"title":"Voluntariado Banreservas beneficia cientos de personas en jornada del programa \u201cVida para el Ozama\u201d","author":"Nelson Feliz","date":"19 de noviembre de 2025","format":false,"excerpt":"El Voluntariado Banreservas realiz\u00f3 una jornada masiva del programa \u201cVida para el Ozama\u201d, en la que m\u00e1s de 1,000 residentes de comunidades pr\u00f3ximas al r\u00edo Ozama se beneficiaron con el intercambio de raciones de alimentos de la canasta b\u00e1sica a cambio de fundas repletas de pl\u00e1sticos. La actividad estuvo encabezada\u2026","rel":"","context":"En \u00abECONOM\u00cdA\u00bb","block_context":{"text":"ECONOM\u00cdA","link":"https:\/\/lasprimeras.com.do\/index.php\/category\/economia\/"},"img":{"alt_text":"La Dra. Carmen Alicia Quijano de Aguilera, presidenta del Voluntariado Banreservas y el obispo Manuel Ruiz, fundador del proyecto Movearte.","src":"https:\/\/i0.wp.com\/lasprimeras.com.do\/wp-content\/uploads\/2025\/11\/Voluntariado-Banreservas.jpg?resize=350%2C200&ssl=1","width":350,"height":200,"srcset":"https:\/\/i0.wp.com\/lasprimeras.com.do\/wp-content\/uploads\/2025\/11\/Voluntariado-Banreservas.jpg?resize=350%2C200&ssl=1 1x, https:\/\/i0.wp.com\/lasprimeras.com.do\/wp-content\/uploads\/2025\/11\/Voluntariado-Banreservas.jpg?resize=525%2C300&ssl=1 1.5x, https:\/\/i0.wp.com\/lasprimeras.com.do\/wp-content\/uploads\/2025\/11\/Voluntariado-Banreservas.jpg?resize=700%2C400&ssl=1 2x"},"classes":[]},{"id":117521,"url":"https:\/\/lasprimeras.com.do\/index.php\/2025\/12\/11\/voluntariado-banreservas-lleva-navidad-a-cientos-de-ninos-y-ejecuta-operativo-ambiental-en-el-ozama\/","url_meta":{"origin":110031,"position":1},"title":"Voluntariado Banreservas lleva Navidad a cientos de ni\u00f1os y ejecuta operativo ambiental en el Ozama","author":"Nelson Feliz","date":"11 de diciembre de 2025","format":false,"excerpt":"El Voluntariado Banreservas llev\u00f3 alegr\u00eda a decenas de ni\u00f1os de la Escuela Movearte, en el Dique del r\u00edo Ozama, durante su tradicional Fiesta de Navidad, actividad que se realiz\u00f3 de manera simult\u00e1nea con un operativo masivo del programa ambiental \u201cVida para el Ozama\u201d. El acto fue encabezado por la presidenta\u2026","rel":"","context":"En \u00abECONOM\u00cdA\u00bb","block_context":{"text":"ECONOM\u00cdA","link":"https:\/\/lasprimeras.com.do\/index.php\/category\/economia\/"},"img":{"alt_text":"","src":"https:\/\/i0.wp.com\/lasprimeras.com.do\/wp-content\/uploads\/2025\/12\/reservas.jpg?resize=350%2C200&ssl=1","width":350,"height":200,"srcset":"https:\/\/i0.wp.com\/lasprimeras.com.do\/wp-content\/uploads\/2025\/12\/reservas.jpg?resize=350%2C200&ssl=1 1x, https:\/\/i0.wp.com\/lasprimeras.com.do\/wp-content\/uploads\/2025\/12\/reservas.jpg?resize=525%2C300&ssl=1 1.5x, https:\/\/i0.wp.com\/lasprimeras.com.do\/wp-content\/uploads\/2025\/12\/reservas.jpg?resize=700%2C400&ssl=1 2x"},"classes":[]},{"id":138026,"url":"https:\/\/lasprimeras.com.do\/index.php\/2026\/08\/24\/voluntariado-banreservas-impacta-a-miles-de-familias-en-primer-ano-de-gestion-de-la-doctora-carmen-alicia-quijano\/","url_meta":{"origin":110031,"position":2},"title":"Voluntariado Banreservas impacta a miles de familias en primer a\u00f1o de gesti\u00f3n de la doctora Carmen Alicia Quijano","author":"Nelson Feliz","date":"24 de agosto de 2026","format":false,"excerpt":"Programas de salud, educaci\u00f3n, protecci\u00f3n ambiental y asistencia social han llevado apoyo a comunidades del Gran Santo Domingo, Santiago, San Crist\u00f3bal, Montecristi, Puerto Plata, Villa Altagracia y otras localidades del pa\u00eds. Santo Domingo. \u2013 El Voluntariado Banreservas ha impactado a miles de familias de distintas comunidades del pa\u00eds durante el\u2026","rel":"","context":"En \u00abPORTADA\u00bb","block_context":{"text":"PORTADA","link":"https:\/\/lasprimeras.com.do\/index.php\/category\/portada\/"},"img":{"alt_text":"Carmen Alicia Quijano","src":"https:\/\/i0.wp.com\/lasprimeras.com.do\/wp-content\/uploads\/2026\/08\/Carmen-Alicia-Quijano.jpg?resize=350%2C200&ssl=1","width":350,"height":200,"srcset":"https:\/\/i0.wp.com\/lasprimeras.com.do\/wp-content\/uploads\/2026\/08\/Carmen-Alicia-Quijano.jpg?resize=350%2C200&ssl=1 1x, https:\/\/i0.wp.com\/lasprimeras.com.do\/wp-content\/uploads\/2026\/08\/Carmen-Alicia-Quijano.jpg?resize=525%2C300&ssl=1 1.5x, https:\/\/i0.wp.com\/lasprimeras.com.do\/wp-content\/uploads\/2026\/08\/Carmen-Alicia-Quijano.jpg?resize=700%2C400&ssl=1 2x"},"classes":[]},{"id":113460,"url":"https:\/\/lasprimeras.com.do\/index.php\/2025\/11\/03\/voluntariado-banreservas-culmina-jornadas-preventivas-de-salud-y-vacunacion-en-todo-el-pais\/","url_meta":{"origin":110031,"position":3},"title":"Voluntariado Banreservas culmina jornadas preventivas de salud y vacunaci\u00f3n en todo el pa\u00eds","author":"Nelson Feliz","date":"3 de noviembre de 2025","format":false,"excerpt":"El Voluntariado Banreservas concluy\u00f3 con \u00e9xito una amplia jornada de salud preventiva en distintas regiones del pa\u00eds, como parte de su compromiso con el bienestar de los colaboradores y las comunidades vulnerables, bajo la campa\u00f1a \u201cEs Momento de Prevenir\u201d. Estas jornadas, en las que tambi\u00e9n formaron parte los colaboradores del\u2026","rel":"","context":"En \u00abPORTADA\u00bb","block_context":{"text":"PORTADA","link":"https:\/\/lasprimeras.com.do\/index.php\/category\/portada\/"},"img":{"alt_text":"","src":"https:\/\/i0.wp.com\/lasprimeras.com.do\/wp-content\/uploads\/2025\/11\/volun-1.jpg?resize=350%2C200&ssl=1","width":350,"height":200,"srcset":"https:\/\/i0.wp.com\/lasprimeras.com.do\/wp-content\/uploads\/2025\/11\/volun-1.jpg?resize=350%2C200&ssl=1 1x, https:\/\/i0.wp.com\/lasprimeras.com.do\/wp-content\/uploads\/2025\/11\/volun-1.jpg?resize=525%2C300&ssl=1 1.5x, https:\/\/i0.wp.com\/lasprimeras.com.do\/wp-content\/uploads\/2025\/11\/volun-1.jpg?resize=700%2C400&ssl=1 2x"},"classes":[]},{"id":134535,"url":"https:\/\/lasprimeras.com.do\/index.php\/2026\/07\/12\/voluntariado-banreservas-inaugura-su-primera-sede-en-la-region-norte-y-fortalece-su-labor-social\/","url_meta":{"origin":110031,"position":4},"title":"Voluntariado Banreservas inaugura su primera sede en la regi\u00f3n Norte y fortalece su labor social","author":"Nelson Feliz","date":"12 de julio de 2026","format":false,"excerpt":"Santiago de los Caballeros. \u2013 El Voluntariado Banreservas inaugur\u00f3 en Santiago de los Caballeros su primera oficina fuera de Santo Domingo, un paso hist\u00f3rico que fortalece su capacidad de respuesta y ampl\u00eda el alcance de los programas sociales que desarrolla en beneficio de las comunidades de la regi\u00f3n Norte. Las\u2026","rel":"","context":"En \u00abPORTADA\u00bb","block_context":{"text":"PORTADA","link":"https:\/\/lasprimeras.com.do\/index.php\/category\/portada\/"},"img":{"alt_text":"","src":"https:\/\/i0.wp.com\/lasprimeras.com.do\/wp-content\/uploads\/2026\/07\/voluntariado-1.jpg?resize=350%2C200&ssl=1","width":350,"height":200,"srcset":"https:\/\/i0.wp.com\/lasprimeras.com.do\/wp-content\/uploads\/2026\/07\/voluntariado-1.jpg?resize=350%2C200&ssl=1 1x, https:\/\/i0.wp.com\/lasprimeras.com.do\/wp-content\/uploads\/2026\/07\/voluntariado-1.jpg?resize=525%2C300&ssl=1 1.5x, https:\/\/i0.wp.com\/lasprimeras.com.do\/wp-content\/uploads\/2026\/07\/voluntariado-1.jpg?resize=700%2C400&ssl=1 2x"},"classes":[]},{"id":118980,"url":"https:\/\/lasprimeras.com.do\/index.php\/2026\/01\/05\/voluntariado-banreservas-llena-de-alegria-el-dia-de-reyes-con-entrega-de-juguetes\/","url_meta":{"origin":110031,"position":5},"title":"Voluntariado Banreservas llena de alegr\u00eda el D\u00eda de Reyes con entrega de juguetes","author":"Nelson Feliz","date":"5 de enero de 2026","format":false,"excerpt":"Voluntarios participantes en la jornada de entrega de juguetes dirigida a los hijos de colaboradores del Banco de Reservas.","rel":"","context":"En \u00abNACIONALES\u00bb","block_context":{"text":"NACIONALES","link":"https:\/\/lasprimeras.com.do\/index.php\/category\/nacionales\/"},"img":{"alt_text":"Voluntarios participantes en la jornada de entrega de juguetes dirigida a los hijos de colaboradores del Banco de Reservas.","src":"https:\/\/i0.wp.com\/lasprimeras.com.do\/wp-content\/uploads\/2026\/01\/Voluntariado-Banreservas.jpg?resize=350%2C200&ssl=1","width":350,"height":200,"srcset":"https:\/\/i0.wp.com\/lasprimeras.com.do\/wp-content\/uploads\/2026\/01\/Voluntariado-Banreservas.jpg?resize=350%2C200&ssl=1 1x, https:\/\/i0.wp.com\/lasprimeras.com.do\/wp-content\/uploads\/2026\/01\/Voluntariado-Banreservas.jpg?resize=525%2C300&ssl=1 1.5x, https:\/\/i0.wp.com\/lasprimeras.com.do\/wp-content\/uploads\/2026\/01\/Voluntariado-Banreservas.jpg?resize=700%2C400&ssl=1 2x"},"classes":[]}],"jetpack_sharing_enabled":true,"jetpack_featured_media_url":"https:\/\/lasprimeras.com.do\/wp-content\/uploads\/2025\/09\/Voluntariado-Banreservas.jpg","_links":{"self":[{"href":"https:\/\/lasprimeras.com.do\/index.php\/wp-json\/wp\/v2\/posts\/110031","targetHints":{"allow":["GET"]}}],"collection":[{"href":"https:\/\/lasprimeras.com.do\/index.php\/wp-json\/wp\/v2\/posts"}],"about":[{"href":"https:\/\/lasprimeras.com.do\/index.php\/wp-json\/wp\/v2\/types\/post"}],"author":[{"embeddable":true,"href":"https:\/\/lasprimeras.com.do\/index.php\/wp-json\/wp\/v2\/users\/10"}],"replies":[{"embeddable":true,"href":"https:\/\/lasprimeras.com.do\/index.php\/wp-json\/wp\/v2\/comments?post=110031"}],"version-history":[{"count":1,"href":"https:\/\/lasprimeras.com.do\/index.php\/wp-json\/wp\/v2\/posts\/110031\/revisions"}],"predecessor-version":[{"id":110034,"href":"https:\/\/lasprimeras.com.do\/index.php\/wp-json\/wp\/v2\/posts\/110031\/revisions\/110034"}],"wp:featuredmedia":[{"embeddable":true,"href":"https:\/\/lasprimeras.com.do\/index.php\/wp-json\/wp\/v2\/media\/110032"}],"wp:attachment":[{"href":"https:\/\/lasprimeras.com.do\/index.php\/wp-json\/wp\/v2\/media?parent=110031"}],"wp:term":[{"taxonomy":"category","embeddable":true,"href":"https:\/\/lasprimeras.com.do\/index.php\/wp-json\/wp\/v2\/categories?post=110031"},{"taxonomy":"post_tag","embeddable":true,"href":"https:\/\/lasprimeras.com.do\/index.php\/wp-json\/wp\/v2\/tags?post=110031"}],"curies":[{"name":"wp","href":"https:\/\/api.w.org\/{rel}","templated":true}]}}