{"id":110091,"date":"2025-09-25T11:44:39","date_gmt":"2025-09-25T15:44:39","guid":{"rendered":"https:\/\/lasprimeras.com.do\/?p=110091"},"modified":"2025-09-25T11:44:41","modified_gmt":"2025-09-25T15:44:41","slug":"udc-respalda-a-presidente-abinader-al-pedir-comunidad-internacional-acuda-en-auxilio-de-haiti","status":"publish","type":"post","link":"https:\/\/lasprimeras.com.do\/index.php\/2025\/09\/25\/udc-respalda-a-presidente-abinader-al-pedir-comunidad-internacional-acuda-en-auxilio-de-haiti\/","title":{"rendered":"UDC respalda a presidente Abinader, al pedir comunidad internacional acuda en auxilio de Hait\u00ed"},"content":{"rendered":"\n<p class=\"wp-block-paragraph\">El presidente de la Uni\u00f3n Dem\u00f3crata Cristiana \u2013UDC-, Luis Acosta Moreta, Luis \u201cEl Gallo\u201d salud\u00f3 y apoy\u00f3 hoy los pronunciamientos hechos por el presidente Luis Abinader de que una fuerza multinacional es la que debe buscar la paz y la soluci\u00f3n de los problemas haitianos.<\/p>\n\n\n\n<p class=\"wp-block-paragraph\">Tambi\u00e9n se\u00f1al\u00f3 como trascendente la opini\u00f3n del presidente Abinader en torno a la lucha en el pa\u00eds para acabar con la miseria extrema, dentro de un marco de institucionalidad y b\u00fasqueda del desarrollo<\/p>\n\n\n\n<p class=\"wp-block-paragraph\">Comparti\u00f3 con el presidente Abinader que su gran logro es combinar crecimiento econ\u00f3mico con justicia social e instituciones democr\u00e1ticas s\u00f3lidas. Ese equilibrio ha dado estabilidad y paz social al pa\u00eds.<\/p>\n\n\n\n<p class=\"wp-block-paragraph\">Agreg\u00f3 que Hait\u00ed en solitario no podr\u00e1 salir de la ola de violencia que lo embarga, por lo que se hace necesaria la ayuda internacional para acabar con las pandillas.<\/p>\n\n\n\n<p class=\"wp-block-paragraph\">A su juicio, son las Naciones Unidas, lideradas por los Estados Unidos que deben llevar sobre sus hombros el establecimiento de un ambiente de gobernabilidad en Hait\u00ed, poniendo fin a las pandillas.<\/p>\n\n\n\n<p class=\"wp-block-paragraph\">Destac\u00f3 que el presidente Abinader plante\u00f3 una ruta de emergencia para rescatar a Hait\u00ed de sus problemas actuales, que no pueden ser solucionados ni enfrentados por los dominicanos de modo individual, sino por la comunidad internacional y las grandes potencias.<\/p>\n\n\n\n<p class=\"wp-block-paragraph\">Luis \u201cEl Gallo\u201d se\u00f1al\u00f3 que es hora de que se despierte el deseo solidario y de encontrar soluciones a la crisis del vecino pa\u00eds en los Estados Unidos, Francia y Canad\u00e1, que son los que por designios hist\u00f3ricos est\u00e1n m\u00e1s cercanos de los haitianos.<\/p>\n\n\n\n<p class=\"wp-block-paragraph\">A su juicio, los dominicanos pueden ser solidarios, pero no se pueden involucrar en la b\u00fasqueda de soluciones en la guerra civil de baja intensidad que sufre Hait\u00ed.<\/p>\n\n\n\n<p class=\"wp-block-paragraph\">Respald\u00f3 los pronunciamientos que hizo en los Estados Unidos, sobre la crisis haitiana, el presidente Abinader, tanto en las Naciones Unidas, como en distintos foros y mesas de discusi\u00f3n a que fue invitado.<\/p>\n\n\n\n<p class=\"wp-block-paragraph\">Asimismo, Luis \u201cEl Gallo\u201d destac\u00f3 los trabajos que en el marco de reducir la pobreza extrema ejecuta el gobierno del presidente Abinader.<\/p>\n\n\n\n<p class=\"wp-block-paragraph\">Consider\u00f3 ese esfuerzo como muy positivo y que es respaldado por el pueblo consciente de que hay que seguir trabajando en la institucionalidad y el desarrollo nacional.<\/p>\n\n\n\n<p class=\"wp-block-paragraph\">Dijo que el presidente Abinader tiene en sus manos soluciones al iniciar programas de asistencia social que van directamente a reducir los cuadros de miseria y exclusi\u00f3n que tiene la Rep\u00fablica Dominicana.<\/p>\n","protected":false},"excerpt":{"rendered":"<p>El presidente de la Uni\u00f3n Dem\u00f3crata Cristiana \u2013UDC-, Luis Acosta Moreta, Luis \u201cEl Gallo\u201d salud\u00f3 y apoy\u00f3 hoy los pronunciamientos hechos por el presidente Luis Abinader de que una fuerza&hellip;<\/p>\n","protected":false},"author":10,"featured_media":109987,"comment_status":"open","ping_status":"open","sticky":false,"template":"","format":"standard","meta":{"content-type":"","_jetpack_newsletter_access":"","_jetpack_dont_email_post_to_subs":false,"_jetpack_newsletter_tier_id":0,"_jetpack_memberships_contains_paywalled_content":false,"_jetpack_feature_clip_id":0,"_jetpack_memberships_contains_paid_content":false,"footnotes":"","jetpack_post_was_ever_published":false},"categories":[16559],"tags":[2000,10283,217,67,2234],"class_list":["post-110091","post","type-post","status-publish","format-standard","has-post-thumbnail","hentry","category-politica","tag-auxilio","tag-comunidad-internacional","tag-haiti","tag-luis-abinader","tag-udc"],"jetpack-related-posts":[{"id":100269,"url":"https:\/\/lasprimeras.com.do\/index.php\/2025\/06\/02\/udc-insta-al-ces-a-priorizar-la-defensa-de-la-soberania-y-la-seguridad-nacional-en-sus-plenarias\/","url_meta":{"origin":110091,"position":0},"title":"UDC insta al CES a priorizar la defensa de la soberan\u00eda y la seguridad nacional en sus plenarias","author":"Nelson Feliz","date":"2 de junio de 2025","format":false,"excerpt":"El presidente de la Uni\u00f3n Dem\u00f3crata Cristiana (UDC), Luis Acosta Moreta, Luis \u201cEl Gallo\u201d, expres\u00f3 su respaldo al inicio del di\u00e1logo en el Consejo Econ\u00f3mico y Social (CES) y exhort\u00f3 a que, en las discusiones sobre la situaci\u00f3n haitiana, se anteponga la defensa de la patria. Acosta Moreta destac\u00f3 la\u2026","rel":"","context":"En \u00abPOLITICA\u00bb","block_context":{"text":"POLITICA","link":"https:\/\/lasprimeras.com.do\/index.php\/category\/politica\/"},"img":{"alt_text":"Luis Acosta Moreta","src":"https:\/\/i0.wp.com\/lasprimeras.com.do\/wp-content\/uploads\/2025\/06\/WhatsApp-Image-2025-06-02-at-9.43.18-PM.jpeg?resize=350%2C200&ssl=1","width":350,"height":200,"srcset":"https:\/\/i0.wp.com\/lasprimeras.com.do\/wp-content\/uploads\/2025\/06\/WhatsApp-Image-2025-06-02-at-9.43.18-PM.jpeg?resize=350%2C200&ssl=1 1x, https:\/\/i0.wp.com\/lasprimeras.com.do\/wp-content\/uploads\/2025\/06\/WhatsApp-Image-2025-06-02-at-9.43.18-PM.jpeg?resize=525%2C300&ssl=1 1.5x, https:\/\/i0.wp.com\/lasprimeras.com.do\/wp-content\/uploads\/2025\/06\/WhatsApp-Image-2025-06-02-at-9.43.18-PM.jpeg?resize=700%2C400&ssl=1 2x"},"classes":[]},{"id":125512,"url":"https:\/\/lasprimeras.com.do\/index.php\/2026\/03\/23\/udc-apoya-medidas-de-abinader-para-enfrentar-alza-de-combustibles\/","url_meta":{"origin":110091,"position":1},"title":"UDC apoya medidas de Abinader para enfrentar alza de combustibles","author":"Nelson Feliz","date":"23 de marzo de 2026","format":false,"excerpt":"El l\u00edder de la Uni\u00f3n Dem\u00f3crata Cristiana \u2013UDC, Luis Acosta Moreta, Luis \u201cEl Gallo\u201d, respald\u00f3 hoy las medidas tomadas por el presidente Luis Abinader para hacer frente a la crisis de los combustibles, y llam\u00f3 a un pacto nacional para buscar soluciones inmediatas. Destac\u00f3 que el presidente Abinader est\u00e1 trabajando\u2026","rel":"","context":"En \u00abPOLITICA\u00bb","block_context":{"text":"POLITICA","link":"https:\/\/lasprimeras.com.do\/index.php\/category\/politica\/"},"img":{"alt_text":"Luis Acosta Moreta","src":"https:\/\/i0.wp.com\/lasprimeras.com.do\/wp-content\/uploads\/2025\/04\/Luis-Acosta-Moreta.jpg?resize=350%2C200&ssl=1","width":350,"height":200,"srcset":"https:\/\/i0.wp.com\/lasprimeras.com.do\/wp-content\/uploads\/2025\/04\/Luis-Acosta-Moreta.jpg?resize=350%2C200&ssl=1 1x, https:\/\/i0.wp.com\/lasprimeras.com.do\/wp-content\/uploads\/2025\/04\/Luis-Acosta-Moreta.jpg?resize=525%2C300&ssl=1 1.5x, https:\/\/i0.wp.com\/lasprimeras.com.do\/wp-content\/uploads\/2025\/04\/Luis-Acosta-Moreta.jpg?resize=700%2C400&ssl=1 2x"},"classes":[]},{"id":103250,"url":"https:\/\/lasprimeras.com.do\/index.php\/2025\/07\/13\/luis-el-gallo-ve-preocupante-posicion-de-los-obispos-y-amnistia-internacional\/","url_meta":{"origin":110091,"position":2},"title":"Luis \u201cEl Gallo\u201d ve preocupante posici\u00f3n de los obispos y Amnist\u00eda Internacional","author":"Nelson Feliz","date":"13 de julio de 2025","format":false,"excerpt":"El presidente de la Uni\u00f3n Dem\u00f3crata Cristiana \u2013UDC-, Luis Acosta Moreta, Luis \u201cEl Gallo\u201d, pidi\u00f3 hoy el rechazo a las presiones para la fijaci\u00f3n de cuotas de braceros haitianos, que hacen los obispos cat\u00f3licos y Amnist\u00eda Internacional. Afirm\u00f3 que llama la atenci\u00f3n que al tratar el problema haitiano en el\u2026","rel":"","context":"En \u00abPOLITICA\u00bb","block_context":{"text":"POLITICA","link":"https:\/\/lasprimeras.com.do\/index.php\/category\/politica\/"},"img":{"alt_text":"","src":"https:\/\/i0.wp.com\/lasprimeras.com.do\/wp-content\/uploads\/2025\/07\/OBISPO.jpg?resize=350%2C200&ssl=1","width":350,"height":200,"srcset":"https:\/\/i0.wp.com\/lasprimeras.com.do\/wp-content\/uploads\/2025\/07\/OBISPO.jpg?resize=350%2C200&ssl=1 1x, https:\/\/i0.wp.com\/lasprimeras.com.do\/wp-content\/uploads\/2025\/07\/OBISPO.jpg?resize=525%2C300&ssl=1 1.5x, https:\/\/i0.wp.com\/lasprimeras.com.do\/wp-content\/uploads\/2025\/07\/OBISPO.jpg?resize=700%2C400&ssl=1 2x"},"classes":[]},{"id":126950,"url":"https:\/\/lasprimeras.com.do\/index.php\/2026\/04\/07\/luis-el-gallo-respalda-propuesta-presidente-abinader-de-un-gran-acuerdo-nacional\/","url_meta":{"origin":110091,"position":3},"title":"Luis \u201cEl Gallo\u201d respalda propuesta presidente Abinader de un gran acuerdo nacional","author":"Nelson Feliz","date":"7 de abril de 2026","format":false,"excerpt":"El l\u00edder de la Uni\u00f3n Dem\u00f3crata Cristiana \u2013UDC-, Luis Acosta Moreta, Luis \u201cEl Gallo\u201d, apoy\u00f3 hoy la propuesta del presidente Luis Abinader de propiciar un gran acuerdo nacional para prevenir una crisis econ\u00f3mica, impulsada por problemas internacionales. Felicit\u00f3 y se adhiri\u00f3 a la propuesta del presidente Abinader, e hizo un\u2026","rel":"","context":"En \u00abPOLITICA\u00bb","block_context":{"text":"POLITICA","link":"https:\/\/lasprimeras.com.do\/index.php\/category\/politica\/"},"img":{"alt_text":"Luis Acosta Moreta","src":"https:\/\/i0.wp.com\/lasprimeras.com.do\/wp-content\/uploads\/2025\/07\/Luis-Acosta-Moreta.png?resize=350%2C200&ssl=1","width":350,"height":200},"classes":[]},{"id":136948,"url":"https:\/\/lasprimeras.com.do\/index.php\/2026\/08\/10\/luis-el-gallo-pide-a-presidente-abinader-entregue-a-medallistas-apartamentos-y-empleos\/","url_meta":{"origin":110091,"position":4},"title":"Luis El Gallo pide a presidente Abinader entregue a medallistas apartamentos y empleos","author":"Nelson Feliz","date":"10 de agosto de 2026","format":false,"excerpt":"Santo Domingo = El l\u00edder de la Uni\u00f3n Dem\u00f3crata Cristiana, -UDC-, Luis Acosta Moreta, Luis \u201cEl Gallo\u201d, pidi\u00f3 hoy al presidente Luis Abinader que done apartamentos y mejore las condiciones de vida de los atletas que obtuvieron medallas en los Juegos Centroamericanos y del Caribe. Afirm\u00f3 que la casi totalidad\u2026","rel":"","context":"En \u00abPOLITICA\u00bb","block_context":{"text":"POLITICA","link":"https:\/\/lasprimeras.com.do\/index.php\/category\/politica\/"},"img":{"alt_text":"","src":"https:\/\/i0.wp.com\/lasprimeras.com.do\/wp-content\/uploads\/2026\/08\/IMG-20260702-WA1135.jpg?resize=350%2C200&ssl=1","width":350,"height":200,"srcset":"https:\/\/i0.wp.com\/lasprimeras.com.do\/wp-content\/uploads\/2026\/08\/IMG-20260702-WA1135.jpg?resize=350%2C200&ssl=1 1x, https:\/\/i0.wp.com\/lasprimeras.com.do\/wp-content\/uploads\/2026\/08\/IMG-20260702-WA1135.jpg?resize=525%2C300&ssl=1 1.5x, https:\/\/i0.wp.com\/lasprimeras.com.do\/wp-content\/uploads\/2026\/08\/IMG-20260702-WA1135.jpg?resize=700%2C400&ssl=1 2x, https:\/\/i0.wp.com\/lasprimeras.com.do\/wp-content\/uploads\/2026\/08\/IMG-20260702-WA1135.jpg?resize=1050%2C600&ssl=1 3x"},"classes":[]},{"id":79412,"url":"https:\/\/lasprimeras.com.do\/index.php\/2024\/03\/27\/presidente-udc-pide-apoyo-al-gobierno-frente-a-crisis-en-haiti\/","url_meta":{"origin":110091,"position":5},"title":"Presidente UDC pide apoyo al Gobierno frente a crisis en Hait\u00ed","author":"BIMARY DE JES\u00daS Matos","date":"27 de marzo de 2024","format":false,"excerpt":"Santo Domingo.- El presidente de la organizaci\u00f3n Uni\u00f3n Dem\u00f3crata Cristiana (UDC) Luis Acosta Moreta (Luis El Gallo), pidi\u00f3 al pueblo dominicano que ofrezca su apoyo a la pol\u00edtica nacionalista y democr\u00e1tica del presidente Luis Abinader, ante lo que consider\u00f3 \u00abprovocaciones de los haitianos\u00bb. Tambi\u00e9n pidi\u00f3 que el pueblo respalde la\u2026","rel":"","context":"En \u00abSin categor\u00eda\u00bb","block_context":{"text":"Sin categor\u00eda","link":"https:\/\/lasprimeras.com.do\/index.php\/category\/sin-categoria\/"},"img":{"alt_text":"","src":"","width":0,"height":0},"classes":[]}],"jetpack_sharing_enabled":true,"jetpack_featured_media_url":"https:\/\/lasprimeras.com.do\/wp-content\/uploads\/2025\/09\/Luis-Abinader-3-1.jpg","_links":{"self":[{"href":"https:\/\/lasprimeras.com.do\/index.php\/wp-json\/wp\/v2\/posts\/110091","targetHints":{"allow":["GET"]}}],"collection":[{"href":"https:\/\/lasprimeras.com.do\/index.php\/wp-json\/wp\/v2\/posts"}],"about":[{"href":"https:\/\/lasprimeras.com.do\/index.php\/wp-json\/wp\/v2\/types\/post"}],"author":[{"embeddable":true,"href":"https:\/\/lasprimeras.com.do\/index.php\/wp-json\/wp\/v2\/users\/10"}],"replies":[{"embeddable":true,"href":"https:\/\/lasprimeras.com.do\/index.php\/wp-json\/wp\/v2\/comments?post=110091"}],"version-history":[{"count":1,"href":"https:\/\/lasprimeras.com.do\/index.php\/wp-json\/wp\/v2\/posts\/110091\/revisions"}],"predecessor-version":[{"id":110092,"href":"https:\/\/lasprimeras.com.do\/index.php\/wp-json\/wp\/v2\/posts\/110091\/revisions\/110092"}],"wp:featuredmedia":[{"embeddable":true,"href":"https:\/\/lasprimeras.com.do\/index.php\/wp-json\/wp\/v2\/media\/109987"}],"wp:attachment":[{"href":"https:\/\/lasprimeras.com.do\/index.php\/wp-json\/wp\/v2\/media?parent=110091"}],"wp:term":[{"taxonomy":"category","embeddable":true,"href":"https:\/\/lasprimeras.com.do\/index.php\/wp-json\/wp\/v2\/categories?post=110091"},{"taxonomy":"post_tag","embeddable":true,"href":"https:\/\/lasprimeras.com.do\/index.php\/wp-json\/wp\/v2\/tags?post=110091"}],"curies":[{"name":"wp","href":"https:\/\/api.w.org\/{rel}","templated":true}]}}