{"id":110105,"date":"2025-09-25T12:38:54","date_gmt":"2025-09-25T16:38:54","guid":{"rendered":"https:\/\/lasprimeras.com.do\/?p=110105"},"modified":"2025-09-25T12:38:56","modified_gmt":"2025-09-25T16:38:56","slug":"aerodom-fijara-su-posicion-sobre-multa-cuando-reciba-la-resolucion","status":"publish","type":"post","link":"https:\/\/lasprimeras.com.do\/index.php\/2025\/09\/25\/aerodom-fijara-su-posicion-sobre-multa-cuando-reciba-la-resolucion\/","title":{"rendered":"Aerodom fijara su posici\u00f3n sobre multa cuando reciba la resoluci\u00f3n"},"content":{"rendered":"\n<p class=\"wp-block-paragraph\">Aeropuertos Dominicanos Siglo XXI (Aerodom) reiter\u00f3 esta ma\u00f1ana que esperan recibir la resoluci\u00f3n oficial de la multa de cinco millones de d\u00f3lares que impuso la Comisi\u00f3n Aeroportuaria, tras el apag\u00f3n el\u00e9ctrico registrado el domingo en el aeropuerto Internacional de las Am\u00e9ricas \u201cJos\u00e9 Francisco Pe\u00f1a G\u00f3mez\u201d, para fijar su posici\u00f3n al respecto.<\/p>\n\n\n\n<p class=\"wp-block-paragraph\">\u201cPor el momento estamos a la espera de la resoluci\u00f3n que emiti\u00f3 la comisi\u00f3n aeroportuaria al respecto para nosotros analizarlas y definir los pr\u00f3ximos pasos a seguir\u201d, expres\u00f3 el director de Comunicaci\u00f3n Corporativa de Aerodom, Luis L\u00f3pez.<\/p>\n\n\n\n<p class=\"wp-block-paragraph\">Agreg\u00f3 que como parte de las tareas que est\u00e1 realizando el equipo t\u00e9cnico de Aerodom para generar los reportes e informes, hubo una fluctuaci\u00f3n de 15 segundos que no afect\u00f3 ning\u00fan sistema ni operaciones\u201d.<\/p>\n\n\n\n<p class=\"wp-block-paragraph\">\u201cEstamos haciendo pruebas a los diferentes circuitos instalados en las diferentes \u00e1reas de la terminal aeroportuarias con el objetivo de validar su estado\u201d, asegur\u00f3.<\/p>\n\n\n\n<p class=\"wp-block-paragraph\">La Comisi\u00f3n Aeroportuaria dispuso el martes que Aerodom pague, en beneficio del Estado dominicano, la suma de cinco millones de d\u00f3lares (US$5,000,000.00), por los da\u00f1os ocasionados por el apag\u00f3n en la terminal del Aeropuerto Internacional de las Am\u00e9ricas (AILA).<\/p>\n\n\n\n<p class=\"wp-block-paragraph\">La medida tambi\u00e9n incluye que Aerodom cargue con los costos asociados por los da\u00f1os causado a los pasajeros y las l\u00edneas a\u00e9reas.<\/p>\n\n\n\n<p class=\"wp-block-paragraph\">La Comisi\u00f3n se reuni\u00f3 de manera extraordinaria y determin\u00f3, en su informe preliminar, que una investigaci\u00f3n interinstitucional comprob\u00f3 que el fallo el\u00e9ctrico fue causado por el colapso del conjunto celda-seccionadora de media tensi\u00f3n de la terminal norte y la indisponibilidad del circuito de respaldo (espejo).<\/p>\n","protected":false},"excerpt":{"rendered":"<p>Aeropuertos Dominicanos Siglo XXI (Aerodom) reiter\u00f3 esta ma\u00f1ana que esperan recibir la resoluci\u00f3n oficial de la multa de cinco millones de d\u00f3lares que impuso la Comisi\u00f3n Aeroportuaria, tras el apag\u00f3n&hellip;<\/p>\n","protected":false},"author":10,"featured_media":61556,"comment_status":"open","ping_status":"open","sticky":false,"template":"","format":"standard","meta":{"content-type":"","_jetpack_newsletter_access":"","_jetpack_dont_email_post_to_subs":false,"_jetpack_newsletter_tier_id":0,"_jetpack_memberships_contains_paywalled_content":false,"_jetpack_feature_clip_id":0,"_jetpack_memberships_contains_paid_content":false,"footnotes":"","jetpack_post_was_ever_published":false},"categories":[39],"tags":[5960,25090,12816,8143,370],"class_list":["post-110105","post","type-post","status-publish","format-standard","has-post-thumbnail","hentry","category-economia","tag-aerodom","tag-fijara","tag-multa","tag-posicion","tag-resolucion"],"jetpack-related-posts":[{"id":121299,"url":"https:\/\/lasprimeras.com.do\/index.php\/2026\/02\/03\/presidente-del-senado-dispuesto-a-citar-ejecutivos-de-aerodom-por-retraso-en-mejoras-aeroportuarias\/","url_meta":{"origin":110105,"position":0},"title":"Presidente del Senado dispuesto a citar ejecutivos de Aerodom por retraso en mejoras aeroportuarias","author":"Nelson Feliz","date":"3 de febrero de 2026","format":false,"excerpt":"El presidente del Senado de la Rep\u00fablica, Ricardo de los Santos, respaldo plenamente la posici\u00f3n del presidente Luis Abinader, quien advirti\u00f3 que el Gobierno est\u00e1 dispuesto a acudir a los tribunales si la empresa Vinci Airports, matriz de Aeropuertos Dominicanos Siglo XXI (Aerodom), no cumple con la construcci\u00f3n de la\u2026","rel":"","context":"En \u00abPOLITICA\u00bb","block_context":{"text":"POLITICA","link":"https:\/\/lasprimeras.com.do\/index.php\/category\/politica\/"},"img":{"alt_text":"","src":"https:\/\/i0.wp.com\/lasprimeras.com.do\/wp-content\/uploads\/2026\/02\/IMG-20260116-WA0874.jpg?resize=350%2C200&ssl=1","width":350,"height":200,"srcset":"https:\/\/i0.wp.com\/lasprimeras.com.do\/wp-content\/uploads\/2026\/02\/IMG-20260116-WA0874.jpg?resize=350%2C200&ssl=1 1x, https:\/\/i0.wp.com\/lasprimeras.com.do\/wp-content\/uploads\/2026\/02\/IMG-20260116-WA0874.jpg?resize=525%2C300&ssl=1 1.5x, https:\/\/i0.wp.com\/lasprimeras.com.do\/wp-content\/uploads\/2026\/02\/IMG-20260116-WA0874.jpg?resize=700%2C400&ssl=1 2x, https:\/\/i0.wp.com\/lasprimeras.com.do\/wp-content\/uploads\/2026\/02\/IMG-20260116-WA0874.jpg?resize=1050%2C600&ssl=1 3x, https:\/\/i0.wp.com\/lasprimeras.com.do\/wp-content\/uploads\/2026\/02\/IMG-20260116-WA0874.jpg?resize=1400%2C800&ssl=1 4x"},"classes":[]},{"id":121014,"url":"https:\/\/lasprimeras.com.do\/index.php\/2026\/01\/30\/abinader-advierte-ira-a-los-tribunales-si-aerodom-no-cumple-plazo-de-construccion-en-el-aila\/","url_meta":{"origin":110105,"position":1},"title":"Abinader advierte ir\u00e1 a los tribunales si Aerodom no cumple plazo de construcci\u00f3n en el AILA","author":"Nelson Feliz","date":"30 de enero de 2026","format":false,"excerpt":"El primer picazo de la obra fue dado en agosto del 2025, pero no hay avances. El presidente Luis Abinader advirti\u00f3 este lunes que estar\u00eda dispuesto a acudir\u00a0a los tribunales si Vinci Airports, empresa matriz de Aeropuertos Dominicanos Siglo XXI (Aerodom),\u00a0no comienza la construcci\u00f3n de la nueva terminal del Aeropuerto\u2026","rel":"","context":"En \u00abNACIONALES\u00bb","block_context":{"text":"NACIONALES","link":"https:\/\/lasprimeras.com.do\/index.php\/category\/nacionales\/"},"img":{"alt_text":"Luis Abinader","src":"https:\/\/i0.wp.com\/lasprimeras.com.do\/wp-content\/uploads\/2025\/11\/Luis-Abinader-7.jpg?resize=350%2C200&ssl=1","width":350,"height":200,"srcset":"https:\/\/i0.wp.com\/lasprimeras.com.do\/wp-content\/uploads\/2025\/11\/Luis-Abinader-7.jpg?resize=350%2C200&ssl=1 1x, https:\/\/i0.wp.com\/lasprimeras.com.do\/wp-content\/uploads\/2025\/11\/Luis-Abinader-7.jpg?resize=525%2C300&ssl=1 1.5x, https:\/\/i0.wp.com\/lasprimeras.com.do\/wp-content\/uploads\/2025\/11\/Luis-Abinader-7.jpg?resize=700%2C400&ssl=1 2x"},"classes":[]},{"id":110633,"url":"https:\/\/lasprimeras.com.do\/index.php\/2025\/09\/30\/yvan-lorenzo-emplaza-al-gobierno-a-explicar-contrato-millonario-con-aerodom\/","url_meta":{"origin":110105,"position":2},"title":"Yvan Lorenzo emplaza al gobierno a explicar contrato millonario con AERODOM","author":"Nelson Feliz","date":"30 de septiembre de 2025","format":false,"excerpt":"El vicepresidente del Partido de la Liberaci\u00f3n Dominicana (PLD) Yv\u00e1n Lorenzo, emplaz\u00f3 al gobierno a explicar el destino de 16 millones de pesos que involucra el nuevo contrato con la empresa Aeropuertos Dominicanos Siglo XXI (Aerodom) y el Aeropuerto Internacional de Las Am\u00e9ricas. \u00abPrecisamente en el d\u00eda de hoy empieza\u2026","rel":"","context":"En \u00abPOLITICA\u00bb","block_context":{"text":"POLITICA","link":"https:\/\/lasprimeras.com.do\/index.php\/category\/politica\/"},"img":{"alt_text":"","src":"https:\/\/i0.wp.com\/lasprimeras.com.do\/wp-content\/uploads\/2025\/09\/Yvan-Lorenzo-2.jpg?resize=350%2C200&ssl=1","width":350,"height":200,"srcset":"https:\/\/i0.wp.com\/lasprimeras.com.do\/wp-content\/uploads\/2025\/09\/Yvan-Lorenzo-2.jpg?resize=350%2C200&ssl=1 1x, https:\/\/i0.wp.com\/lasprimeras.com.do\/wp-content\/uploads\/2025\/09\/Yvan-Lorenzo-2.jpg?resize=525%2C300&ssl=1 1.5x, https:\/\/i0.wp.com\/lasprimeras.com.do\/wp-content\/uploads\/2025\/09\/Yvan-Lorenzo-2.jpg?resize=700%2C400&ssl=1 2x"},"classes":[]},{"id":116641,"url":"https:\/\/lasprimeras.com.do\/index.php\/2025\/12\/02\/aerodom-anuncia-la-salida-de-monika-infante-tras-14-anos-de-gestion\/","url_meta":{"origin":110105,"position":3},"title":"Aerodom anuncia la salida de M\u00f3nika Infante tras 14 a\u00f1os de gesti\u00f3n","author":"Nelson Feliz","date":"2 de diciembre de 2025","format":false,"excerpt":"La empresa adelant\u00f3 que el nombre del nuevo director general \u2014un ejecutivo con experiencia en el sector aeroportuario\u2014 ser\u00e1 anunciado pr\u00f3ximamente. Aeropuertos Dominicanos Siglo XXI (Aerodom) anunci\u00f3 este martes que la directora general M\u00f3nika Infante Henr\u00edquez, dejar\u00e1 de estar frente a la instituci\u00f3n tras 14 a\u00f1os de gesti\u00f3n. Estar\u00e1 al\u2026","rel":"","context":"En \u00abNACIONALES\u00bb","block_context":{"text":"NACIONALES","link":"https:\/\/lasprimeras.com.do\/index.php\/category\/nacionales\/"},"img":{"alt_text":"M\u00f3nika Infante","src":"https:\/\/i0.wp.com\/lasprimeras.com.do\/wp-content\/uploads\/2025\/12\/Monika-Infante.jpg?resize=350%2C200&ssl=1","width":350,"height":200,"srcset":"https:\/\/i0.wp.com\/lasprimeras.com.do\/wp-content\/uploads\/2025\/12\/Monika-Infante.jpg?resize=350%2C200&ssl=1 1x, https:\/\/i0.wp.com\/lasprimeras.com.do\/wp-content\/uploads\/2025\/12\/Monika-Infante.jpg?resize=525%2C300&ssl=1 1.5x, https:\/\/i0.wp.com\/lasprimeras.com.do\/wp-content\/uploads\/2025\/12\/Monika-Infante.jpg?resize=700%2C400&ssl=1 2x"},"classes":[]},{"id":110198,"url":"https:\/\/lasprimeras.com.do\/index.php\/2025\/09\/25\/ivan-lorenzo-pide-a-abinader-y-paliza-dar-explicacion-sobre-la-renegociacion-del-contrato-aerodom\/","url_meta":{"origin":110105,"position":4},"title":"Iv\u00e1n Lorenzo pide a Abinader y Paliza dar explicaci\u00f3n sobre la renegociaci\u00f3n del contrato AERODOM","author":"Nelson Feliz","date":"25 de septiembre de 2025","format":false,"excerpt":"El vicepresidente del Partido de la Liberaci\u00f3n Dominicana (PLD), Iv\u00e1n Lorenzo, solicit\u00f3 este jueves al presidente de la Rep\u00fablica, Luis Abinader y al ministro de la Presidencia, Jos\u00e9 Ignacio Paliza, dar una explicaci\u00f3n al pa\u00eds sobre el contrato de Aeropuertos Dominicanos Siglo XXI (Aerodom). \"Es necesario que tanto los comisionados\u2026","rel":"","context":"En \u00abPOLITICA\u00bb","block_context":{"text":"POLITICA","link":"https:\/\/lasprimeras.com.do\/index.php\/category\/politica\/"},"img":{"alt_text":"","src":"https:\/\/i0.wp.com\/lasprimeras.com.do\/wp-content\/uploads\/2025\/09\/Yvan-Lorenzo.jpg?resize=350%2C200&ssl=1","width":350,"height":200,"srcset":"https:\/\/i0.wp.com\/lasprimeras.com.do\/wp-content\/uploads\/2025\/09\/Yvan-Lorenzo.jpg?resize=350%2C200&ssl=1 1x, https:\/\/i0.wp.com\/lasprimeras.com.do\/wp-content\/uploads\/2025\/09\/Yvan-Lorenzo.jpg?resize=525%2C300&ssl=1 1.5x, https:\/\/i0.wp.com\/lasprimeras.com.do\/wp-content\/uploads\/2025\/09\/Yvan-Lorenzo.jpg?resize=700%2C400&ssl=1 2x"},"classes":[]},{"id":106431,"url":"https:\/\/lasprimeras.com.do\/index.php\/2025\/08\/14\/directora-de-aerodom-monika-infante-resalta-liderazgo-de-igor-rodriguez-en-el-sector-aviacion\/","url_meta":{"origin":110105,"position":5},"title":"Directora de AERODOM M\u00f3nika Infante resalta liderazgo de Igor Rodr\u00edguez en el sector aviaci\u00f3n","author":"Nelson Feliz","date":"14 de agosto de 2025","format":false,"excerpt":"El trabajo en equipo permiti\u00f3 poner en funcionamiento la pista alterna en el AILA La directora ejecutiva de Aeropuertos Dominicanos Siglo XXI (AERODOM), M\u00f3nika Infante, destac\u00f3 el liderazgo y la capacidad de gesti\u00f3n del director general del Instituto Dominicano de Aviaci\u00f3n Civil (IDAC), Igor Rodr\u00edguez Dur\u00e1n, al encabezar los esfuerzos\u2026","rel":"","context":"En \u00abECONOM\u00cdA\u00bb","block_context":{"text":"ECONOM\u00cdA","link":"https:\/\/lasprimeras.com.do\/index.php\/category\/economia\/"},"img":{"alt_text":"Igor Rodr\u00edguez Dur\u00e1n","src":"https:\/\/i0.wp.com\/lasprimeras.com.do\/wp-content\/uploads\/2025\/08\/Igor-Rodriguez-Duran.jpg?resize=350%2C200&ssl=1","width":350,"height":200,"srcset":"https:\/\/i0.wp.com\/lasprimeras.com.do\/wp-content\/uploads\/2025\/08\/Igor-Rodriguez-Duran.jpg?resize=350%2C200&ssl=1 1x, https:\/\/i0.wp.com\/lasprimeras.com.do\/wp-content\/uploads\/2025\/08\/Igor-Rodriguez-Duran.jpg?resize=525%2C300&ssl=1 1.5x, https:\/\/i0.wp.com\/lasprimeras.com.do\/wp-content\/uploads\/2025\/08\/Igor-Rodriguez-Duran.jpg?resize=700%2C400&ssl=1 2x"},"classes":[]}],"jetpack_sharing_enabled":true,"jetpack_featured_media_url":"https:\/\/lasprimeras.com.do\/wp-content\/uploads\/2023\/09\/aila.jpg","_links":{"self":[{"href":"https:\/\/lasprimeras.com.do\/index.php\/wp-json\/wp\/v2\/posts\/110105","targetHints":{"allow":["GET"]}}],"collection":[{"href":"https:\/\/lasprimeras.com.do\/index.php\/wp-json\/wp\/v2\/posts"}],"about":[{"href":"https:\/\/lasprimeras.com.do\/index.php\/wp-json\/wp\/v2\/types\/post"}],"author":[{"embeddable":true,"href":"https:\/\/lasprimeras.com.do\/index.php\/wp-json\/wp\/v2\/users\/10"}],"replies":[{"embeddable":true,"href":"https:\/\/lasprimeras.com.do\/index.php\/wp-json\/wp\/v2\/comments?post=110105"}],"version-history":[{"count":1,"href":"https:\/\/lasprimeras.com.do\/index.php\/wp-json\/wp\/v2\/posts\/110105\/revisions"}],"predecessor-version":[{"id":110106,"href":"https:\/\/lasprimeras.com.do\/index.php\/wp-json\/wp\/v2\/posts\/110105\/revisions\/110106"}],"wp:featuredmedia":[{"embeddable":true,"href":"https:\/\/lasprimeras.com.do\/index.php\/wp-json\/wp\/v2\/media\/61556"}],"wp:attachment":[{"href":"https:\/\/lasprimeras.com.do\/index.php\/wp-json\/wp\/v2\/media?parent=110105"}],"wp:term":[{"taxonomy":"category","embeddable":true,"href":"https:\/\/lasprimeras.com.do\/index.php\/wp-json\/wp\/v2\/categories?post=110105"},{"taxonomy":"post_tag","embeddable":true,"href":"https:\/\/lasprimeras.com.do\/index.php\/wp-json\/wp\/v2\/tags?post=110105"}],"curies":[{"name":"wp","href":"https:\/\/api.w.org\/{rel}","templated":true}]}}