{"id":110107,"date":"2025-09-25T12:48:27","date_gmt":"2025-09-25T16:48:27","guid":{"rendered":"https:\/\/lasprimeras.com.do\/?p=110107"},"modified":"2025-09-25T12:49:46","modified_gmt":"2025-09-25T16:49:46","slug":"diferentes-sectores-de-la-sociedad-valoran-como-positivo-el-discurso-del-presidente-abinader-ante-la-onu","status":"publish","type":"post","link":"https:\/\/lasprimeras.com.do\/index.php\/2025\/09\/25\/diferentes-sectores-de-la-sociedad-valoran-como-positivo-el-discurso-del-presidente-abinader-ante-la-onu\/","title":{"rendered":"Diferentes sectores de la sociedad valoran como positivo el discurso del presidente Abinader ante la ONU"},"content":{"rendered":"\n<p class=\"wp-block-paragraph\"><strong>El Conep, Aneih y la ONEC destacaron el llamado coherente frente a la crisis haitiana.<\/strong><\/p>\n\n\n\n<p class=\"wp-block-paragraph\">Organizaciones empresariales y sociales del pa\u00eds valoraron como positivo el discurso del presidente Luis Abinader ante la Asamblea General de las Naciones Unidas, por considerar que reafirman el compromiso con la paz, el multilateralismo, el desarrollo sostenible y la justicia social.<\/p>\n\n\n\n<p class=\"wp-block-paragraph\">Los pronunciamientos fueron realizados el Consejo Nacional de la Empresa Privada (Conep), la Asociaci\u00f3n Nacional de Empresas e Industrias de Herrera (Aneih) y la Organizaci\u00f3n Nacional de Empresas Comerciales (ONEC).<\/p>\n\n\n\n<p class=\"wp-block-paragraph\">C\u00e9sar Dargam, vicepresidente ejecutivo del Conep, asegur\u00f3 que el mandatario llev\u00f3 la voz de la Rep\u00fablica Dominicana a la ONU con un discurso claro y valiente.<\/p>\n\n\n\n<p class=\"wp-block-paragraph\">\u201cUn mensaje que reafirma nuestro compromiso con el desarrollo sostenible, la cooperaci\u00f3n internacional y el futuro de la regi\u00f3n, sin evadir los retos de los tiempos actuales. Orgullo ver a nuestro pa\u00eds representado con visi\u00f3n y liderazgo\u201d, refiri\u00f3 en su cuenta de X.<\/p>\n\n\n\n<p class=\"wp-block-paragraph\">Desde la Aneih tambi\u00e9n apoyaron la intervenci\u00f3n del jefe de Estado y su llamado a un orden internacional m\u00e1s justo, a una arquitectura financiera que responda a las necesidades de los pa\u00edses en desarrollo y a una acci\u00f3n coherente frente a la crisis haitiana.<\/p>\n\n\n\n<p class=\"wp-block-paragraph\">\u201cReiteramos nuestro respaldo a estos planteamientos y nuestro compromiso de seguir trabajando a favor de un desarrollo competitivo, sostenible e inclusivo para la Rep\u00fablica Dominicana\u201d, refiere la entidad en un comunicado.<\/p>\n\n\n\n<figure class=\"wp-block-image size-large is-resized\"><img decoding=\"async\" width=\"537\" height=\"1024\" src=\"https:\/\/lasprimeras.com.do\/wp-content\/uploads\/2025\/09\/WhatsApp-Image-2025-09-25-at-12.31.57-PM-537x1024.jpeg\" alt=\"\" class=\"wp-image-110110\" style=\"width:840px;height:auto\" srcset=\"https:\/\/lasprimeras.com.do\/wp-content\/uploads\/2025\/09\/WhatsApp-Image-2025-09-25-at-12.31.57-PM-537x1024.jpeg 537w, https:\/\/lasprimeras.com.do\/wp-content\/uploads\/2025\/09\/WhatsApp-Image-2025-09-25-at-12.31.57-PM-157x300.jpeg 157w, https:\/\/lasprimeras.com.do\/wp-content\/uploads\/2025\/09\/WhatsApp-Image-2025-09-25-at-12.31.57-PM.jpeg 671w\" sizes=\"(max-width: 537px) 100vw, 537px\" \/><\/figure>\n","protected":false},"excerpt":{"rendered":"<p>El Conep, Aneih y la ONEC destacaron el llamado coherente frente a la crisis haitiana. Organizaciones empresariales y sociales del pa\u00eds valoraron como positivo el discurso del presidente Luis Abinader&hellip;<\/p>\n","protected":false},"author":10,"featured_media":110108,"comment_status":"open","ping_status":"open","sticky":false,"template":"","format":"standard","meta":{"content-type":"","_jetpack_newsletter_access":"","_jetpack_dont_email_post_to_subs":false,"_jetpack_newsletter_tier_id":0,"_jetpack_memberships_contains_paywalled_content":false,"_jetpack_feature_clip_id":0,"_jetpack_memberships_contains_paid_content":false,"footnotes":"","jetpack_post_was_ever_published":false},"categories":[39],"tags":[25091,190,67,93,465,1693],"class_list":["post-110107","post","type-post","status-publish","format-standard","has-post-thumbnail","hentry","category-economia","tag-diferentes-sectores","tag-discurso","tag-luis-abinader","tag-onu","tag-positivo","tag-sociedad"],"jetpack-related-posts":[{"id":132936,"url":"https:\/\/lasprimeras.com.do\/index.php\/2026\/06\/08\/abinader-destaca-alianza-productiva-para-mantener-la-estabilidad\/","url_meta":{"origin":110107,"position":0},"title":"Abinader destaca alianza productiva para mantener la estabilidad","author":"Nelson Feliz","date":"8 de junio de 2026","format":false,"excerpt":"El mandatario y sectores productivos dan seguimiento a mesa de precios para mitigar el impacto de las fluctuaciones internacionales Santo Domingo.- El presidente Luis Abinader encabez\u00f3 este lunes una reuni\u00f3n con representantes de los sectores comercial, industrial, empresarial y agropecuario para dar seguimiento a la mesa de precios, evaluar el\u2026","rel":"","context":"En \u00abECONOM\u00cdA\u00bb","block_context":{"text":"ECONOM\u00cdA","link":"https:\/\/lasprimeras.com.do\/index.php\/category\/economia\/"},"img":{"alt_text":"Luis Abinader","src":"https:\/\/i0.wp.com\/lasprimeras.com.do\/wp-content\/uploads\/2026\/06\/Luis-Abinader-1.jpg?resize=350%2C200&ssl=1","width":350,"height":200,"srcset":"https:\/\/i0.wp.com\/lasprimeras.com.do\/wp-content\/uploads\/2026\/06\/Luis-Abinader-1.jpg?resize=350%2C200&ssl=1 1x, https:\/\/i0.wp.com\/lasprimeras.com.do\/wp-content\/uploads\/2026\/06\/Luis-Abinader-1.jpg?resize=525%2C300&ssl=1 1.5x, https:\/\/i0.wp.com\/lasprimeras.com.do\/wp-content\/uploads\/2026\/06\/Luis-Abinader-1.jpg?resize=700%2C400&ssl=1 2x"},"classes":[]},{"id":131971,"url":"https:\/\/lasprimeras.com.do\/index.php\/2026\/05\/27\/celso-juan-marranzini-reconoce-esfuerzos-del-gobierno-de-abinader-para-fortalecer-competitividad\/","url_meta":{"origin":110107,"position":1},"title":"Celso Juan Marranzini reconoce esfuerzos del gobierno de Abinader para fortalecer competitividad","author":"Nelson Feliz","date":"27 de mayo de 2026","format":false,"excerpt":"Destac\u00f3 adem\u00e1s, los avances alcanzados por la Rep\u00fablica Dominicana en \u00e1reas estrat\u00e9gicas como manufactura, exportaciones, infraestructura log\u00edstica, energ\u00eda, turismo e inversi\u00f3n extranjera Santo Domingo.\u2013 El presidente del Consejo Nacional de la Empresa Privada (CONEP), Celso Juan Marranzini, destac\u00f3 este mi\u00e9rcoles los avances que ha consolidado la Rep\u00fablica Dominicana en \u00e1reas\u2026","rel":"","context":"En \u00abECONOM\u00cdA\u00bb","block_context":{"text":"ECONOM\u00cdA","link":"https:\/\/lasprimeras.com.do\/index.php\/category\/economia\/"},"img":{"alt_text":"","src":"https:\/\/i0.wp.com\/lasprimeras.com.do\/wp-content\/uploads\/2026\/05\/CONEP-1.jpg?resize=350%2C200&ssl=1","width":350,"height":200,"srcset":"https:\/\/i0.wp.com\/lasprimeras.com.do\/wp-content\/uploads\/2026\/05\/CONEP-1.jpg?resize=350%2C200&ssl=1 1x, https:\/\/i0.wp.com\/lasprimeras.com.do\/wp-content\/uploads\/2026\/05\/CONEP-1.jpg?resize=525%2C300&ssl=1 1.5x, https:\/\/i0.wp.com\/lasprimeras.com.do\/wp-content\/uploads\/2026\/05\/CONEP-1.jpg?resize=700%2C400&ssl=1 2x"},"classes":[]},{"id":100312,"url":"https:\/\/lasprimeras.com.do\/index.php\/2025\/06\/05\/raquel-pena-celebra-junto-al-conep-62-anos-de-aporte-al-desarrollo-nacional\/","url_meta":{"origin":110107,"position":2},"title":"Raquel Pe\u00f1a celebra junto al CONEP 62 a\u00f1os de aporte al desarrollo nacional","author":"Nelson Feliz","date":"5 de junio de 2025","format":false,"excerpt":"En el acto se present\u00f3 una nueva plataforma de indicadores y se reafirm\u00f3 el compromiso con la estabilidad y el crecimiento del pa\u00eds.\u00a0El Consejo Nacional de la Empresa Privada (CONEP) celebr\u00f3 este mi\u00e9rcoles su 62 aniversario y el D\u00eda Nacional de la Empresa Privada con un acto que cont\u00f3 con\u2026","rel":"","context":"En \u00abECONOM\u00cdA\u00bb","block_context":{"text":"ECONOM\u00cdA","link":"https:\/\/lasprimeras.com.do\/index.php\/category\/economia\/"},"img":{"alt_text":"Raquel Pe\u00f1a","src":"https:\/\/i0.wp.com\/lasprimeras.com.do\/wp-content\/uploads\/2025\/06\/Raquel-Pena-1.jpg?resize=350%2C200&ssl=1","width":350,"height":200,"srcset":"https:\/\/i0.wp.com\/lasprimeras.com.do\/wp-content\/uploads\/2025\/06\/Raquel-Pena-1.jpg?resize=350%2C200&ssl=1 1x, https:\/\/i0.wp.com\/lasprimeras.com.do\/wp-content\/uploads\/2025\/06\/Raquel-Pena-1.jpg?resize=525%2C300&ssl=1 1.5x, https:\/\/i0.wp.com\/lasprimeras.com.do\/wp-content\/uploads\/2025\/06\/Raquel-Pena-1.jpg?resize=700%2C400&ssl=1 2x"},"classes":[]},{"id":127843,"url":"https:\/\/lasprimeras.com.do\/index.php\/2026\/04\/16\/gobierno-congelara-precios-de-los-combustibles-proxima-semana-anuncia-abinader\/","url_meta":{"origin":110107,"position":3},"title":"Gobierno congelar\u00e1 precios de los combustibles pr\u00f3xima semana, anuncia Abinader","author":"Nelson Feliz","date":"16 de abril de 2026","format":false,"excerpt":"El presidente destac\u00f3 la importancia de continuar mesas de trabajo con los sectores productivos para alcanzar consensos ante el conflicto b\u00e9lico del golfo P\u00e9rsico El presidente Luis Abinader inform\u00f3 este jueves que el Gobierno mantendr\u00e1 sin variaci\u00f3n los precios de los combustibles para la pr\u00f3xima semana. \"Informamos que esta semana\u2026","rel":"","context":"En \u00abECONOM\u00cdA\u00bb","block_context":{"text":"ECONOM\u00cdA","link":"https:\/\/lasprimeras.com.do\/index.php\/category\/economia\/"},"img":{"alt_text":"combustibles","src":"https:\/\/i0.wp.com\/lasprimeras.com.do\/wp-content\/uploads\/2023\/07\/combustibles-1.jpg?resize=350%2C200&ssl=1","width":350,"height":200,"srcset":"https:\/\/i0.wp.com\/lasprimeras.com.do\/wp-content\/uploads\/2023\/07\/combustibles-1.jpg?resize=350%2C200&ssl=1 1x, https:\/\/i0.wp.com\/lasprimeras.com.do\/wp-content\/uploads\/2023\/07\/combustibles-1.jpg?resize=525%2C300&ssl=1 1.5x, https:\/\/i0.wp.com\/lasprimeras.com.do\/wp-content\/uploads\/2023\/07\/combustibles-1.jpg?resize=700%2C400&ssl=1 2x"},"classes":[]},{"id":67455,"url":"https:\/\/lasprimeras.com.do\/index.php\/2023\/11\/15\/presidente-del-conep-reconoce-estabilidad-economica-de-la-republica-dominicana\/","url_meta":{"origin":110107,"position":4},"title":"Presidente del Conep reconoce estabilidad econ\u00f3mica de la Rep\u00fablica Dominicana","author":"Nelson Feliz","date":"15 de noviembre de 2023","format":false,"excerpt":"Presidente Abinader reconoce esfuerzo, compromiso y dedicaci\u00f3n del empresariado para la estabilidad y bienestar de la sociedad. El presidente del Consejo Nacional de la Empresa Privada (CONEP), Celso Juan Marranzini, reconoci\u00f3 la estabilidad econ\u00f3mica y confianza existente para que las empresas sigan siendo el motor de crecimiento del pa\u00eds. De\u2026","rel":"","context":"En \u00abECONOM\u00cdA\u00bb","block_context":{"text":"ECONOM\u00cdA","link":"https:\/\/lasprimeras.com.do\/index.php\/category\/economia\/"},"img":{"alt_text":"CONEP","src":"https:\/\/i0.wp.com\/lasprimeras.com.do\/wp-content\/uploads\/2023\/11\/CONEP.jpg?resize=350%2C200&ssl=1","width":350,"height":200,"srcset":"https:\/\/i0.wp.com\/lasprimeras.com.do\/wp-content\/uploads\/2023\/11\/CONEP.jpg?resize=350%2C200&ssl=1 1x, https:\/\/i0.wp.com\/lasprimeras.com.do\/wp-content\/uploads\/2023\/11\/CONEP.jpg?resize=525%2C300&ssl=1 1.5x, https:\/\/i0.wp.com\/lasprimeras.com.do\/wp-content\/uploads\/2023\/11\/CONEP.jpg?resize=700%2C400&ssl=1 2x"},"classes":[]},{"id":134821,"url":"https:\/\/lasprimeras.com.do\/index.php\/2026\/07\/16\/ministro-de-educacion-destaca-ante-el-conep-la-educacion-como-motor-del-desarrollo-nacional\/","url_meta":{"origin":110107,"position":5},"title":"Ministro de Educaci\u00f3n destaca ante el Conep la educaci\u00f3n como motor del desarrollo nacional","author":"Nelson Feliz","date":"16 de julio de 2026","format":false,"excerpt":"Santo Domingo.- El ministro de Educaci\u00f3n, Luis Miguel De Camps, sostuvo un encuentro con la directiva del Consejo Nacional de la Empresa Privada (Conep), en el que comparti\u00f3 la visi\u00f3n que impulsa la cartera educativa para fortalecer el sistema educativo dominicano como motor de desarrollo, movilidad social y crecimiento sostenible\u2026","rel":"","context":"En \u00abNACIONALES\u00bb","block_context":{"text":"NACIONALES","link":"https:\/\/lasprimeras.com.do\/index.php\/category\/nacionales\/"},"img":{"alt_text":"Ministro de Educaci\u00f3n","src":"https:\/\/i0.wp.com\/lasprimeras.com.do\/wp-content\/uploads\/2026\/07\/Ministro-de-Educacion-1.jpg?resize=350%2C200&ssl=1","width":350,"height":200,"srcset":"https:\/\/i0.wp.com\/lasprimeras.com.do\/wp-content\/uploads\/2026\/07\/Ministro-de-Educacion-1.jpg?resize=350%2C200&ssl=1 1x, https:\/\/i0.wp.com\/lasprimeras.com.do\/wp-content\/uploads\/2026\/07\/Ministro-de-Educacion-1.jpg?resize=525%2C300&ssl=1 1.5x, https:\/\/i0.wp.com\/lasprimeras.com.do\/wp-content\/uploads\/2026\/07\/Ministro-de-Educacion-1.jpg?resize=700%2C400&ssl=1 2x"},"classes":[]}],"jetpack_sharing_enabled":true,"jetpack_featured_media_url":"https:\/\/lasprimeras.com.do\/wp-content\/uploads\/2025\/09\/Luis-Abinader-6.jpg","_links":{"self":[{"href":"https:\/\/lasprimeras.com.do\/index.php\/wp-json\/wp\/v2\/posts\/110107","targetHints":{"allow":["GET"]}}],"collection":[{"href":"https:\/\/lasprimeras.com.do\/index.php\/wp-json\/wp\/v2\/posts"}],"about":[{"href":"https:\/\/lasprimeras.com.do\/index.php\/wp-json\/wp\/v2\/types\/post"}],"author":[{"embeddable":true,"href":"https:\/\/lasprimeras.com.do\/index.php\/wp-json\/wp\/v2\/users\/10"}],"replies":[{"embeddable":true,"href":"https:\/\/lasprimeras.com.do\/index.php\/wp-json\/wp\/v2\/comments?post=110107"}],"version-history":[{"count":2,"href":"https:\/\/lasprimeras.com.do\/index.php\/wp-json\/wp\/v2\/posts\/110107\/revisions"}],"predecessor-version":[{"id":110112,"href":"https:\/\/lasprimeras.com.do\/index.php\/wp-json\/wp\/v2\/posts\/110107\/revisions\/110112"}],"wp:featuredmedia":[{"embeddable":true,"href":"https:\/\/lasprimeras.com.do\/index.php\/wp-json\/wp\/v2\/media\/110108"}],"wp:attachment":[{"href":"https:\/\/lasprimeras.com.do\/index.php\/wp-json\/wp\/v2\/media?parent=110107"}],"wp:term":[{"taxonomy":"category","embeddable":true,"href":"https:\/\/lasprimeras.com.do\/index.php\/wp-json\/wp\/v2\/categories?post=110107"},{"taxonomy":"post_tag","embeddable":true,"href":"https:\/\/lasprimeras.com.do\/index.php\/wp-json\/wp\/v2\/tags?post=110107"}],"curies":[{"name":"wp","href":"https:\/\/api.w.org\/{rel}","templated":true}]}}