{"id":110120,"date":"2025-09-25T18:36:46","date_gmt":"2025-09-25T22:36:46","guid":{"rendered":"https:\/\/lasprimeras.com.do\/?p=110120"},"modified":"2025-09-25T18:36:48","modified_gmt":"2025-09-25T22:36:48","slug":"esposo-e-hijo-de-exviceconsul-en-aruba-son-tambien-vinculados-a-red-de-pirateria-digital","status":"publish","type":"post","link":"https:\/\/lasprimeras.com.do\/index.php\/2025\/09\/25\/esposo-e-hijo-de-exviceconsul-en-aruba-son-tambien-vinculados-a-red-de-pirateria-digital\/","title":{"rendered":"Esposo e hijo de exvicec\u00f3nsul en Aruba son tambi\u00e9n vinculados a red de pirater\u00eda digital"},"content":{"rendered":"\n<p class=\"wp-block-paragraph\"><strong>La exdiplom\u00e1tica est\u00e1 detenida junto a su familia en espera de que se les conozca medida de coerci\u00f3n-<\/strong><\/p>\n\n\n\n<p class=\"wp-block-paragraph\">La exvicec\u00f3nsul dominicana en Aruba Leony Esmeralda Croes estar\u00eda implicada, junto a su esposo y un hijo, en una red de pirater\u00eda digital que, seg\u00fan el Ministerio P\u00fablico, operaba mediante 94 servidores, p\u00e1ginas web y criptomonedas, la que afect\u00f3 a reconocidas compa\u00f1\u00edas internacionales como Netflix, Amazon y Disney.<\/p>\n\n\n\n<p class=\"wp-block-paragraph\">Croes se entreg\u00f3 a las autoridades a principio de semana junto su hijo Ra\u00fal Ernesto Guzm\u00e1n Croes, mientras que su esposo, Ra\u00fal Ernesto Guzm\u00e1n Lora, fue uno de los primeros arrestados por los organismos investigativos.<\/p>\n\n\n\n<p class=\"wp-block-paragraph\">Las plataformas streaming Netflix y Amazon son querellantes en el proceso penal.<\/p>\n\n\n\n<p class=\"wp-block-paragraph\">A la exdiplom\u00e1tica se le imputa ser socia &#8220;y beneficiaria final de las empresas vinculadas&#8221; en la trama y de adquirir y ocultar bienes muebles e inmuebles, as\u00ed como de ser &#8220;soporte para legitimar los recursos&#8221; obtenidos por la organizaci\u00f3n.<\/p>\n\n\n\n<p class=\"wp-block-paragraph\">A su pareja se le se\u00f1ala de utilizar &#8220;m\u00faltiples empresas de fachadas&#8221; para poner en el sistema financiero los fondos obtenidos.<\/p>\n\n\n\n<p class=\"wp-block-paragraph\">Al hijo de ambos se le atribuye &#8220;el rol de testaferro y receptor de activos, pues a su nombre figuran inmuebles, cuentas y productos financieros millonarios sin justificaci\u00f3n econ\u00f3mica ni tributaria&#8221;, de acuerdo con la solicitud de medida de coerci\u00f3n de la Fiscal\u00eda del Distrito Nacional.<\/p>\n\n\n\n<p class=\"wp-block-paragraph\">Defraudaci\u00f3n de m\u00e1s de mil millones de pesos<\/p>\n\n\n\n<p class=\"wp-block-paragraph\">La fiscal del Distrito Nacional, Rosalba Ramos, dijo este jueves que la defraudaci\u00f3n a las reconocidas compa\u00f1\u00edas internacionales, titulares de derechos de autor y conexos, y el propio Estado dominicano, asciende a m\u00e1s de 20 millones de d\u00f3lares, equivalentes a m\u00e1s de 1,240 millones de pesos dominicanos.<\/p>\n\n\n\n<p class=\"wp-block-paragraph\">Denuncia se hizo hace cuatro a\u00f1os<\/p>\n\n\n\n<p class=\"wp-block-paragraph\">La solicitud de medida de coerci\u00f3n refiere que las empresas Paramount Pictures Corporation, Columbia Picture Industries, Sony Pictures Television, Netflix, Disney Enterprises, Amazon Studios, entre otras, interpusieron una denuncia en septiembre del 2021 a trav\u00e9s de sus representantes y apoderados contra Leonardo Alberto Casci Ocum\u00e1rez, quien encabeza la lista de imputados.<\/p>\n\n\n\n<p class=\"wp-block-paragraph\">El documento atribuye a Leonardo Alberto Casci Ocum\u00e1rez ser encargado de coordinar las operaciones il\u00edcitas y administrar las plataformas utilizadas para la distribuci\u00f3n ilegal de contenidos protegidos de derecho de autor de las citadas empresas.<\/p>\n\n\n\n<p class=\"wp-block-paragraph\">El juez de la Oficina de Atenci\u00f3n Permanente del Distrito Nacional, Rigoberto Sena Ferreras, aplaz\u00f3 para el domingo el conocimiento de la solicitud de medida de coerci\u00f3n contra los vinculados al caso y se\u00f1alados por el Ministerio P\u00fablico por lavado de activos y delito de alta tecnolog\u00eda, la cual incluye tambi\u00e9n que el caso sea declarado complejo.<\/p>\n\n\n\n<p class=\"wp-block-paragraph\">Los otros imputados<\/p>\n\n\n\n<p class=\"wp-block-paragraph\">Adem\u00e1s de Leony Esmeralda Croes, su esposo Ra\u00fal Ernesto Guzm\u00e1n Lora y el hijo de ambos, Ra\u00fal Ernesto Guzm\u00e1n Croes, as\u00ed como Leonardo Alberto Casci Ocum\u00e1rez, est\u00e1n siendo se\u00f1alados en el caso, bautizado con el nombre operaci\u00f3n Domo, Keomirys Torres L\u00f3pez y V\u00edctor Luis Torres L\u00f3pez.<\/p>\n","protected":false},"excerpt":{"rendered":"<p>La exdiplom\u00e1tica est\u00e1 detenida junto a su familia en espera de que se les conozca medida de coerci\u00f3n- La exvicec\u00f3nsul dominicana en Aruba Leony Esmeralda Croes estar\u00eda implicada, junto a&hellip;<\/p>\n","protected":false},"author":10,"featured_media":110121,"comment_status":"open","ping_status":"open","sticky":false,"template":"","format":"standard","meta":{"content-type":"","_jetpack_newsletter_access":"","_jetpack_dont_email_post_to_subs":false,"_jetpack_newsletter_tier_id":0,"_jetpack_memberships_contains_paywalled_content":false,"_jetpack_feature_clip_id":0,"_jetpack_memberships_contains_paid_content":false,"footnotes":"","jetpack_post_was_ever_published":false},"categories":[35],"tags":[25098,25097,25096,25099,4110],"class_list":["post-110120","post","type-post","status-publish","format-standard","has-post-thumbnail","hentry","category-nacionales","tag-aruba","tag-esposo-e-hijo","tag-exviceconsul","tag-red-de-pirateria-digital","tag-vinculados"],"jetpack-related-posts":[{"id":104628,"url":"https:\/\/lasprimeras.com.do\/index.php\/2025\/07\/25\/dan-apertura-clasico-beisbol-pequenas-ligas-2025\/","url_meta":{"origin":110120,"position":0},"title":"Dan apertura Cl\u00e1sico B\u00e9isbol Peque\u00f1as Ligas 2025","author":"Nelson Feliz","date":"25 de julio de 2025","format":false,"excerpt":"La Liga Pimentel dej\u00f3 inaugurada la 4ta edici\u00f3n del Cl\u00e1sico de B\u00e9isbol de Peque\u00f1as Ligas 2025, opci\u00f3n a la Copa SEABOARD, dedicada a la periodista Carmen Aybar, en el complejo de la academia Pimentel. Karel Williams, delegado de Aruba, valor\u00f3 el montaje del evento, as\u00ed como la presencia de los\u2026","rel":"","context":"En \u00abDEPORTES\u00bb","block_context":{"text":"DEPORTES","link":"https:\/\/lasprimeras.com.do\/index.php\/category\/deportes\/"},"img":{"alt_text":"","src":"https:\/\/i0.wp.com\/lasprimeras.com.do\/wp-content\/uploads\/2025\/07\/bandera.jpg?resize=350%2C200&ssl=1","width":350,"height":200,"srcset":"https:\/\/i0.wp.com\/lasprimeras.com.do\/wp-content\/uploads\/2025\/07\/bandera.jpg?resize=350%2C200&ssl=1 1x, https:\/\/i0.wp.com\/lasprimeras.com.do\/wp-content\/uploads\/2025\/07\/bandera.jpg?resize=525%2C300&ssl=1 1.5x, https:\/\/i0.wp.com\/lasprimeras.com.do\/wp-content\/uploads\/2025\/07\/bandera.jpg?resize=700%2C400&ssl=1 2x"},"classes":[]},{"id":73444,"url":"https:\/\/lasprimeras.com.do\/index.php\/2024\/01\/10\/fallecio-lucia-toribio-esposa-del-periodista-nelson-feliz\/","url_meta":{"origin":110120,"position":1},"title":"Luc\u00eda Toribio esposa del periodista Nelson Feliz ser\u00e1 sepultada a las 11:30 en el cementerio  Cristo Redentor","author":"Nelson Feliz","date":"10 de enero de 2024","format":false,"excerpt":"Santo Domingo, Este.-. Falleci\u00f3 este mi\u00e9rcoles la comerciante y periodista Lucia Toribio de la Cruz (Altagracia), esposa del tambi\u00e9n periodista Nelson Feliz. Toribio de la Cruz, desde hace un tiempo padeciendo de una enfermedad, la cual finalmente termino apagando la luz y gu\u00eda de esta importante familia. La dama, era\u2026","rel":"","context":"En \u00abNACIONALES\u00bb","block_context":{"text":"NACIONALES","link":"https:\/\/lasprimeras.com.do\/index.php\/category\/nacionales\/"},"img":{"alt_text":"Altagracia Toribio","src":"https:\/\/i0.wp.com\/lasprimeras.com.do\/wp-content\/uploads\/2024\/01\/Altagracia-Toribio.jpg?resize=350%2C200&ssl=1","width":350,"height":200,"srcset":"https:\/\/i0.wp.com\/lasprimeras.com.do\/wp-content\/uploads\/2024\/01\/Altagracia-Toribio.jpg?resize=350%2C200&ssl=1 1x, https:\/\/i0.wp.com\/lasprimeras.com.do\/wp-content\/uploads\/2024\/01\/Altagracia-Toribio.jpg?resize=525%2C300&ssl=1 1.5x"},"classes":[]},{"id":75410,"url":"https:\/\/lasprimeras.com.do\/index.php\/2024\/02\/01\/gustavo-petro-exigio-una-investigacion-y-acciones-legales-contra-usuario-que-injuria-a-su-esposa-en-redes\/","url_meta":{"origin":110120,"position":2},"title":"Gustavo Petro exigi\u00f3 una investigaci\u00f3n y acciones legales contra usuario que \u201cinjuria\u201d a su esposa en redes","author":"Nelson Feliz","date":"1 de febrero de 2024","format":false,"excerpt":"El presidente solicit\u00f3 a las autoridades iniciar una investigaci\u00f3n oficial sobre un usuario de X que compar\u00f3 a la primera dama con la narcotraficante Griselda Blanco. Por Katherine Lancheros En respuesta al lanzamiento de la serie Griselda de Netflix, que narra la historia de la narcotraficante colombiana Griselda Blanco, con\u2026","rel":"","context":"En \u00abSin categor\u00eda\u00bb","block_context":{"text":"Sin categor\u00eda","link":"https:\/\/lasprimeras.com.do\/index.php\/category\/sin-categoria\/"},"img":{"alt_text":"Gustavo Petro","src":"https:\/\/i0.wp.com\/lasprimeras.com.do\/wp-content\/uploads\/2024\/02\/Gustavo-Petro.jpg?resize=350%2C200&ssl=1","width":350,"height":200,"srcset":"https:\/\/i0.wp.com\/lasprimeras.com.do\/wp-content\/uploads\/2024\/02\/Gustavo-Petro.jpg?resize=350%2C200&ssl=1 1x, https:\/\/i0.wp.com\/lasprimeras.com.do\/wp-content\/uploads\/2024\/02\/Gustavo-Petro.jpg?resize=525%2C300&ssl=1 1.5x, https:\/\/i0.wp.com\/lasprimeras.com.do\/wp-content\/uploads\/2024\/02\/Gustavo-Petro.jpg?resize=700%2C400&ssl=1 2x"},"classes":[]},{"id":81870,"url":"https:\/\/lasprimeras.com.do\/index.php\/2024\/04\/25\/ee-uu-saca-a-rd-de-informe-especial-301-sobre-propiedad-intelectual\/","url_meta":{"origin":110120,"position":3},"title":"EE.UU. saca a RD de Informe Especial 301 sobre Propiedad Intelectual","author":"Nelson Feliz","date":"25 de abril de 2024","format":false,"excerpt":"Estados Unidos (EE. UU.) sac\u00f3 a Rep\u00fablica Dominicana de la lista de observaci\u00f3n del Informe Especial 301 sobre Propiedad Intelectual;gracias a las medidas adoptadas por el Gobierno que encabeza el presidente Luis Abinader en contra de la pirater\u00eda. La Oficina del Representante Comercial de EE. UU. (USTR, sigla en ingl\u00e9s)\u2026","rel":"","context":"En \u00abNACIONALES\u00bb","block_context":{"text":"NACIONALES","link":"https:\/\/lasprimeras.com.do\/index.php\/category\/nacionales\/"},"img":{"alt_text":"","src":"https:\/\/i0.wp.com\/lasprimeras.com.do\/wp-content\/uploads\/2024\/04\/Industria-y-Comercio.jpg?resize=350%2C200&ssl=1","width":350,"height":200},"classes":[]},{"id":76047,"url":"https:\/\/lasprimeras.com.do\/index.php\/2024\/02\/06\/abinader-expresa-sus-condolencias-por-muerte-de-sebastian-pinera\/","url_meta":{"origin":110120,"position":4},"title":"Abinader expresa sus condolencias por muerte de Sebasti\u00e1n Pi\u00f1era","author":"Nelson Feliz","date":"6 de febrero de 2024","format":false,"excerpt":"Abinader describi\u00f3 a Pi\u00f1era como un \u201camigo\u201d, extendiendo el p\u00e9same a la esposa del fallecido y a sus hijos. El presidente de la Rep\u00fablica, Luis Abinader, expres\u00f3 este martes sus condolencias por la muerte del exmandatario chileno Sebasti\u00e1n Pi\u00f1era, quien falleci\u00f3 en un accidente a\u00e9reo, luego de que el helic\u00f3ptero\u2026","rel":"","context":"En \u00abNACIONALES\u00bb","block_context":{"text":"NACIONALES","link":"https:\/\/lasprimeras.com.do\/index.php\/category\/nacionales\/"},"img":{"alt_text":"ABINADER Y PI\u00d1ERA","src":"https:\/\/i0.wp.com\/lasprimeras.com.do\/wp-content\/uploads\/2024\/02\/ABINADER-Y-PINERA.jpg?resize=350%2C200&ssl=1","width":350,"height":200,"srcset":"https:\/\/i0.wp.com\/lasprimeras.com.do\/wp-content\/uploads\/2024\/02\/ABINADER-Y-PINERA.jpg?resize=350%2C200&ssl=1 1x, https:\/\/i0.wp.com\/lasprimeras.com.do\/wp-content\/uploads\/2024\/02\/ABINADER-Y-PINERA.jpg?resize=525%2C300&ssl=1 1.5x"},"classes":[]},{"id":59453,"url":"https:\/\/lasprimeras.com.do\/index.php\/2023\/09\/04\/matan-a-un-ganadero-a-su-esposa-a-un-hijo-y-a-otra-persona-en-partido-dajabon\/","url_meta":{"origin":110120,"position":5},"title":"Matan a un ganadero, a su esposa, a un hijo y a otra persona en Partido, Dajab\u00f3n","author":"Nelson Feliz","date":"4 de septiembre de 2023","format":false,"excerpt":"Hay una cuarta persona herida de gravedad, segun datos preliminares. Un ganadero, su esposa, un hijo y otra persona fueron ultimados la madrugada de este lunes, y una quinta persona result\u00f3 herida de gravedad, en la localidad Aminilla, en La Barrera, en el municipio de Partido, provincia Dajab\u00f3n. Se trata\u2026","rel":"","context":"En \u00abNACIONALES\u00bb","block_context":{"text":"NACIONALES","link":"https:\/\/lasprimeras.com.do\/index.php\/category\/nacionales\/"},"img":{"alt_text":"Buscan a tres haitianos por homicidio de 4 personas en Dajab\u00f3n","src":"https:\/\/i0.wp.com\/lasprimeras.com.do\/wp-content\/uploads\/2023\/09\/muertos.jpeg?resize=350%2C200&ssl=1","width":350,"height":200,"srcset":"https:\/\/i0.wp.com\/lasprimeras.com.do\/wp-content\/uploads\/2023\/09\/muertos.jpeg?resize=350%2C200&ssl=1 1x, https:\/\/i0.wp.com\/lasprimeras.com.do\/wp-content\/uploads\/2023\/09\/muertos.jpeg?resize=525%2C300&ssl=1 1.5x, https:\/\/i0.wp.com\/lasprimeras.com.do\/wp-content\/uploads\/2023\/09\/muertos.jpeg?resize=700%2C400&ssl=1 2x"},"classes":[]}],"jetpack_sharing_enabled":true,"jetpack_featured_media_url":"https:\/\/lasprimeras.com.do\/wp-content\/uploads\/2025\/09\/exviceconsul-y-su-familia-senalados-en-red-de-pirateria-digital-fb69c91f-focus-0-0-896-504.jpg","_links":{"self":[{"href":"https:\/\/lasprimeras.com.do\/index.php\/wp-json\/wp\/v2\/posts\/110120","targetHints":{"allow":["GET"]}}],"collection":[{"href":"https:\/\/lasprimeras.com.do\/index.php\/wp-json\/wp\/v2\/posts"}],"about":[{"href":"https:\/\/lasprimeras.com.do\/index.php\/wp-json\/wp\/v2\/types\/post"}],"author":[{"embeddable":true,"href":"https:\/\/lasprimeras.com.do\/index.php\/wp-json\/wp\/v2\/users\/10"}],"replies":[{"embeddable":true,"href":"https:\/\/lasprimeras.com.do\/index.php\/wp-json\/wp\/v2\/comments?post=110120"}],"version-history":[{"count":1,"href":"https:\/\/lasprimeras.com.do\/index.php\/wp-json\/wp\/v2\/posts\/110120\/revisions"}],"predecessor-version":[{"id":110122,"href":"https:\/\/lasprimeras.com.do\/index.php\/wp-json\/wp\/v2\/posts\/110120\/revisions\/110122"}],"wp:featuredmedia":[{"embeddable":true,"href":"https:\/\/lasprimeras.com.do\/index.php\/wp-json\/wp\/v2\/media\/110121"}],"wp:attachment":[{"href":"https:\/\/lasprimeras.com.do\/index.php\/wp-json\/wp\/v2\/media?parent=110120"}],"wp:term":[{"taxonomy":"category","embeddable":true,"href":"https:\/\/lasprimeras.com.do\/index.php\/wp-json\/wp\/v2\/categories?post=110120"},{"taxonomy":"post_tag","embeddable":true,"href":"https:\/\/lasprimeras.com.do\/index.php\/wp-json\/wp\/v2\/tags?post=110120"}],"curies":[{"name":"wp","href":"https:\/\/api.w.org\/{rel}","templated":true}]}}