{"id":110151,"date":"2025-09-26T09:01:01","date_gmt":"2025-09-26T13:01:01","guid":{"rendered":"https:\/\/lasprimeras.com.do\/?p=110151"},"modified":"2025-09-26T09:01:03","modified_gmt":"2025-09-26T13:01:03","slug":"capitan-dominicano-de-aviacion-en-usa-lanza-canal-de-youtube-dedicado-a-la-ensenanza","status":"publish","type":"post","link":"https:\/\/lasprimeras.com.do\/index.php\/2025\/09\/26\/capitan-dominicano-de-aviacion-en-usa-lanza-canal-de-youtube-dedicado-a-la-ensenanza\/","title":{"rendered":"Capit\u00e1n dominicano de aviaci\u00f3n en USA lanza canal de YouTube dedicado a la ense\u00f1anza"},"content":{"rendered":"\n<p>Por Ram\u00f3n Mercedes<\/p>\n\n\n\n<p>NUEVA YORK.- Con m\u00e1s de 25 a\u00f1os de experiencia en la cabina de mando, el capit\u00e1n de aviaci\u00f3n dominicano en Estados Unidos, Eric Rodr\u00edguez, anunci\u00f3 oficialmente el lanzamiento de su canal de YouTube, @CaptainRodriguez, un espacio creado para informar, educar y compartir datos sobre el fascinante mundo de la aviaci\u00f3n.<\/p>\n\n\n\n<p>El canal abordar\u00e1 temas de gran inter\u00e9s para pasajeros y entusiastas de la aviaci\u00f3n, entre ellos: La turbulencia a\u00e9rea: qu\u00e9 es, c\u00f3mo se maneja y qu\u00e9 deben saber los viajeros.<\/p>\n\n\n\n<p>Asimismo, volar en temporada de huracanes: los desaf\u00edos y protocolos de seguridad en condiciones extremas. Otros aspectos t\u00e9cnicos y curiosidades del d\u00eda a d\u00eda en la industria aeron\u00e1utica.<\/p>\n\n\n\n<p>\u00abHemos creado, indica el capit\u00e1n Rodr\u00edguez, un espacio para informar y presentar datos sobre este fascinante mundo de la aviaci\u00f3n\u201d, expresa durante el anuncio.<\/p>\n\n\n\n<p>Trayectoria y compromiso: Rodr\u00edguez naci\u00f3 en Santiago, RD, y creci\u00f3 en NYC, donde inici\u00f3 su camino en la aviaci\u00f3n. Con m\u00e1s de dos d\u00e9cadas de experiencia profesional, ha acumulado miles de horas de vuelo en diferentes aeronaves y actualmente se desempe\u00f1a como capit\u00e1n en aerol\u00edneas comerciales de renombre.<\/p>\n\n\n\n<p>Adem\u00e1s de su carrera en la aviaci\u00f3n, forma parte de la directiva de varias organizaciones, entre ellas: Consejo de Capitanes; Dominican Pilots Abroad (DPA); Colaborador activo del programa \u201cQuiero Ser Piloto\u201d, que impulsa a j\u00f3venes dominicanos de bajos recursos a seguir sus sue\u00f1os de convertirse en pilotos.<\/p>\n\n\n\n<p>Un canal con prop\u00f3sito: El proyecto digital del capit\u00e1n Rodr\u00edguez no solo busca entretener, sino tambi\u00e9n educar y desmitificar aspectos t\u00e9cnicos de la aviaci\u00f3n, llevando conocimiento accesible tanto a viajeros frecuentes como a quienes sue\u00f1an con volar profesionalmente.<\/p>\n\n\n\n<p>El canal ya est\u00e1 disponible en YouTube bajo el nombre @CaptainRodriguez y se perfila como un espacio clave para quienes desean acercarse, de manera clara y confiable, a los temas de seguridad, tecnolog\u00eda y cultura aeron\u00e1utica.<\/p>\n","protected":false},"excerpt":{"rendered":"<p>Por Ram\u00f3n Mercedes NUEVA YORK.- Con m\u00e1s de 25 a\u00f1os de experiencia en la cabina de mando, el capit\u00e1n de aviaci\u00f3n dominicano en Estados Unidos, Eric Rodr\u00edguez, anunci\u00f3 oficialmente el&hellip;<\/p>\n","protected":false},"author":10,"featured_media":110152,"comment_status":"open","ping_status":"open","sticky":false,"template":"","format":"standard","meta":{"content-type":"","jetpack_post_was_ever_published":false,"_jetpack_newsletter_access":"","_jetpack_dont_email_post_to_subs":false,"_jetpack_newsletter_tier_id":0,"_jetpack_memberships_contains_paywalled_content":false,"_jetpack_memberships_contains_paid_content":false,"footnotes":""},"categories":[23746],"tags":[3644,22996,25114,4907,4670],"class_list":["post-110151","post","type-post","status-publish","format-standard","has-post-thumbnail","hentry","category-tecnologia","tag-aviacion","tag-canal-de-youtube","tag-capitan-dominicano","tag-ensenanza","tag-usa"],"jetpack_featured_media_url":"https:\/\/lasprimeras.com.do\/wp-content\/uploads\/2025\/09\/WhatsApp-Image-2025-09-26-at-6.48.01-AM-1.jpeg","jetpack-related-posts":[{"id":98919,"url":"https:\/\/lasprimeras.com.do\/index.php\/2025\/05\/14\/pilotos-dominicanos-inspiran-estudiantes-escuela-gregorio-luperon-del-alto-manhattan\/","url_meta":{"origin":110151,"position":0},"title":"Pilotos dominicanos inspiran estudiantes escuela Gregorio Luper\u00f3n del Alto Manhattan","author":"Nelson Feliz","date":"14 de mayo de 2025","format":false,"excerpt":"Por Ram\u00f3n Mercedes NUEVA YORK.- Un grupo de pilotos dominicanos visit\u00f3 el programa de aviaci\u00f3n de la Escuela Secundaria Gregorio Luper\u00f3n para Ciencia y Matem\u00e1ticas, ubicada en el sector de Washington Heights con el objetivo de inspirar a los j\u00f3venes estudiantes -en su mayor\u00eda dominicanos reci\u00e9n llegados a EE.UU.- a\u2026","rel":"","context":"En \u00abINTERNACIONALES\u00bb","block_context":{"text":"INTERNACIONALES","link":"https:\/\/lasprimeras.com.do\/index.php\/category\/sin-categoria\/internacionales\/"},"img":{"alt_text":"","src":"https:\/\/i0.wp.com\/lasprimeras.com.do\/wp-content\/uploads\/2025\/05\/WhatsApp-Image-2025-05-14-at-5.59.57-AM.jpeg?resize=350%2C200&ssl=1","width":350,"height":200,"srcset":"https:\/\/i0.wp.com\/lasprimeras.com.do\/wp-content\/uploads\/2025\/05\/WhatsApp-Image-2025-05-14-at-5.59.57-AM.jpeg?resize=350%2C200&ssl=1 1x, https:\/\/i0.wp.com\/lasprimeras.com.do\/wp-content\/uploads\/2025\/05\/WhatsApp-Image-2025-05-14-at-5.59.57-AM.jpeg?resize=525%2C300&ssl=1 1.5x, https:\/\/i0.wp.com\/lasprimeras.com.do\/wp-content\/uploads\/2025\/05\/WhatsApp-Image-2025-05-14-at-5.59.57-AM.jpeg?resize=700%2C400&ssl=1 2x"},"classes":[]},{"id":61567,"url":"https:\/\/lasprimeras.com.do\/index.php\/2023\/09\/28\/director-del-cesac-participa-en-taller-internacional-para-la-implementacion-del-control-de-seguridad\/","url_meta":{"origin":110151,"position":1},"title":"Director del CESAC participa en taller internacional para la implementaci\u00f3n del control de seguridad","author":"Nelson Feliz","date":"28 de septiembre de 2023","format":false,"excerpt":"Por Martin Restituyo El director del Cuerpo Especializado en Seguridad Aeroportuaria de la Aviaci\u00f3n Civil (CESAC), general de brigada piloto Floreal Su\u00e1rez Mart\u00ednez, encabeza la delegaci\u00f3n de Rep\u00fablica Dominicana que participa en el taller sobre la implementaci\u00f3n del programa One Stop Segurity, en las Oficinas de la International Air Transport\u2026","rel":"","context":"En \u00abMILITARES\u00bb","block_context":{"text":"MILITARES","link":"https:\/\/lasprimeras.com.do\/index.php\/category\/militares\/"},"img":{"alt_text":"CESAC","src":"https:\/\/i0.wp.com\/lasprimeras.com.do\/wp-content\/uploads\/2023\/09\/cesac-1.jpg?resize=350%2C200&ssl=1","width":350,"height":200,"srcset":"https:\/\/i0.wp.com\/lasprimeras.com.do\/wp-content\/uploads\/2023\/09\/cesac-1.jpg?resize=350%2C200&ssl=1 1x, https:\/\/i0.wp.com\/lasprimeras.com.do\/wp-content\/uploads\/2023\/09\/cesac-1.jpg?resize=525%2C300&ssl=1 1.5x, https:\/\/i0.wp.com\/lasprimeras.com.do\/wp-content\/uploads\/2023\/09\/cesac-1.jpg?resize=700%2C400&ssl=1 2x"},"classes":[]},{"id":91904,"url":"https:\/\/lasprimeras.com.do\/index.php\/2024\/12\/05\/autoridades-dominicanas-reafirman-compromiso-en-80-aniversario-del-convenio-de-chicago-de-la-oaci\/","url_meta":{"origin":110151,"position":2},"title":"Autoridades dominicanas reafirman compromiso en 80 aniversario del Convenio de Chicago de la OACI","author":"Nelson Feliz","date":"5 de diciembre de 2024","format":false,"excerpt":"Chicago, Illinois. El presidente de la Junta de Aviaci\u00f3n Civil (JAC), H\u00e9ctor Porcella, reafirm\u00f3 el compromiso de la Rep\u00fablica Dominicana en cooperar para crear una red de tr\u00e1nsito verdaderamente global al servicio de todos los usuarios del transporte a\u00e9reo con la Aviaci\u00f3n Civil Internacional en Chicago (Estados Unidos). \u201cEl 7\u2026","rel":"","context":"En \u00abINTERNACIONALES\u00bb","block_context":{"text":"INTERNACIONALES","link":"https:\/\/lasprimeras.com.do\/index.php\/category\/sin-categoria\/internacionales\/"},"img":{"alt_text":"H\u00e9ctor Porcella","src":"https:\/\/i0.wp.com\/lasprimeras.com.do\/wp-content\/uploads\/2024\/12\/Hector-Porcella.jpg?resize=350%2C200&ssl=1","width":350,"height":200,"srcset":"https:\/\/i0.wp.com\/lasprimeras.com.do\/wp-content\/uploads\/2024\/12\/Hector-Porcella.jpg?resize=350%2C200&ssl=1 1x, https:\/\/i0.wp.com\/lasprimeras.com.do\/wp-content\/uploads\/2024\/12\/Hector-Porcella.jpg?resize=525%2C300&ssl=1 1.5x, https:\/\/i0.wp.com\/lasprimeras.com.do\/wp-content\/uploads\/2024\/12\/Hector-Porcella.jpg?resize=700%2C400&ssl=1 2x"},"classes":[]},{"id":65686,"url":"https:\/\/lasprimeras.com.do\/index.php\/2023\/10\/30\/jac-levanta-suspension-aereas-entre-republica-dominicana-y-haiti\/","url_meta":{"origin":110151,"position":3},"title":"JAC levanta suspensi\u00f3n a\u00e9reas entre Rep\u00fablica Dominicana y Hait\u00ed","author":"Nelson Feliz","date":"30 de octubre de 2023","format":false,"excerpt":"La Junta de Aviaci\u00f3n Civil de la Rep\u00fablica Dominicana (JAC) inform\u00f3 que levant\u00f3 la suspensi\u00f3n de las operaciones a\u00e9reas de pasajeros y carga desde y hacia la Rep\u00fablica Dominicana, debido al cierre de la frontera. La resoluci\u00f3n 234-2023 ha sido emitida para ordenar el reinicio de las operaciones a partir\u2026","rel":"","context":"En \u00abNACIONALES\u00bb","block_context":{"text":"NACIONALES","link":"https:\/\/lasprimeras.com.do\/index.php\/category\/nacionales\/"},"img":{"alt_text":"Avi\u00f3n de la Fuerza A\u00e9rea de Estados Unidos","src":"https:\/\/i0.wp.com\/lasprimeras.com.do\/wp-content\/uploads\/2023\/08\/Avion-de-la-Fuerza-Aerea-de-Estados-Unidos.jpeg?resize=350%2C200&ssl=1","width":350,"height":200,"srcset":"https:\/\/i0.wp.com\/lasprimeras.com.do\/wp-content\/uploads\/2023\/08\/Avion-de-la-Fuerza-Aerea-de-Estados-Unidos.jpeg?resize=350%2C200&ssl=1 1x, https:\/\/i0.wp.com\/lasprimeras.com.do\/wp-content\/uploads\/2023\/08\/Avion-de-la-Fuerza-Aerea-de-Estados-Unidos.jpeg?resize=525%2C300&ssl=1 1.5x, https:\/\/i0.wp.com\/lasprimeras.com.do\/wp-content\/uploads\/2023\/08\/Avion-de-la-Fuerza-Aerea-de-Estados-Unidos.jpeg?resize=700%2C400&ssl=1 2x"},"classes":[]},{"id":120528,"url":"https:\/\/lasprimeras.com.do\/index.php\/2026\/01\/25\/rd-registra-cifras-historicas-en-turismo-y-aviacion-civil-desde-2020\/","url_meta":{"origin":110151,"position":4},"title":"RD registra cifras hist\u00f3ricas en turismo y aviaci\u00f3n civil desde 2020","author":"Nelson Feliz","date":"25 de enero de 2026","format":false,"excerpt":"Igor Rodr\u00edguez Dur\u00e1n","rel":"","context":"En \u00abTURISMO\u00bb","block_context":{"text":"TURISMO","link":"https:\/\/lasprimeras.com.do\/index.php\/category\/turismo\/"},"img":{"alt_text":"Igor Rodr\u00edguez Dur\u00e1n","src":"https:\/\/i0.wp.com\/lasprimeras.com.do\/wp-content\/uploads\/2026\/01\/Igor-Rodriguez-Duran.jpg?resize=350%2C200&ssl=1","width":350,"height":200,"srcset":"https:\/\/i0.wp.com\/lasprimeras.com.do\/wp-content\/uploads\/2026\/01\/Igor-Rodriguez-Duran.jpg?resize=350%2C200&ssl=1 1x, https:\/\/i0.wp.com\/lasprimeras.com.do\/wp-content\/uploads\/2026\/01\/Igor-Rodriguez-Duran.jpg?resize=525%2C300&ssl=1 1.5x, https:\/\/i0.wp.com\/lasprimeras.com.do\/wp-content\/uploads\/2026\/01\/Igor-Rodriguez-Duran.jpg?resize=700%2C400&ssl=1 2x"},"classes":[]},{"id":95478,"url":"https:\/\/lasprimeras.com.do\/index.php\/2025\/03\/14\/piloto-rd-lleva-mas-de-40-estudiantes-a-centro-operaciones-jet-blue-en-ny\/","url_meta":{"origin":110151,"position":5},"title":"Piloto RD lleva m\u00e1s de 40 estudiantes a centro operaciones Jet Blue en NY","author":"Nelson Feliz","date":"14 de marzo de 2025","format":false,"excerpt":"Por Ram\u00f3n Mercedes NUEVA YORK.- M\u00e1s de 40 estudiantes de la escuela Gregorio Luper\u00f3n, en el Alto Manhattan, visitaron el centro de operaciones de la aerol\u00ednea Jet Blue en Long Island City, Queens, guiados por Eric Rodr\u00edguez, capit\u00e1n piloto de dicha aerol\u00ednea. \u201cEs importante que nuestros j\u00f3venes tengan la oportunidad\u2026","rel":"","context":"En \u00abINTERNACIONALES\u00bb","block_context":{"text":"INTERNACIONALES","link":"https:\/\/lasprimeras.com.do\/index.php\/category\/sin-categoria\/internacionales\/"},"img":{"alt_text":"Piloto RD lleva m\u00e1s de 40 estudiantes a centro operaciones Jet Blue en NY","src":"https:\/\/i0.wp.com\/lasprimeras.com.do\/wp-content\/uploads\/2025\/03\/WhatsApp-Image-2025-03-13-at-6.35.32-AM.jpeg?resize=350%2C200&ssl=1","width":350,"height":200,"srcset":"https:\/\/i0.wp.com\/lasprimeras.com.do\/wp-content\/uploads\/2025\/03\/WhatsApp-Image-2025-03-13-at-6.35.32-AM.jpeg?resize=350%2C200&ssl=1 1x, https:\/\/i0.wp.com\/lasprimeras.com.do\/wp-content\/uploads\/2025\/03\/WhatsApp-Image-2025-03-13-at-6.35.32-AM.jpeg?resize=525%2C300&ssl=1 1.5x"},"classes":[]}],"jetpack_sharing_enabled":true,"_links":{"self":[{"href":"https:\/\/lasprimeras.com.do\/index.php\/wp-json\/wp\/v2\/posts\/110151","targetHints":{"allow":["GET"]}}],"collection":[{"href":"https:\/\/lasprimeras.com.do\/index.php\/wp-json\/wp\/v2\/posts"}],"about":[{"href":"https:\/\/lasprimeras.com.do\/index.php\/wp-json\/wp\/v2\/types\/post"}],"author":[{"embeddable":true,"href":"https:\/\/lasprimeras.com.do\/index.php\/wp-json\/wp\/v2\/users\/10"}],"replies":[{"embeddable":true,"href":"https:\/\/lasprimeras.com.do\/index.php\/wp-json\/wp\/v2\/comments?post=110151"}],"version-history":[{"count":1,"href":"https:\/\/lasprimeras.com.do\/index.php\/wp-json\/wp\/v2\/posts\/110151\/revisions"}],"predecessor-version":[{"id":110153,"href":"https:\/\/lasprimeras.com.do\/index.php\/wp-json\/wp\/v2\/posts\/110151\/revisions\/110153"}],"wp:featuredmedia":[{"embeddable":true,"href":"https:\/\/lasprimeras.com.do\/index.php\/wp-json\/wp\/v2\/media\/110152"}],"wp:attachment":[{"href":"https:\/\/lasprimeras.com.do\/index.php\/wp-json\/wp\/v2\/media?parent=110151"}],"wp:term":[{"taxonomy":"category","embeddable":true,"href":"https:\/\/lasprimeras.com.do\/index.php\/wp-json\/wp\/v2\/categories?post=110151"},{"taxonomy":"post_tag","embeddable":true,"href":"https:\/\/lasprimeras.com.do\/index.php\/wp-json\/wp\/v2\/tags?post=110151"}],"curies":[{"name":"wp","href":"https:\/\/api.w.org\/{rel}","templated":true}]}}