{"id":110183,"date":"2025-09-26T11:07:52","date_gmt":"2025-09-26T15:07:52","guid":{"rendered":"https:\/\/lasprimeras.com.do\/?p=110183"},"modified":"2025-09-26T11:07:53","modified_gmt":"2025-09-26T15:07:53","slug":"el-colapso-del-puente-en-mote-plata-evidencia-la-urgencia-de-sistema-de-supervision-de-obras","status":"publish","type":"post","link":"https:\/\/lasprimeras.com.do\/index.php\/2025\/09\/26\/el-colapso-del-puente-en-mote-plata-evidencia-la-urgencia-de-sistema-de-supervision-de-obras\/","title":{"rendered":"El colapso del puente en Mote Plata evidencia la urgencia de sistema de supervisi\u00f3n de obras"},"content":{"rendered":"\n<p>&nbsp;<br>El senador de Monte Plata, Pedro Tineo, advirti\u00f3 que el colapso del puerto sobre el r\u00edo Ozama que comunica al municipio de Yamas\u00e1 y el distrito municipal de Don Juan, evidencia la urgencia de un sistema nacional de supervisi\u00f3n de obras.<br>&nbsp;<br>\u201cEn la ma\u00f1ana de ayer &nbsp;jueves, nuestra provincia Monte Plata se vio impactada por el desplome de una parte de la estructura del puente que conecta al municipio de Yamas\u00e1 con el Distrito Municipal de Don Juan, justo en el momento en que un cami\u00f3n cargado de materiales intentaba cruzarlo\u201d, manifest\u00f3 el representante senatorial. .<br>&nbsp;<br>Tineo precis\u00f3 que este lamentable hecho no solo mantiene incomunicadas a varias comunidades, sino que tambi\u00e9n cobr\u00f3 la vida del chofer del veh\u00edculo accidentado, a cuya familia y seres queridos les expreso nuestras m\u00e1s sentidas condolencias.<br>&nbsp;<br>El senador monteplatenses asegur\u00f3 que con la tragedia queda una vez m\u00e1s evidenciada la vulnerabilidad de las infraestructuras en la Rep\u00fablica Dominicana,<br>&nbsp;<br>\u201cEs por ello que reiteramos nuestra propuesta de ley que crea el Sistema Nacional de Supervisi\u00f3n de Obras P\u00fablicas y Privadas (SINASCO), con el objetivo de establecer un mecanismo riguroso y permanente de inspecci\u00f3n y certificaci\u00f3n para todas las infraestructuras con m\u00e1s de diez a\u00f1os de construidas\u201d, sostuvo el legislador por el Partido Revolucionario Moderno<br>&nbsp;<br>A juicio del senador Pedro Tineo, el SINASCO permitir\u00e1 detectar a tiempo fallas estructurales, riesgos de deterioro y la necesidad de reparaciones, evitando as\u00ed colapsos que ponen en peligro vidas humanas, paralizan comunidades y generan p\u00e9rdidas econ\u00f3micas considerables.<br>&nbsp;<br>Asever\u00f3 que con la implementaci\u00f3n de este sistema, se busca garantizar que los puentes, carreteras, edificaciones p\u00fablicas y privadas, as\u00ed como las obras estrat\u00e9gicas para el desarrollo nacional, reciban un seguimiento t\u00e9cnico adecuado y continuo.<br>&nbsp;<br>\u201cEl desplome del puente Yamas\u00e1\u2013Don Juan debe convertirse en una voz de alerta para el pa\u00eds\u201d, afirm\u00f3 el legislador.<br>&nbsp;<br>El congresista oficialista plante\u00f3 que la seguridad de nuestra gente no puede depender de la suerte ni de respuestas improvisadas. \u201cNecesitamos aprobar y aplicar cuanto antes este proyecto de ley, porque solo con una supervisi\u00f3n efectiva podremos preservar nuestras infraestructuras y asegurar la vida de quienes dependen de ellas a diario\u201d.<br>&nbsp;<br>Finalmente, el senador de Monte Plata hizo un llamado a sus colegas legisladores, a las autoridades competentes y a toda la ciudadan\u00eda a unir voluntades en torno a esta causa: \u201cPrevenir es salvar vidas, y Monte Plata, as\u00ed como toda la Rep\u00fablica Dominicana no puede esperar m\u00e1s\u201d.<\/p>\n","protected":false},"excerpt":{"rendered":"<p>&nbsp;El senador de Monte Plata, Pedro Tineo, advirti\u00f3 que el colapso del puerto sobre el r\u00edo Ozama que comunica al municipio de Yamas\u00e1 y el distrito municipal de Don Juan,&hellip;<\/p>\n","protected":false},"author":10,"featured_media":110184,"comment_status":"open","ping_status":"open","sticky":false,"template":"","format":"standard","meta":{"content-type":"","jetpack_post_was_ever_published":false,"_jetpack_newsletter_access":"","_jetpack_dont_email_post_to_subs":false,"_jetpack_newsletter_tier_id":0,"_jetpack_memberships_contains_paywalled_content":false,"_jetpack_memberships_contains_paid_content":false,"footnotes":""},"categories":[35,25],"tags":[9609,13033,25127,15001,4879,1101,532,25128,3133],"class_list":["post-110183","post","type-post","status-publish","format-standard","has-post-thumbnail","hentry","category-nacionales","category-portada","tag-colapso","tag-evidencia","tag-mote-plata","tag-pedro-tineo","tag-puente","tag-senador","tag-sistema","tag-supervision-de-obras","tag-urgencia"],"jetpack_featured_media_url":"https:\/\/lasprimeras.com.do\/wp-content\/uploads\/2025\/09\/puente-1.jpg","jetpack-related-posts":[{"id":112477,"url":"https:\/\/lasprimeras.com.do\/index.php\/2025\/10\/22\/senado-aprueba-resolucion-que-declara-de-emergencia-construccion-del-puente-don-juan-monte-plata\/","url_meta":{"origin":110183,"position":0},"title":"Senado aprueba resoluci\u00f3n que declara de emergencia construcci\u00f3n del Puente Don Juan- Monte Plata","author":"Nelson Feliz","date":"22 de octubre de 2025","format":false,"excerpt":"El Senado de la Rep\u00fablica aprob\u00f3 en \u00fanica lectura la resoluci\u00f3n que solicita al presidente Luis Abinader declarar de urgencia el proceso de licitaci\u00f3n para la construcci\u00f3n del Puente que comunica a Don Juan-Monte Plata y el municipio de Yamas\u00e1, en la provincia Monte Plata. La iniciativa legislativa, presentada por\u2026","rel":"","context":"En \u00abNACIONALES\u00bb","block_context":{"text":"NACIONALES","link":"https:\/\/lasprimeras.com.do\/index.php\/category\/nacionales\/"},"img":{"alt_text":"","src":"https:\/\/i0.wp.com\/lasprimeras.com.do\/wp-content\/uploads\/2025\/10\/Ricardo-de-los-Santos-3.jpg?resize=350%2C200&ssl=1","width":350,"height":200,"srcset":"https:\/\/i0.wp.com\/lasprimeras.com.do\/wp-content\/uploads\/2025\/10\/Ricardo-de-los-Santos-3.jpg?resize=350%2C200&ssl=1 1x, https:\/\/i0.wp.com\/lasprimeras.com.do\/wp-content\/uploads\/2025\/10\/Ricardo-de-los-Santos-3.jpg?resize=525%2C300&ssl=1 1.5x, https:\/\/i0.wp.com\/lasprimeras.com.do\/wp-content\/uploads\/2025\/10\/Ricardo-de-los-Santos-3.jpg?resize=700%2C400&ssl=1 2x"},"classes":[]},{"id":110116,"url":"https:\/\/lasprimeras.com.do\/index.php\/2025\/09\/25\/sorpresa-en-monte-plata-por-desplome-de-puente-que-conectaba-don-juan-y-yamasa\/","url_meta":{"origin":110183,"position":1},"title":"Sorpresa en Monte Plata por desplome de puente que conectaba Don Juan y Yamas\u00e1","author":"Nelson Feliz","date":"25 de septiembre de 2025","format":false,"excerpt":"El hecho ocurrido este jueves dej\u00f3 como saldo la muerte de un hombre. El desplome del puente que comunica al distrito municipal Don Juan con el municipio de Yamas\u00e1 tom\u00f3 por sorpresa a los residentes de la zona, quienes aseguran que la estructura no hab\u00eda presentado se\u00f1ales visibles de deterioro\u2026","rel":"","context":"En \u00abNACIONALES\u00bb","block_context":{"text":"NACIONALES","link":"https:\/\/lasprimeras.com.do\/index.php\/category\/nacionales\/"},"img":{"alt_text":"","src":"https:\/\/i0.wp.com\/lasprimeras.com.do\/wp-content\/uploads\/2025\/09\/puente.jpg?resize=350%2C200&ssl=1","width":350,"height":200,"srcset":"https:\/\/i0.wp.com\/lasprimeras.com.do\/wp-content\/uploads\/2025\/09\/puente.jpg?resize=350%2C200&ssl=1 1x, https:\/\/i0.wp.com\/lasprimeras.com.do\/wp-content\/uploads\/2025\/09\/puente.jpg?resize=525%2C300&ssl=1 1.5x, https:\/\/i0.wp.com\/lasprimeras.com.do\/wp-content\/uploads\/2025\/09\/puente.jpg?resize=700%2C400&ssl=1 2x"},"classes":[]},{"id":69073,"url":"https:\/\/lasprimeras.com.do\/index.php\/2023\/11\/29\/roberto-angel-articula-con-varias-instituciones-del-gobierno-acciones-en-la-provincia-de-monte-plata\/","url_meta":{"origin":110183,"position":2},"title":"Roberto \u00c1ngel articula con varias instituciones del Gobierno, acciones en la provincia de Monte Plata","author":"Nelson Feliz","date":"29 de noviembre de 2023","format":false,"excerpt":"Las acciones incluyen reparaci\u00f3n y rehabilitaci\u00f3n de caminos vecinales, tramos de carreteras, puentes, viviendas, entregas de ayudas y enseres domesticos a familias afectadas por lluvias Yamas\u00e1, Monte Plata. - El director general de Proyectos Estrat\u00e9gicos y Especiales de la Presidencia, Roberto \u00c1ngel Salcedo, inici\u00f3 la articulaci\u00f3n interinstitucional en esta provincia\u2026","rel":"","context":"En \u00abNACIONALES\u00bb","block_context":{"text":"NACIONALES","link":"https:\/\/lasprimeras.com.do\/index.php\/category\/nacionales\/"},"img":{"alt_text":"Roberto \u00c1ngel Salcedo","src":"https:\/\/i0.wp.com\/lasprimeras.com.do\/wp-content\/uploads\/2023\/11\/Roberto-Angel-Salcedo-8.jpg?resize=350%2C200&ssl=1","width":350,"height":200,"srcset":"https:\/\/i0.wp.com\/lasprimeras.com.do\/wp-content\/uploads\/2023\/11\/Roberto-Angel-Salcedo-8.jpg?resize=350%2C200&ssl=1 1x, https:\/\/i0.wp.com\/lasprimeras.com.do\/wp-content\/uploads\/2023\/11\/Roberto-Angel-Salcedo-8.jpg?resize=525%2C300&ssl=1 1.5x, https:\/\/i0.wp.com\/lasprimeras.com.do\/wp-content\/uploads\/2023\/11\/Roberto-Angel-Salcedo-8.jpg?resize=700%2C400&ssl=1 2x"},"classes":[]},{"id":88093,"url":"https:\/\/lasprimeras.com.do\/index.php\/2024\/08\/22\/pedro-tineo-propone-convertir-monte-plata-en-una-provincia-modelo\/","url_meta":{"origin":110183,"position":3},"title":"Pedro Tineo propone convertir Monte Plata en una provincia modelo","author":"Nelson Feliz","date":"22 de agosto de 2024","format":false,"excerpt":"En un esfuerzo por impulsar el desarrollo integral de la provincia Monte Plata, el senador Pedro Tineo ha presentado una propuesta ambiciosa que busca transformar la provincia en un ejemplo a nivel nacional. Tineo enfatiz\u00f3 la necesidad de establecer una alianza estrat\u00e9gica con el presidente Luis Abinader, con el objetivo\u2026","rel":"","context":"En \u00abSin categor\u00eda\u00bb","block_context":{"text":"Sin categor\u00eda","link":"https:\/\/lasprimeras.com.do\/index.php\/category\/sin-categoria\/"},"img":{"alt_text":"pedro tineo","src":"https:\/\/i0.wp.com\/lasprimeras.com.do\/wp-content\/uploads\/2024\/08\/pedro-tineo.jpg?resize=350%2C200&ssl=1","width":350,"height":200,"srcset":"https:\/\/i0.wp.com\/lasprimeras.com.do\/wp-content\/uploads\/2024\/08\/pedro-tineo.jpg?resize=350%2C200&ssl=1 1x, https:\/\/i0.wp.com\/lasprimeras.com.do\/wp-content\/uploads\/2024\/08\/pedro-tineo.jpg?resize=525%2C300&ssl=1 1.5x, https:\/\/i0.wp.com\/lasprimeras.com.do\/wp-content\/uploads\/2024\/08\/pedro-tineo.jpg?resize=700%2C400&ssl=1 2x"},"classes":[]},{"id":110217,"url":"https:\/\/lasprimeras.com.do\/index.php\/2025\/09\/26\/coe-las-lluvias-han-dejado-351-viviendas-afectadas-y-1781-personas-desplazadas\/","url_meta":{"origin":110183,"position":4},"title":"COE: Las lluvias han dejado 351 viviendas afectadas y 1,781 personas desplazadas","author":"Nelson Feliz","date":"26 de septiembre de 2025","format":false,"excerpt":"Hay nueve comunidades incomunicadas y diez acueductos fuera de servicio, seg\u00fan inform\u00f3 el Centro de Operaciones de Emergencias. El Centro de Operaciones de Emergencias (COE) report\u00f3 los da\u00f1os causados hasta las 11:00 de la ma\u00f1ana por las lluvias que afectan el territorio nacional, debido a una activa onda tropical con\u2026","rel":"","context":"En \u00abNACIONALES\u00bb","block_context":{"text":"NACIONALES","link":"https:\/\/lasprimeras.com.do\/index.php\/category\/nacionales\/"},"img":{"alt_text":"COE","src":"https:\/\/i0.wp.com\/lasprimeras.com.do\/wp-content\/uploads\/2023\/12\/COE-2.jpg?resize=350%2C200&ssl=1","width":350,"height":200,"srcset":"https:\/\/i0.wp.com\/lasprimeras.com.do\/wp-content\/uploads\/2023\/12\/COE-2.jpg?resize=350%2C200&ssl=1 1x, https:\/\/i0.wp.com\/lasprimeras.com.do\/wp-content\/uploads\/2023\/12\/COE-2.jpg?resize=525%2C300&ssl=1 1.5x, https:\/\/i0.wp.com\/lasprimeras.com.do\/wp-content\/uploads\/2023\/12\/COE-2.jpg?resize=700%2C400&ssl=1 2x"},"classes":[]},{"id":83023,"url":"https:\/\/lasprimeras.com.do\/index.php\/2024\/05\/10\/roberto-angel-encabezo-junto-al-candidato-a-senador-pedro-tineo-una-gran-marcha-en-monte-plata\/","url_meta":{"origin":110183,"position":5},"title":"Roberto \u00c1ngel encabez\u00f3 junto al candidato a senador, Pedro Tineo, una gran marcha en Monte Plata","author":"BIMARY DE JES\u00daS Matos","date":"10 de mayo de 2024","format":false,"excerpt":"MONTE PLATA. - El destacado dirigente pol\u00edtico Roberto \u00c1ngel Salcedo asegur\u00f3 que con la unidad del Partido Revolucionario Moderno (PRM), la alianza que encabeza y el liderazgo del presidente Luis Abinader la victoria electoral en esta provincia \"es un hecho\" que se har\u00e1 realidad el domingo 19 de mayo. En\u2026","rel":"","context":"En \u00abPORTADA\u00bb","block_context":{"text":"PORTADA","link":"https:\/\/lasprimeras.com.do\/index.php\/category\/portada\/"},"img":{"alt_text":"","src":"https:\/\/i0.wp.com\/lasprimeras.com.do\/wp-content\/uploads\/2024\/05\/WhatsApp-Image-2024-05-10-at-11.42.19-AM-1.jpeg?resize=350%2C200&ssl=1","width":350,"height":200,"srcset":"https:\/\/i0.wp.com\/lasprimeras.com.do\/wp-content\/uploads\/2024\/05\/WhatsApp-Image-2024-05-10-at-11.42.19-AM-1.jpeg?resize=350%2C200&ssl=1 1x, https:\/\/i0.wp.com\/lasprimeras.com.do\/wp-content\/uploads\/2024\/05\/WhatsApp-Image-2024-05-10-at-11.42.19-AM-1.jpeg?resize=525%2C300&ssl=1 1.5x, https:\/\/i0.wp.com\/lasprimeras.com.do\/wp-content\/uploads\/2024\/05\/WhatsApp-Image-2024-05-10-at-11.42.19-AM-1.jpeg?resize=700%2C400&ssl=1 2x, https:\/\/i0.wp.com\/lasprimeras.com.do\/wp-content\/uploads\/2024\/05\/WhatsApp-Image-2024-05-10-at-11.42.19-AM-1.jpeg?resize=1050%2C600&ssl=1 3x, https:\/\/i0.wp.com\/lasprimeras.com.do\/wp-content\/uploads\/2024\/05\/WhatsApp-Image-2024-05-10-at-11.42.19-AM-1.jpeg?resize=1400%2C800&ssl=1 4x"},"classes":[]}],"jetpack_sharing_enabled":true,"_links":{"self":[{"href":"https:\/\/lasprimeras.com.do\/index.php\/wp-json\/wp\/v2\/posts\/110183","targetHints":{"allow":["GET"]}}],"collection":[{"href":"https:\/\/lasprimeras.com.do\/index.php\/wp-json\/wp\/v2\/posts"}],"about":[{"href":"https:\/\/lasprimeras.com.do\/index.php\/wp-json\/wp\/v2\/types\/post"}],"author":[{"embeddable":true,"href":"https:\/\/lasprimeras.com.do\/index.php\/wp-json\/wp\/v2\/users\/10"}],"replies":[{"embeddable":true,"href":"https:\/\/lasprimeras.com.do\/index.php\/wp-json\/wp\/v2\/comments?post=110183"}],"version-history":[{"count":1,"href":"https:\/\/lasprimeras.com.do\/index.php\/wp-json\/wp\/v2\/posts\/110183\/revisions"}],"predecessor-version":[{"id":110185,"href":"https:\/\/lasprimeras.com.do\/index.php\/wp-json\/wp\/v2\/posts\/110183\/revisions\/110185"}],"wp:featuredmedia":[{"embeddable":true,"href":"https:\/\/lasprimeras.com.do\/index.php\/wp-json\/wp\/v2\/media\/110184"}],"wp:attachment":[{"href":"https:\/\/lasprimeras.com.do\/index.php\/wp-json\/wp\/v2\/media?parent=110183"}],"wp:term":[{"taxonomy":"category","embeddable":true,"href":"https:\/\/lasprimeras.com.do\/index.php\/wp-json\/wp\/v2\/categories?post=110183"},{"taxonomy":"post_tag","embeddable":true,"href":"https:\/\/lasprimeras.com.do\/index.php\/wp-json\/wp\/v2\/tags?post=110183"}],"curies":[{"name":"wp","href":"https:\/\/api.w.org\/{rel}","templated":true}]}}