{"id":110204,"date":"2025-09-26T12:17:07","date_gmt":"2025-09-26T16:17:07","guid":{"rendered":"https:\/\/lasprimeras.com.do\/?p=110204"},"modified":"2025-09-26T12:17:10","modified_gmt":"2025-09-26T16:17:10","slug":"temistocles-montas-en-haiti-se-debe-desarrollar-el-estado-porque-no-existe","status":"publish","type":"post","link":"https:\/\/lasprimeras.com.do\/index.php\/2025\/09\/26\/temistocles-montas-en-haiti-se-debe-desarrollar-el-estado-porque-no-existe\/","title":{"rendered":"Tem\u00edstocles Mont\u00e1s : En Hait\u00ed se debe desarrollar el Estado, porque no existe"},"content":{"rendered":"\n<p><strong>Mont\u00e1s explica que luego del Di\u00e1logo sobre la Crisis Haitiana y su Implicaci\u00f3n en Rep\u00fablica Dominicana, coordinado por el CES, lo importante es que se cumpla lo acordado<\/strong><\/p>\n\n\n\n<p>El Partido de la Liberaci\u00f3n Dominicana asumi\u00f3 el compromiso respecto al tema haitiano en el marco del Di\u00e1logo impulsado por el Consejo Econ\u00f3mico y Social para abordar la situaci\u00f3n del pa\u00eds vecino y su implicaci\u00f3n en Rep\u00fablica Dominicana.<\/p>\n\n\n\n<p>La referencia fue hecha por el vicepresidente del PLD, Tem\u00edstocles Mont\u00e1s, al responder una pregunta sobre la fecha l\u00edmite de la misi\u00f3n de la ONU en Hait\u00ed el 12 de octubre, en la rueda de prensa que se realiz\u00f3 este jueves en la Casa Nacional pelede\u00edsta.<\/p>\n\n\n\n<p>\u201cEl Partido de la Liberaci\u00f3n Dominicana aport\u00f3 lo que ten\u00eda que aportar ante esta situaci\u00f3n. De modo que realmente entendemos que la gesti\u00f3n del gobierno debe encaminarse en la direcci\u00f3n de lo aprobado en las mesas tem\u00e1ticas del Dialogo del Consejo Econ\u00f3mico y Social\u201d, declar\u00f3 Mont\u00e1s.<\/p>\n\n\n\n<p>Record\u00f3 que ya se firm\u00f3 el pacto y lo importante es que se empiecen a ejecutar esa pol\u00edticas o decisiones emanadas del di\u00e1logo, \u201cpara eso fue el debate, para eso fue el di\u00e1logo\u201d.<\/p>\n\n\n\n<p>Reiter\u00f3 en sus declaraciones considera que el presidente debi\u00f3 aprovechar el escenario de la asamblea ONU para establecer una postura, como lo est\u00e1n haciendo los pa\u00edses latinoamericanos, sobre el tema del genocidio en la franja de Gaza.<\/p>\n\n\n\n<p>Volviendo al tema haitiano, el vicepresidente del PLD dijo que est\u00e1 de acuerdo en que se cambie la dotaci\u00f3n de las fuerzas presentes en Hait\u00ed por una fuerza h\u00edbrida, como dijo el Secretario General de las Naciones Unidas, aclarando que no se trata solo de un problema de seguridad ni de pacificar Hait\u00ed.<\/p>\n\n\n\n<p>\u201cEn Hait\u00ed, tenemos que desarrollar las instituciones, tenemos que desarrollar el Estado. El Estado no existe. Y cuando hablamos de una fuerza h\u00edbrida, nos referimos a una fuerza que no s\u00f3lo se dedica a resolver el problema de la violencia en Hait\u00ed, sino tambi\u00e9n a crear instituciones en ese pa\u00eds\u201d, explic\u00f3 Tem\u00edstocles Mont\u00e1s.<\/p>\n","protected":false},"excerpt":{"rendered":"<p>Mont\u00e1s explica que luego del Di\u00e1logo sobre la Crisis Haitiana y su Implicaci\u00f3n en Rep\u00fablica Dominicana, coordinado por el CES, lo importante es que se cumpla lo acordado El Partido&hellip;<\/p>\n","protected":false},"author":10,"featured_media":110205,"comment_status":"open","ping_status":"open","sticky":false,"template":"","format":"standard","meta":{"content-type":"","jetpack_post_was_ever_published":false,"_jetpack_newsletter_access":"","_jetpack_dont_email_post_to_subs":false,"_jetpack_newsletter_tier_id":0,"_jetpack_memberships_contains_paywalled_content":false,"_jetpack_memberships_contains_paid_content":false,"footnotes":""},"categories":[16559,25],"tags":[11876,25135,264,1220,25134,1226,3672],"class_list":["post-110204","post","type-post","status-publish","format-standard","has-post-thumbnail","hentry","category-politica","category-portada","tag-ces","tag-coordinado","tag-crisis-haitiana","tag-dialogo","tag-implicacion","tag-republica-dominicana","tag-temistocles-montas"],"jetpack_featured_media_url":"https:\/\/lasprimeras.com.do\/wp-content\/uploads\/2025\/09\/Temistocles-Montas.jpg","jetpack-related-posts":[{"id":108799,"url":"https:\/\/lasprimeras.com.do\/index.php\/2025\/09\/10\/danilo-saluda-consenso-nacional-por-la-frontera-y-llama-a-sacar-provecho-del-dialogo\/","url_meta":{"origin":110204,"position":0},"title":"Danilo saluda consenso nacional por la frontera y llama a sacar provecho del di\u00e1logo","author":"Nelson Feliz","date":"10 de septiembre de 2025","format":false,"excerpt":"El ex expresidente de la Rep\u00fablica, Danilo Medina, presidente del Partido de la Liberaci\u00f3n Dominicana recibi\u00f3 este mi\u00e9rcoles el documento final del di\u00e1logo sobre la crisis haitiana y sus implicaciones para la Rep\u00fablica Dominicana entregado por una delegaci\u00f3n del Consejo Econ\u00f3mico y Social (CES), encabezada por su presidente Rafael Toribio.\u2026","rel":"","context":"En \u00abPOLITICA\u00bb","block_context":{"text":"POLITICA","link":"https:\/\/lasprimeras.com.do\/index.php\/category\/politica\/"},"img":{"alt_text":"","src":"https:\/\/i0.wp.com\/lasprimeras.com.do\/wp-content\/uploads\/2025\/09\/PLD-1.jpg?resize=350%2C200&ssl=1","width":350,"height":200,"srcset":"https:\/\/i0.wp.com\/lasprimeras.com.do\/wp-content\/uploads\/2025\/09\/PLD-1.jpg?resize=350%2C200&ssl=1 1x, https:\/\/i0.wp.com\/lasprimeras.com.do\/wp-content\/uploads\/2025\/09\/PLD-1.jpg?resize=525%2C300&ssl=1 1.5x, https:\/\/i0.wp.com\/lasprimeras.com.do\/wp-content\/uploads\/2025\/09\/PLD-1.jpg?resize=700%2C400&ssl=1 2x"},"classes":[]},{"id":101867,"url":"https:\/\/lasprimeras.com.do\/index.php\/2025\/06\/26\/abinader-se-reune-con-el-expresidente-danilo-medina-para-fortalecer-posicion-unificada-ante-crisis-haitiana\/","url_meta":{"origin":110204,"position":1},"title":"Abinader se re\u00fane con el expresidente Danilo Medina para fortalecer posici\u00f3n unificada ante crisis haitiana","author":"Nelson Feliz","date":"26 de junio de 2025","format":false,"excerpt":"El presidente de la Rep\u00fablica, Luis Abinader, sostuvo este jueves una reuni\u00f3n de alto nivel con el expresidente Danilo Medina, en la Casa Presidencial del Partido de la Liberaci\u00f3n Dominicana (PLD), con el objetivo de continuar el di\u00e1logo nacional en torno a la crisis que atraviesa Hait\u00ed y avanzar hacia\u2026","rel":"","context":"En \u00abPOLITICA\u00bb","block_context":{"text":"POLITICA","link":"https:\/\/lasprimeras.com.do\/index.php\/category\/politica\/"},"img":{"alt_text":"","src":"https:\/\/i0.wp.com\/lasprimeras.com.do\/wp-content\/uploads\/2025\/06\/Luis-Abinader-y-Danilo-Medina.jpg?resize=350%2C200&ssl=1","width":350,"height":200,"srcset":"https:\/\/i0.wp.com\/lasprimeras.com.do\/wp-content\/uploads\/2025\/06\/Luis-Abinader-y-Danilo-Medina.jpg?resize=350%2C200&ssl=1 1x, https:\/\/i0.wp.com\/lasprimeras.com.do\/wp-content\/uploads\/2025\/06\/Luis-Abinader-y-Danilo-Medina.jpg?resize=525%2C300&ssl=1 1.5x, https:\/\/i0.wp.com\/lasprimeras.com.do\/wp-content\/uploads\/2025\/06\/Luis-Abinader-y-Danilo-Medina.jpg?resize=700%2C400&ssl=1 2x"},"classes":[]},{"id":118819,"url":"https:\/\/lasprimeras.com.do\/index.php\/2026\/01\/03\/temistocles-montas-republica-dominicana-cierra-el-2025-en-una-crisis-de-confianza\/","url_meta":{"origin":110204,"position":2},"title":"Tem\u00edstocles Mont\u00e1s: Rep\u00fablica Dominicana cierra el 2025 en una crisis de confianza","author":"Nelson Feliz","date":"3 de enero de 2026","format":false,"excerpt":"\u201cReconstruir la credibilidad institucional, fortalecer la prevenci\u00f3n y asumir responsabilidades pol\u00edticas claras es el gran desaf\u00edo para el 2026\u201d El vicepresidente del Partido de la Liberaci\u00f3n Dominicana (PLD), Tem\u00edstocles Mont\u00e1s, declar\u00f3 que Republica Dominicana cerr\u00f3 el 2025 con una crisis de confianza que golpea directamente el coraz\u00f3n de la pol\u00edtica\u2026","rel":"","context":"En \u00abECONOM\u00cdA\u00bb","block_context":{"text":"ECONOM\u00cdA","link":"https:\/\/lasprimeras.com.do\/index.php\/category\/economia\/"},"img":{"alt_text":"Tem\u00edstocles Mont\u00e1s","src":"https:\/\/i0.wp.com\/lasprimeras.com.do\/wp-content\/uploads\/2026\/01\/Temistocles-Montas.jpg?resize=350%2C200&ssl=1","width":350,"height":200,"srcset":"https:\/\/i0.wp.com\/lasprimeras.com.do\/wp-content\/uploads\/2026\/01\/Temistocles-Montas.jpg?resize=350%2C200&ssl=1 1x, https:\/\/i0.wp.com\/lasprimeras.com.do\/wp-content\/uploads\/2026\/01\/Temistocles-Montas.jpg?resize=525%2C300&ssl=1 1.5x, https:\/\/i0.wp.com\/lasprimeras.com.do\/wp-content\/uploads\/2026\/01\/Temistocles-Montas.jpg?resize=700%2C400&ssl=1 2x"},"classes":[]},{"id":110300,"url":"https:\/\/lasprimeras.com.do\/index.php\/2025\/09\/27\/temistocles-montas-cita-factores-que-en-la-presente-gestion-estan-erosionando-la-gobernabilidad\/","url_meta":{"origin":110204,"position":3},"title":"Tem\u00edstocles Mont\u00e1s cita factores que en la presente gesti\u00f3n est\u00e1n erosionando la gobernabilidad","author":"Nelson Feliz","date":"27 de septiembre de 2025","format":false,"excerpt":"El vicepresidente del Partido de la Liberaci\u00f3n Dominicana (PLD), Tem\u00edstocles Mont\u00e1s, considera que en procura de estabilizar las expectativas ciudadanas y recuperar la confianza de los dominicanos en el sistema pol\u00edtico, \u201curge que el gobierno d\u00e9 un salto cualitativo en integridad \u00e9tica y en la calidad de los servicios p\u00fablicos,\u2026","rel":"","context":"En \u00abPOLITICA\u00bb","block_context":{"text":"POLITICA","link":"https:\/\/lasprimeras.com.do\/index.php\/category\/politica\/"},"img":{"alt_text":"Tem\u00edstocles Montas","src":"https:\/\/i0.wp.com\/lasprimeras.com.do\/wp-content\/uploads\/2023\/07\/Temistocles-Montas.jpg?resize=350%2C200&ssl=1","width":350,"height":200,"srcset":"https:\/\/i0.wp.com\/lasprimeras.com.do\/wp-content\/uploads\/2023\/07\/Temistocles-Montas.jpg?resize=350%2C200&ssl=1 1x, https:\/\/i0.wp.com\/lasprimeras.com.do\/wp-content\/uploads\/2023\/07\/Temistocles-Montas.jpg?resize=525%2C300&ssl=1 1.5x, https:\/\/i0.wp.com\/lasprimeras.com.do\/wp-content\/uploads\/2023\/07\/Temistocles-Montas.jpg?resize=700%2C400&ssl=1 2x"},"classes":[]},{"id":126353,"url":"https:\/\/lasprimeras.com.do\/index.php\/2026\/03\/31\/temistocles-montas-acto-irresponsable-ha-generado-conflicto-medio-orienterd-tiene-que-prepararse\/","url_meta":{"origin":110204,"position":4},"title":"Tem\u00edstocles Mont\u00e1s: Acto irresponsable ha generado conflicto Medio Oriente;RD tiene que prepararse","author":"Nelson Feliz","date":"31 de marzo de 2026","format":false,"excerpt":"El vicepresidente del Partido de la Liberaci\u00f3n Dominicana, Tem\u00edstocles Mont\u00e1s, considera como un error de la pol\u00edtica exterior, que la Rep\u00fablica Dominicana se haya adherido a una medida de la pol\u00edtica de Donald Trump frente a la guerra. \u201cUn error porque realmente esta guerra es producto de un acto de\u2026","rel":"","context":"En \u00abPOLITICA\u00bb","block_context":{"text":"POLITICA","link":"https:\/\/lasprimeras.com.do\/index.php\/category\/politica\/"},"img":{"alt_text":"","src":"https:\/\/i0.wp.com\/lasprimeras.com.do\/wp-content\/uploads\/2026\/03\/Temo-1.jpg?resize=350%2C200&ssl=1","width":350,"height":200,"srcset":"https:\/\/i0.wp.com\/lasprimeras.com.do\/wp-content\/uploads\/2026\/03\/Temo-1.jpg?resize=350%2C200&ssl=1 1x, https:\/\/i0.wp.com\/lasprimeras.com.do\/wp-content\/uploads\/2026\/03\/Temo-1.jpg?resize=525%2C300&ssl=1 1.5x, https:\/\/i0.wp.com\/lasprimeras.com.do\/wp-content\/uploads\/2026\/03\/Temo-1.jpg?resize=700%2C400&ssl=1 2x"},"classes":[]},{"id":107369,"url":"https:\/\/lasprimeras.com.do\/index.php\/2025\/08\/26\/temistocles-montas-es-muy-diferente-lo-que-pregona-el-gobierno-y-lo-que-siente-la-poblacion\/","url_meta":{"origin":110204,"position":5},"title":"Tem\u00edstocles Mont\u00e1s: &#8220;Es muy diferente lo que pregona el Gobierno y lo que siente la poblaci\u00f3n&#8221;","author":"Nelson Feliz","date":"26 de agosto de 2025","format":false,"excerpt":"El vicepresidente del Partido de la Liberaci\u00f3n Dominicana (PLD), Tem\u00edstocles Mont\u00e1s, considera como muy serio la diferencia predominante en la poblaci\u00f3n con lo que dice y pregona el Gobierno y lo que sienten los ciudadanos. \u201cLo que percibe la poblaci\u00f3n dominicana es un deterioro real de las condiciones de vida\u201d,\u2026","rel":"","context":"En \u00abPOLITICA\u00bb","block_context":{"text":"POLITICA","link":"https:\/\/lasprimeras.com.do\/index.php\/category\/politica\/"},"img":{"alt_text":"Tem\u00edstocles Montas","src":"https:\/\/i0.wp.com\/lasprimeras.com.do\/wp-content\/uploads\/2023\/07\/Temistocles-Montas.jpg?resize=350%2C200&ssl=1","width":350,"height":200,"srcset":"https:\/\/i0.wp.com\/lasprimeras.com.do\/wp-content\/uploads\/2023\/07\/Temistocles-Montas.jpg?resize=350%2C200&ssl=1 1x, https:\/\/i0.wp.com\/lasprimeras.com.do\/wp-content\/uploads\/2023\/07\/Temistocles-Montas.jpg?resize=525%2C300&ssl=1 1.5x, https:\/\/i0.wp.com\/lasprimeras.com.do\/wp-content\/uploads\/2023\/07\/Temistocles-Montas.jpg?resize=700%2C400&ssl=1 2x"},"classes":[]}],"jetpack_sharing_enabled":true,"_links":{"self":[{"href":"https:\/\/lasprimeras.com.do\/index.php\/wp-json\/wp\/v2\/posts\/110204","targetHints":{"allow":["GET"]}}],"collection":[{"href":"https:\/\/lasprimeras.com.do\/index.php\/wp-json\/wp\/v2\/posts"}],"about":[{"href":"https:\/\/lasprimeras.com.do\/index.php\/wp-json\/wp\/v2\/types\/post"}],"author":[{"embeddable":true,"href":"https:\/\/lasprimeras.com.do\/index.php\/wp-json\/wp\/v2\/users\/10"}],"replies":[{"embeddable":true,"href":"https:\/\/lasprimeras.com.do\/index.php\/wp-json\/wp\/v2\/comments?post=110204"}],"version-history":[{"count":1,"href":"https:\/\/lasprimeras.com.do\/index.php\/wp-json\/wp\/v2\/posts\/110204\/revisions"}],"predecessor-version":[{"id":110206,"href":"https:\/\/lasprimeras.com.do\/index.php\/wp-json\/wp\/v2\/posts\/110204\/revisions\/110206"}],"wp:featuredmedia":[{"embeddable":true,"href":"https:\/\/lasprimeras.com.do\/index.php\/wp-json\/wp\/v2\/media\/110205"}],"wp:attachment":[{"href":"https:\/\/lasprimeras.com.do\/index.php\/wp-json\/wp\/v2\/media?parent=110204"}],"wp:term":[{"taxonomy":"category","embeddable":true,"href":"https:\/\/lasprimeras.com.do\/index.php\/wp-json\/wp\/v2\/categories?post=110204"},{"taxonomy":"post_tag","embeddable":true,"href":"https:\/\/lasprimeras.com.do\/index.php\/wp-json\/wp\/v2\/tags?post=110204"}],"curies":[{"name":"wp","href":"https:\/\/api.w.org\/{rel}","templated":true}]}}