{"id":110207,"date":"2025-09-26T12:27:06","date_gmt":"2025-09-26T16:27:06","guid":{"rendered":"https:\/\/lasprimeras.com.do\/?p=110207"},"modified":"2025-09-26T12:27:08","modified_gmt":"2025-09-26T16:27:08","slug":"dni-y-dncd-reconocen-al-ministro-franklin-garcia-fermin-por-sus-aportes-a-la-formacion-academica","status":"publish","type":"post","link":"https:\/\/lasprimeras.com.do\/index.php\/2025\/09\/26\/dni-y-dncd-reconocen-al-ministro-franklin-garcia-fermin-por-sus-aportes-a-la-formacion-academica\/","title":{"rendered":"DNI y DNCD reconocen al ministro Franklin Garc\u00eda Ferm\u00edn por sus aportes a la formaci\u00f3n acad\u00e9mica"},"content":{"rendered":"\n<p>El Departamento Nacional de Investigaciones (DNI) y la Direcci\u00f3n Nacional de Control de Drogas (DNCD) otorgaron reconocimientos al ministro de Educaci\u00f3n Superior, Ciencia y Tecnolog\u00eda, doctor Franklin Garc\u00eda Ferm\u00edn, durante un acto acad\u00e9mico.<\/p>\n\n\n\n<p>El director general del DNI, Luis Soto, destac\u00f3 la contribuci\u00f3n del funcionario en la formaci\u00f3n acad\u00e9mica y profesional de ese organismo de inteligencia.<\/p>\n\n\n\n<p>\u201cCon alto sentido de agradecimiento, reconocemos hoy al ministro de<br>Educaci\u00f3n Superior, Ciencia y Tecnolog\u00eda, doctor Franklin Garc\u00eda Ferm\u00edn, por su gesti\u00f3n acad\u00e9mica nacional e internacional en beneficio del DNI, en materia educativa, con la cual ha demostrado ser un hombre de Estado y maestro a tiempo completo\u201d, se\u00f1ala el texto del reconocimiento.<\/p>\n\n\n\n<p>De igual forma, la DNCD, a trav\u00e9s de su presidente, el vicealmirante Jos\u00e9 Manuel Cabrera Ulloa, valor\u00f3 el respaldo del MESCyT en la capacitaci\u00f3n de los agentes antidrogas mediante becas para estudios superiores en \u00e1reas de negocios en instituciones internacionales.<\/p>\n\n\n\n<figure class=\"wp-block-image size-full\"><img decoding=\"async\" width=\"877\" height=\"592\" src=\"https:\/\/lasprimeras.com.do\/wp-content\/uploads\/2025\/09\/RER.jpg\" alt=\"\" class=\"wp-image-110209\" srcset=\"https:\/\/lasprimeras.com.do\/wp-content\/uploads\/2025\/09\/RER.jpg 877w, https:\/\/lasprimeras.com.do\/wp-content\/uploads\/2025\/09\/RER-300x203.jpg 300w, https:\/\/lasprimeras.com.do\/wp-content\/uploads\/2025\/09\/RER-768x518.jpg 768w\" sizes=\"(max-width: 877px) 100vw, 877px\" \/><\/figure>\n\n\n\n<p>\u201cAgradecemos el apoyo en beneficio de la profesionalizaci\u00f3n de nuestro personal en \u00e1reas estrat\u00e9gicas, las cuales elevan las competencias operativas para preservar la sociedad dominicana\u201d, expres\u00f3 Cabrera Ulloa al entregar la distinci\u00f3n.<\/p>\n\n\n\n<p>Ambos reconocimientos resaltan la trayectoria del doctor Garc\u00eda Ferm\u00edn, caracterizada por su compromiso con la educaci\u00f3n, la investigaci\u00f3n cient\u00edfica y el fortalecimiento institucional.<\/p>\n\n\n\n<p>Con este homenaje, el ministro es distinguido no solo como funcionario de Estado, sino como un maestro a tiempo completo, cuya labor ha impactado a generaciones y a instituciones tanto en el \u00e1mbito nacional como internacional.<\/p>\n\n\n\n<p>Tras recibir los racionamientos, el ministro Garc\u00eda Ferm\u00edn, dijo que, la educaci\u00f3n es la clave principal para servir y proteger los mejores intereses de la sociedad dominicana.<\/p>\n\n\n\n<p>\u201cCon esta placa y el pergamino, nos lleva reafirma&nbsp;nuestro compromiso con el presente y el futuro del pa\u00eds, el respeto a los derechos humanos y el trabajo para eliminar las desigualdades que atraviesan los hombres y las mujeres en nuestra sociedad\u201d, apunt\u00f3 el funcionario.<\/p>\n","protected":false},"excerpt":{"rendered":"<p>El Departamento Nacional de Investigaciones (DNI) y la Direcci\u00f3n Nacional de Control de Drogas (DNCD) otorgaron reconocimientos al ministro de Educaci\u00f3n Superior, Ciencia y Tecnolog\u00eda, doctor Franklin Garc\u00eda Ferm\u00edn, durante&hellip;<\/p>\n","protected":false},"author":10,"featured_media":110208,"comment_status":"open","ping_status":"open","sticky":false,"template":"","format":"standard","meta":{"content-type":"","jetpack_post_was_ever_published":false,"_jetpack_newsletter_access":"","_jetpack_dont_email_post_to_subs":false,"_jetpack_newsletter_tier_id":0,"_jetpack_memberships_contains_paywalled_content":false,"_jetpack_memberships_contains_paid_content":false,"footnotes":""},"categories":[35],"tags":[9608,1244,3707,6978,862,1373,4985,373,5532,1667],"class_list":["post-110207","post","type-post","status-publish","format-standard","has-post-thumbnail","hentry","category-nacionales","tag-academica","tag-aportes","tag-dncd","tag-dni","tag-formacion","tag-franklin-garcia-fermin","tag-institucional","tag-ministro","tag-profesionalizacion","tag-reconocen"],"jetpack_featured_media_url":"https:\/\/lasprimeras.com.do\/wp-content\/uploads\/2025\/09\/Franklin-Garcia-Fermin-3.jpg","jetpack-related-posts":[{"id":116620,"url":"https:\/\/lasprimeras.com.do\/index.php\/2025\/12\/02\/mescyt-dncd-dni-y-sesi-fortalecen-cooperacion-academica-con-la-firma-de-un-nuevo-acuerdo-interinstitucional\/","url_meta":{"origin":110207,"position":0},"title":"MESCyT, DNCD, DNI y SESI fortalecen cooperaci\u00f3n acad\u00e9mica con la firma de un nuevo acuerdo interinstitucional","author":"Nelson Feliz","date":"2 de diciembre de 2025","format":false,"excerpt":"El Ministerio de Educaci\u00f3n Superior, Ciencia y Tecnolog\u00eda (MESCyT), la Direcci\u00f3n Nacional de Control de Drogas (DNCD), el Departamento Nacional de Investigaciones (DNI) y el Centro Universitario SESI, Escuela Internacional de Negocios de Zaragoza, Espa\u00f1a, firmaron un nuevo convenio espec\u00edfico de colaboraci\u00f3n que fortalece la capacitaci\u00f3n acad\u00e9mica del personal operativo\u2026","rel":"","context":"En \u00abNACIONALES\u00bb","block_context":{"text":"NACIONALES","link":"https:\/\/lasprimeras.com.do\/index.php\/category\/nacionales\/"},"img":{"alt_text":"Franklin Garc\u00eda Ferm\u00edn","src":"https:\/\/i0.wp.com\/lasprimeras.com.do\/wp-content\/uploads\/2025\/12\/Franklin-Garcia-Fermin-1.jpg?resize=350%2C200&ssl=1","width":350,"height":200,"srcset":"https:\/\/i0.wp.com\/lasprimeras.com.do\/wp-content\/uploads\/2025\/12\/Franklin-Garcia-Fermin-1.jpg?resize=350%2C200&ssl=1 1x, https:\/\/i0.wp.com\/lasprimeras.com.do\/wp-content\/uploads\/2025\/12\/Franklin-Garcia-Fermin-1.jpg?resize=525%2C300&ssl=1 1.5x, https:\/\/i0.wp.com\/lasprimeras.com.do\/wp-content\/uploads\/2025\/12\/Franklin-Garcia-Fermin-1.jpg?resize=700%2C400&ssl=1 2x"},"classes":[]},{"id":119887,"url":"https:\/\/lasprimeras.com.do\/index.php\/2026\/01\/18\/reconoce-gerencia-de-garcia-fermin-por-el-fortalecimiento-de-la-educacion-superior\/","url_meta":{"origin":110207,"position":1},"title":"Reconoce gerencia de Garc\u00eda Ferm\u00edn por el fortalecimiento de la educaci\u00f3n superior","author":"Nelson Feliz","date":"18 de enero de 2026","format":false,"excerpt":"El reconocimiento destaca los avances en becas, investigaci\u00f3n, calidad acad\u00e9mica y cooperaci\u00f3n interinstitucional. La Universidad Nacional para la Defensa \u201cGeneral Juan Pablo Duarte y D\u00edez\u201d (UNADE) otorg\u00f3 una placa de reconocimiento al ministro de Educaci\u00f3n Superior, Ciencia y Tecnolog\u00eda (MESCyT), doctor Franklin Garc\u00eda Ferm\u00edn, en m\u00e9rito a su gesti\u00f3n estrat\u00e9gica\u2026","rel":"","context":"En \u00abNACIONALES\u00bb","block_context":{"text":"NACIONALES","link":"https:\/\/lasprimeras.com.do\/index.php\/category\/nacionales\/"},"img":{"alt_text":"UNADE","src":"https:\/\/i0.wp.com\/lasprimeras.com.do\/wp-content\/uploads\/2026\/01\/UNADE-1.jpg?resize=350%2C200&ssl=1","width":350,"height":200,"srcset":"https:\/\/i0.wp.com\/lasprimeras.com.do\/wp-content\/uploads\/2026\/01\/UNADE-1.jpg?resize=350%2C200&ssl=1 1x, https:\/\/i0.wp.com\/lasprimeras.com.do\/wp-content\/uploads\/2026\/01\/UNADE-1.jpg?resize=525%2C300&ssl=1 1.5x, https:\/\/i0.wp.com\/lasprimeras.com.do\/wp-content\/uploads\/2026\/01\/UNADE-1.jpg?resize=700%2C400&ssl=1 2x"},"classes":[]},{"id":109308,"url":"https:\/\/lasprimeras.com.do\/index.php\/2025\/09\/16\/garcia-fermin-reafirma-compromiso-con-la-educacion-superior-durante-visita-a-unisnorte\/","url_meta":{"origin":110207,"position":2},"title":"Garcia Ferm\u00edn reafirma compromiso con la educaci\u00f3n superior durante visita a Unisnorte","author":"Nelson Feliz","date":"16 de septiembre de 2025","format":false,"excerpt":"El ministro de Educaci\u00f3n Superior, Ciencia y Tecnolog\u00eda (MESCyT), doctor Franklin Garc\u00eda Ferm\u00edn, resalt\u00f3 el compromiso del Gobierno dominicano con la expansi\u00f3n y el fortalecimiento de la educaci\u00f3n superior, durante una visita oficial a las nuevas instalaciones de la Universidad Santo Domingo Norte (Unisnorte). Acompa\u00f1ado por autoridades de la instituci\u00f3n,\u2026","rel":"","context":"En \u00abNACIONALES\u00bb","block_context":{"text":"NACIONALES","link":"https:\/\/lasprimeras.com.do\/index.php\/category\/nacionales\/"},"img":{"alt_text":"","src":"https:\/\/i0.wp.com\/lasprimeras.com.do\/wp-content\/uploads\/2025\/09\/Franklin-Garcia-Fermin-1-1.jpg?resize=350%2C200&ssl=1","width":350,"height":200,"srcset":"https:\/\/i0.wp.com\/lasprimeras.com.do\/wp-content\/uploads\/2025\/09\/Franklin-Garcia-Fermin-1-1.jpg?resize=350%2C200&ssl=1 1x, https:\/\/i0.wp.com\/lasprimeras.com.do\/wp-content\/uploads\/2025\/09\/Franklin-Garcia-Fermin-1-1.jpg?resize=525%2C300&ssl=1 1.5x, https:\/\/i0.wp.com\/lasprimeras.com.do\/wp-content\/uploads\/2025\/09\/Franklin-Garcia-Fermin-1-1.jpg?resize=700%2C400&ssl=1 2x"},"classes":[]},{"id":115689,"url":"https:\/\/lasprimeras.com.do\/index.php\/2025\/11\/24\/universidad-adventista-entrega-titulo-honoris-causa-al-ministro-franklin-garcia-fermin\/","url_meta":{"origin":110207,"position":3},"title":"Universidad Adventista entrega t\u00edtulo honoris causa al ministro Franklin Garc\u00eda Ferm\u00edn","author":"Nelson Feliz","date":"24 de noviembre de 2025","format":false,"excerpt":"La Universidad Adventista Dominicana entreg\u00f3 al pa\u00eds 273 nuevos profesionales de grado y postgrado, incluidos 27 doctores en Educaci\u00f3n, como parte de la quinquag\u00e9sima investidura ordinaria que celebr\u00f3 la academia con la presencia se sus m\u00e1s altas autoridades. El acto fue encabezado por el presidente de la Uni\u00f3n Dominicana de\u2026","rel":"","context":"En \u00abNACIONALES\u00bb","block_context":{"text":"NACIONALES","link":"https:\/\/lasprimeras.com.do\/index.php\/category\/nacionales\/"},"img":{"alt_text":"","src":"https:\/\/i0.wp.com\/lasprimeras.com.do\/wp-content\/uploads\/2025\/11\/Franklin-Garcia-Fermin.jpg?resize=350%2C200&ssl=1","width":350,"height":200,"srcset":"https:\/\/i0.wp.com\/lasprimeras.com.do\/wp-content\/uploads\/2025\/11\/Franklin-Garcia-Fermin.jpg?resize=350%2C200&ssl=1 1x, https:\/\/i0.wp.com\/lasprimeras.com.do\/wp-content\/uploads\/2025\/11\/Franklin-Garcia-Fermin.jpg?resize=525%2C300&ssl=1 1.5x, https:\/\/i0.wp.com\/lasprimeras.com.do\/wp-content\/uploads\/2025\/11\/Franklin-Garcia-Fermin.jpg?resize=700%2C400&ssl=1 2x"},"classes":[]},{"id":119556,"url":"https:\/\/lasprimeras.com.do\/index.php\/2026\/01\/14\/garcia-fermin-exhorta-universidades-fortalecer-investigacion-y-resalta-impacto-de-las-becas-internacionales\/","url_meta":{"origin":110207,"position":4},"title":"Garc\u00eda Ferm\u00edn exhorta universidades fortalecer investigaci\u00f3n y resalta impacto de las becas internacionales*","author":"Nelson Feliz","date":"14 de enero de 2026","format":false,"excerpt":"El ministro de Educaci\u00f3n Superior, Ciencia y Tecnolog\u00eda (MESCyT), doctor Franklin Garc\u00eda Ferm\u00edn, exhort\u00f3 a las universidades de Rep\u00fablica Dominicana a fortalecer y desarrollar programas de investigaci\u00f3n, al tiempo que resalt\u00f3 el valor humano y social del programa de becas internacionales impulsado por el Gobierno dominicano. Durante su intervenci\u00f3n, el\u2026","rel":"","context":"En \u00abNACIONALES\u00bb","block_context":{"text":"NACIONALES","link":"https:\/\/lasprimeras.com.do\/index.php\/category\/nacionales\/"},"img":{"alt_text":"","src":"https:\/\/i0.wp.com\/lasprimeras.com.do\/wp-content\/uploads\/2026\/01\/IMG-20260113-WA0624.jpg?resize=350%2C200&ssl=1","width":350,"height":200,"srcset":"https:\/\/i0.wp.com\/lasprimeras.com.do\/wp-content\/uploads\/2026\/01\/IMG-20260113-WA0624.jpg?resize=350%2C200&ssl=1 1x, https:\/\/i0.wp.com\/lasprimeras.com.do\/wp-content\/uploads\/2026\/01\/IMG-20260113-WA0624.jpg?resize=525%2C300&ssl=1 1.5x, https:\/\/i0.wp.com\/lasprimeras.com.do\/wp-content\/uploads\/2026\/01\/IMG-20260113-WA0624.jpg?resize=700%2C400&ssl=1 2x, https:\/\/i0.wp.com\/lasprimeras.com.do\/wp-content\/uploads\/2026\/01\/IMG-20260113-WA0624.jpg?resize=1050%2C600&ssl=1 3x, https:\/\/i0.wp.com\/lasprimeras.com.do\/wp-content\/uploads\/2026\/01\/IMG-20260113-WA0624.jpg?resize=1400%2C800&ssl=1 4x"},"classes":[]},{"id":102479,"url":"https:\/\/lasprimeras.com.do\/index.php\/2025\/07\/05\/reconocen-a-garcia-fermin-por-su-liderazgo-y-transparencia-en-el-programa-de-becas-nacionales-e-internacionales-del-mescyt\/","url_meta":{"origin":110207,"position":5},"title":"Reconocen a Garc\u00eda Ferm\u00edn por su liderazgo y transparencia en el programa de becas nacionales e internacionales del MESCyT","author":"Nelson Feliz","date":"5 de julio de 2025","format":false,"excerpt":"La condecoraci\u00f3n otorgada por el Equipo Apolo 27 del Instituto Tecnol\u00f3gico de Santo Domingo (INTEC); resaltan excelente manejo por sus valiosos aportes al sistema educativo superior El titular del Ministerio de Educaci\u00f3n Superior, Ciencia y Tecnolog\u00eda, doctor Franklin Garc\u00eda Ferm\u00edn, recibi\u00f3 un reconocimiento por el Equipo de Apolo 27 del\u2026","rel":"","context":"En \u00abNACIONALES\u00bb","block_context":{"text":"NACIONALES","link":"https:\/\/lasprimeras.com.do\/index.php\/category\/nacionales\/"},"img":{"alt_text":"","src":"https:\/\/i0.wp.com\/lasprimeras.com.do\/wp-content\/uploads\/2025\/07\/fermin-1.jpg?resize=350%2C200&ssl=1","width":350,"height":200,"srcset":"https:\/\/i0.wp.com\/lasprimeras.com.do\/wp-content\/uploads\/2025\/07\/fermin-1.jpg?resize=350%2C200&ssl=1 1x, https:\/\/i0.wp.com\/lasprimeras.com.do\/wp-content\/uploads\/2025\/07\/fermin-1.jpg?resize=525%2C300&ssl=1 1.5x, https:\/\/i0.wp.com\/lasprimeras.com.do\/wp-content\/uploads\/2025\/07\/fermin-1.jpg?resize=700%2C400&ssl=1 2x"},"classes":[]}],"jetpack_sharing_enabled":true,"_links":{"self":[{"href":"https:\/\/lasprimeras.com.do\/index.php\/wp-json\/wp\/v2\/posts\/110207","targetHints":{"allow":["GET"]}}],"collection":[{"href":"https:\/\/lasprimeras.com.do\/index.php\/wp-json\/wp\/v2\/posts"}],"about":[{"href":"https:\/\/lasprimeras.com.do\/index.php\/wp-json\/wp\/v2\/types\/post"}],"author":[{"embeddable":true,"href":"https:\/\/lasprimeras.com.do\/index.php\/wp-json\/wp\/v2\/users\/10"}],"replies":[{"embeddable":true,"href":"https:\/\/lasprimeras.com.do\/index.php\/wp-json\/wp\/v2\/comments?post=110207"}],"version-history":[{"count":1,"href":"https:\/\/lasprimeras.com.do\/index.php\/wp-json\/wp\/v2\/posts\/110207\/revisions"}],"predecessor-version":[{"id":110210,"href":"https:\/\/lasprimeras.com.do\/index.php\/wp-json\/wp\/v2\/posts\/110207\/revisions\/110210"}],"wp:featuredmedia":[{"embeddable":true,"href":"https:\/\/lasprimeras.com.do\/index.php\/wp-json\/wp\/v2\/media\/110208"}],"wp:attachment":[{"href":"https:\/\/lasprimeras.com.do\/index.php\/wp-json\/wp\/v2\/media?parent=110207"}],"wp:term":[{"taxonomy":"category","embeddable":true,"href":"https:\/\/lasprimeras.com.do\/index.php\/wp-json\/wp\/v2\/categories?post=110207"},{"taxonomy":"post_tag","embeddable":true,"href":"https:\/\/lasprimeras.com.do\/index.php\/wp-json\/wp\/v2\/tags?post=110207"}],"curies":[{"name":"wp","href":"https:\/\/api.w.org\/{rel}","templated":true}]}}