{"id":110211,"date":"2025-09-26T12:50:56","date_gmt":"2025-09-26T16:50:56","guid":{"rendered":"https:\/\/lasprimeras.com.do\/?p=110211"},"modified":"2025-09-26T12:50:58","modified_gmt":"2025-09-26T16:50:58","slug":"opret-suspende-servicios-de-la-linea-1-del-teleferico-de-santo-domingo-por-onda-tropical","status":"publish","type":"post","link":"https:\/\/lasprimeras.com.do\/index.php\/2025\/09\/26\/opret-suspende-servicios-de-la-linea-1-del-teleferico-de-santo-domingo-por-onda-tropical\/","title":{"rendered":"OPRET suspende servicios de la L\u00ednea 1 del Telef\u00e9rico de Santo Domingo por onda tropical"},"content":{"rendered":"\n<p><strong>Esta medida ser\u00e1 hasta que se normalice la condici\u00f3n clim\u00e1tica, ser\u00e1 reanudado el servicio.<\/strong><\/p>\n\n\n\n<p>La Oficina para el Reordenamiento del Transporte (OPRET) inform\u00f3 a los usuarios que la L\u00ednea 1 del Telef\u00e9rico de Santo Domingo, desde la estaci\u00f3n Gualey hasta la estaci\u00f3n Charles de Gaulle (T1-T4), se encuentra temporalmente fuera de servicio debido a las condiciones clim\u00e1ticas.<\/p>\n\n\n\n<p>Indic\u00f3 que una vez se normalice la condici\u00f3n clim\u00e1tica, ser\u00e1 reanudado el servicio.<\/p>\n\n\n\n<figure class=\"wp-block-image size-full\"><img decoding=\"async\" width=\"800\" height=\"800\" src=\"https:\/\/lasprimeras.com.do\/wp-content\/uploads\/2025\/09\/68d6b50c92e9f.jpeg\" alt=\"\" class=\"wp-image-110212\" srcset=\"https:\/\/lasprimeras.com.do\/wp-content\/uploads\/2025\/09\/68d6b50c92e9f.jpeg 800w, https:\/\/lasprimeras.com.do\/wp-content\/uploads\/2025\/09\/68d6b50c92e9f-300x300.jpeg 300w, https:\/\/lasprimeras.com.do\/wp-content\/uploads\/2025\/09\/68d6b50c92e9f-150x150.jpeg 150w, https:\/\/lasprimeras.com.do\/wp-content\/uploads\/2025\/09\/68d6b50c92e9f-768x768.jpeg 768w\" sizes=\"(max-width: 800px) 100vw, 800px\" \/><\/figure>\n\n\n\n<p>Seg\u00fan la OPRET, esta medida responde a las condiciones clim\u00e1ticas adversas provocadas por una onda tropical que afecta el \u00e1rea de operaci\u00f3n del sistema.<\/p>\n","protected":false},"excerpt":{"rendered":"<p>Esta medida ser\u00e1 hasta que se normalice la condici\u00f3n clim\u00e1tica, ser\u00e1 reanudado el servicio. La Oficina para el Reordenamiento del Transporte (OPRET) inform\u00f3 a los usuarios que la L\u00ednea 1&hellip;<\/p>\n","protected":false},"author":10,"featured_media":0,"comment_status":"open","ping_status":"open","sticky":false,"template":"","format":"standard","meta":{"content-type":"","jetpack_post_was_ever_published":false,"_jetpack_newsletter_access":"","_jetpack_dont_email_post_to_subs":false,"_jetpack_newsletter_tier_id":0,"_jetpack_memberships_contains_paywalled_content":false,"_jetpack_memberships_contains_paid_content":false,"footnotes":""},"categories":[35,25],"tags":[25136,4892,4145,806,994,1524],"class_list":["post-110211","post","type-post","status-publish","format-standard","hentry","category-nacionales","category-portada","tag-linea-1-del-teleferico","tag-onda-tropical","tag-opret","tag-santo-domingo","tag-servicios","tag-suspende"],"jetpack_featured_media_url":"","jetpack-related-posts":[{"id":102064,"url":"https:\/\/lasprimeras.com.do\/index.php\/2025\/06\/30\/el-metro-y-linea-1-del-teleferico-abriran-a-las-530-am-a-partir-del-31-de-julio\/","url_meta":{"origin":110211,"position":0},"title":"El Metro y l\u00ednea 1 del Tel\u00e9ferico abrir\u00e1n a las 5:30 am a partir del 31 de julio","author":"Nelson Feliz","date":"30 de junio de 2025","format":false,"excerpt":"La medida se aplicar\u00e1 de lunes a viernes y fue tomada para complementar el sistema de horario escalonado que implementar\u00e1n las instituciones p\u00fablicas a partir de este martes. La Oficina para el Reordenamiento del Transporte (Opret) inform\u00f3 que, a partir del pr\u00f3ximo 31 de julio, el Metro de Santo Domingo\u2026","rel":"","context":"En \u00abNACIONALES\u00bb","block_context":{"text":"NACIONALES","link":"https:\/\/lasprimeras.com.do\/index.php\/category\/nacionales\/"},"img":{"alt_text":"","src":"https:\/\/i0.wp.com\/lasprimeras.com.do\/wp-content\/uploads\/2024\/07\/METRO-SD.jpg?resize=350%2C200&ssl=1","width":350,"height":200,"srcset":"https:\/\/i0.wp.com\/lasprimeras.com.do\/wp-content\/uploads\/2024\/07\/METRO-SD.jpg?resize=350%2C200&ssl=1 1x, https:\/\/i0.wp.com\/lasprimeras.com.do\/wp-content\/uploads\/2024\/07\/METRO-SD.jpg?resize=525%2C300&ssl=1 1.5x, https:\/\/i0.wp.com\/lasprimeras.com.do\/wp-content\/uploads\/2024\/07\/METRO-SD.jpg?resize=700%2C400&ssl=1 2x"},"classes":[]},{"id":105122,"url":"https:\/\/lasprimeras.com.do\/index.php\/2025\/07\/30\/el-metro-y-el-teleferico-iniciaran-operaciones-a-las-530-de-la-manana\/","url_meta":{"origin":110211,"position":1},"title":"El metro y el telef\u00e9rico iniciar\u00e1n operaciones a las 5:30 de la ma\u00f1ana","author":"Nelson Feliz","date":"30 de julio de 2025","format":false,"excerpt":"La extensi\u00f3n del horario forma parte del plan \"RD se Mueve\", que busca mejorar la movilidad en la ciudad y ofrecer facilidades a los usuarios. El Metro y la L\u00ednea 1 del Telef\u00e9rico de Santo Domingo operar\u00e1n desde las 5:30 de la ma\u00f1ana, a partir del jueves 31 de julio,\u2026","rel":"","context":"En \u00abNACIONALES\u00bb","block_context":{"text":"NACIONALES","link":"https:\/\/lasprimeras.com.do\/index.php\/category\/nacionales\/"},"img":{"alt_text":"","src":"https:\/\/i0.wp.com\/lasprimeras.com.do\/wp-content\/uploads\/2025\/07\/metro-y-el-teleferico.jpg?resize=350%2C200&ssl=1","width":350,"height":200,"srcset":"https:\/\/i0.wp.com\/lasprimeras.com.do\/wp-content\/uploads\/2025\/07\/metro-y-el-teleferico.jpg?resize=350%2C200&ssl=1 1x, https:\/\/i0.wp.com\/lasprimeras.com.do\/wp-content\/uploads\/2025\/07\/metro-y-el-teleferico.jpg?resize=525%2C300&ssl=1 1.5x, https:\/\/i0.wp.com\/lasprimeras.com.do\/wp-content\/uploads\/2025\/07\/metro-y-el-teleferico.jpg?resize=700%2C400&ssl=1 2x"},"classes":[]},{"id":75504,"url":"https:\/\/lasprimeras.com.do\/index.php\/2024\/02\/02\/opret-restablece-servicio-del-teleferico-en-tramo-gualey-sabana-perdida\/","url_meta":{"origin":110211,"position":2},"title":"Opret restablece servicio del Telef\u00e9rico en tramo Gualey-Sabana Perdida","author":"BIMARY DE JES\u00daS Matos","date":"2 de febrero de 2024","format":false,"excerpt":"Santo Domingo.-La Oficina para el Reordenamiento del Transporte (Opret) inform\u00f3 que despu\u00e9s de un \u00abexitoso\u00bb mantenimiento programado, la L\u00ednea 1 del Telef\u00e9rico de Santo Domingo, que va desde la estaci\u00f3n Gualey hasta la estaci\u00f3n Sabana Perdida (T1-T3), se encuentra operando en su horario habitual hasta las 10:30 de la noche.\u2026","rel":"","context":"En \u00abPORTADA\u00bb","block_context":{"text":"PORTADA","link":"https:\/\/lasprimeras.com.do\/index.php\/category\/portada\/"},"img":{"alt_text":"","src":"https:\/\/i0.wp.com\/lasprimeras.com.do\/wp-content\/uploads\/2024\/02\/Diseno-sin-titulo-4.jpg?resize=350%2C200&ssl=1","width":350,"height":200,"srcset":"https:\/\/i0.wp.com\/lasprimeras.com.do\/wp-content\/uploads\/2024\/02\/Diseno-sin-titulo-4.jpg?resize=350%2C200&ssl=1 1x, https:\/\/i0.wp.com\/lasprimeras.com.do\/wp-content\/uploads\/2024\/02\/Diseno-sin-titulo-4.jpg?resize=525%2C300&ssl=1 1.5x, https:\/\/i0.wp.com\/lasprimeras.com.do\/wp-content\/uploads\/2024\/02\/Diseno-sin-titulo-4.jpg?resize=700%2C400&ssl=1 2x"},"classes":[]},{"id":127071,"url":"https:\/\/lasprimeras.com.do\/index.php\/2026\/04\/08\/suspenden-servicio-del-metro-y-teleferico-santo-domingo\/","url_meta":{"origin":110211,"position":3},"title":"Suspenden servicio del Metro y Telef\u00e9rico Santo Domingo","author":"Nelson Feliz","date":"8 de abril de 2026","format":false,"excerpt":"Las recientes lluvias registradas en el pa\u00eds provocaron lasuspensi\u00f3n temporal de varios servicios del sistema de transporte masivo, seg\u00fan inform\u00f3 laEmpresa Metropolitana de Transporte(MT). De acuerdo con un comunicado emitido este mi\u00e9rcoles, como medida preventiva y de seguridad ante condiciones clim\u00e1ticas adversas y descargas el\u00e9ctricas, quedaron fuera de servicio de\u2026","rel":"","context":"En \u00abNACIONALES\u00bb","block_context":{"text":"NACIONALES","link":"https:\/\/lasprimeras.com.do\/index.php\/category\/nacionales\/"},"img":{"alt_text":"","src":"https:\/\/i0.wp.com\/lasprimeras.com.do\/wp-content\/uploads\/2025\/08\/METRO-1.jpg?resize=350%2C200&ssl=1","width":350,"height":200,"srcset":"https:\/\/i0.wp.com\/lasprimeras.com.do\/wp-content\/uploads\/2025\/08\/METRO-1.jpg?resize=350%2C200&ssl=1 1x, https:\/\/i0.wp.com\/lasprimeras.com.do\/wp-content\/uploads\/2025\/08\/METRO-1.jpg?resize=525%2C300&ssl=1 1.5x, https:\/\/i0.wp.com\/lasprimeras.com.do\/wp-content\/uploads\/2025\/08\/METRO-1.jpg?resize=700%2C400&ssl=1 2x"},"classes":[]},{"id":114855,"url":"https:\/\/lasprimeras.com.do\/index.php\/2025\/11\/17\/jhael-isa-tavarez-es-juramentado-como-nuevo-director-de-la-opret\/","url_meta":{"origin":110211,"position":4},"title":"Jhael Isa Tav\u00e1rez es juramentado como nuevo director de la Opret","author":"Nelson Feliz","date":"17 de noviembre de 2025","format":false,"excerpt":"Fungir\u00e1 como director ejecutivo honor\u00edfico del Fitram y participar\u00e1 en su Consejo T\u00e9cnico con voz, pero sin voto. El ministro de Obras P\u00fablicas, Eduardo Estrella, jurament\u00f3 este lunes al ingeniero Jhael Isa Tav\u00e1rez, designado por el presidente Luis Abinader como nuevo director de la Oficina Para el Reordenamiento del Transporte\u2026","rel":"","context":"En \u00abNACIONALES\u00bb","block_context":{"text":"NACIONALES","link":"https:\/\/lasprimeras.com.do\/index.php\/category\/nacionales\/"},"img":{"alt_text":"El ministro de Obras P\u00fablicas, Eduardo Estrella, juramenta al ingeniero Jhael Isa Tav\u00e1rez como nuevo director de la Oficina Para el Reordenamiento del Transporte (Opret).","src":"https:\/\/i0.wp.com\/lasprimeras.com.do\/wp-content\/uploads\/2025\/11\/Jhael-Isa-Tavarez-1.jpg?resize=350%2C200&ssl=1","width":350,"height":200,"srcset":"https:\/\/i0.wp.com\/lasprimeras.com.do\/wp-content\/uploads\/2025\/11\/Jhael-Isa-Tavarez-1.jpg?resize=350%2C200&ssl=1 1x, https:\/\/i0.wp.com\/lasprimeras.com.do\/wp-content\/uploads\/2025\/11\/Jhael-Isa-Tavarez-1.jpg?resize=525%2C300&ssl=1 1.5x, https:\/\/i0.wp.com\/lasprimeras.com.do\/wp-content\/uploads\/2025\/11\/Jhael-Isa-Tavarez-1.jpg?resize=700%2C400&ssl=1 2x"},"classes":[]},{"id":74867,"url":"https:\/\/lasprimeras.com.do\/index.php\/2024\/01\/27\/teleferico-estara-fuera-de-servicio-este-domingo-28-por-mantenimiento\/","url_meta":{"origin":110211,"position":5},"title":"Telef\u00e9rico estar\u00e1 fuera de servicio este domingo 28 por mantenimiento","author":"BIMARY DE JES\u00daS Matos","date":"27 de enero de 2024","format":false,"excerpt":"Santo Domingo.- Ante la suspensi\u00f3n del servicio del Telef\u00e9rico de Santo Domingo por mantenimiento durante el domingo 28 de enero, los autobuses de la ahora Operadora Metropolitana de Servicios de Autobuses (OMSA) trasladar\u00e1n a los usuarios habituales, sin costo adicional. La medida fue tomada ante la decisi\u00f3n de la Oficina\u2026","rel":"","context":"En \u00abPORTADA\u00bb","block_context":{"text":"PORTADA","link":"https:\/\/lasprimeras.com.do\/index.php\/category\/portada\/"},"img":{"alt_text":"","src":"https:\/\/i0.wp.com\/lasprimeras.com.do\/wp-content\/uploads\/2024\/01\/ELNACIONAL_0020046883-1024x683-1.webp?resize=350%2C200&ssl=1","width":350,"height":200,"srcset":"https:\/\/i0.wp.com\/lasprimeras.com.do\/wp-content\/uploads\/2024\/01\/ELNACIONAL_0020046883-1024x683-1.webp?resize=350%2C200&ssl=1 1x, https:\/\/i0.wp.com\/lasprimeras.com.do\/wp-content\/uploads\/2024\/01\/ELNACIONAL_0020046883-1024x683-1.webp?resize=525%2C300&ssl=1 1.5x, https:\/\/i0.wp.com\/lasprimeras.com.do\/wp-content\/uploads\/2024\/01\/ELNACIONAL_0020046883-1024x683-1.webp?resize=700%2C400&ssl=1 2x, https:\/\/i0.wp.com\/lasprimeras.com.do\/wp-content\/uploads\/2024\/01\/ELNACIONAL_0020046883-1024x683-1.webp?resize=1050%2C600&ssl=1 3x"},"classes":[]}],"jetpack_sharing_enabled":true,"_links":{"self":[{"href":"https:\/\/lasprimeras.com.do\/index.php\/wp-json\/wp\/v2\/posts\/110211","targetHints":{"allow":["GET"]}}],"collection":[{"href":"https:\/\/lasprimeras.com.do\/index.php\/wp-json\/wp\/v2\/posts"}],"about":[{"href":"https:\/\/lasprimeras.com.do\/index.php\/wp-json\/wp\/v2\/types\/post"}],"author":[{"embeddable":true,"href":"https:\/\/lasprimeras.com.do\/index.php\/wp-json\/wp\/v2\/users\/10"}],"replies":[{"embeddable":true,"href":"https:\/\/lasprimeras.com.do\/index.php\/wp-json\/wp\/v2\/comments?post=110211"}],"version-history":[{"count":1,"href":"https:\/\/lasprimeras.com.do\/index.php\/wp-json\/wp\/v2\/posts\/110211\/revisions"}],"predecessor-version":[{"id":110213,"href":"https:\/\/lasprimeras.com.do\/index.php\/wp-json\/wp\/v2\/posts\/110211\/revisions\/110213"}],"wp:attachment":[{"href":"https:\/\/lasprimeras.com.do\/index.php\/wp-json\/wp\/v2\/media?parent=110211"}],"wp:term":[{"taxonomy":"category","embeddable":true,"href":"https:\/\/lasprimeras.com.do\/index.php\/wp-json\/wp\/v2\/categories?post=110211"},{"taxonomy":"post_tag","embeddable":true,"href":"https:\/\/lasprimeras.com.do\/index.php\/wp-json\/wp\/v2\/tags?post=110211"}],"curies":[{"name":"wp","href":"https:\/\/api.w.org\/{rel}","templated":true}]}}