{"id":110217,"date":"2025-09-26T13:03:01","date_gmt":"2025-09-26T17:03:01","guid":{"rendered":"https:\/\/lasprimeras.com.do\/?p=110217"},"modified":"2025-09-26T13:03:03","modified_gmt":"2025-09-26T17:03:03","slug":"coe-las-lluvias-han-dejado-351-viviendas-afectadas-y-1781-personas-desplazadas","status":"publish","type":"post","link":"https:\/\/lasprimeras.com.do\/index.php\/2025\/09\/26\/coe-las-lluvias-han-dejado-351-viviendas-afectadas-y-1781-personas-desplazadas\/","title":{"rendered":"COE: Las lluvias han dejado 351 viviendas afectadas y 1,781 personas desplazadas"},"content":{"rendered":"\n<p><strong>Hay nueve comunidades incomunicadas y diez acueductos fuera de servicio, seg\u00fan inform\u00f3 el Centro de Operaciones de Emergencias.<\/strong><\/p>\n\n\n\n<p>El Centro de Operaciones de Emergencias (COE) report\u00f3 los da\u00f1os causados hasta las 11:00 de la ma\u00f1ana por las lluvias que afectan el territorio nacional, debido a una activa onda tropical con potencial cicl\u00f3nico.<\/p>\n\n\n\n<p>Hay 351 viviendas afectadas, 1,781 personas desplazadas y evacuadas, nueve comunidades incomunicadas y 26 personas en un albergue.<\/p>\n\n\n\n<p>El bolet\u00edn del COE recoge que el Instituto Nacional de Aguas Potables y Alcantarillados (INAPA) report\u00f3 que diez acueductos est\u00e1n fuera de servicio total, afectando unos 17,925 usuarios.<\/p>\n\n\n\n<p>Estas son las obras que han tenido alg\u00fan tipo de afectaciones por las lluvias:<\/p>\n\n\n\n<p>En La Altagracia reportan calles inundadas y crecidas de r\u00edos y arroyos en los sectores de Anamuya y Villa Mar\u00eda, en el municipio de Hig\u00fcey, por lo que las autoridades locales se mantienen en sesi\u00f3n permanente.<\/p>\n\n\n\n<p>El ayuntamiento de Ver\u00f3n-Punta Cana informa que debido a las fuertes lluvias unas 26 viviendas fueron anegadas.<\/p>\n\n\n\n<p>Adem\u00e1s, se produjeron inundaciones urbanas en diferentes puntos del distrito municipal, siendo las \u00e1reas de Ver\u00f3n, B\u00e1varo, Cortesito, Sabana de Los Mart\u00ednez de las zonas m\u00e1s afectadas.<\/p>\n\n\n\n<p>Debido a las fuertes lluvias un \u00e1rbol en la carretera Hig\u00fcey-Anamuyita obstaculizando el tr\u00e1fico, \u201cse procedi\u00f3 a la remisi\u00f3n de escombros, la v\u00eda fue habilitada\u201d.<\/p>\n\n\n\n<p>En Monte Plata tribuyen a las lluvias el colapso del puente tras el paso de un cami\u00f3n volteo, donde el conductor perdi\u00f3 la vida, el jueves en la carretera Don Juan- Yamas\u00e1, donde la comunidad de Yamas\u00e1 y Monte Plata siguen incomunicadas.<\/p>\n\n\n\n<p>Azua, en el distrito municipal Del Rosario, la Defensa Civil habilit\u00f3 un albergue en el Liceo Gregorio Luper\u00f3n, donde fueron llevadas nueve familias, integradas por 26 personas. Adem\u00e1s, por el desbordamiento del Rio T\u00e1bara, unas 160 viviendas fueron amagadas y 774 personas desplazadas.<\/p>\n\n\n\n<p>En San Pedro de Macor\u00eds, por las fuertes lluvias y el mal funcionamiento del drenaje pluvial se produjeron inundaciones urbanas en los sectores Placer Bonito, Pedro Justo, Calle T, Barrio Los Maestro, Barrio M\u00e9xico, entrada del hospital seguro social, La Batea, Kennedy, primavera.<\/p>\n\n\n\n<p>Tambi\u00e9n por la crecida del rio Soco est\u00e1n parcialmente incomunicadas las comunidades de: Concho Primo, Diego, Loma Alduey, Campi\u00f1a, Platanito, Bejucal, Cabeza de Toro, Guan\u00e1bano y Regajo.<\/p>\n\n\n\n<p>En Santiago se reportan inundaciones en los sectores: Los Cocos de Jacagua, Yapul Dumit, Cienfuegos, Entrada de Rafey, Barrio Libertad, Mella I, Circunvalaci\u00f3n Sur y en la avenida Avenida Estrella Sadhal\u00e1, Hispanoamericana, Distrito Municipal Santiago oeste Este, dejando anegadas un total de 150 viviendas parcialmente.<\/p>\n","protected":false},"excerpt":{"rendered":"<p>Hay nueve comunidades incomunicadas y diez acueductos fuera de servicio, seg\u00fan inform\u00f3 el Centro de Operaciones de Emergencias. El Centro de Operaciones de Emergencias (COE) report\u00f3 los da\u00f1os causados hasta&hellip;<\/p>\n","protected":false},"author":10,"featured_media":71952,"comment_status":"open","ping_status":"open","sticky":false,"template":"","format":"standard","meta":{"content-type":"","jetpack_post_was_ever_published":false,"_jetpack_newsletter_access":"","_jetpack_dont_email_post_to_subs":false,"_jetpack_newsletter_tier_id":0,"_jetpack_memberships_contains_paywalled_content":false,"_jetpack_memberships_contains_paid_content":false,"footnotes":""},"categories":[35,25],"tags":[2944,12399,25138,2266,6548,2130,412,3283],"class_list":["post-110217","post","type-post","status-publish","format-standard","has-post-thumbnail","hentry","category-nacionales","category-portada","tag-afectadas","tag-boletin","tag-centro-de-operaciones-de-emergencias","tag-coe","tag-desplazadas","tag-lluvias","tag-personas","tag-viviendas"],"jetpack_featured_media_url":"https:\/\/lasprimeras.com.do\/wp-content\/uploads\/2023\/12\/COE-2.jpg","jetpack-related-posts":[{"id":112595,"url":"https:\/\/lasprimeras.com.do\/index.php\/2025\/10\/24\/coe-un-hombre-arrastrado-por-una-canada-915-desplazados-y-610-mil-sin-agua-potable\/","url_meta":{"origin":110217,"position":0},"title":"COE: un hombre arrastrado por una ca\u00f1ada, 915 desplazados y 610 mil sin agua potable","author":"Nelson Feliz","date":"24 de octubre de 2025","format":false,"excerpt":"El hombre fue llevado a un centro de salud en Santo Domingo Este. Hasta la ma\u00f1ana de este viernes, al menos 183 viviendas han resultado afectadas por la tormenta Melissa en Rep\u00fablica Dominicana y 915 personas han sido evacuadas, de acuerdo con el bolet\u00edn n\u00famero 7 del Centro de Operaciones\u2026","rel":"","context":"En \u00abCLIMA\u00bb","block_context":{"text":"CLIMA","link":"https:\/\/lasprimeras.com.do\/index.php\/category\/clima\/"},"img":{"alt_text":"","src":"https:\/\/i0.wp.com\/lasprimeras.com.do\/wp-content\/uploads\/2025\/10\/tormenta-Melissa.jpeg?resize=350%2C200&ssl=1","width":350,"height":200,"srcset":"https:\/\/i0.wp.com\/lasprimeras.com.do\/wp-content\/uploads\/2025\/10\/tormenta-Melissa.jpeg?resize=350%2C200&ssl=1 1x, https:\/\/i0.wp.com\/lasprimeras.com.do\/wp-content\/uploads\/2025\/10\/tormenta-Melissa.jpeg?resize=525%2C300&ssl=1 1.5x, https:\/\/i0.wp.com\/lasprimeras.com.do\/wp-content\/uploads\/2025\/10\/tormenta-Melissa.jpeg?resize=700%2C400&ssl=1 2x"},"classes":[]},{"id":110302,"url":"https:\/\/lasprimeras.com.do\/index.php\/2025\/09\/27\/entre-desplazados-y-usuarios-sin-agua-potable-coe-reporta-mas-de-un-millon-de-personas-ademas-de-19-comunidades-aisladas\/","url_meta":{"origin":110217,"position":1},"title":"Entre desplazados y usuarios sin agua potable COE reporta m\u00e1s de un mill\u00f3n de personas; adem\u00e1s de 19 comunidades aisladas","author":"Nelson Feliz","date":"27 de septiembre de 2025","format":false,"excerpt":"Muestras reduce los niveles de alerta para 19 provincias . El Centro de Operaciones de Emergencias (COE) modific\u00f3 los niveles de alerta en el pa\u00eds manteniendo 11 provincias en alerta amarilla y ocho en alerta verde ante las posibles inundaciones urbanas y rurales, crecidas de r\u00edos, arroyos y ca\u00f1adas, as\u00ed\u2026","rel":"","context":"En \u00abCLIMA\u00bb","block_context":{"text":"CLIMA","link":"https:\/\/lasprimeras.com.do\/index.php\/category\/clima\/"},"img":{"alt_text":"","src":"https:\/\/i0.wp.com\/lasprimeras.com.do\/wp-content\/uploads\/2025\/09\/inundaciones.jpeg?resize=350%2C200&ssl=1","width":350,"height":200,"srcset":"https:\/\/i0.wp.com\/lasprimeras.com.do\/wp-content\/uploads\/2025\/09\/inundaciones.jpeg?resize=350%2C200&ssl=1 1x, https:\/\/i0.wp.com\/lasprimeras.com.do\/wp-content\/uploads\/2025\/09\/inundaciones.jpeg?resize=525%2C300&ssl=1 1.5x, https:\/\/i0.wp.com\/lasprimeras.com.do\/wp-content\/uploads\/2025\/09\/inundaciones.jpeg?resize=700%2C400&ssl=1 2x"},"classes":[]},{"id":67933,"url":"https:\/\/lasprimeras.com.do\/index.php\/2023\/11\/20\/110-acueductos-fuera-de-servicio-dejan-sin-agua-potable-a-mas-de-un-millon-600-mil-usuarios\/","url_meta":{"origin":110217,"position":2},"title":"110 acueductos fuera de servicio dejan sin agua potable a m\u00e1s de un mill\u00f3n 600 mil usuarios","author":"BIMARY DE JES\u00daS Matos","date":"20 de noviembre de 2023","format":false,"excerpt":"Santo Domingo.-M\u00e1s de un mill\u00f3n 600 personas sin servicio de agua potable, ya que 110 acueductos est\u00e1n fuera de servicio por las inundaciones provocadas por las lluvias del fin de semana. As\u00ed lo inform\u00f3 el director del Centro de Operaciones de Emergencias (COE), Juan Manuel M\u00e9ndez, al ofrecer el bolet\u00edn\u2026","rel":"","context":"En \u00abPORTADA\u00bb","block_context":{"text":"PORTADA","link":"https:\/\/lasprimeras.com.do\/index.php\/category\/portada\/"},"img":{"alt_text":"","src":"https:\/\/i0.wp.com\/lasprimeras.com.do\/wp-content\/uploads\/2023\/11\/WhatsApp-Image-2023-11-20-at-12.59.20-PM.jpeg?resize=350%2C200&ssl=1","width":350,"height":200,"srcset":"https:\/\/i0.wp.com\/lasprimeras.com.do\/wp-content\/uploads\/2023\/11\/WhatsApp-Image-2023-11-20-at-12.59.20-PM.jpeg?resize=350%2C200&ssl=1 1x, https:\/\/i0.wp.com\/lasprimeras.com.do\/wp-content\/uploads\/2023\/11\/WhatsApp-Image-2023-11-20-at-12.59.20-PM.jpeg?resize=525%2C300&ssl=1 1.5x, https:\/\/i0.wp.com\/lasprimeras.com.do\/wp-content\/uploads\/2023\/11\/WhatsApp-Image-2023-11-20-at-12.59.20-PM.jpeg?resize=700%2C400&ssl=1 2x"},"classes":[]},{"id":67911,"url":"https:\/\/lasprimeras.com.do\/index.php\/2023\/11\/20\/coe-reporta-mas-de-1500-viviendas-afectadas-por-disturbio-tropical\/","url_meta":{"origin":110217,"position":3},"title":"COE reporta m\u00e1s de 1,500 viviendas afectadas por disturbio tropical","author":"Nelson Feliz","date":"20 de noviembre de 2023","format":false,"excerpt":"En su informe de este domingo, el COE detall\u00f3 que seis viviendas resultaron afectadas, 17 destruidas; 7,915 personas fueron movilizadas a zonas seguras. El Centro de Operaciones de Emergencias (COE) inform\u00f3 que unas 1,583 viviendas han resultado afectadas tras el disturbio tropical que ha incidido en el pa\u00eds durante este\u2026","rel":"","context":"En \u00abNACIONALES\u00bb","block_context":{"text":"NACIONALES","link":"https:\/\/lasprimeras.com.do\/index.php\/category\/nacionales\/"},"img":{"alt_text":"","src":"https:\/\/i0.wp.com\/lasprimeras.com.do\/wp-content\/uploads\/2023\/11\/WhatsApp-Image-2023-11-18-at-8.18.25-AM-1.jpeg?resize=350%2C200&ssl=1","width":350,"height":200,"srcset":"https:\/\/i0.wp.com\/lasprimeras.com.do\/wp-content\/uploads\/2023\/11\/WhatsApp-Image-2023-11-18-at-8.18.25-AM-1.jpeg?resize=350%2C200&ssl=1 1x, https:\/\/i0.wp.com\/lasprimeras.com.do\/wp-content\/uploads\/2023\/11\/WhatsApp-Image-2023-11-18-at-8.18.25-AM-1.jpeg?resize=525%2C300&ssl=1 1.5x, https:\/\/i0.wp.com\/lasprimeras.com.do\/wp-content\/uploads\/2023\/11\/WhatsApp-Image-2023-11-18-at-8.18.25-AM-1.jpeg?resize=700%2C400&ssl=1 2x"},"classes":[]},{"id":67998,"url":"https:\/\/lasprimeras.com.do\/index.php\/2023\/11\/20\/coe-reporta-24-fallecidos-por-paso-de-disturbio-tropical-sobre-el-pais\/","url_meta":{"origin":110217,"position":4},"title":"COE reporta 24 fallecidos por paso de disturbio tropical sobre el pa\u00eds","author":"Nelson Feliz","date":"20 de noviembre de 2023","format":false,"excerpt":"El Centro de Operaciones de Emergencias (COE) inform\u00f3 que han fallecido al menos 24 personas por el paso del disturbio tropical que afect\u00f3 el pa\u00eds durante el fin de semana. De acuerdo con informes preliminares, hay varios cad\u00e1veres que no han sido identificados. Durante una rueda de prensa en el\u2026","rel":"","context":"En \u00abNACIONALES\u00bb","block_context":{"text":"NACIONALES","link":"https:\/\/lasprimeras.com.do\/index.php\/category\/nacionales\/"},"img":{"alt_text":"","src":"https:\/\/i0.wp.com\/lasprimeras.com.do\/wp-content\/uploads\/2023\/11\/DERRUMBE-27.jpeg?resize=350%2C200&ssl=1","width":350,"height":200,"srcset":"https:\/\/i0.wp.com\/lasprimeras.com.do\/wp-content\/uploads\/2023\/11\/DERRUMBE-27.jpeg?resize=350%2C200&ssl=1 1x, https:\/\/i0.wp.com\/lasprimeras.com.do\/wp-content\/uploads\/2023\/11\/DERRUMBE-27.jpeg?resize=525%2C300&ssl=1 1.5x, https:\/\/i0.wp.com\/lasprimeras.com.do\/wp-content\/uploads\/2023\/11\/DERRUMBE-27.jpeg?resize=700%2C400&ssl=1 2x"},"classes":[]},{"id":112705,"url":"https:\/\/lasprimeras.com.do\/index.php\/2025\/10\/26\/huracan-melissa-deja-casi-4000-desplazados-y-danos-en-infraestructuras-a-nivel-nacional\/","url_meta":{"origin":110217,"position":5},"title":"Hurac\u00e1n Melissa deja casi 4,000 desplazados y da\u00f1os en infraestructuras a nivel nacional","author":"Nelson Feliz","date":"26 de octubre de 2025","format":false,"excerpt":"El paso del\u00a0hurac\u00e1n Melissa\u00a0ha provocado un impacto significativo en la\u00a0Rep\u00fablica Dominicana, obligando al desplazamiento y evacuaci\u00f3n de 3,760 personas a zonas seguras, seg\u00fan el informe del Centro de Operaciones de Emergencias (COE). Los efectos del fen\u00f3meno se han sentido en varias provincias, dejando un balance de da\u00f1os a viviendas e\u2026","rel":"","context":"En \u00abCLIMA\u00bb","block_context":{"text":"CLIMA","link":"https:\/\/lasprimeras.com.do\/index.php\/category\/clima\/"},"img":{"alt_text":"","src":"https:\/\/i0.wp.com\/lasprimeras.com.do\/wp-content\/uploads\/2025\/10\/La-tormenta-tropical-Melissa.jpg?resize=350%2C200&ssl=1","width":350,"height":200,"srcset":"https:\/\/i0.wp.com\/lasprimeras.com.do\/wp-content\/uploads\/2025\/10\/La-tormenta-tropical-Melissa.jpg?resize=350%2C200&ssl=1 1x, https:\/\/i0.wp.com\/lasprimeras.com.do\/wp-content\/uploads\/2025\/10\/La-tormenta-tropical-Melissa.jpg?resize=525%2C300&ssl=1 1.5x, https:\/\/i0.wp.com\/lasprimeras.com.do\/wp-content\/uploads\/2025\/10\/La-tormenta-tropical-Melissa.jpg?resize=700%2C400&ssl=1 2x"},"classes":[]}],"jetpack_sharing_enabled":true,"_links":{"self":[{"href":"https:\/\/lasprimeras.com.do\/index.php\/wp-json\/wp\/v2\/posts\/110217","targetHints":{"allow":["GET"]}}],"collection":[{"href":"https:\/\/lasprimeras.com.do\/index.php\/wp-json\/wp\/v2\/posts"}],"about":[{"href":"https:\/\/lasprimeras.com.do\/index.php\/wp-json\/wp\/v2\/types\/post"}],"author":[{"embeddable":true,"href":"https:\/\/lasprimeras.com.do\/index.php\/wp-json\/wp\/v2\/users\/10"}],"replies":[{"embeddable":true,"href":"https:\/\/lasprimeras.com.do\/index.php\/wp-json\/wp\/v2\/comments?post=110217"}],"version-history":[{"count":1,"href":"https:\/\/lasprimeras.com.do\/index.php\/wp-json\/wp\/v2\/posts\/110217\/revisions"}],"predecessor-version":[{"id":110218,"href":"https:\/\/lasprimeras.com.do\/index.php\/wp-json\/wp\/v2\/posts\/110217\/revisions\/110218"}],"wp:featuredmedia":[{"embeddable":true,"href":"https:\/\/lasprimeras.com.do\/index.php\/wp-json\/wp\/v2\/media\/71952"}],"wp:attachment":[{"href":"https:\/\/lasprimeras.com.do\/index.php\/wp-json\/wp\/v2\/media?parent=110217"}],"wp:term":[{"taxonomy":"category","embeddable":true,"href":"https:\/\/lasprimeras.com.do\/index.php\/wp-json\/wp\/v2\/categories?post=110217"},{"taxonomy":"post_tag","embeddable":true,"href":"https:\/\/lasprimeras.com.do\/index.php\/wp-json\/wp\/v2\/tags?post=110217"}],"curies":[{"name":"wp","href":"https:\/\/api.w.org\/{rel}","templated":true}]}}