{"id":110219,"date":"2025-09-26T13:09:03","date_gmt":"2025-09-26T17:09:03","guid":{"rendered":"https:\/\/lasprimeras.com.do\/?p=110219"},"modified":"2025-09-26T13:09:05","modified_gmt":"2025-09-26T17:09:05","slug":"gobierno-suspende-labores-del-sector-publico-a-partir-del-mediodia-en-provincias-en-alerta-roja","status":"publish","type":"post","link":"https:\/\/lasprimeras.com.do\/index.php\/2025\/09\/26\/gobierno-suspende-labores-del-sector-publico-a-partir-del-mediodia-en-provincias-en-alerta-roja\/","title":{"rendered":"Gobierno suspende labores del sector p\u00fablico a partir del mediod\u00eda en provincias en alerta roja"},"content":{"rendered":"\n<p><strong>La medida entra en vigor a mediod\u00eda de este viernes y se toma tras horas de intensos aguaceros sobre el territorio nacional.<\/strong><\/p>\n\n\n\n<p>El Ministerio de Administraci\u00f3n P\u00fablica inform\u00f3 la suspensi\u00f3n de las labores en el sector p\u00fablico a partir de las 12:00 del mediod\u00eda de este viernes, en las provincias que se encuentran en alerta roja, producto de la incidencia de una vaguada sobre el territorio nacional.<\/p>\n\n\n\n<p>La instituci\u00f3n record\u00f3 que las provincias en alerta roja hasta el momento son Santo Domingo, Distrito Nacional, San Crist\u00f3bal, San Jos\u00e9 de Ocoa y Azua.<\/p>\n\n\n\n<p>&#8220;Como medida preventiva y con el inter\u00e9s de salvaguardar la integridad del personal p\u00fablico, la jornada laboral de este d\u00eda termine a las 12:00 pm&#8221;, dice.<\/p>\n\n\n\n<p>Esta ma\u00f1ana, el Centro de Operaciones de Emergencias (COE) increment\u00f3 los niveles de alertas en todo el pa\u00eds.<\/p>\n\n\n\n<p>La instituci\u00f3n coloc\u00f3 en alerta roja a la provincia Santo Domingo y el Distrito Nacional; tambi\u00e9n San Crist\u00f3bal, San Jos\u00e9 de Ocoa y Azua.<\/p>\n\n\n\n<p>En alerta amarilla fueron colocadas Mar\u00eda Trinidad S\u00e1nchez, San Pedro de Macor\u00eds, El Seibo, San Juan, Monte Plata, La Altagracia, La Romana, Saman\u00e1 y Hato Mayor<\/p>\n\n\n\n<p>En verde fueron colocadas Barahona, Peravia, Puerto Plata, Pedernales y S\u00e1nchez Ram\u00edrez.<\/p>\n\n\n\n<p>MAP<\/p>\n\n\n\n<p>&#8220;Se exhorta a los titulares de las instituciones a tomar las previsiones necesarias para garantizar el cierre ordenando de las labores y facilitar el retorno seguro de las y los colaboradores a sus hogares&#8221;, se\u00f1ala la circular remitida hoy.<\/p>\n\n\n\n<p>Adem\u00e1s se\u00f1ala que aquellos titulares de \u00f3rganos, entes y empresas p\u00fablicas podr\u00e1n establecer horarios de trabajo especiales cuando la instituci\u00f3n, por su naturaleza, lo requiera, a fin de garantizar la prestaci\u00f3n de los servicios esenciales a la ciudadan\u00eda.<\/p>\n\n\n\n<p>&#8220;Se recuerda la importancia de seguir las indicaciones de los organismos oficiales de protecci\u00f3n civil y mantenerse atentos a cualquier nueva disposici\u00f3n que pudiera ser adoptada en funci\u00f3n del desarrollo de las condiciones clim\u00e1ticas&#8221;, se\u00f1ala el comunicado de prensa remitido a este diario.<\/p>\n","protected":false},"excerpt":{"rendered":"<p>La medida entra en vigor a mediod\u00eda de este viernes y se toma tras horas de intensos aguaceros sobre el territorio nacional. El Ministerio de Administraci\u00f3n P\u00fablica inform\u00f3 la suspensi\u00f3n&hellip;<\/p>\n","protected":false},"author":10,"featured_media":55104,"comment_status":"open","ping_status":"open","sticky":false,"template":"","format":"standard","meta":{"content-type":"","jetpack_post_was_ever_published":false,"_jetpack_newsletter_access":"","_jetpack_dont_email_post_to_subs":false,"_jetpack_newsletter_tier_id":0,"_jetpack_memberships_contains_paywalled_content":false,"_jetpack_memberships_contains_paid_content":false,"footnotes":""},"categories":[35],"tags":[6543,171,721,25139,1825,9891,1524],"class_list":["post-110219","post","type-post","status-publish","format-standard","has-post-thumbnail","hentry","category-nacionales","tag-alerta-roja","tag-gobierno","tag-labores","tag-mediodia","tag-provincias","tag-sector-publico","tag-suspende"],"jetpack_featured_media_url":"https:\/\/lasprimeras.com.do\/wp-content\/uploads\/2023\/07\/lluvias-1.jpg","jetpack-related-posts":[{"id":71378,"url":"https:\/\/lasprimeras.com.do\/index.php\/2023\/12\/19\/suspenden-labores-del-sector-publico-en-provincias-en-alerta-roja-por-lluvias\/","url_meta":{"origin":110219,"position":0},"title":"Suspenden labores del sector p\u00fablico en provincias en alerta roja por lluvias","author":"BIMARY DE JES\u00daS Matos","date":"19 de diciembre de 2023","format":false,"excerpt":"Santo Domingo.-El Ministerio de Administraci\u00f3n P\u00fablica (MAP) anunci\u00f3 la suspensi\u00f3n de las labores en el sector p\u00fablico, apartir de las 2:00 de la tarde de este martes, en las provincias que se encuentren bajo alerta roja, debido a las condiciones atmosf\u00e9ricas que afectan al pa\u00eds Mediante un comunicado de prensa,\u2026","rel":"","context":"En \u00abPORTADA\u00bb","block_context":{"text":"PORTADA","link":"https:\/\/lasprimeras.com.do\/index.php\/category\/portada\/"},"img":{"alt_text":"","src":"https:\/\/i0.wp.com\/lasprimeras.com.do\/wp-content\/uploads\/2023\/12\/Noticias-5.jpg?resize=350%2C200&ssl=1","width":350,"height":200,"srcset":"https:\/\/i0.wp.com\/lasprimeras.com.do\/wp-content\/uploads\/2023\/12\/Noticias-5.jpg?resize=350%2C200&ssl=1 1x, https:\/\/i0.wp.com\/lasprimeras.com.do\/wp-content\/uploads\/2023\/12\/Noticias-5.jpg?resize=525%2C300&ssl=1 1.5x"},"classes":[]},{"id":58220,"url":"https:\/\/lasprimeras.com.do\/index.php\/2023\/08\/21\/gobierno-toma-medidas-preventivas-ante-posibilidad-de-impacto-tormenta-tropical-franklin\/","url_meta":{"origin":110219,"position":1},"title":"Gobierno toma medidas preventivas ante posibilidad de impacto tormenta tropical Franklin","author":"Nelson Feliz","date":"21 de agosto de 2023","format":false,"excerpt":"Se declara como no laborable el martes 22 de agosto a partir de las 12 del mediod\u00eda hasta las 8:00 de la ma\u00f1ana del jueves 24 de agosto de 2023 El presidente Luis Abinader, junto a la vicepresidenta Raquel Pe\u00f1a, encabez\u00f3 una reuni\u00f3n con todos los organismos de emergencia, tras\u2026","rel":"","context":"En \u00abNACIONALES\u00bb","block_context":{"text":"NACIONALES","link":"https:\/\/lasprimeras.com.do\/index.php\/category\/nacionales\/"},"img":{"alt_text":"Luis Abinader T","src":"https:\/\/i0.wp.com\/lasprimeras.com.do\/wp-content\/uploads\/2023\/08\/Luis-Abinader-Tor.jpg?resize=350%2C200&ssl=1","width":350,"height":200,"srcset":"https:\/\/i0.wp.com\/lasprimeras.com.do\/wp-content\/uploads\/2023\/08\/Luis-Abinader-Tor.jpg?resize=350%2C200&ssl=1 1x, https:\/\/i0.wp.com\/lasprimeras.com.do\/wp-content\/uploads\/2023\/08\/Luis-Abinader-Tor.jpg?resize=525%2C300&ssl=1 1.5x, https:\/\/i0.wp.com\/lasprimeras.com.do\/wp-content\/uploads\/2023\/08\/Luis-Abinader-Tor.jpg?resize=700%2C400&ssl=1 2x"},"classes":[]},{"id":58240,"url":"https:\/\/lasprimeras.com.do\/index.php\/2023\/08\/21\/gobierno-decreta-como-no-laborable-desde-el-mediodia-del-martes-y-miercoles-completo\/","url_meta":{"origin":110219,"position":2},"title":"Gobierno decreta como no laborable desde el mediod\u00eda del martes y mi\u00e9rcoles completo","author":"Nelson Feliz","date":"21 de agosto de 2023","format":false,"excerpt":"El Gobierno dominicano decret\u00f3 no laborable a partir del mediod\u00eda del martes y el d\u00eda completo del mi\u00e9rcoles debido al paso de la tormenta tropical Franklin sobre la Rep\u00fablica Dominicana, con vientos de 85 kil\u00f3metros por hora, seg\u00fan las proyecciones. Esta fue la principal medida que tom\u00f3 el presidente Luis\u2026","rel":"","context":"En \u00abNACIONALES\u00bb","block_context":{"text":"NACIONALES","link":"https:\/\/lasprimeras.com.do\/index.php\/category\/nacionales\/"},"img":{"alt_text":"Luis Miguel De Camps","src":"https:\/\/i0.wp.com\/lasprimeras.com.do\/wp-content\/uploads\/2023\/08\/Luis-Miguel-De-Camps.jpg?resize=350%2C200&ssl=1","width":350,"height":200,"srcset":"https:\/\/i0.wp.com\/lasprimeras.com.do\/wp-content\/uploads\/2023\/08\/Luis-Miguel-De-Camps.jpg?resize=350%2C200&ssl=1 1x, https:\/\/i0.wp.com\/lasprimeras.com.do\/wp-content\/uploads\/2023\/08\/Luis-Miguel-De-Camps.jpg?resize=525%2C300&ssl=1 1.5x, https:\/\/i0.wp.com\/lasprimeras.com.do\/wp-content\/uploads\/2023\/08\/Luis-Miguel-De-Camps.jpg?resize=700%2C400&ssl=1 2x, https:\/\/i0.wp.com\/lasprimeras.com.do\/wp-content\/uploads\/2023\/08\/Luis-Miguel-De-Camps.jpg?resize=1050%2C600&ssl=1 3x, https:\/\/i0.wp.com\/lasprimeras.com.do\/wp-content\/uploads\/2023\/08\/Luis-Miguel-De-Camps.jpg?resize=1400%2C800&ssl=1 4x"},"classes":[]},{"id":112412,"url":"https:\/\/lasprimeras.com.do\/index.php\/2025\/10\/22\/abinader-suspende-docencia-en-los-sectores-publico-y-privado-en-el-gsd-por-tormenta-melissa\/","url_meta":{"origin":110219,"position":3},"title":"Abinader suspende docencia en los sectores p\u00fablico y privado en el GSD por tormenta Melissa","author":"Nelson Feliz","date":"22 de octubre de 2025","format":false,"excerpt":"La suspensi\u00f3n de labores en sectores p\u00fablico y privado ser\u00e1 a partir de la 1:00 de la tarde. El presidente Luis Abinader dispuso la suspensi\u00f3n de la docencia por 48 horas, desde este mi\u00e9rcoles 22 hasta el jueves 23, al igual que las labores en el sector p\u00fablico y en\u2026","rel":"","context":"En \u00abNACIONALES\u00bb","block_context":{"text":"NACIONALES","link":"https:\/\/lasprimeras.com.do\/index.php\/category\/nacionales\/"},"img":{"alt_text":"","src":"https:\/\/i0.wp.com\/lasprimeras.com.do\/wp-content\/uploads\/2025\/10\/Luis-Abinader-7.jpg?resize=350%2C200&ssl=1","width":350,"height":200,"srcset":"https:\/\/i0.wp.com\/lasprimeras.com.do\/wp-content\/uploads\/2025\/10\/Luis-Abinader-7.jpg?resize=350%2C200&ssl=1 1x, https:\/\/i0.wp.com\/lasprimeras.com.do\/wp-content\/uploads\/2025\/10\/Luis-Abinader-7.jpg?resize=525%2C300&ssl=1 1.5x, https:\/\/i0.wp.com\/lasprimeras.com.do\/wp-content\/uploads\/2025\/10\/Luis-Abinader-7.jpg?resize=700%2C400&ssl=1 2x"},"classes":[]},{"id":71492,"url":"https:\/\/lasprimeras.com.do\/index.php\/2023\/12\/20\/map-dispone-retorno-a-las-labores-de-las-instituciones-publicas-este-miercoles\/","url_meta":{"origin":110219,"position":4},"title":"MAP dispone retorno a las labores de las instituciones p\u00fablicas este mi\u00e9rcoles","author":"Nelson Feliz","date":"20 de diciembre de 2023","format":false,"excerpt":"Solicit\u00f3 a los titulares de las diferentes instituciones a otorgar las facilidades a aquellos colaboradores que residan en zonas vulnerables o afectadas por las lluvias. El Ministerio de Administraci\u00f3n P\u00fablica (MAP) dispuso el retorno a las labores del sector p\u00fablico, a partir de las 8:00 de la ma\u00f1ana de este\u2026","rel":"","context":"En \u00abECONOM\u00cdA\u00bb","block_context":{"text":"ECONOM\u00cdA","link":"https:\/\/lasprimeras.com.do\/index.php\/category\/economia\/"},"img":{"alt_text":"El sector p\u00fablico retornar\u00e1 a las labores este mi\u00e9rcoles en su horario habitual.","src":"https:\/\/i0.wp.com\/lasprimeras.com.do\/wp-content\/uploads\/2023\/12\/MAP.jpg?resize=350%2C200&ssl=1","width":350,"height":200,"srcset":"https:\/\/i0.wp.com\/lasprimeras.com.do\/wp-content\/uploads\/2023\/12\/MAP.jpg?resize=350%2C200&ssl=1 1x, https:\/\/i0.wp.com\/lasprimeras.com.do\/wp-content\/uploads\/2023\/12\/MAP.jpg?resize=525%2C300&ssl=1 1.5x, https:\/\/i0.wp.com\/lasprimeras.com.do\/wp-content\/uploads\/2023\/12\/MAP.jpg?resize=700%2C400&ssl=1 2x"},"classes":[]},{"id":112610,"url":"https:\/\/lasprimeras.com.do\/index.php\/2025\/10\/23\/abinader-dispone-para-este-viernes-suspension-de-la-docencia-en-todo-el-pais-y-de-las-labores-en-las-provincias-en-alerta-roja\/","url_meta":{"origin":110219,"position":5},"title":"Abinader dispone para este viernes suspensi\u00f3n de la docencia en todo el pa\u00eds y de las labores en las provincias en alerta roja","author":"Nelson Feliz","date":"23 de octubre de 2025","format":false,"excerpt":"Se extiende la alerta roja a las provincias La Romana, San Pedro de Macor\u00eds y Monte Plata, conjuntamente con Barahona, San Crist\u00f3bal, Santo Domingo, Distrito Nacional, San Jos\u00e9 de Ocoa, San Juan, Azua, Peravia y Pedernales. El presidente Luis Abinader orden\u00f3, ante el paso de la tormenta Melissa, la suspensi\u00f3n\u2026","rel":"","context":"En \u00abNACIONALES\u00bb","block_context":{"text":"NACIONALES","link":"https:\/\/lasprimeras.com.do\/index.php\/category\/nacionales\/"},"img":{"alt_text":"","src":"https:\/\/i0.wp.com\/lasprimeras.com.do\/wp-content\/uploads\/2025\/10\/Luis-Abinader-8.jpg?resize=350%2C200&ssl=1","width":350,"height":200,"srcset":"https:\/\/i0.wp.com\/lasprimeras.com.do\/wp-content\/uploads\/2025\/10\/Luis-Abinader-8.jpg?resize=350%2C200&ssl=1 1x, https:\/\/i0.wp.com\/lasprimeras.com.do\/wp-content\/uploads\/2025\/10\/Luis-Abinader-8.jpg?resize=525%2C300&ssl=1 1.5x, https:\/\/i0.wp.com\/lasprimeras.com.do\/wp-content\/uploads\/2025\/10\/Luis-Abinader-8.jpg?resize=700%2C400&ssl=1 2x"},"classes":[]}],"jetpack_sharing_enabled":true,"_links":{"self":[{"href":"https:\/\/lasprimeras.com.do\/index.php\/wp-json\/wp\/v2\/posts\/110219","targetHints":{"allow":["GET"]}}],"collection":[{"href":"https:\/\/lasprimeras.com.do\/index.php\/wp-json\/wp\/v2\/posts"}],"about":[{"href":"https:\/\/lasprimeras.com.do\/index.php\/wp-json\/wp\/v2\/types\/post"}],"author":[{"embeddable":true,"href":"https:\/\/lasprimeras.com.do\/index.php\/wp-json\/wp\/v2\/users\/10"}],"replies":[{"embeddable":true,"href":"https:\/\/lasprimeras.com.do\/index.php\/wp-json\/wp\/v2\/comments?post=110219"}],"version-history":[{"count":1,"href":"https:\/\/lasprimeras.com.do\/index.php\/wp-json\/wp\/v2\/posts\/110219\/revisions"}],"predecessor-version":[{"id":110220,"href":"https:\/\/lasprimeras.com.do\/index.php\/wp-json\/wp\/v2\/posts\/110219\/revisions\/110220"}],"wp:featuredmedia":[{"embeddable":true,"href":"https:\/\/lasprimeras.com.do\/index.php\/wp-json\/wp\/v2\/media\/55104"}],"wp:attachment":[{"href":"https:\/\/lasprimeras.com.do\/index.php\/wp-json\/wp\/v2\/media?parent=110219"}],"wp:term":[{"taxonomy":"category","embeddable":true,"href":"https:\/\/lasprimeras.com.do\/index.php\/wp-json\/wp\/v2\/categories?post=110219"},{"taxonomy":"post_tag","embeddable":true,"href":"https:\/\/lasprimeras.com.do\/index.php\/wp-json\/wp\/v2\/tags?post=110219"}],"curies":[{"name":"wp","href":"https:\/\/api.w.org\/{rel}","templated":true}]}}