{"id":110222,"date":"2025-09-26T18:24:17","date_gmt":"2025-09-26T22:24:17","guid":{"rendered":"https:\/\/lasprimeras.com.do\/?p=110222"},"modified":"2025-09-26T18:24:19","modified_gmt":"2025-09-26T22:24:19","slug":"mujer-da-a-luz-tras-cruzar-rio-a-pies-en-san-jose-de-ocoa","status":"publish","type":"post","link":"https:\/\/lasprimeras.com.do\/index.php\/2025\/09\/26\/mujer-da-a-luz-tras-cruzar-rio-a-pies-en-san-jose-de-ocoa\/","title":{"rendered":"Mujer da a luz tras cruzar r\u00edo a pies en San Jos\u00e9 de Ocoa"},"content":{"rendered":"\n<p><strong>La madre y beb\u00e9 permanecen estables.<\/strong><\/p>\n\n\n\n<p>Por Maholi Albuez<\/p>\n\n\n\n<p>Una mujer en estado de gestaci\u00f3n que se hizo viral por cruzar a pies un r\u00edo en San Jos\u00e9 de Ocoa dio a luz a una ni\u00f1a de 6 libras y 8 onzas mediante ces\u00e1rea, informaron las autoridades.<\/p>\n\n\n\n<p>Tanto la beb\u00e9 como la madre se encuentran estables, seg\u00fan confirm\u00f3 el senador por la provincia, Aneudy Ortiz.<\/p>\n\n\n\n<p>Vecinos y comunitarios arriesgaron sus propias vidas para trasladar a la mujer al hospital m\u00e1s cercano, evitando as\u00ed una tragedia.<\/p>\n\n\n\n<p>El hecho se hizo viral en redes sociales, mostrando la valent\u00eda y solidaridad.<\/p>\n\n\n\n<p>El Centro de Operaciones de Emergencias (COE) declar\u00f3 30 provincias en alerta, colocando en roja al Gran Santo Domingo y otras cuatro provincias debido a la incidencia de una vaguada y una onda tropical que generan fuertes lluvias en el pa\u00eds.<\/p>\n\n\n\n<p>Las autoridades del COE pidieron a la poblaci\u00f3n permanecer en sus hogares y extremar las medidas de precauci\u00f3n ante el riesgo de inundaciones y desbordamientos de r\u00edos durante los pr\u00f3ximos d\u00edas.<\/p>\n","protected":false},"excerpt":{"rendered":"<p>La madre y beb\u00e9 permanecen estables. Por Maholi Albuez Una mujer en estado de gestaci\u00f3n que se hizo viral por cruzar a pies un r\u00edo en San Jos\u00e9 de Ocoa&hellip;<\/p>\n","protected":false},"author":10,"featured_media":110223,"comment_status":"open","ping_status":"open","sticky":false,"template":"","format":"standard","meta":{"content-type":"","jetpack_post_was_ever_published":false,"_jetpack_newsletter_access":"","_jetpack_dont_email_post_to_subs":false,"_jetpack_newsletter_tier_id":0,"_jetpack_memberships_contains_paywalled_content":false,"_jetpack_memberships_contains_paid_content":false,"footnotes":""},"categories":[35],"tags":[25141,25140,4393],"class_list":["post-110222","post","type-post","status-publish","format-standard","has-post-thumbnail","hentry","category-nacionales","tag-cruzar-rio-a-pies","tag-mujer-da-a-luz","tag-san-jose-de-ocoa"],"jetpack_featured_media_url":"https:\/\/lasprimeras.com.do\/wp-content\/uploads\/2025\/09\/mujer-2.jpg","jetpack-related-posts":[{"id":118610,"url":"https:\/\/lasprimeras.com.do\/index.php\/2026\/01\/01\/hospital-de-ocoa-registra-primer-nacimiento-del-ano-2026-tambien-por-cesarea\/","url_meta":{"origin":110222,"position":0},"title":"Hospital de Ocoa registra primer nacimiento del a\u00f1o 2026, tambi\u00e9n por ces\u00e1rea","author":"Nelson Feliz","date":"1 de enero de 2026","format":false,"excerpt":"Irver Quezada, con un peso de 8 libras y 9 onzas, es el primer beb\u00e9 nacido este 2026 en el Hospital San Jos\u00e9, en Ocoa.","rel":"","context":"En \u00abPORTADA\u00bb","block_context":{"text":"PORTADA","link":"https:\/\/lasprimeras.com.do\/index.php\/category\/portada\/"},"img":{"alt_text":"Irver Quezada, con un peso de 8 libras y 9 onzas, es el primer beb\u00e9 nacido este 2026 en el Hospital San Jos\u00e9, en Ocoa.","src":"https:\/\/i0.wp.com\/lasprimeras.com.do\/wp-content\/uploads\/2026\/01\/Jeiri-Quezada.jpeg?resize=350%2C200&ssl=1","width":350,"height":200,"srcset":"https:\/\/i0.wp.com\/lasprimeras.com.do\/wp-content\/uploads\/2026\/01\/Jeiri-Quezada.jpeg?resize=350%2C200&ssl=1 1x, https:\/\/i0.wp.com\/lasprimeras.com.do\/wp-content\/uploads\/2026\/01\/Jeiri-Quezada.jpeg?resize=525%2C300&ssl=1 1.5x, https:\/\/i0.wp.com\/lasprimeras.com.do\/wp-content\/uploads\/2026\/01\/Jeiri-Quezada.jpeg?resize=700%2C400&ssl=1 2x"},"classes":[]},{"id":127068,"url":"https:\/\/lasprimeras.com.do\/index.php\/2026\/04\/08\/ocoa-mas-de-20-localidades-incomunicadas-en-rancho-arriba-luego-de-crecida-de-rio-nizao\/","url_meta":{"origin":110222,"position":1},"title":"Ocoa: M\u00e1s de 20 localidades incomunicadas en Rancho Arriba luego de crecida de r\u00edo Nizao","author":"Nelson Feliz","date":"8 de abril de 2026","format":false,"excerpt":"M\u00e1s de una veintena de localidades productivas de esta provincia siguen incomunicadas por la crecida repentina del r\u00edo Nizao.\u00a0 Por Willy Ortiz Desde el lunes, agricultores, estudiantes y otras\u00a0 personas no han podido ir a sus trabajos y estudios,\u00a0 debido a que los veh\u00edculos no pueden cruzar el paso por\u2026","rel":"","context":"En \u00abNACIONALES\u00bb","block_context":{"text":"NACIONALES","link":"https:\/\/lasprimeras.com.do\/index.php\/category\/nacionales\/"},"img":{"alt_text":"","src":"https:\/\/i0.wp.com\/lasprimeras.com.do\/wp-content\/uploads\/2026\/04\/69d64de7dbef3.jpeg?resize=350%2C200&ssl=1","width":350,"height":200,"srcset":"https:\/\/i0.wp.com\/lasprimeras.com.do\/wp-content\/uploads\/2026\/04\/69d64de7dbef3.jpeg?resize=350%2C200&ssl=1 1x, https:\/\/i0.wp.com\/lasprimeras.com.do\/wp-content\/uploads\/2026\/04\/69d64de7dbef3.jpeg?resize=525%2C300&ssl=1 1.5x, https:\/\/i0.wp.com\/lasprimeras.com.do\/wp-content\/uploads\/2026\/04\/69d64de7dbef3.jpeg?resize=700%2C400&ssl=1 2x"},"classes":[]},{"id":123630,"url":"https:\/\/lasprimeras.com.do\/index.php\/2026\/03\/03\/pld-en-san-jose-de-ocoa-indignacion-de-ocoa-con-anuncio-de-obras-inexistentes\/","url_meta":{"origin":110222,"position":2},"title":"PLD en San Jos\u00e9 de Ocoa: Indignaci\u00f3n de Ocoa con anuncio de obras inexistentes","author":"Nelson Feliz","date":"3 de marzo de 2026","format":false,"excerpt":"El PLD en San Jos\u00e9 de Ocoa responde al Presidente de la Rep\u00fablica. Niega la construcci\u00f3n de 25 obras en la provincia. El Partido de la Liberaci\u00f3n Dominicana (PLD), en San Jos\u00e9 de Ocoa, desminti\u00f3 que el gobierno del PRM haya construido 25 obras como se\u00f1al\u00f3 el presidente de la\u2026","rel":"","context":"En \u00abPOLITICA\u00bb","block_context":{"text":"POLITICA","link":"https:\/\/lasprimeras.com.do\/index.php\/category\/politica\/"},"img":{"alt_text":"","src":"https:\/\/i0.wp.com\/lasprimeras.com.do\/wp-content\/uploads\/2026\/03\/Foto.jpg?resize=350%2C200&ssl=1","width":350,"height":200,"srcset":"https:\/\/i0.wp.com\/lasprimeras.com.do\/wp-content\/uploads\/2026\/03\/Foto.jpg?resize=350%2C200&ssl=1 1x, https:\/\/i0.wp.com\/lasprimeras.com.do\/wp-content\/uploads\/2026\/03\/Foto.jpg?resize=525%2C300&ssl=1 1.5x, https:\/\/i0.wp.com\/lasprimeras.com.do\/wp-content\/uploads\/2026\/03\/Foto.jpg?resize=700%2C400&ssl=1 2x"},"classes":[]},{"id":108470,"url":"https:\/\/lasprimeras.com.do\/index.php\/2025\/09\/07\/pareja-es-atacada-con-machete-mujer-muere-y-su-esposo-queda-gravemente-herido-en-ocoa\/","url_meta":{"origin":110222,"position":3},"title":"Pareja es atacada con machete; mujer muere y su esposo queda gravemente herido en Ocoa","author":"Nelson Feliz","date":"7 de septiembre de 2025","format":false,"excerpt":"Una mujer de 59 a\u00f1os muri\u00f3 de forma violenta y su esposo result\u00f3 gravemente herido tras un ataque a machetazos ocurrido ayer s\u00e1bado en la comunidad Domingo Fr\u00edo, del sector Los Anones, en el distrito municipal La Ci\u00e9naga, provincia San Jos\u00e9 de Ocoa, informaron las autoridades. La v\u00edctima fue identificada\u2026","rel":"","context":"En \u00abNACIONALES\u00bb","block_context":{"text":"NACIONALES","link":"https:\/\/lasprimeras.com.do\/index.php\/category\/nacionales\/"},"img":{"alt_text":"","src":"https:\/\/i0.wp.com\/lasprimeras.com.do\/wp-content\/uploads\/2025\/09\/ocoa.jpg?resize=350%2C200&ssl=1","width":350,"height":200,"srcset":"https:\/\/i0.wp.com\/lasprimeras.com.do\/wp-content\/uploads\/2025\/09\/ocoa.jpg?resize=350%2C200&ssl=1 1x, https:\/\/i0.wp.com\/lasprimeras.com.do\/wp-content\/uploads\/2025\/09\/ocoa.jpg?resize=525%2C300&ssl=1 1.5x, https:\/\/i0.wp.com\/lasprimeras.com.do\/wp-content\/uploads\/2025\/09\/ocoa.jpg?resize=700%2C400&ssl=1 2x"},"classes":[]},{"id":107527,"url":"https:\/\/lasprimeras.com.do\/index.php\/2025\/08\/27\/mas-de-3500-ninos-reciben-utiles-escolares-en-san-jose-de-ocoa\/","url_meta":{"origin":110222,"position":4},"title":"M\u00e1s de 3,500 ni\u00f1os reciben \u00fatiles escolares en San Jos\u00e9 de Ocoa","author":"Nelson Feliz","date":"27 de agosto de 2025","format":false,"excerpt":"En San Jos\u00e9 de Ocoa, m\u00e1s de 3,500 ni\u00f1os y ni\u00f1as fueron beneficiados con kits de \u00fatiles escolares en una jornada social que m\u00e1s que un reparto de utensilios fue una fiesta de esperanza. La iniciativa fue encabezada por el empresario y pol\u00edtico Neury Tejeda, junto a la Fundaci\u00f3n SomosDeOcoa.org,\u2026","rel":"","context":"En \u00abNACIONALES\u00bb","block_context":{"text":"NACIONALES","link":"https:\/\/lasprimeras.com.do\/index.php\/category\/nacionales\/"},"img":{"alt_text":"","src":"https:\/\/i0.wp.com\/lasprimeras.com.do\/wp-content\/uploads\/2025\/08\/utiles-1.jpg?resize=350%2C200&ssl=1","width":350,"height":200,"srcset":"https:\/\/i0.wp.com\/lasprimeras.com.do\/wp-content\/uploads\/2025\/08\/utiles-1.jpg?resize=350%2C200&ssl=1 1x, https:\/\/i0.wp.com\/lasprimeras.com.do\/wp-content\/uploads\/2025\/08\/utiles-1.jpg?resize=525%2C300&ssl=1 1.5x, https:\/\/i0.wp.com\/lasprimeras.com.do\/wp-content\/uploads\/2025\/08\/utiles-1.jpg?resize=700%2C400&ssl=1 2x"},"classes":[]},{"id":67846,"url":"https:\/\/lasprimeras.com.do\/index.php\/2023\/11\/19\/abinader-visitara-zonas-afectadas-en-provincias-duarte-y-san-jose-de-ocoa-tras-precipitaciones-por-disturbio-tropical\/","url_meta":{"origin":110222,"position":5},"title":"Abinader visitar\u00e1 zonas afectadas en provincias Duarte y San Jos\u00e9 de Ocoa tras precipitaciones por disturbio tropical","author":"Nelson Feliz","date":"19 de noviembre de 2023","format":false,"excerpt":"El presidente Luis Abinader recorrer\u00e1 este lunes diversas zonas afectadas por las fuertes lluvias ocurridas en el territorio nacional y que fueron provocadas por un disturbio tropical. La visitas iniciar\u00e1n a las 10:30 de la ma\u00f1ana en la provincia Duarte, donde el mandatario tiene programado supervisar Guaraguao, La Reforma, Barraquito\u2026","rel":"","context":"En \u00abNACIONALES\u00bb","block_context":{"text":"NACIONALES","link":"https:\/\/lasprimeras.com.do\/index.php\/category\/nacionales\/"},"img":{"alt_text":"LUIS ABINADER","src":"https:\/\/i0.wp.com\/lasprimeras.com.do\/wp-content\/uploads\/2023\/11\/LUIS-ABINADER-1-2.jpg?resize=350%2C200&ssl=1","width":350,"height":200,"srcset":"https:\/\/i0.wp.com\/lasprimeras.com.do\/wp-content\/uploads\/2023\/11\/LUIS-ABINADER-1-2.jpg?resize=350%2C200&ssl=1 1x, https:\/\/i0.wp.com\/lasprimeras.com.do\/wp-content\/uploads\/2023\/11\/LUIS-ABINADER-1-2.jpg?resize=525%2C300&ssl=1 1.5x, https:\/\/i0.wp.com\/lasprimeras.com.do\/wp-content\/uploads\/2023\/11\/LUIS-ABINADER-1-2.jpg?resize=700%2C400&ssl=1 2x"},"classes":[]}],"jetpack_sharing_enabled":true,"_links":{"self":[{"href":"https:\/\/lasprimeras.com.do\/index.php\/wp-json\/wp\/v2\/posts\/110222","targetHints":{"allow":["GET"]}}],"collection":[{"href":"https:\/\/lasprimeras.com.do\/index.php\/wp-json\/wp\/v2\/posts"}],"about":[{"href":"https:\/\/lasprimeras.com.do\/index.php\/wp-json\/wp\/v2\/types\/post"}],"author":[{"embeddable":true,"href":"https:\/\/lasprimeras.com.do\/index.php\/wp-json\/wp\/v2\/users\/10"}],"replies":[{"embeddable":true,"href":"https:\/\/lasprimeras.com.do\/index.php\/wp-json\/wp\/v2\/comments?post=110222"}],"version-history":[{"count":1,"href":"https:\/\/lasprimeras.com.do\/index.php\/wp-json\/wp\/v2\/posts\/110222\/revisions"}],"predecessor-version":[{"id":110224,"href":"https:\/\/lasprimeras.com.do\/index.php\/wp-json\/wp\/v2\/posts\/110222\/revisions\/110224"}],"wp:featuredmedia":[{"embeddable":true,"href":"https:\/\/lasprimeras.com.do\/index.php\/wp-json\/wp\/v2\/media\/110223"}],"wp:attachment":[{"href":"https:\/\/lasprimeras.com.do\/index.php\/wp-json\/wp\/v2\/media?parent=110222"}],"wp:term":[{"taxonomy":"category","embeddable":true,"href":"https:\/\/lasprimeras.com.do\/index.php\/wp-json\/wp\/v2\/categories?post=110222"},{"taxonomy":"post_tag","embeddable":true,"href":"https:\/\/lasprimeras.com.do\/index.php\/wp-json\/wp\/v2\/tags?post=110222"}],"curies":[{"name":"wp","href":"https:\/\/api.w.org\/{rel}","templated":true}]}}