{"id":110229,"date":"2025-09-26T18:50:55","date_gmt":"2025-09-26T22:50:55","guid":{"rendered":"https:\/\/lasprimeras.com.do\/?p=110229"},"modified":"2025-09-26T18:50:57","modified_gmt":"2025-09-26T22:50:57","slug":"hallan-cadaver-de-un-hombre-donde-se-unen-los-rios-yuna-y-masipedro-en-bonao","status":"publish","type":"post","link":"https:\/\/lasprimeras.com.do\/index.php\/2025\/09\/26\/hallan-cadaver-de-un-hombre-donde-se-unen-los-rios-yuna-y-masipedro-en-bonao\/","title":{"rendered":"Hallan cad\u00e1ver de un hombre donde se unen los r\u00edos Yuna y Masipedro en Bonao"},"content":{"rendered":"\n<p><strong>El m\u00e9dico legista que hizo el levantamiento certific\u00f3 que muri\u00f3 ahogado.<\/strong><\/p>\n\n\n\n<p>Un hombre de 54 a\u00f1os fue encontrado muerto la tarde de este viernes donde se unen los r\u00edos Yuna y Masipedro en Bonao, provincia Monse\u00f1or Nouel.<\/p>\n\n\n\n<p>De acuerdo con los datos preliminares ofrecidos por la Defensa Civil, el cuerpo, a\u00fan sin identificar, corresponde a un hombre de aproximadamente 54 a\u00f1os.<\/p>\n\n\n\n<p>El m\u00e9dico legista que hizo el levantamiento certific\u00f3 que la persona encontrada muri\u00f3 ahogado, el hoy occiso habr\u00eda sido arrastrado por la crecida de ambos afluentes alrededor de las 3:30 de la tarde de hoy.<\/p>\n\n\n\n<p>El cad\u00e1ver fue localizado desnudo y presentaba m\u00faltiples golpes, presuntamente ocasionados por el impacto con rocas mientras era arrastrado por la corriente.<\/p>\n\n\n\n<p>Agentes de la Polic\u00eda Nacional y representantes del Ministerio P\u00fablico se presentaron en el lugar a realizar el levantamiento.<\/p>\n","protected":false},"excerpt":{"rendered":"<p>El m\u00e9dico legista que hizo el levantamiento certific\u00f3 que muri\u00f3 ahogado. Un hombre de 54 a\u00f1os fue encontrado muerto la tarde de este viernes donde se unen los r\u00edos Yuna&hellip;<\/p>\n","protected":false},"author":10,"featured_media":110230,"comment_status":"open","ping_status":"open","sticky":false,"template":"","format":"standard","meta":{"content-type":"","jetpack_post_was_ever_published":false,"_jetpack_newsletter_access":"","_jetpack_dont_email_post_to_subs":false,"_jetpack_newsletter_tier_id":0,"_jetpack_memberships_contains_paywalled_content":false,"_jetpack_memberships_contains_paid_content":false,"footnotes":""},"categories":[35],"tags":[899,240,242,46,25144,9801],"class_list":["post-110229","post","type-post","status-publish","format-standard","has-post-thumbnail","hentry","category-nacionales","tag-bonao","tag-cadaver","tag-hallan","tag-hombre","tag-rio-masipedro","tag-rio-yuna"],"jetpack_featured_media_url":"https:\/\/lasprimeras.com.do\/wp-content\/uploads\/2025\/09\/Los-rios-Yuna-y-Masipedro.jpg","jetpack-related-posts":[{"id":92946,"url":"https:\/\/lasprimeras.com.do\/index.php\/2025\/01\/19\/raquel-pena-entrega-obras-para-en-monsenor-nouel\/","url_meta":{"origin":110229,"position":0},"title":"Raquel Pe\u00f1a entrega obras en Monse\u00f1or Nouel","author":"Nelson Feliz","date":"19 de enero de 2025","format":false,"excerpt":"La vicepresidenta de la Rep\u00fablica, Raquel Pe\u00f1a, entreg\u00f3 obras hidr\u00e1ulicas, de salud y desarrollo comunitario en Arroyo Toro, Bonao, provincia Monse\u00f1or Nouel. Se trata de la puesta en funcionamiento del remozado Centro de Primer Nivel (CPN) Arroyo Toro, el centro comunal del mismo nombre y la conclusi\u00f3n de los trabajos\u2026","rel":"","context":"En \u00abECONOM\u00cdA\u00bb","block_context":{"text":"ECONOM\u00cdA","link":"https:\/\/lasprimeras.com.do\/index.php\/category\/economia\/"},"img":{"alt_text":"Raquel Pe\u00f1a","src":"https:\/\/i0.wp.com\/lasprimeras.com.do\/wp-content\/uploads\/2025\/01\/Raquel-Pena-1.jpg?resize=350%2C200&ssl=1","width":350,"height":200,"srcset":"https:\/\/i0.wp.com\/lasprimeras.com.do\/wp-content\/uploads\/2025\/01\/Raquel-Pena-1.jpg?resize=350%2C200&ssl=1 1x, https:\/\/i0.wp.com\/lasprimeras.com.do\/wp-content\/uploads\/2025\/01\/Raquel-Pena-1.jpg?resize=525%2C300&ssl=1 1.5x, https:\/\/i0.wp.com\/lasprimeras.com.do\/wp-content\/uploads\/2025\/01\/Raquel-Pena-1.jpg?resize=700%2C400&ssl=1 2x"},"classes":[]},{"id":75832,"url":"https:\/\/lasprimeras.com.do\/index.php\/2024\/02\/05\/hombre-mata-de-un-tiro-en-la-cabeza-a-otro-en-santiago\/","url_meta":{"origin":110229,"position":1},"title":"Hombre mata de un tiro en la cabeza a otro en Santiago","author":"Nelson Feliz","date":"5 de febrero de 2024","format":false,"excerpt":"Un hombre muri\u00f3 de un disparo en la cabeza que le propin\u00f3 otro que se desmont\u00f3 de una camioeta sin mediar palabras, en un hecho registrado en la comunidad de Cienfuegos, en el distrito municipal Santiago Oeste. La v\u00edctima fue identificada como Di\u00f3genes Santiago Infante Gonz\u00e1lez, de 40 a\u00f1os de\u2026","rel":"","context":"En \u00abNACIONALES\u00bb","block_context":{"text":"NACIONALES","link":"https:\/\/lasprimeras.com.do\/index.php\/category\/nacionales\/"},"img":{"alt_text":"","src":"","width":0,"height":0},"classes":[]},{"id":93675,"url":"https:\/\/lasprimeras.com.do\/index.php\/2025\/02\/18\/hallan-cadaver-de-un-adolescente-reportado-desaparecido-en-el-rio-lebron\/","url_meta":{"origin":110229,"position":2},"title":"Hallan cad\u00e1ver de un adolescente reportado desaparecido en el r\u00edo Lebr\u00f3n","author":"Nelson Feliz","date":"18 de febrero de 2025","format":false,"excerpt":"El fallecido fue identificado como Wilmer Rafael Paulino, de 14 a\u00f1os Braylin Paredes El cuerpo de un adolescente, quien hab\u00eda sido reportado como desaparecido desde hace tres d\u00edas, fue encontrado la tarde de este martes en el r\u00edo Lebr\u00f3n, en el municipio Pedro Brand, provincia Santo Domingo. El fallecido fue\u2026","rel":"","context":"En \u00abNACIONALES\u00bb","block_context":{"text":"NACIONALES","link":"https:\/\/lasprimeras.com.do\/index.php\/category\/nacionales\/"},"img":{"alt_text":"","src":"https:\/\/i0.wp.com\/lasprimeras.com.do\/wp-content\/uploads\/2025\/02\/inacif.jpg?resize=350%2C200&ssl=1","width":350,"height":200,"srcset":"https:\/\/i0.wp.com\/lasprimeras.com.do\/wp-content\/uploads\/2025\/02\/inacif.jpg?resize=350%2C200&ssl=1 1x, https:\/\/i0.wp.com\/lasprimeras.com.do\/wp-content\/uploads\/2025\/02\/inacif.jpg?resize=525%2C300&ssl=1 1.5x, https:\/\/i0.wp.com\/lasprimeras.com.do\/wp-content\/uploads\/2025\/02\/inacif.jpg?resize=700%2C400&ssl=1 2x"},"classes":[]},{"id":86806,"url":"https:\/\/lasprimeras.com.do\/index.php\/2024\/08\/01\/campesinos-de-bonao-clama-al-gobierno-para-que-no-desaparezca-rio-yuna\/","url_meta":{"origin":110229,"position":3},"title":"Campesinos de Bonao clama al gobierno para que no desaparezca R\u00edo Yuna","author":"Nelson Feliz","date":"1 de agosto de 2024","format":false,"excerpt":"Por Martin Restituyo La Federaci\u00f3n de Campesino hacia el Progreso, radicada en el municipio de Bonao clam\u00f3 al gobierno que preside Luis Abinader para que no desaparezca el r\u00edo Yuna, un importante afluente de la zona norte del pa\u00eds que irriga miles de tareas de tierra y ha sido por\u2026","rel":"","context":"En \u00abNACIONALES\u00bb","block_context":{"text":"NACIONALES","link":"https:\/\/lasprimeras.com.do\/index.php\/category\/nacionales\/"},"img":{"alt_text":"R\u00edo Yuna","src":"https:\/\/i0.wp.com\/lasprimeras.com.do\/wp-content\/uploads\/2024\/08\/Rio-Yuna-1.jpg?resize=350%2C200&ssl=1","width":350,"height":200,"srcset":"https:\/\/i0.wp.com\/lasprimeras.com.do\/wp-content\/uploads\/2024\/08\/Rio-Yuna-1.jpg?resize=350%2C200&ssl=1 1x, https:\/\/i0.wp.com\/lasprimeras.com.do\/wp-content\/uploads\/2024\/08\/Rio-Yuna-1.jpg?resize=525%2C300&ssl=1 1.5x"},"classes":[]},{"id":126535,"url":"https:\/\/lasprimeras.com.do\/index.php\/2026\/04\/02\/hallan-cuerpo-sin-vida-de-un-hombre-de-76-anos-en-rio-de-dajabon\/","url_meta":{"origin":110229,"position":4},"title":"Hallan cuerpo sin vida de un hombre de 76 a\u00f1os en r\u00edo de Dajab\u00f3n","author":"Nelson Feliz","date":"2 de abril de 2026","format":false,"excerpt":"Las autoridades de esta provincia investigan el hallazgo del cuerpo sin vida de un hombre de 76 a\u00f1os, ocurrido este jueves en las aguas del r\u00edo La Luisa. El fallecido fue identificado como Alfonso Elido de la Rosa, quien fue encontrado en un charco de poca profundidad en el referido\u2026","rel":"","context":"En \u00abNACIONALES\u00bb","block_context":{"text":"NACIONALES","link":"https:\/\/lasprimeras.com.do\/index.php\/category\/nacionales\/"},"img":{"alt_text":"","src":"https:\/\/i0.wp.com\/lasprimeras.com.do\/wp-content\/uploads\/2026\/04\/ahoga.jpg?resize=350%2C200&ssl=1","width":350,"height":200,"srcset":"https:\/\/i0.wp.com\/lasprimeras.com.do\/wp-content\/uploads\/2026\/04\/ahoga.jpg?resize=350%2C200&ssl=1 1x, https:\/\/i0.wp.com\/lasprimeras.com.do\/wp-content\/uploads\/2026\/04\/ahoga.jpg?resize=525%2C300&ssl=1 1.5x, https:\/\/i0.wp.com\/lasprimeras.com.do\/wp-content\/uploads\/2026\/04\/ahoga.jpg?resize=700%2C400&ssl=1 2x"},"classes":[]},{"id":66753,"url":"https:\/\/lasprimeras.com.do\/index.php\/2023\/11\/09\/encuentran-el-cadaver-de-isauly-martinez-una-de-las-victimas-de-la-crecida-del-rio-fula-en-bonao\/","url_meta":{"origin":110229,"position":5},"title":"Encuentran el cad\u00e1ver de Isauly Mart\u00ednez, una de las v\u00edctimas de la crecida del r\u00edo Fula en Bonao","author":"Nelson Feliz","date":"9 de noviembre de 2023","format":false,"excerpt":"El cuerpo de la joven de 29 a\u00f1os fue encontrado en la presa Rinc\u00f3n, provincia La Vega. La ma\u00f1ana de este jueves fue encontrado el cuerpo sin vida de Isauly Mart\u00ednez, una de las v\u00edctimas de la crecida del r\u00edo Fula en el municipio Bonao, provincia Monse\u00f1or Nouel. Despu\u00e9s de\u2026","rel":"","context":"En \u00abNACIONALES\u00bb","block_context":{"text":"NACIONALES","link":"https:\/\/lasprimeras.com.do\/index.php\/category\/nacionales\/"},"img":{"alt_text":"El cuerpo de Isauly Mart\u00ednez, quinta v\u00edctima de la crecida del r\u00edo Fula, fue encontrado en la presa Rinc\u00f3n, provincia La Vega","src":"https:\/\/i0.wp.com\/lasprimeras.com.do\/wp-content\/uploads\/2023\/11\/El-cuerpo-de-Isauly-Martinez-quinta-victima-de-la-crecida-del-rio-Fula.jpg?resize=350%2C200&ssl=1","width":350,"height":200,"srcset":"https:\/\/i0.wp.com\/lasprimeras.com.do\/wp-content\/uploads\/2023\/11\/El-cuerpo-de-Isauly-Martinez-quinta-victima-de-la-crecida-del-rio-Fula.jpg?resize=350%2C200&ssl=1 1x, https:\/\/i0.wp.com\/lasprimeras.com.do\/wp-content\/uploads\/2023\/11\/El-cuerpo-de-Isauly-Martinez-quinta-victima-de-la-crecida-del-rio-Fula.jpg?resize=525%2C300&ssl=1 1.5x, https:\/\/i0.wp.com\/lasprimeras.com.do\/wp-content\/uploads\/2023\/11\/El-cuerpo-de-Isauly-Martinez-quinta-victima-de-la-crecida-del-rio-Fula.jpg?resize=700%2C400&ssl=1 2x"},"classes":[]}],"jetpack_sharing_enabled":true,"_links":{"self":[{"href":"https:\/\/lasprimeras.com.do\/index.php\/wp-json\/wp\/v2\/posts\/110229","targetHints":{"allow":["GET"]}}],"collection":[{"href":"https:\/\/lasprimeras.com.do\/index.php\/wp-json\/wp\/v2\/posts"}],"about":[{"href":"https:\/\/lasprimeras.com.do\/index.php\/wp-json\/wp\/v2\/types\/post"}],"author":[{"embeddable":true,"href":"https:\/\/lasprimeras.com.do\/index.php\/wp-json\/wp\/v2\/users\/10"}],"replies":[{"embeddable":true,"href":"https:\/\/lasprimeras.com.do\/index.php\/wp-json\/wp\/v2\/comments?post=110229"}],"version-history":[{"count":1,"href":"https:\/\/lasprimeras.com.do\/index.php\/wp-json\/wp\/v2\/posts\/110229\/revisions"}],"predecessor-version":[{"id":110231,"href":"https:\/\/lasprimeras.com.do\/index.php\/wp-json\/wp\/v2\/posts\/110229\/revisions\/110231"}],"wp:featuredmedia":[{"embeddable":true,"href":"https:\/\/lasprimeras.com.do\/index.php\/wp-json\/wp\/v2\/media\/110230"}],"wp:attachment":[{"href":"https:\/\/lasprimeras.com.do\/index.php\/wp-json\/wp\/v2\/media?parent=110229"}],"wp:term":[{"taxonomy":"category","embeddable":true,"href":"https:\/\/lasprimeras.com.do\/index.php\/wp-json\/wp\/v2\/categories?post=110229"},{"taxonomy":"post_tag","embeddable":true,"href":"https:\/\/lasprimeras.com.do\/index.php\/wp-json\/wp\/v2\/tags?post=110229"}],"curies":[{"name":"wp","href":"https:\/\/api.w.org\/{rel}","templated":true}]}}