{"id":110235,"date":"2025-09-26T19:14:22","date_gmt":"2025-09-26T23:14:22","guid":{"rendered":"https:\/\/lasprimeras.com.do\/?p=110235"},"modified":"2025-09-26T19:14:24","modified_gmt":"2025-09-26T23:14:24","slug":"lideres-sindicales-ponderan-discurso-del-presidente-abinader-en-onu","status":"publish","type":"post","link":"https:\/\/lasprimeras.com.do\/index.php\/2025\/09\/26\/lideres-sindicales-ponderan-discurso-del-presidente-abinader-en-onu\/","title":{"rendered":"L\u00edderes sindicales ponderan discurso del presidente Abinader en ONU"},"content":{"rendered":"\n<p>El presidente de la Confederaci\u00f3n Nacional de Trabajadores Dominicanos, Jacobo Ramos, valor\u00f3 como positivo el discurso del presidente Luis Abinader en la asamblea de la Organizaci\u00f3n de Naciones Unidas (ONU) donde reiter\u00f3 a la comunidad internacional para que intervengan ante la inseguridad que se registra en Hait\u00ed.<\/p>\n\n\n\n<p>Manifest\u00f3 que hay insistir en el tema haitiano en ese escenario de Naciones Unidas, el mandatario lament\u00f3 que el pa\u00eds vecino est\u00e9 controlado por los grupos armados, sobre todo Puerto Pr\u00edncipe, la capital.<\/p>\n\n\n\n<p>&#8220;todos sabemos de Hait\u00ed con el tema de las bandas que existe en ese pa\u00eds, el abandono que ha sufrido de la comunidad internacional y la Rep\u00fablica Dominicana y el presidente de manera coherente ha mantenido la idea de desarrollar una campa\u00f1a con el objetivo de que se logre la seguridad en Hait\u00ed&#8221;, declar\u00f3 Ramos.<\/p>\n\n\n\n<p>El sindicalista exhort\u00f3 a la poblaci\u00f3n para que respalde la posici\u00f3n del jefe de Estado, quien ha se\u00f1alado que la soluci\u00f3n de Hait\u00ed no est\u00e1 en Rep\u00fablica Dominicana.<\/p>\n\n\n\n<p>Similar posici\u00f3n tiene Silvio Ure\u00f1a, secretario general de la Federaci\u00f3n Dominicana de Trabajadores Portuarios, quien salud\u00f3 la decisi\u00f3n del gobernante de plantear la necesidad de intervenir el vecino pa\u00eds.<\/p>\n\n\n\n<p>&#8220;Somos nosotros que hemos cargado con Hait\u00ed durante muchos a\u00f1os y creemos que hay buscarle una salida definitiva para que puedan vivir en paz los hermanos de la Rep\u00fablica de Hait\u00ed&#8221;, afirm\u00f3 Ure\u00f1a.<\/p>\n\n\n\n<p>El vicepresidente de la Federaci\u00f3n Nacional de los Transportistas, Carlos Arias, consider\u00f3 que la comparecencia en la ONU de Abinader representa la valent\u00eda de los dominicanos en procura de reclamar de una soluci\u00f3n para Hait\u00ed.<\/p>\n\n\n\n<p>&#8220;Porque Rep\u00fablica Dominicana se ha sodarizado bastante por Hait\u00ed, pero nosotros no tenemos la capacidad para asumir esa situaci\u00f3n de ese pa\u00eds. Como dice el presidente el tema de Hait\u00ed, tiene que resolverse en Hait\u00ed&#8221;, sostuvo el representante de la entidad sindical.<\/p>\n\n\n\n<p>Tambi\u00e9n el presidente de la CNTD favoreci\u00f3 las pol\u00edticas del Gobierno, con el objetivo de garantizar el crecimiento econ\u00f3mico del pa\u00eds.<\/p>\n","protected":false},"excerpt":{"rendered":"<p>El presidente de la Confederaci\u00f3n Nacional de Trabajadores Dominicanos, Jacobo Ramos, valor\u00f3 como positivo el discurso del presidente Luis Abinader en la asamblea de la Organizaci\u00f3n de Naciones Unidas (ONU)&hellip;<\/p>\n","protected":false},"author":10,"featured_media":110236,"comment_status":"open","ping_status":"open","sticky":false,"template":"","format":"standard","meta":{"content-type":"","jetpack_post_was_ever_published":false,"_jetpack_newsletter_access":"","_jetpack_dont_email_post_to_subs":false,"_jetpack_newsletter_tier_id":0,"_jetpack_memberships_contains_paywalled_content":false,"_jetpack_memberships_contains_paid_content":false,"footnotes":""},"categories":[35],"tags":[190,4855,67,93,935,10804],"class_list":["post-110235","post","type-post","status-publish","format-standard","has-post-thumbnail","hentry","category-nacionales","tag-discurso","tag-lideres","tag-luis-abinader","tag-onu","tag-presidente","tag-sindicales-2"],"jetpack_featured_media_url":"https:\/\/lasprimeras.com.do\/wp-content\/uploads\/2025\/09\/Lideres-sindicales.jpg","jetpack-related-posts":[{"id":60870,"url":"https:\/\/lasprimeras.com.do\/index.php\/2023\/09\/19\/presidente-abinader-habla-este-miercoles-en-asamblea-de-la-onu\/","url_meta":{"origin":110235,"position":0},"title":"Presidente Abinader habla este mi\u00e9rcoles en Asamblea de la ONU","author":"Nelson Feliz","date":"19 de septiembre de 2023","format":false,"excerpt":"Discurso del mandatario se transmitir\u00e1 a todo el pa\u00eds. El presidente Luis Abinader hablar\u00e1 esta tarde ante la 78va Asamblea General de las Naciones (ONU), donde tratar\u00e1 sobre la situaci\u00f3n que vive el pa\u00eds con Hait\u00ed. De acuerdo con el orden establecido, se espera que la comparecencia de Abinader se\u2026","rel":"","context":"En \u00abNACIONALES\u00bb","block_context":{"text":"NACIONALES","link":"https:\/\/lasprimeras.com.do\/index.php\/category\/nacionales\/"},"img":{"alt_text":"Luis Abinader","src":"https:\/\/i0.wp.com\/lasprimeras.com.do\/wp-content\/uploads\/2023\/08\/Luis-Abinader-ONU.jpg?resize=350%2C200&ssl=1","width":350,"height":200,"srcset":"https:\/\/i0.wp.com\/lasprimeras.com.do\/wp-content\/uploads\/2023\/08\/Luis-Abinader-ONU.jpg?resize=350%2C200&ssl=1 1x, https:\/\/i0.wp.com\/lasprimeras.com.do\/wp-content\/uploads\/2023\/08\/Luis-Abinader-ONU.jpg?resize=525%2C300&ssl=1 1.5x, https:\/\/i0.wp.com\/lasprimeras.com.do\/wp-content\/uploads\/2023\/08\/Luis-Abinader-ONU.jpg?resize=700%2C400&ssl=1 2x"},"classes":[]},{"id":76855,"url":"https:\/\/lasprimeras.com.do\/index.php\/2024\/02\/13\/abinader-retorno-al-pais-anoche-tras-pronunciar-un-discurso-en-la-onu\/","url_meta":{"origin":110235,"position":1},"title":"Abinader retorn\u00f3 al pa\u00eds anoche tras pronunciar un discurso en la ONU","author":"Nelson Feliz","date":"13 de febrero de 2024","format":false,"excerpt":"El presidente Luis Abinader retorn\u00f3 al pa\u00eds a las 8:20 de la noche de este martes tras pronunciar un discurso ante el Consejo de Seguridad de las Naciones Unidas (ONU), reiterando la necesaria y urgente intervenci\u00f3n de la comunidad internacional para restaurar el orden en Hait\u00ed. Al culminar una breve\u2026","rel":"","context":"En \u00abNACIONALES\u00bb","block_context":{"text":"NACIONALES","link":"https:\/\/lasprimeras.com.do\/index.php\/category\/nacionales\/"},"img":{"alt_text":"Luis Abinader vs Antonio Guterres","src":"https:\/\/i0.wp.com\/lasprimeras.com.do\/wp-content\/uploads\/2024\/02\/Luis-Abinader-vs-Antonio-Guterres.jpg?resize=350%2C200&ssl=1","width":350,"height":200,"srcset":"https:\/\/i0.wp.com\/lasprimeras.com.do\/wp-content\/uploads\/2024\/02\/Luis-Abinader-vs-Antonio-Guterres.jpg?resize=350%2C200&ssl=1 1x, https:\/\/i0.wp.com\/lasprimeras.com.do\/wp-content\/uploads\/2024\/02\/Luis-Abinader-vs-Antonio-Guterres.jpg?resize=525%2C300&ssl=1 1.5x, https:\/\/i0.wp.com\/lasprimeras.com.do\/wp-content\/uploads\/2024\/02\/Luis-Abinader-vs-Antonio-Guterres.jpg?resize=700%2C400&ssl=1 2x"},"classes":[]},{"id":108593,"url":"https:\/\/lasprimeras.com.do\/index.php\/2025\/09\/08\/abinader-reacciona-a-salida-de-policias-de-kenia-de-haiti-seguiremos-pidiendo-ayuda\/","url_meta":{"origin":110235,"position":2},"title":"Abinader reacciona a salida de polic\u00edas de Kenia de Hait\u00ed: &#8220;Seguiremos pidiendo ayuda&#8221;","author":"Nelson Feliz","date":"8 de septiembre de 2025","format":false,"excerpt":"Dijo que en septiembre volver\u00e1 a la ONU y llamar\u00e1 la atenci\u00f3n sobre el abandono de la comunidad internacional a Hait\u00ed. La Rep\u00fablica Dominicana tendr\u00e1 que adaptarse a la situaci\u00f3n que se presente en Hait\u00ed tras la salida de la misi\u00f3n de seguridad que encabeza Kenia, pautada para fin de\u2026","rel":"","context":"En \u00abNACIONALES\u00bb","block_context":{"text":"NACIONALES","link":"https:\/\/lasprimeras.com.do\/index.php\/category\/nacionales\/"},"img":{"alt_text":"","src":"https:\/\/i0.wp.com\/lasprimeras.com.do\/wp-content\/uploads\/2025\/09\/Policias-de-Kenia-en-la-mision-de-estabilizacion-en-Haiti.jpg?resize=350%2C200&ssl=1","width":350,"height":200,"srcset":"https:\/\/i0.wp.com\/lasprimeras.com.do\/wp-content\/uploads\/2025\/09\/Policias-de-Kenia-en-la-mision-de-estabilizacion-en-Haiti.jpg?resize=350%2C200&ssl=1 1x, https:\/\/i0.wp.com\/lasprimeras.com.do\/wp-content\/uploads\/2025\/09\/Policias-de-Kenia-en-la-mision-de-estabilizacion-en-Haiti.jpg?resize=525%2C300&ssl=1 1.5x, https:\/\/i0.wp.com\/lasprimeras.com.do\/wp-content\/uploads\/2025\/09\/Policias-de-Kenia-en-la-mision-de-estabilizacion-en-Haiti.jpg?resize=700%2C400&ssl=1 2x"},"classes":[]},{"id":89534,"url":"https:\/\/lasprimeras.com.do\/index.php\/2024\/09\/26\/ricardo-de-los-santos-respalda-declaraciones-del-presidente-abinader-en-la-onu-situacion-haiti\/","url_meta":{"origin":110235,"position":3},"title":"Ricardo De los Santos respalda declaraciones del presidente Abinader en la ONU situaci\u00f3n Hait\u00ed","author":"Nelson Feliz","date":"26 de septiembre de 2024","format":false,"excerpt":"El presidente del Senado, Ricardo de los Santos, respald\u00f3 las declaraciones del presidente Luis Abinader durante su discurso ante la Asamblea General de la Organizaci\u00f3n de Naciones Unidas (ONU), donde advirti\u00f3 que la estabilidad en Hait\u00ed es necesaria para la seguridad regional. En ese contexto, el senador por la provincia\u2026","rel":"","context":"En \u00abNACIONALES\u00bb","block_context":{"text":"NACIONALES","link":"https:\/\/lasprimeras.com.do\/index.php\/category\/nacionales\/"},"img":{"alt_text":"Ricardo De los Santos","src":"https:\/\/i0.wp.com\/lasprimeras.com.do\/wp-content\/uploads\/2024\/09\/Ricardo-De-los-Santos-5.jpg?resize=350%2C200&ssl=1","width":350,"height":200,"srcset":"https:\/\/i0.wp.com\/lasprimeras.com.do\/wp-content\/uploads\/2024\/09\/Ricardo-De-los-Santos-5.jpg?resize=350%2C200&ssl=1 1x, https:\/\/i0.wp.com\/lasprimeras.com.do\/wp-content\/uploads\/2024\/09\/Ricardo-De-los-Santos-5.jpg?resize=525%2C300&ssl=1 1.5x, https:\/\/i0.wp.com\/lasprimeras.com.do\/wp-content\/uploads\/2024\/09\/Ricardo-De-los-Santos-5.jpg?resize=700%2C400&ssl=1 2x"},"classes":[]},{"id":76803,"url":"https:\/\/lasprimeras.com.do\/index.php\/2024\/02\/14\/abinader-retorna-al-pais-tras-pronunciar-discurso-en-la-onu\/","url_meta":{"origin":110235,"position":4},"title":"Abinader retorna al pa\u00eds tras pronunciar discurso en la ONU","author":"BIMARY DE JES\u00daS Matos","date":"14 de febrero de 2024","format":false,"excerpt":"Santo Domingo.- El presidente Luis Abinader retorn\u00f3 al pa\u00eds a las 8:20 de la noche de este martes tras pronunciar un discurso ante el Consejo de Seguridad de las Naciones Unidas (ONU), reiterando la necesaria y urgente intervenci\u00f3n de la comunidad internacional para restaurar el orden en Hait\u00ed. Al culminar\u2026","rel":"","context":"En \u00abPORTADA\u00bb","block_context":{"text":"PORTADA","link":"https:\/\/lasprimeras.com.do\/index.php\/category\/portada\/"},"img":{"alt_text":"","src":"https:\/\/i0.wp.com\/lasprimeras.com.do\/wp-content\/uploads\/2024\/02\/IMG-20240214-WA0002-scaled.jpg.webp?resize=350%2C200&ssl=1","width":350,"height":200,"srcset":"https:\/\/i0.wp.com\/lasprimeras.com.do\/wp-content\/uploads\/2024\/02\/IMG-20240214-WA0002-scaled.jpg.webp?resize=350%2C200&ssl=1 1x, https:\/\/i0.wp.com\/lasprimeras.com.do\/wp-content\/uploads\/2024\/02\/IMG-20240214-WA0002-scaled.jpg.webp?resize=525%2C300&ssl=1 1.5x, https:\/\/i0.wp.com\/lasprimeras.com.do\/wp-content\/uploads\/2024\/02\/IMG-20240214-WA0002-scaled.jpg.webp?resize=700%2C400&ssl=1 2x, https:\/\/i0.wp.com\/lasprimeras.com.do\/wp-content\/uploads\/2024\/02\/IMG-20240214-WA0002-scaled.jpg.webp?resize=1050%2C600&ssl=1 3x, https:\/\/i0.wp.com\/lasprimeras.com.do\/wp-content\/uploads\/2024\/02\/IMG-20240214-WA0002-scaled.jpg.webp?resize=1400%2C800&ssl=1 4x"},"classes":[]},{"id":76744,"url":"https:\/\/lasprimeras.com.do\/index.php\/2024\/02\/14\/luis-el-gallo-dice-discurso-abinader-en-onu-fue-valiente-patriotico-y-nacionalista\/","url_meta":{"origin":110235,"position":5},"title":"Luis \u201cEl Gallo\u201d dice discurso Abinader en ONU fue valiente, patri\u00f3tico y nacionalista","author":"Nelson Feliz","date":"14 de febrero de 2024","format":false,"excerpt":"La Uni\u00f3n Dem\u00f3crata Cristiana -UDC- y su l\u00edder Luis Acosta Moreta, Luis \u201cEl Gallo\u201d, saludaron hoy la forma valiente, firme, y patri\u00f3tica en que el presidente Luis Abinader defendi\u00f3 los intereses nacionales, ante el Consejo de Seguridad de las Naciones Unidas, donde habl\u00f3 claro sobre la crisis haitiana. Enfatiz\u00f3 que\u2026","rel":"","context":"En \u00abPORTADA\u00bb","block_context":{"text":"PORTADA","link":"https:\/\/lasprimeras.com.do\/index.php\/category\/portada\/"},"img":{"alt_text":"Luis Abinader","src":"https:\/\/i0.wp.com\/lasprimeras.com.do\/wp-content\/uploads\/2024\/02\/Luis-Abinader-5.jpg?resize=350%2C200&ssl=1","width":350,"height":200,"srcset":"https:\/\/i0.wp.com\/lasprimeras.com.do\/wp-content\/uploads\/2024\/02\/Luis-Abinader-5.jpg?resize=350%2C200&ssl=1 1x, https:\/\/i0.wp.com\/lasprimeras.com.do\/wp-content\/uploads\/2024\/02\/Luis-Abinader-5.jpg?resize=525%2C300&ssl=1 1.5x, https:\/\/i0.wp.com\/lasprimeras.com.do\/wp-content\/uploads\/2024\/02\/Luis-Abinader-5.jpg?resize=700%2C400&ssl=1 2x"},"classes":[]}],"jetpack_sharing_enabled":true,"_links":{"self":[{"href":"https:\/\/lasprimeras.com.do\/index.php\/wp-json\/wp\/v2\/posts\/110235","targetHints":{"allow":["GET"]}}],"collection":[{"href":"https:\/\/lasprimeras.com.do\/index.php\/wp-json\/wp\/v2\/posts"}],"about":[{"href":"https:\/\/lasprimeras.com.do\/index.php\/wp-json\/wp\/v2\/types\/post"}],"author":[{"embeddable":true,"href":"https:\/\/lasprimeras.com.do\/index.php\/wp-json\/wp\/v2\/users\/10"}],"replies":[{"embeddable":true,"href":"https:\/\/lasprimeras.com.do\/index.php\/wp-json\/wp\/v2\/comments?post=110235"}],"version-history":[{"count":1,"href":"https:\/\/lasprimeras.com.do\/index.php\/wp-json\/wp\/v2\/posts\/110235\/revisions"}],"predecessor-version":[{"id":110237,"href":"https:\/\/lasprimeras.com.do\/index.php\/wp-json\/wp\/v2\/posts\/110235\/revisions\/110237"}],"wp:featuredmedia":[{"embeddable":true,"href":"https:\/\/lasprimeras.com.do\/index.php\/wp-json\/wp\/v2\/media\/110236"}],"wp:attachment":[{"href":"https:\/\/lasprimeras.com.do\/index.php\/wp-json\/wp\/v2\/media?parent=110235"}],"wp:term":[{"taxonomy":"category","embeddable":true,"href":"https:\/\/lasprimeras.com.do\/index.php\/wp-json\/wp\/v2\/categories?post=110235"},{"taxonomy":"post_tag","embeddable":true,"href":"https:\/\/lasprimeras.com.do\/index.php\/wp-json\/wp\/v2\/tags?post=110235"}],"curies":[{"name":"wp","href":"https:\/\/api.w.org\/{rel}","templated":true}]}}