{"id":110238,"date":"2025-09-26T19:28:03","date_gmt":"2025-09-26T23:28:03","guid":{"rendered":"https:\/\/lasprimeras.com.do\/?p=110238"},"modified":"2025-09-26T19:28:05","modified_gmt":"2025-09-26T23:28:05","slug":"ayuntamiento-de-sde-intensifica-limpieza-de-imbornales-para-mitigar-inundaciones","status":"publish","type":"post","link":"https:\/\/lasprimeras.com.do\/index.php\/2025\/09\/26\/ayuntamiento-de-sde-intensifica-limpieza-de-imbornales-para-mitigar-inundaciones\/","title":{"rendered":"Ayuntamiento de SDE intensifica limpieza de imbornales para mitigar inundaciones"},"content":{"rendered":"\n<p>El Ayuntamiento de Santo Domingo Este despleg\u00f3 m\u00e1s de 300 agentes de la Polic\u00eda Municipal junto a brigadas de limpieza que trabajan en imbornales, filtrantes, poda de \u00e1rboles y recolecci\u00f3n de desechos en diferentes puntos cr\u00edticos del municipio, con el objetivo de mitigar los efectos de la activa onda tropical que incide sobre el pa\u00eds.<\/p>\n\n\n\n<p>Las labores preventivas se concentran en avenidas y sectores como Espa\u00f1a, Faro a Col\u00f3n, Charles de Gaulle, Prolongaci\u00f3n Venezuela, Villa Duarte, Maquiteria, Brisas del Este, Los Mina, Los Trinitarios, El Almirante, Alma Rosa I y la Marginal de Las Am\u00e9ricas, priorizando aquellas zonas donde hist\u00f3ricamente se generan mayores acumulaciones de agua.<\/p>\n\n\n\n<p>El alcalde D\u00edo Astacio instruy\u00f3 al Comit\u00e9 Municipal de Prevenci\u00f3n, Mitigaci\u00f3n y Respuesta a ejecutar los protocolos adecuados en coordinaci\u00f3n con organismos de emergencia, al tiempo que exhort\u00f3 a la ciudadan\u00eda a mantenerse atenta a las informaciones oficiales y evitar lanzar desechos en las v\u00edas p\u00fablicas para garantizar la efectividad de las medidas.<\/p>\n","protected":false},"excerpt":{"rendered":"<p>El Ayuntamiento de Santo Domingo Este despleg\u00f3 m\u00e1s de 300 agentes de la Polic\u00eda Municipal junto a brigadas de limpieza que trabajan en imbornales, filtrantes, poda de \u00e1rboles y recolecci\u00f3n&hellip;<\/p>\n","protected":false},"author":10,"featured_media":110239,"comment_status":"open","ping_status":"open","sticky":false,"template":"","format":"standard","meta":{"content-type":"","jetpack_post_was_ever_published":false,"_jetpack_newsletter_access":"","_jetpack_dont_email_post_to_subs":false,"_jetpack_newsletter_tier_id":0,"_jetpack_memberships_contains_paywalled_content":false,"_jetpack_memberships_contains_paid_content":false,"footnotes":""},"categories":[35],"tags":[25146,16269,13894,1516,1960,10758],"class_list":["post-110238","post","type-post","status-publish","format-standard","has-post-thumbnail","hentry","category-nacionales","tag-ayuntamiento-de-sde","tag-imbornales","tag-intensifica","tag-inundaciones","tag-limpieza","tag-mitigar"],"jetpack_featured_media_url":"https:\/\/lasprimeras.com.do\/wp-content\/uploads\/2025\/09\/Ayuntamiento-de-SDE.jpg","jetpack-related-posts":[{"id":112530,"url":"https:\/\/lasprimeras.com.do\/index.php\/2025\/10\/23\/alcalde-de-sde-activa-plan-de-emergencia-ante-posibles-inundaciones-por-la-tormenta-tropical-melissa\/","url_meta":{"origin":110238,"position":0},"title":"Alcalde de SDE activa plan de emergencia ante posibles inundaciones por la tormenta tropical Melissa","author":"Nelson Feliz","date":"23 de octubre de 2025","format":false,"excerpt":"El alcalde de Santo Domingo Este, D\u00edo Astacio, inform\u00f3 que el Ayuntamiento mantiene activado su plan de emergencia municipal ante los posibles efectos de la tormenta tropical Melissa, que podr\u00eda generar inundaciones en diferentes sectores del municipio, debido a que en los pr\u00f3ximos d\u00edas caer\u00e1n unos 300 mil\u00edmetros de lluvias.\u2026","rel":"","context":"En \u00abNACIONALES\u00bb","block_context":{"text":"NACIONALES","link":"https:\/\/lasprimeras.com.do\/index.php\/category\/nacionales\/"},"img":{"alt_text":"","src":"https:\/\/i0.wp.com\/lasprimeras.com.do\/wp-content\/uploads\/2025\/10\/Dio-Astacio.jpg?resize=350%2C200&ssl=1","width":350,"height":200},"classes":[]},{"id":67589,"url":"https:\/\/lasprimeras.com.do\/index.php\/2023\/11\/16\/alcaldia-dn-intensifica-labores-preventivas-ante-posibles-lluvias\/","url_meta":{"origin":110238,"position":1},"title":"Alcald\u00eda DN intensifica labores preventivas ante posibles lluvias","author":"BIMARY DE JES\u00daS Matos","date":"16 de noviembre de 2023","format":false,"excerpt":"Santo Domingo \u2013 La alcaldesa del Distrito Nacional, Carolina Mej\u00eda, ha dispuesto el despliegue de brigadas y camiones de succi\u00f3n como medida preventiva ante probabilidad de altas precipitaciones durante el fin de semana en el territorio nacional por disturbio tropical. En una acci\u00f3n conjunta, brigadas del ayuntamiento, en coordinaci\u00f3n con\u2026","rel":"","context":"En \u00abNACIONALES\u00bb","block_context":{"text":"NACIONALES","link":"https:\/\/lasprimeras.com.do\/index.php\/category\/nacionales\/"},"img":{"alt_text":"","src":"https:\/\/i0.wp.com\/lasprimeras.com.do\/wp-content\/uploads\/2023\/11\/WhatsApp-Image-2023-11-16-at-12.55.31-AM-3-1.jpeg?resize=350%2C200&ssl=1","width":350,"height":200,"srcset":"https:\/\/i0.wp.com\/lasprimeras.com.do\/wp-content\/uploads\/2023\/11\/WhatsApp-Image-2023-11-16-at-12.55.31-AM-3-1.jpeg?resize=350%2C200&ssl=1 1x, https:\/\/i0.wp.com\/lasprimeras.com.do\/wp-content\/uploads\/2023\/11\/WhatsApp-Image-2023-11-16-at-12.55.31-AM-3-1.jpeg?resize=525%2C300&ssl=1 1.5x"},"classes":[]},{"id":106932,"url":"https:\/\/lasprimeras.com.do\/index.php\/2025\/08\/21\/sde-se-propone-eliminar-punto-de-inundaciones-con-el-sisdrap\/","url_meta":{"origin":110238,"position":2},"title":"SDE se propone eliminar punto de inundaciones con el SISDRAP","author":"Nelson Feliz","date":"21 de agosto de 2025","format":false,"excerpt":"El Ayuntamiento de Santo Domingo Este, encabezado por el alcalde D\u00edo Astacio, dej\u00f3 iniciado este mi\u00e9rcoles la construcci\u00f3n de un moderno Sistema de Drenaje y Reservas de Aguas Pluviales, como soluci\u00f3n definitiva a los problemas de inundaciones que por m\u00e1s de tres d\u00e9cadas han afectado a cientos de familias del\u2026","rel":"","context":"En \u00abNACIONALES\u00bb","block_context":{"text":"NACIONALES","link":"https:\/\/lasprimeras.com.do\/index.php\/category\/nacionales\/"},"img":{"alt_text":"","src":"https:\/\/i0.wp.com\/lasprimeras.com.do\/wp-content\/uploads\/2025\/08\/Santo-Domingo-Este.jpg?resize=350%2C200&ssl=1","width":350,"height":200,"srcset":"https:\/\/i0.wp.com\/lasprimeras.com.do\/wp-content\/uploads\/2025\/08\/Santo-Domingo-Este.jpg?resize=350%2C200&ssl=1 1x, https:\/\/i0.wp.com\/lasprimeras.com.do\/wp-content\/uploads\/2025\/08\/Santo-Domingo-Este.jpg?resize=525%2C300&ssl=1 1.5x, https:\/\/i0.wp.com\/lasprimeras.com.do\/wp-content\/uploads\/2025\/08\/Santo-Domingo-Este.jpg?resize=700%2C400&ssl=1 2x"},"classes":[]},{"id":55919,"url":"https:\/\/lasprimeras.com.do\/index.php\/2023\/07\/26\/ciudadanos-manifiestan-atraso-abandono-y-desastre-por-parte-del-gobierno-y-ayuntamiento-de-sde\/","url_meta":{"origin":110238,"position":3},"title":"Ciudadanos manifiestan atraso, abandono y desastre por parte del gobierno y ayuntamiento de SDE","author":"Nelson Feliz","date":"26 de julio de 2023","format":false,"excerpt":"Las expresiones de los ciudadanos se produjeron en visitas realizadas por el candidato a alcalde Luis Alberto, en sus recorridos \u201cCasa a Casa\u201d. El candidato a alcalde del Partido de la Liberaci\u00f3n Dominicana (PLD) por el municipio Santo Domingo Este, Luis Alberto Tejeda, visit\u00f3 varios sectores del circunscripci\u00f3n 1 de\u2026","rel":"","context":"En \u00abPORTADA\u00bb","block_context":{"text":"PORTADA","link":"https:\/\/lasprimeras.com.do\/index.php\/category\/portada\/"},"img":{"alt_text":"Luis Alberto Tejada","src":"https:\/\/i0.wp.com\/lasprimeras.com.do\/wp-content\/uploads\/2023\/07\/Luis-Alberto-Tejada-1.jpg?resize=350%2C200&ssl=1","width":350,"height":200,"srcset":"https:\/\/i0.wp.com\/lasprimeras.com.do\/wp-content\/uploads\/2023\/07\/Luis-Alberto-Tejada-1.jpg?resize=350%2C200&ssl=1 1x, https:\/\/i0.wp.com\/lasprimeras.com.do\/wp-content\/uploads\/2023\/07\/Luis-Alberto-Tejada-1.jpg?resize=525%2C300&ssl=1 1.5x, https:\/\/i0.wp.com\/lasprimeras.com.do\/wp-content\/uploads\/2023\/07\/Luis-Alberto-Tejada-1.jpg?resize=700%2C400&ssl=1 2x, https:\/\/i0.wp.com\/lasprimeras.com.do\/wp-content\/uploads\/2023\/07\/Luis-Alberto-Tejada-1.jpg?resize=1050%2C600&ssl=1 3x, https:\/\/i0.wp.com\/lasprimeras.com.do\/wp-content\/uploads\/2023\/07\/Luis-Alberto-Tejada-1.jpg?resize=1400%2C800&ssl=1 4x"},"classes":[]},{"id":127761,"url":"https:\/\/lasprimeras.com.do\/index.php\/2026\/04\/15\/bauta-rojas-gomez-plantea-soluciones-ante-efectos-de-lluvias\/","url_meta":{"origin":110238,"position":4},"title":"Bauta Rojas G\u00f3mez plantea soluciones ante efectos de lluvias","author":"Nelson Feliz","date":"15 de abril de 2026","format":false,"excerpt":"Rojas G\u00f3mez alerta sobre da\u00f1os ambientales en el pa\u00eds. El exsenador por la provincia Hermanas Mirabal y dirigente de la Fuerza del Pueblo, Bautista Rojas G\u00f3mez, inform\u00f3 que el Presidente Luis Abinader, no ha llevado soluciones concretas en los recorridos realizados en distintos barrios del Gran Santo Domingo, donde se\u2026","rel":"","context":"En \u00abPOLITICA\u00bb","block_context":{"text":"POLITICA","link":"https:\/\/lasprimeras.com.do\/index.php\/category\/politica\/"},"img":{"alt_text":"Bautista Rojas G\u00f3mez","src":"https:\/\/i0.wp.com\/lasprimeras.com.do\/wp-content\/uploads\/2023\/07\/Bauta-Rojas.jpg?resize=350%2C200&ssl=1","width":350,"height":200,"srcset":"https:\/\/i0.wp.com\/lasprimeras.com.do\/wp-content\/uploads\/2023\/07\/Bauta-Rojas.jpg?resize=350%2C200&ssl=1 1x, https:\/\/i0.wp.com\/lasprimeras.com.do\/wp-content\/uploads\/2023\/07\/Bauta-Rojas.jpg?resize=525%2C300&ssl=1 1.5x, https:\/\/i0.wp.com\/lasprimeras.com.do\/wp-content\/uploads\/2023\/07\/Bauta-Rojas.jpg?resize=700%2C400&ssl=1 2x"},"classes":[]},{"id":90900,"url":"https:\/\/lasprimeras.com.do\/index.php\/2024\/11\/02\/fedomu-instruye-alcaldes-a-limpiar-imbornales-y-sumarse-a-labores-preventivas-ante-posibles-lluvias\/","url_meta":{"origin":110238,"position":5},"title":"Fedomu instruye alcaldes a limpiar imbornales y sumarse a labores preventivas ante posibles lluvias","author":"Nelson Feliz","date":"2 de noviembre de 2024","format":false,"excerpt":"El presidente de la Federaci\u00f3n Dominicana de Municipios (Fedomu), Nelson N\u00fa\u00f1ez, recomend\u00f3 a sus colegas alcaldes a estar atentos a la las informaciones meteorol\u00f3gicas y los pron\u00f3sticos de lluvias que ofrece el Instituto Dominicano de Meteorolog\u00eda (Indomet). El tambi\u00e9n alcalde del municipio de Saman\u00e1 instruy\u00f3 los gobiernos locales a colaborar\u2026","rel":"","context":"En \u00abNACIONALES\u00bb","block_context":{"text":"NACIONALES","link":"https:\/\/lasprimeras.com.do\/index.php\/category\/nacionales\/"},"img":{"alt_text":"Nelson N\u00fa\u00f1ez","src":"https:\/\/i0.wp.com\/lasprimeras.com.do\/wp-content\/uploads\/2024\/11\/Nelson-Nunez.jpg?resize=350%2C200&ssl=1","width":350,"height":200,"srcset":"https:\/\/i0.wp.com\/lasprimeras.com.do\/wp-content\/uploads\/2024\/11\/Nelson-Nunez.jpg?resize=350%2C200&ssl=1 1x, https:\/\/i0.wp.com\/lasprimeras.com.do\/wp-content\/uploads\/2024\/11\/Nelson-Nunez.jpg?resize=525%2C300&ssl=1 1.5x, https:\/\/i0.wp.com\/lasprimeras.com.do\/wp-content\/uploads\/2024\/11\/Nelson-Nunez.jpg?resize=700%2C400&ssl=1 2x"},"classes":[]}],"jetpack_sharing_enabled":true,"_links":{"self":[{"href":"https:\/\/lasprimeras.com.do\/index.php\/wp-json\/wp\/v2\/posts\/110238","targetHints":{"allow":["GET"]}}],"collection":[{"href":"https:\/\/lasprimeras.com.do\/index.php\/wp-json\/wp\/v2\/posts"}],"about":[{"href":"https:\/\/lasprimeras.com.do\/index.php\/wp-json\/wp\/v2\/types\/post"}],"author":[{"embeddable":true,"href":"https:\/\/lasprimeras.com.do\/index.php\/wp-json\/wp\/v2\/users\/10"}],"replies":[{"embeddable":true,"href":"https:\/\/lasprimeras.com.do\/index.php\/wp-json\/wp\/v2\/comments?post=110238"}],"version-history":[{"count":1,"href":"https:\/\/lasprimeras.com.do\/index.php\/wp-json\/wp\/v2\/posts\/110238\/revisions"}],"predecessor-version":[{"id":110240,"href":"https:\/\/lasprimeras.com.do\/index.php\/wp-json\/wp\/v2\/posts\/110238\/revisions\/110240"}],"wp:featuredmedia":[{"embeddable":true,"href":"https:\/\/lasprimeras.com.do\/index.php\/wp-json\/wp\/v2\/media\/110239"}],"wp:attachment":[{"href":"https:\/\/lasprimeras.com.do\/index.php\/wp-json\/wp\/v2\/media?parent=110238"}],"wp:term":[{"taxonomy":"category","embeddable":true,"href":"https:\/\/lasprimeras.com.do\/index.php\/wp-json\/wp\/v2\/categories?post=110238"},{"taxonomy":"post_tag","embeddable":true,"href":"https:\/\/lasprimeras.com.do\/index.php\/wp-json\/wp\/v2\/tags?post=110238"}],"curies":[{"name":"wp","href":"https:\/\/api.w.org\/{rel}","templated":true}]}}