{"id":110244,"date":"2025-09-26T19:45:40","date_gmt":"2025-09-26T23:45:40","guid":{"rendered":"https:\/\/lasprimeras.com.do\/?p=110244"},"modified":"2025-09-26T19:45:42","modified_gmt":"2025-09-26T23:45:42","slug":"vicepresidenta-raquel-pena-encabeza-reunion-virtual-del-consejo-nacional-de-la-magistratura","status":"publish","type":"post","link":"https:\/\/lasprimeras.com.do\/index.php\/2025\/09\/26\/vicepresidenta-raquel-pena-encabeza-reunion-virtual-del-consejo-nacional-de-la-magistratura\/","title":{"rendered":"Vicepresidenta Raquel Pe\u00f1a encabeza reuni\u00f3n virtual del Consejo Nacional de la Magistratura"},"content":{"rendered":"\n<p><strong>Se convocar\u00e1 para este 2 de octubre a los tres jueces de la SCJ que les corresponden evaluaci\u00f3n de desempe\u00f1o.<\/strong><br>\u00a0<\/p>\n\n\n\n<p>La vicepresidenta Raquel Pe\u00f1a encabez\u00f3 este viernes una reuni\u00f3n virtual del Consejo Nacional de la Magistratura, en la que se decidi\u00f3 proceder con la convocatoria para la evaluaci\u00f3n de desempe\u00f1o de los jueces de la Suprema Corte de Justicia Pilar Jim\u00e9nez Ortiz, Manuel Alexis Read Ortiz y Mois\u00e9s Ferrer Landr\u00f3n, tras haber transcurrido 7 a\u00f1os desde sus designaciones, de conformidad con lo dispuesto en el art\u00edculo 181 de la Constituci\u00f3n de la Rep\u00fablica.<\/p>\n\n\n\n<p>Las entrevistas tendr\u00e1n lugar el pr\u00f3ximo jueves 2 de octubre, a partir de las 5:00 de la tarde, en el Palacio Nacional y ser\u00e1n de car\u00e1cter p\u00fablico.<\/p>\n\n\n\n<p>Estas declaraciones fueron ofrecidas por el consultor jur\u00eddico del Poder Ejecutivo, Dr. Antoliano Peralta Romero.<br>\u00a0<br><strong>Reciente modificaci\u00f3n al Reglamento para la evaluaci\u00f3n del desempe\u00f1o de los jueces de la Suprema Corte de Justicia<\/strong><\/p>\n\n\n\n<p>Se recuerda que, tras la reciente modificaci\u00f3n al Reglamento para la evaluaci\u00f3n del desempe\u00f1o de los jueces de la Suprema Corte de Justicia, qued\u00f3 habilitada la posibilidad de que el Consejo Nacional de la Magistratura decida en cada convocatoria si las entrevistas ser\u00e1n p\u00fablicas o no, con excepci\u00f3n de la entrevista del presidente de la Suprema Corte de Justicia, la cual siempre deber\u00e1 ser p\u00fablica, de conformidad con el p\u00e1rrafo I del art\u00edculo 4 del Reglamento n\u00fam. 2-25, para la evaluaci\u00f3n del desempe\u00f1o de los jueces de la Suprema Corte de Justicia, del 15 de septiembre de 2025.<br>\u00a0<strong><br>No se presentaron objeciones en contra de los magistrados de la Suprema Corte de Justicia<\/strong><\/p>\n\n\n\n<p>El pasado 23 de septiembre cerr\u00f3 el plazo para que los interesados presentaran sus objeciones a partir de la publicaci\u00f3n de los informes de desempe\u00f1o de los jueces de la Suprema Corte de Justicia a ser evaluados.<\/p>\n\n\n\n<p>Sin embargo, no fueron presentadas objeciones en esta ocasi\u00f3n ante la Secretar\u00eda del Consejo Nacional de la Magistratura.<br>\u00a0<br><strong>Caso del magistrado Blas Rafael Fern\u00e1ndez G\u00f3mez<\/strong><\/p>\n\n\n\n<p>Aunque tambi\u00e9n transcurrieron 7 a\u00f1os desde la designaci\u00f3n del magistrado de la Suprema Corte de Justicia Blas Rafael Fern\u00e1ndez G\u00f3mez, el mismo no ser\u00e1 evaluado, tras este haber comunicado al Consejo Nacional de la Magistratura su decisi\u00f3n de no optar por un nuevo per\u00edodo en la alta corte, de conformidad con lo establecido en el art\u00edculo 5 del Reglamento n\u00fam. 2-25, para la evaluaci\u00f3n del desempe\u00f1o de los jueces de la Suprema Corte de Justicia.<\/p>\n","protected":false},"excerpt":{"rendered":"<p>Se convocar\u00e1 para este 2 de octubre a los tres jueces de la SCJ que les corresponden evaluaci\u00f3n de desempe\u00f1o.\u00a0 La vicepresidenta Raquel Pe\u00f1a encabez\u00f3 este viernes una reuni\u00f3n virtual&hellip;<\/p>\n","protected":false},"author":10,"featured_media":110245,"comment_status":"open","ping_status":"open","sticky":false,"template":"","format":"standard","meta":{"content-type":"","jetpack_post_was_ever_published":false,"_jetpack_newsletter_access":"","_jetpack_dont_email_post_to_subs":false,"_jetpack_newsletter_tier_id":0,"_jetpack_memberships_contains_paywalled_content":false,"_jetpack_memberships_contains_paid_content":false,"footnotes":""},"categories":[35,25],"tags":[1144,8290,172,2873,25149,2874],"class_list":["post-110244","post","type-post","status-publish","format-standard","has-post-thumbnail","hentry","category-nacionales","category-portada","tag-consejo","tag-magistratura","tag-nacional","tag-raquel-pena","tag-reunion-virtual","tag-vicepresidenta"],"jetpack_featured_media_url":"https:\/\/lasprimeras.com.do\/wp-content\/uploads\/2025\/09\/Raquel-Pena-3.jpg","jetpack-related-posts":[{"id":72345,"url":"https:\/\/lasprimeras.com.do\/index.php\/2023\/12\/28\/vicepresidenta-raquel-pena-juramenta-nuevos-jueces-del-tc\/","url_meta":{"origin":110244,"position":0},"title":"Vicepresidenta Raquel Pe\u00f1a juramenta nuevos jueces del TC","author":"Nelson Feliz","date":"28 de diciembre de 2023","format":false,"excerpt":"La vicepresidenta Raquel Pe\u00f1a, jurament\u00f3 hoy a los cinco nuevos jueces del Tribunal Constitucional (TC), al igual que el primer y segundo sustituto del presidente de la Alta Corte quienes estar\u00e1n en esa funci\u00f3n por un per\u00edodo de nueve a\u00f1os. Los jueces juramentados son Napole\u00f3n Ricardo Lavandier, quien ocupar\u00e1 la\u2026","rel":"","context":"En \u00abNACIONALES\u00bb","block_context":{"text":"NACIONALES","link":"https:\/\/lasprimeras.com.do\/index.php\/category\/nacionales\/"},"img":{"alt_text":"","src":"https:\/\/i0.wp.com\/lasprimeras.com.do\/wp-content\/uploads\/2023\/12\/PARADOS.jpg?resize=350%2C200&ssl=1","width":350,"height":200,"srcset":"https:\/\/i0.wp.com\/lasprimeras.com.do\/wp-content\/uploads\/2023\/12\/PARADOS.jpg?resize=350%2C200&ssl=1 1x, https:\/\/i0.wp.com\/lasprimeras.com.do\/wp-content\/uploads\/2023\/12\/PARADOS.jpg?resize=525%2C300&ssl=1 1.5x, https:\/\/i0.wp.com\/lasprimeras.com.do\/wp-content\/uploads\/2023\/12\/PARADOS.jpg?resize=700%2C400&ssl=1 2x"},"classes":[]},{"id":104662,"url":"https:\/\/lasprimeras.com.do\/index.php\/2025\/07\/25\/cnm-decide-revisar-reglamento-1-19-sobre-evaluacion-de-desempeno-de-los-jueces-suprema-corte-de-justicia\/","url_meta":{"origin":110244,"position":1},"title":"CNM decide revisar reglamento 1-19 sobre evaluaci\u00f3n de desempe\u00f1o de los jueces Suprema Corte de Justicia","author":"Nelson Feliz","date":"25 de julio de 2025","format":false,"excerpt":"El Consejo Nacional de la Magistratura (CNM) tom\u00f3 este viernes la decisi\u00f3n de revisar el reglamento 1-19 que establece los criterios y el procedimiento para evaluar el desempe\u00f1o de los jueces de la Suprema Corte de Justicia (SCJ), con el objetivo de asegurar la calidad y eficiencia de su trabajo.\u2026","rel":"","context":"En \u00abNACIONALES\u00bb","block_context":{"text":"NACIONALES","link":"https:\/\/lasprimeras.com.do\/index.php\/category\/nacionales\/"},"img":{"alt_text":"","src":"https:\/\/i0.wp.com\/lasprimeras.com.do\/wp-content\/uploads\/2025\/07\/CNM-1.jpg?resize=350%2C200&ssl=1","width":350,"height":200,"srcset":"https:\/\/i0.wp.com\/lasprimeras.com.do\/wp-content\/uploads\/2025\/07\/CNM-1.jpg?resize=350%2C200&ssl=1 1x, https:\/\/i0.wp.com\/lasprimeras.com.do\/wp-content\/uploads\/2025\/07\/CNM-1.jpg?resize=525%2C300&ssl=1 1.5x, https:\/\/i0.wp.com\/lasprimeras.com.do\/wp-content\/uploads\/2025\/07\/CNM-1.jpg?resize=700%2C400&ssl=1 2x"},"classes":[]},{"id":103705,"url":"https:\/\/lasprimeras.com.do\/index.php\/2025\/07\/17\/abinader-convoca-al-cnm-para-evaluar-y-designar-jueces\/","url_meta":{"origin":110244,"position":2},"title":"Abinader convoca al CNM para evaluar y designar jueces","author":"Nelson Feliz","date":"17 de julio de 2025","format":false,"excerpt":"La reuni\u00f3n ser\u00e1 en el Palacio Nacional a las 8:00 de la noche El presidente Luis Abinader convoc\u00f3 a los miembros del Consejo Nacional de la Magistratura (CNM) a una reuni\u00f3n, pautada para el viernes 25 de julio. Durante el encuentro, que se realizar\u00e1 en el Palacio Nacional, a las\u2026","rel":"","context":"En \u00abNACIONALES\u00bb","block_context":{"text":"NACIONALES","link":"https:\/\/lasprimeras.com.do\/index.php\/category\/nacionales\/"},"img":{"alt_text":"","src":"https:\/\/i0.wp.com\/lasprimeras.com.do\/wp-content\/uploads\/2025\/07\/ABINADER-CNM-1.jpg?resize=350%2C200&ssl=1","width":350,"height":200,"srcset":"https:\/\/i0.wp.com\/lasprimeras.com.do\/wp-content\/uploads\/2025\/07\/ABINADER-CNM-1.jpg?resize=350%2C200&ssl=1 1x, https:\/\/i0.wp.com\/lasprimeras.com.do\/wp-content\/uploads\/2025\/07\/ABINADER-CNM-1.jpg?resize=525%2C300&ssl=1 1.5x, https:\/\/i0.wp.com\/lasprimeras.com.do\/wp-content\/uploads\/2025\/07\/ABINADER-CNM-1.jpg?resize=700%2C400&ssl=1 2x"},"classes":[]},{"id":124284,"url":"https:\/\/lasprimeras.com.do\/index.php\/2026\/03\/09\/raquel-pena-encabeza-jornada-de-evaluacion-del-plan-de-seguridad-ciudadana\/","url_meta":{"origin":110244,"position":3},"title":"Raquel Pe\u00f1a encabeza jornada de evaluaci\u00f3n del Plan de Seguridad Ciudadana","author":"Nelson Feliz","date":"9 de marzo de 2026","format":false,"excerpt":"Las autoridades revisaron indicadores, acciones en marcha y coordinaci\u00f3n institucional en la reuni\u00f3n n\u00famero 131. La vicepresidenta de la Rep\u00fablica, Raquel Pe\u00f1a, encabez\u00f3 este lunes una nueva sesi\u00f3n de seguimiento al Plan de Seguridad Ciudadana, un espacio de trabajo que permite analizar indicadores y evaluar las medidas implementadas para fortalecer\u2026","rel":"","context":"En \u00abPORTADA\u00bb","block_context":{"text":"PORTADA","link":"https:\/\/lasprimeras.com.do\/index.php\/category\/portada\/"},"img":{"alt_text":"","src":"https:\/\/i0.wp.com\/lasprimeras.com.do\/wp-content\/uploads\/2026\/03\/seguridad-ciudadana.jpg?resize=350%2C200&ssl=1","width":350,"height":200,"srcset":"https:\/\/i0.wp.com\/lasprimeras.com.do\/wp-content\/uploads\/2026\/03\/seguridad-ciudadana.jpg?resize=350%2C200&ssl=1 1x, https:\/\/i0.wp.com\/lasprimeras.com.do\/wp-content\/uploads\/2026\/03\/seguridad-ciudadana.jpg?resize=525%2C300&ssl=1 1.5x, https:\/\/i0.wp.com\/lasprimeras.com.do\/wp-content\/uploads\/2026\/03\/seguridad-ciudadana.jpg?resize=700%2C400&ssl=1 2x"},"classes":[]},{"id":110971,"url":"https:\/\/lasprimeras.com.do\/index.php\/2025\/10\/03\/cnm-evalua-desempeno-de-jueces-de-la-suprema-corte-de-justicia\/","url_meta":{"origin":110244,"position":4},"title":"CNM eval\u00faa desempe\u00f1o de jueces de la Suprema Corte de Justicia","author":"Nelson Feliz","date":"3 de octubre de 2025","format":false,"excerpt":"Los jueces evaluados fueron Pilar Jim\u00e9nez Ort\u00edz, Manuel Alexis Read Ortiz y Mois\u00e9s Ferrer Landr\u00f3n, quienes ya han cumplido siete a\u00f1os en sus puestos El Consejo Nacional de la Magistratura (CNM), encabezado por el presidente Luis Abinader celebr\u00f3 este jueves su tercera sesi\u00f3n de trabajo donde evalu\u00f3 el desempe\u00f1o de\u2026","rel":"","context":"En \u00abNACIONALES\u00bb","block_context":{"text":"NACIONALES","link":"https:\/\/lasprimeras.com.do\/index.php\/category\/nacionales\/"},"img":{"alt_text":"","src":"https:\/\/i0.wp.com\/lasprimeras.com.do\/wp-content\/uploads\/2025\/10\/CNM-2.jpg?resize=350%2C200&ssl=1","width":350,"height":200,"srcset":"https:\/\/i0.wp.com\/lasprimeras.com.do\/wp-content\/uploads\/2025\/10\/CNM-2.jpg?resize=350%2C200&ssl=1 1x, https:\/\/i0.wp.com\/lasprimeras.com.do\/wp-content\/uploads\/2025\/10\/CNM-2.jpg?resize=525%2C300&ssl=1 1.5x, https:\/\/i0.wp.com\/lasprimeras.com.do\/wp-content\/uploads\/2025\/10\/CNM-2.jpg?resize=700%2C400&ssl=1 2x"},"classes":[]},{"id":68775,"url":"https:\/\/lasprimeras.com.do\/index.php\/2023\/11\/27\/cnm-conoce-vistas-publicas-para-seleccionar-nuevos-jueces-al-tc\/","url_meta":{"origin":110244,"position":5},"title":"CNM conoce vistas p\u00fablicas para seleccionar nuevos jueces al TC","author":"Nelson Feliz","date":"27 de noviembre de 2023","format":false,"excerpt":"El Consejo Nacional de la Magistratura sesion\u00f3 por vez primera en vistas p\u00fablicas para la selecci\u00f3n de cinco nuevos jueces que integrar\u00e1n el Tribunal Constitucional a partir del pr\u00f3ximo d\u00eda 28 de diciembre. La sesi\u00f3n inicialmente fue encabezada por el presidente Luis Abinader y los dem\u00e1s miembros del Consejo y\u2026","rel":"","context":"En \u00abNACIONALES\u00bb","block_context":{"text":"NACIONALES","link":"https:\/\/lasprimeras.com.do\/index.php\/category\/nacionales\/"},"img":{"alt_text":"CNM","src":"https:\/\/i0.wp.com\/lasprimeras.com.do\/wp-content\/uploads\/2023\/11\/CNM-1.jpg?resize=350%2C200&ssl=1","width":350,"height":200,"srcset":"https:\/\/i0.wp.com\/lasprimeras.com.do\/wp-content\/uploads\/2023\/11\/CNM-1.jpg?resize=350%2C200&ssl=1 1x, https:\/\/i0.wp.com\/lasprimeras.com.do\/wp-content\/uploads\/2023\/11\/CNM-1.jpg?resize=525%2C300&ssl=1 1.5x, https:\/\/i0.wp.com\/lasprimeras.com.do\/wp-content\/uploads\/2023\/11\/CNM-1.jpg?resize=700%2C400&ssl=1 2x"},"classes":[]}],"jetpack_sharing_enabled":true,"_links":{"self":[{"href":"https:\/\/lasprimeras.com.do\/index.php\/wp-json\/wp\/v2\/posts\/110244","targetHints":{"allow":["GET"]}}],"collection":[{"href":"https:\/\/lasprimeras.com.do\/index.php\/wp-json\/wp\/v2\/posts"}],"about":[{"href":"https:\/\/lasprimeras.com.do\/index.php\/wp-json\/wp\/v2\/types\/post"}],"author":[{"embeddable":true,"href":"https:\/\/lasprimeras.com.do\/index.php\/wp-json\/wp\/v2\/users\/10"}],"replies":[{"embeddable":true,"href":"https:\/\/lasprimeras.com.do\/index.php\/wp-json\/wp\/v2\/comments?post=110244"}],"version-history":[{"count":1,"href":"https:\/\/lasprimeras.com.do\/index.php\/wp-json\/wp\/v2\/posts\/110244\/revisions"}],"predecessor-version":[{"id":110246,"href":"https:\/\/lasprimeras.com.do\/index.php\/wp-json\/wp\/v2\/posts\/110244\/revisions\/110246"}],"wp:featuredmedia":[{"embeddable":true,"href":"https:\/\/lasprimeras.com.do\/index.php\/wp-json\/wp\/v2\/media\/110245"}],"wp:attachment":[{"href":"https:\/\/lasprimeras.com.do\/index.php\/wp-json\/wp\/v2\/media?parent=110244"}],"wp:term":[{"taxonomy":"category","embeddable":true,"href":"https:\/\/lasprimeras.com.do\/index.php\/wp-json\/wp\/v2\/categories?post=110244"},{"taxonomy":"post_tag","embeddable":true,"href":"https:\/\/lasprimeras.com.do\/index.php\/wp-json\/wp\/v2\/tags?post=110244"}],"curies":[{"name":"wp","href":"https:\/\/api.w.org\/{rel}","templated":true}]}}