{"id":110247,"date":"2025-09-26T19:50:55","date_gmt":"2025-09-26T23:50:55","guid":{"rendered":"https:\/\/lasprimeras.com.do\/?p=110247"},"modified":"2025-09-26T19:50:57","modified_gmt":"2025-09-26T23:50:57","slug":"abinader-encabezara-mesa-de-trabajo-en-sd-norte-y-anunciara-importantes-obras-en-santiago","status":"publish","type":"post","link":"https:\/\/lasprimeras.com.do\/index.php\/2025\/09\/26\/abinader-encabezara-mesa-de-trabajo-en-sd-norte-y-anunciara-importantes-obras-en-santiago\/","title":{"rendered":"Abinader encabezar\u00e1 mesa de trabajo en SD-Norte y anunciar\u00e1 importantes obras en Santiago"},"content":{"rendered":"\n<p><strong>Adem\u00e1s, encabezar\u00e1 La Semanal desde Arroyo Gurabo, en Santiago.<\/strong><\/p>\n\n\n\n<p>El presidente Luis Abinader continuar\u00e1 este fin de semana su agenda de acercamiento comunitario, con una mesa de trabajo el s\u00e1bado en Santo Domingo Norte y diversas actividades el domingo en Santiago, donde anunciar\u00e1 obras como el remozamiento del hospedaje Yaque, el proyecto Mirador del Yaque (New York Chiquito) y el saneamiento de la ca\u00f1ada del Embrujo I y el lunes encabezar\u00e1 desde Arroyo Gurabo una edici\u00f3n especial de La Semanal con la Prensa.<\/p>\n\n\n\n<p>Estas iniciativas representan un impacto directo en la calidad de vida de las familias de Santo Domingo Norte y Santiago, al dar respuesta a necesidades hist\u00f3ricas vinculadas al desarrollo urbano, la recreaci\u00f3n y el saneamiento ambiental.<\/p>\n\n\n\n<p><strong>S\u00e1bado 27 de septiembre \u2013 Santo Domingo Norte<\/strong><\/p>\n\n\n\n<p>El presidente Abinader iniciar\u00e1 su agenda con una mesa de trabajo con las principales autoridades del municipio a partir de las 11:00 de la ma\u00f1ana, en el Sal\u00f3n del Polideportivo de la Nueva Barquita.<\/p>\n\n\n\n<p><strong>Domingo 28 de septiembre \u2013 Santiago de los Caballeros<\/strong><\/p>\n\n\n\n<p>La agenda del mandatario continuar\u00e1 el domingo con un acto a las 4:00 de la tarde, donde anunciar\u00e1 el remozamiento del hospedaje Yaque, el proyecto Mirador del Yaque (New York Chiquito) y el saneamiento de la ca\u00f1ada del Embrujo I. Posteriormente, realizar\u00e1 un recorrido de supervisi\u00f3n por esta ca\u00f1ada.<\/p>\n\n\n\n<p><strong>Lunes 29 de septiembre \u2013 Santiago de los Caballeros<\/strong><\/p>\n\n\n\n<p>El lunes, el jefe de Estado encabezar\u00e1 su acostumbrado encuentro con los medios de comunicaci\u00f3n, La Semanal, en una edici\u00f3n especial desde Arroyo Gurabo.<\/p>\n","protected":false},"excerpt":{"rendered":"<p>Adem\u00e1s, encabezar\u00e1 La Semanal desde Arroyo Gurabo, en Santiago. El presidente Luis Abinader continuar\u00e1 este fin de semana su agenda de acercamiento comunitario, con una mesa de trabajo el s\u00e1bado&hellip;<\/p>\n","protected":false},"author":10,"featured_media":110248,"comment_status":"open","ping_status":"open","sticky":false,"template":"","format":"standard","meta":{"content-type":"","jetpack_post_was_ever_published":false,"_jetpack_newsletter_access":"","_jetpack_dont_email_post_to_subs":false,"_jetpack_newsletter_tier_id":0,"_jetpack_memberships_contains_paywalled_content":false,"_jetpack_memberships_contains_paid_content":false,"footnotes":""},"categories":[35,25],"tags":[67,3997,374,1049,2716],"class_list":["post-110247","post","type-post","status-publish","format-standard","has-post-thumbnail","hentry","category-nacionales","category-portada","tag-luis-abinader","tag-mesa-de-trabajo","tag-obras","tag-santiago","tag-santo-domingo-norte"],"jetpack_featured_media_url":"https:\/\/lasprimeras.com.do\/wp-content\/uploads\/2025\/09\/Luis-Abinader-7.jpg","jetpack-related-posts":[{"id":118106,"url":"https:\/\/lasprimeras.com.do\/index.php\/2025\/12\/22\/con-aportes-fiduciarios-de-rd6000-millones-presidente-abinader-inaugura-proyecto-habitacional-hato-del-yaque\/","url_meta":{"origin":110247,"position":0},"title":"Con aportes fiduciarios de RD$6,000 millones presidente Abinader inaugura proyecto habitacional Hato del Yaque","author":"Nelson Feliz","date":"22 de diciembre de 2025","format":false,"excerpt":"El presidente Luis Abinader y el doctor Leonardo Aguilera, presidente ejecutivo de Banreservas, entregan llaves a familias beneficiadas del proyecto Hato del Yaque, en Santiago, con la presencia del ministro de Vivienda y Edificaciones, Carlos Bonilla; el director de Inapa, Wellinton Arnaud; y autoridades de la provincia.","rel":"","context":"En \u00abECONOM\u00cdA\u00bb","block_context":{"text":"ECONOM\u00cdA","link":"https:\/\/lasprimeras.com.do\/index.php\/category\/economia\/"},"img":{"alt_text":"El presidente Luis Abinader y el doctor Leonardo Aguilera, presidente ejecutivo de Banreservas, entregan llaves a familias beneficiadas del proyecto Hato del Yaque, en Santiago, con la presencia del ministro de Vivienda y Edificaciones, Carlos Bonilla; el director de Inapa, Wellinton Arnaud; y autoridades de la provincia.","src":"https:\/\/i0.wp.com\/lasprimeras.com.do\/wp-content\/uploads\/2025\/12\/Leonardo-Aguilera.jpg?resize=350%2C200&ssl=1","width":350,"height":200,"srcset":"https:\/\/i0.wp.com\/lasprimeras.com.do\/wp-content\/uploads\/2025\/12\/Leonardo-Aguilera.jpg?resize=350%2C200&ssl=1 1x, https:\/\/i0.wp.com\/lasprimeras.com.do\/wp-content\/uploads\/2025\/12\/Leonardo-Aguilera.jpg?resize=525%2C300&ssl=1 1.5x, https:\/\/i0.wp.com\/lasprimeras.com.do\/wp-content\/uploads\/2025\/12\/Leonardo-Aguilera.jpg?resize=700%2C400&ssl=1 2x"},"classes":[]},{"id":110389,"url":"https:\/\/lasprimeras.com.do\/index.php\/2025\/09\/28\/abinader-anuncia-reconstruccion-del-mercado-hospedaje-yaque-y-construccion-del-mirador-del-yaque\/","url_meta":{"origin":110247,"position":1},"title":"Abinader anuncia reconstrucci\u00f3n del mercado Hospedaje Yaque y construcci\u00f3n del &#8220;Mirador del Yaque&#8221;","author":"Nelson Feliz","date":"28 de septiembre de 2025","format":false,"excerpt":"La construcci\u00f3n del Gran Hospedaje Yaque ser\u00e1 una obra de tres niveles que transformar\u00e1 el mercado y mejorar\u00e1 las condiciones para comerciantes y usuarios. El presidente Luis Abinader anunci\u00f3 este domingo el inicio de tres importantes obras para la ciudad de Santiago, que incluyen el remozamiento integral del Hospedaje Yaque,\u2026","rel":"","context":"En \u00abNACIONALES\u00bb","block_context":{"text":"NACIONALES","link":"https:\/\/lasprimeras.com.do\/index.php\/category\/nacionales\/"},"img":{"alt_text":"","src":"https:\/\/i0.wp.com\/lasprimeras.com.do\/wp-content\/uploads\/2025\/09\/Luis-Abinader-2-3.jpg?resize=350%2C200&ssl=1","width":350,"height":200,"srcset":"https:\/\/i0.wp.com\/lasprimeras.com.do\/wp-content\/uploads\/2025\/09\/Luis-Abinader-2-3.jpg?resize=350%2C200&ssl=1 1x, https:\/\/i0.wp.com\/lasprimeras.com.do\/wp-content\/uploads\/2025\/09\/Luis-Abinader-2-3.jpg?resize=525%2C300&ssl=1 1.5x, https:\/\/i0.wp.com\/lasprimeras.com.do\/wp-content\/uploads\/2025\/09\/Luis-Abinader-2-3.jpg?resize=700%2C400&ssl=1 2x"},"classes":[]},{"id":63637,"url":"https:\/\/lasprimeras.com.do\/index.php\/2023\/10\/13\/abinader-agotara-agenda-de-trabajo-en-la-vega-santiago-y-villa-altagracia\/","url_meta":{"origin":110247,"position":2},"title":"Abinader agotar\u00e1 agenda de trabajo en La Vega, Santiago y Villa Altagracia","author":"Nelson Feliz","date":"13 de octubre de 2023","format":false,"excerpt":"El mandatario inaugurar\u00e1 dos escuelas, dos puentes, inauguraci\u00f3n de Obras de Aguas Residuales por CORAASAN, entregar\u00e1 apartamentos e inaugurar\u00e1 el Museo Horacio V\u00e1squez. El presidente Luis Abinader realizar\u00e1 una agenda de trabajo este s\u00e1bado y domingo en las provincias San Crist\u00f3bal, La Vega y Santiago, dando continuidad a su obra\u2026","rel":"","context":"En \u00abNACIONALES\u00bb","block_context":{"text":"NACIONALES","link":"https:\/\/lasprimeras.com.do\/index.php\/category\/nacionales\/"},"img":{"alt_text":"Luis Abinader","src":"https:\/\/i0.wp.com\/lasprimeras.com.do\/wp-content\/uploads\/2023\/10\/Luis-Abinader-5.jpg?resize=350%2C200&ssl=1","width":350,"height":200,"srcset":"https:\/\/i0.wp.com\/lasprimeras.com.do\/wp-content\/uploads\/2023\/10\/Luis-Abinader-5.jpg?resize=350%2C200&ssl=1 1x, https:\/\/i0.wp.com\/lasprimeras.com.do\/wp-content\/uploads\/2023\/10\/Luis-Abinader-5.jpg?resize=525%2C300&ssl=1 1.5x, https:\/\/i0.wp.com\/lasprimeras.com.do\/wp-content\/uploads\/2023\/10\/Luis-Abinader-5.jpg?resize=700%2C400&ssl=1 2x"},"classes":[]},{"id":116225,"url":"https:\/\/lasprimeras.com.do\/index.php\/2025\/11\/28\/abinader-sostendra-almuerzo-este-sabado-con-militares-en-el-ministerio-de-defensa\/","url_meta":{"origin":110247,"position":3},"title":"Abinader sostendr\u00e1 almuerzo este s\u00e1bado con militares en el Ministerio de Defensa","author":"Nelson Feliz","date":"28 de noviembre de 2025","format":false,"excerpt":"Tambi\u00e9n en Santiago de los Caballeros inaugurar\u00e1 un centro educativo, dos polideportivos, el Centro Cultural Banreservas, sostendr\u00e1 encuentros con comerciantes e industriales y supervisar\u00e1 el programa de asfaltado en el sector Los Solares. El presidente Luis Abinader encabezar\u00e1 este s\u00e1bado y domingo una serie de actividades en el Distrito Nacional\u2026","rel":"","context":"En \u00abNACIONALES\u00bb","block_context":{"text":"NACIONALES","link":"https:\/\/lasprimeras.com.do\/index.php\/category\/nacionales\/"},"img":{"alt_text":"","src":"https:\/\/i0.wp.com\/lasprimeras.com.do\/wp-content\/uploads\/2025\/11\/Luis-Abinader-10.jpg?resize=350%2C200&ssl=1","width":350,"height":200,"srcset":"https:\/\/i0.wp.com\/lasprimeras.com.do\/wp-content\/uploads\/2025\/11\/Luis-Abinader-10.jpg?resize=350%2C200&ssl=1 1x, https:\/\/i0.wp.com\/lasprimeras.com.do\/wp-content\/uploads\/2025\/11\/Luis-Abinader-10.jpg?resize=525%2C300&ssl=1 1.5x, https:\/\/i0.wp.com\/lasprimeras.com.do\/wp-content\/uploads\/2025\/11\/Luis-Abinader-10.jpg?resize=700%2C400&ssl=1 2x"},"classes":[]},{"id":110316,"url":"https:\/\/lasprimeras.com.do\/index.php\/2025\/09\/27\/presidente-abinader-pasa-balance-a-obras-en-curso-en-santo-domingo-norte\/","url_meta":{"origin":110247,"position":4},"title":"Presidente Abinader pasa balance a obras en curso en Santo Domingo Norte","author":"Nelson Feliz","date":"27 de septiembre de 2025","format":false,"excerpt":"La actividad, que tuvo una duraci\u00f3n de dos horas, se desarroll\u00f3 en el sal\u00f3n del Polideportivo de la Nueva Barquita. El presidente Luis Abinader encabez\u00f3 una mesa de trabajo con las principales autoridades del municipio Santo Domingo Norte, con el objetivo de dar seguimiento a los problemas y necesidades de\u2026","rel":"","context":"En \u00abNACIONALES\u00bb","block_context":{"text":"NACIONALES","link":"https:\/\/lasprimeras.com.do\/index.php\/category\/nacionales\/"},"img":{"alt_text":"","src":"https:\/\/i0.wp.com\/lasprimeras.com.do\/wp-content\/uploads\/2025\/09\/Luis-Abinader-1.jpeg?resize=350%2C200&ssl=1","width":350,"height":200,"srcset":"https:\/\/i0.wp.com\/lasprimeras.com.do\/wp-content\/uploads\/2025\/09\/Luis-Abinader-1.jpeg?resize=350%2C200&ssl=1 1x, https:\/\/i0.wp.com\/lasprimeras.com.do\/wp-content\/uploads\/2025\/09\/Luis-Abinader-1.jpeg?resize=525%2C300&ssl=1 1.5x, https:\/\/i0.wp.com\/lasprimeras.com.do\/wp-content\/uploads\/2025\/09\/Luis-Abinader-1.jpeg?resize=700%2C400&ssl=1 2x"},"classes":[]},{"id":110540,"url":"https:\/\/lasprimeras.com.do\/index.php\/2025\/09\/29\/presidente-abinader-presenta-avances-del-saneamiento-del-arroyo-gurabo\/","url_meta":{"origin":110247,"position":5},"title":"Presidente Abinader presenta avances del saneamiento del Arroyo Gurabo","author":"Nelson Feliz","date":"29 de septiembre de 2025","format":false,"excerpt":"Director de INAPA, Wellington Arnaud, afirma que esta obra es la de mayor impacto social y medioambiental que se ha realizado en la Rep\u00fablica Dominicana. La intervenci\u00f3n abarca 19 comunidades a lo largo de 2.6 kil\u00f3metros de canal y m\u00e1s de 8 kil\u00f3metros de redes de saneamiento de aguas residuales.\u2026","rel":"","context":"En \u00abECONOM\u00cdA\u00bb","block_context":{"text":"ECONOM\u00cdA","link":"https:\/\/lasprimeras.com.do\/index.php\/category\/economia\/"},"img":{"alt_text":"","src":"https:\/\/i0.wp.com\/lasprimeras.com.do\/wp-content\/uploads\/2025\/09\/Luis-Abinader-4-2.jpg?resize=350%2C200&ssl=1","width":350,"height":200,"srcset":"https:\/\/i0.wp.com\/lasprimeras.com.do\/wp-content\/uploads\/2025\/09\/Luis-Abinader-4-2.jpg?resize=350%2C200&ssl=1 1x, https:\/\/i0.wp.com\/lasprimeras.com.do\/wp-content\/uploads\/2025\/09\/Luis-Abinader-4-2.jpg?resize=525%2C300&ssl=1 1.5x, https:\/\/i0.wp.com\/lasprimeras.com.do\/wp-content\/uploads\/2025\/09\/Luis-Abinader-4-2.jpg?resize=700%2C400&ssl=1 2x"},"classes":[]}],"jetpack_sharing_enabled":true,"_links":{"self":[{"href":"https:\/\/lasprimeras.com.do\/index.php\/wp-json\/wp\/v2\/posts\/110247","targetHints":{"allow":["GET"]}}],"collection":[{"href":"https:\/\/lasprimeras.com.do\/index.php\/wp-json\/wp\/v2\/posts"}],"about":[{"href":"https:\/\/lasprimeras.com.do\/index.php\/wp-json\/wp\/v2\/types\/post"}],"author":[{"embeddable":true,"href":"https:\/\/lasprimeras.com.do\/index.php\/wp-json\/wp\/v2\/users\/10"}],"replies":[{"embeddable":true,"href":"https:\/\/lasprimeras.com.do\/index.php\/wp-json\/wp\/v2\/comments?post=110247"}],"version-history":[{"count":1,"href":"https:\/\/lasprimeras.com.do\/index.php\/wp-json\/wp\/v2\/posts\/110247\/revisions"}],"predecessor-version":[{"id":110249,"href":"https:\/\/lasprimeras.com.do\/index.php\/wp-json\/wp\/v2\/posts\/110247\/revisions\/110249"}],"wp:featuredmedia":[{"embeddable":true,"href":"https:\/\/lasprimeras.com.do\/index.php\/wp-json\/wp\/v2\/media\/110248"}],"wp:attachment":[{"href":"https:\/\/lasprimeras.com.do\/index.php\/wp-json\/wp\/v2\/media?parent=110247"}],"wp:term":[{"taxonomy":"category","embeddable":true,"href":"https:\/\/lasprimeras.com.do\/index.php\/wp-json\/wp\/v2\/categories?post=110247"},{"taxonomy":"post_tag","embeddable":true,"href":"https:\/\/lasprimeras.com.do\/index.php\/wp-json\/wp\/v2\/tags?post=110247"}],"curies":[{"name":"wp","href":"https:\/\/api.w.org\/{rel}","templated":true}]}}