{"id":110253,"date":"2025-09-26T20:06:54","date_gmt":"2025-09-27T00:06:54","guid":{"rendered":"https:\/\/lasprimeras.com.do\/?p=110253"},"modified":"2025-09-26T20:06:55","modified_gmt":"2025-09-27T00:06:55","slug":"banreservas-reafirma-liderazgo-en-inversiones-turisticas-en-miches-tras-negociaciones-en-top-resa","status":"publish","type":"post","link":"https:\/\/lasprimeras.com.do\/index.php\/2025\/09\/26\/banreservas-reafirma-liderazgo-en-inversiones-turisticas-en-miches-tras-negociaciones-en-top-resa\/","title":{"rendered":"Banreservas reafirma liderazgo en inversiones tur\u00edsticas en Miches tras negociaciones en Top Resa"},"content":{"rendered":"\n<p><strong>Delegaci\u00f3n del Banco sostuvo m\u00e1s de 20 encuentros de negocios y alcanz\u00f3 acuerdos que aportar\u00edan m\u00e1s de 5,700 habitaciones al pa\u00eds.<\/strong><\/p>\n\n\n\n<p><strong>Par\u00eds.- <\/strong>El Banco de Reservas reafirm\u00f3 su liderazgo como principal financiador del turismo en Miches, tras sostener negociaciones estrat\u00e9gicas con inversionistas internacionales en el marco de la feria tur\u00edstica International French Travel Market (IFTM) \u2013 Top Resa 2025.<\/p>\n\n\n\n<p>Durante el evento, la delegaci\u00f3n de Banreservas sostuvo m\u00e1s de 20 reuniones con empresarios de reconocidas cadenas hoteleras, en las que se negociaron proyectos que aportar\u00edan m\u00e1s de 5,700 nuevas habitaciones a Miches.<\/p>\n\n\n\n<p>Este destino tur\u00edstico se consolida como uno de los principales polos emergentes del pa\u00eds, donde el 70 % de las inversiones actuales y futuras son canalizadas a trav\u00e9s de Banreservas, reforzando as\u00ed el papel de la entidad como motor de desarrollo en la zona.<\/p>\n\n\n\n<figure class=\"wp-block-image size-full\"><img decoding=\"async\" width=\"900\" height=\"599\" src=\"https:\/\/lasprimeras.com.do\/wp-content\/uploads\/2025\/09\/Banreservas-1-1.jpg\" alt=\"\" class=\"wp-image-110255\" srcset=\"https:\/\/lasprimeras.com.do\/wp-content\/uploads\/2025\/09\/Banreservas-1-1.jpg 900w, https:\/\/lasprimeras.com.do\/wp-content\/uploads\/2025\/09\/Banreservas-1-1-300x200.jpg 300w, https:\/\/lasprimeras.com.do\/wp-content\/uploads\/2025\/09\/Banreservas-1-1-768x511.jpg 768w\" sizes=\"(max-width: 900px) 100vw, 900px\" \/><\/figure>\n\n\n\n<p>Asimismo, se llevaron a cabo encuentros con inversionistas interesados en desarrollar proyectos en otras regiones del pa\u00eds, los cuales generar\u00e1n empleos directos e indirectos, dinamizar\u00e1n la econom\u00eda nacional y fortalecer\u00e1n el posicionamiento de la Rep\u00fablica Dominicana como referente en el Caribe.<\/p>\n\n\n\n<p>Las reuniones se efectuaron en el stand de Banreservas instalado en la feria, celebrada en la capital francesa del 23 al 25 de septiembre.<\/p>\n\n\n\n<figure class=\"wp-block-image size-full\"><img decoding=\"async\" width=\"900\" height=\"599\" src=\"https:\/\/lasprimeras.com.do\/wp-content\/uploads\/2025\/09\/Banreservas-2-1.jpg\" alt=\"\" class=\"wp-image-110256\" srcset=\"https:\/\/lasprimeras.com.do\/wp-content\/uploads\/2025\/09\/Banreservas-2-1.jpg 900w, https:\/\/lasprimeras.com.do\/wp-content\/uploads\/2025\/09\/Banreservas-2-1-300x200.jpg 300w, https:\/\/lasprimeras.com.do\/wp-content\/uploads\/2025\/09\/Banreservas-2-1-768x511.jpg 768w\" sizes=\"(max-width: 900px) 100vw, 900px\" \/><\/figure>\n\n\n\n<p>Adem\u00e1s, los ejecutivos de la instituci\u00f3n visitaron la sede de la cadena hotelera Accor, que contempla a la Rep\u00fablica Dominicana dentro de sus planes de expansi\u00f3n en la regi\u00f3n.<\/p>\n\n\n\n<p>La delegaci\u00f3n de Banreservas estuvo encabezada por el vicepresidente ejecutivo senior de Negocios, Ysidro Garc\u00eda, y la vicepresidenta de Negocios Tur\u00edsticos, Deyanira Pappaterra, junto a ejecutivos de otras \u00e1reas.<\/p>\n\n\n\n<p>La 46.\u00aa edici\u00f3n de Top Resa, que tuvo como pa\u00eds invitado de honor a la Rep\u00fablica Dominicana, reuni\u00f3 a tour-operadores, expositores, empresas e inversionistas de diferentes partes del mundo.<\/p>\n\n\n\n<p>El evento incluy\u00f3 conferencias, exposiciones, encuentros estrat\u00e9gicos y la presentaci\u00f3n de m\u00e1s de 170 destinos internacionales.<\/p>\n\n\n\n<p>Banreservas mantiene su liderazgo como aliado estrat\u00e9gico del turismo dominicano, con una cartera crediticia que concentra un 44 % de los pr\u00e9stamos del sector a nivel nacional.<\/p>\n\n\n\n<p>Entre los proyectos m\u00e1s relevantes respaldados por la entidad se destacan Punta Bergant\u00edn, en Puerto Plata; Port Cabo Rojo, en Pedernales, y la continua apuesta por Miches como destino clave para la inversi\u00f3n hotelera.<\/p>\n","protected":false},"excerpt":{"rendered":"<p>Delegaci\u00f3n del Banco sostuvo m\u00e1s de 20 encuentros de negocios y alcanz\u00f3 acuerdos que aportar\u00edan m\u00e1s de 5,700 habitaciones al pa\u00eds. Par\u00eds.- El Banco de Reservas reafirm\u00f3 su liderazgo como&hellip;<\/p>\n","protected":false},"author":10,"featured_media":110254,"comment_status":"open","ping_status":"open","sticky":false,"template":"","format":"standard","meta":{"content-type":"","jetpack_post_was_ever_published":false,"_jetpack_newsletter_access":"","_jetpack_dont_email_post_to_subs":false,"_jetpack_newsletter_tier_id":0,"_jetpack_memberships_contains_paywalled_content":false,"_jetpack_memberships_contains_paid_content":false,"footnotes":""},"categories":[25,376],"tags":[726,25152,1412,8378,777,25153],"class_list":["post-110253","post","type-post","status-publish","format-standard","has-post-thumbnail","hentry","category-portada","category-turismo","tag-banreservas","tag-inversiones-turisticas","tag-liderazgo","tag-miches","tag-negociaciones","tag-top-resa"],"jetpack_featured_media_url":"https:\/\/lasprimeras.com.do\/wp-content\/uploads\/2025\/09\/Banreservas-2.jpg","jetpack-related-posts":[{"id":109789,"url":"https:\/\/lasprimeras.com.do\/index.php\/2025\/09\/22\/banreservas-proyectara-en-top-resa-2025-las-potencialidades-de-inversion-extranjera-en-rd\/","url_meta":{"origin":110253,"position":0},"title":"Banreservas proyectar\u00e1 en Top Resa 2025 las potencialidades de inversi\u00f3n extranjera en RD","author":"Nelson Feliz","date":"22 de septiembre de 2025","format":false,"excerpt":"La 46\u00aa edici\u00f3n de la reconocida feria tur\u00edstica se realizar\u00e1 del 23 al 25 de septiembre y tendr\u00e1 a la Rep\u00fablica Dominicana como pa\u00eds invitado de honor Par\u00eds.- La Rep\u00fablica Dominicana ser\u00e1 el pa\u00eds invitado de honor en la feria tur\u00edstica International French Travel Market (IFTM) -Top Resa 2025, la\u2026","rel":"","context":"En \u00abECONOM\u00cdA\u00bb","block_context":{"text":"ECONOM\u00cdA","link":"https:\/\/lasprimeras.com.do\/index.php\/category\/economia\/"},"img":{"alt_text":"","src":"https:\/\/i0.wp.com\/lasprimeras.com.do\/wp-content\/uploads\/2025\/09\/Banreservas-1.jpg?resize=350%2C200&ssl=1","width":350,"height":200,"srcset":"https:\/\/i0.wp.com\/lasprimeras.com.do\/wp-content\/uploads\/2025\/09\/Banreservas-1.jpg?resize=350%2C200&ssl=1 1x, https:\/\/i0.wp.com\/lasprimeras.com.do\/wp-content\/uploads\/2025\/09\/Banreservas-1.jpg?resize=525%2C300&ssl=1 1.5x, https:\/\/i0.wp.com\/lasprimeras.com.do\/wp-content\/uploads\/2025\/09\/Banreservas-1.jpg?resize=700%2C400&ssl=1 2x"},"classes":[]},{"id":111225,"url":"https:\/\/lasprimeras.com.do\/index.php\/2025\/10\/06\/leonardo-aguilera-resalta-la-hospitalidad-dominicana-que-atrae-a-los-visitantes-extranjeros\/","url_meta":{"origin":110253,"position":1},"title":"Leonardo Aguilera resalta la hospitalidad dominicana que atrae a los visitantes extranjeros","author":"Nelson Feliz","date":"6 de octubre de 2025","format":false,"excerpt":"El presidente ejecutivo del Banco de Reservas, doctor Leonardo Aguilera, destac\u00f3 la hospitalidad del pueblo dominicano hacia los visitantes extranjeros que hace que se sientan como hermanos. Dijo, adem\u00e1s, que la alegr\u00eda del dominicano, el merengue y la bachata han contagiado a gran parte del mundo, por lo que cada\u2026","rel":"","context":"En \u00abECONOM\u00cdA\u00bb","block_context":{"text":"ECONOM\u00cdA","link":"https:\/\/lasprimeras.com.do\/index.php\/category\/economia\/"},"img":{"alt_text":"Leonardo Aguilera","src":"https:\/\/i0.wp.com\/lasprimeras.com.do\/wp-content\/uploads\/2025\/10\/Leonardo-Aguilera.jpg?resize=350%2C200&ssl=1","width":350,"height":200,"srcset":"https:\/\/i0.wp.com\/lasprimeras.com.do\/wp-content\/uploads\/2025\/10\/Leonardo-Aguilera.jpg?resize=350%2C200&ssl=1 1x, https:\/\/i0.wp.com\/lasprimeras.com.do\/wp-content\/uploads\/2025\/10\/Leonardo-Aguilera.jpg?resize=525%2C300&ssl=1 1.5x, https:\/\/i0.wp.com\/lasprimeras.com.do\/wp-content\/uploads\/2025\/10\/Leonardo-Aguilera.jpg?resize=700%2C400&ssl=1 2x"},"classes":[]},{"id":120305,"url":"https:\/\/lasprimeras.com.do\/index.php\/2026\/01\/22\/banreservas-financia-inversiones-espanolas-en-turismo-por-mas-de-us175-millones-y-aportara-9500-habitaciones-adicionales\/","url_meta":{"origin":110253,"position":2},"title":"Banreservas financia inversiones espa\u00f1olas en turismo por m\u00e1s de US$175 millones y aportar\u00e1 9,500 habitaciones adicionales","author":"Nelson Feliz","date":"22 de enero de 2026","format":false,"excerpt":"Madrid, Espa\u00f1a.\u2013 El Banco de Reservas ha desembolsado m\u00e1s de US$175 millones para respaldar diversos proyectos tur\u00edsticos de capital espa\u00f1ol, los cuales contemplan la construcci\u00f3n de aproximadamente 9,500 habitaciones hoteleras en distintas localidades de la Rep\u00fablica Dominicana. La informaci\u00f3n fue ofrecida por el doctor Leonardo Aguilera, presidente ejecutivo de Banreservas,\u2026","rel":"","context":"En \u00abECONOM\u00cdA\u00bb","block_context":{"text":"ECONOM\u00cdA","link":"https:\/\/lasprimeras.com.do\/index.php\/category\/economia\/"},"img":{"alt_text":"Leonardo Aguilera","src":"https:\/\/i0.wp.com\/lasprimeras.com.do\/wp-content\/uploads\/2026\/01\/Leonardo-Aguilera.jpg?resize=350%2C200&ssl=1","width":350,"height":200,"srcset":"https:\/\/i0.wp.com\/lasprimeras.com.do\/wp-content\/uploads\/2026\/01\/Leonardo-Aguilera.jpg?resize=350%2C200&ssl=1 1x, https:\/\/i0.wp.com\/lasprimeras.com.do\/wp-content\/uploads\/2026\/01\/Leonardo-Aguilera.jpg?resize=525%2C300&ssl=1 1.5x, https:\/\/i0.wp.com\/lasprimeras.com.do\/wp-content\/uploads\/2026\/01\/Leonardo-Aguilera.jpg?resize=700%2C400&ssl=1 2x"},"classes":[]},{"id":122821,"url":"https:\/\/lasprimeras.com.do\/index.php\/2026\/02\/22\/banreservas-participara-en-anato-2026-donde-promovera-inversiones-en-el-sector-turistico-e-inmobiliario-de-rd\/","url_meta":{"origin":110253,"position":3},"title":"Banreservas participar\u00e1 en ANATO 2026, donde promover\u00e1 inversiones en el sector tur\u00edstico e inmobiliario de RD","author":"Nelson Feliz","date":"22 de febrero de 2026","format":false,"excerpt":"El Banco de Reservas de la Rep\u00fablica Dominicana anunci\u00f3 su participaci\u00f3n en la 45\u00aa edici\u00f3n de la Vitrina Tur\u00edstica ANATO, que se celebrar\u00e1 del 25 al 27 de febrero en el recinto ferial Corferias, en Bogot\u00e1, Colombia, donde desarrollar\u00e1 una amplia agenda de reuniones estrat\u00e9gicas con inversionistas del sector tur\u00edstico\u2026","rel":"","context":"En \u00abECONOM\u00cdA\u00bb","block_context":{"text":"ECONOM\u00cdA","link":"https:\/\/lasprimeras.com.do\/index.php\/category\/economia\/"},"img":{"alt_text":"","src":"https:\/\/i0.wp.com\/lasprimeras.com.do\/wp-content\/uploads\/2025\/12\/Leonardo-Aguilera-1-1.jpg?resize=350%2C200&ssl=1","width":350,"height":200,"srcset":"https:\/\/i0.wp.com\/lasprimeras.com.do\/wp-content\/uploads\/2025\/12\/Leonardo-Aguilera-1-1.jpg?resize=350%2C200&ssl=1 1x, https:\/\/i0.wp.com\/lasprimeras.com.do\/wp-content\/uploads\/2025\/12\/Leonardo-Aguilera-1-1.jpg?resize=525%2C300&ssl=1 1.5x, https:\/\/i0.wp.com\/lasprimeras.com.do\/wp-content\/uploads\/2025\/12\/Leonardo-Aguilera-1-1.jpg?resize=700%2C400&ssl=1 2x"},"classes":[]},{"id":123549,"url":"https:\/\/lasprimeras.com.do\/index.php\/2026\/03\/02\/banreservas-fortalecera-la-captacion-de-inversion-turistica-en-itb-berlin-2026\/","url_meta":{"origin":110253,"position":4},"title":"Banreservas fortalecer\u00e1 la captaci\u00f3n de inversi\u00f3n tur\u00edstica en ITB Berl\u00edn 2026","author":"Nelson Feliz","date":"2 de marzo de 2026","format":false,"excerpt":"El Banco de Reservas de la Rep\u00fablica Dominicana participar\u00e1 del 3 al 5 de marzo en la 60\u00aa edici\u00f3n de la Bolsa Internacional de Turismo (ITB Berl\u00edn 2026), en Alemania, donde desarrollar\u00e1 una agenda de reuniones con inversionistas y cadenas hoteleras para promover nuevas inversiones en el sector tur\u00edstico dominicano,\u2026","rel":"","context":"En \u00abPORTADA\u00bb","block_context":{"text":"PORTADA","link":"https:\/\/lasprimeras.com.do\/index.php\/category\/portada\/"},"img":{"alt_text":"","src":"https:\/\/i0.wp.com\/lasprimeras.com.do\/wp-content\/uploads\/2026\/03\/IMG-20260302-WA0507.jpg?resize=350%2C200&ssl=1","width":350,"height":200,"srcset":"https:\/\/i0.wp.com\/lasprimeras.com.do\/wp-content\/uploads\/2026\/03\/IMG-20260302-WA0507.jpg?resize=350%2C200&ssl=1 1x, https:\/\/i0.wp.com\/lasprimeras.com.do\/wp-content\/uploads\/2026\/03\/IMG-20260302-WA0507.jpg?resize=525%2C300&ssl=1 1.5x"},"classes":[]},{"id":73896,"url":"https:\/\/lasprimeras.com.do\/index.php\/2024\/01\/17\/banreservas-presentara-en-fitur-2024-diversas-propuestas-para-impulsar-la-inversion-turistica\/","url_meta":{"origin":110253,"position":5},"title":"Banreservas presentar\u00e1 en Fitur 2024 diversas propuestas para impulsar la inversi\u00f3n tur\u00edstica","author":"BIMARY DE JES\u00daS Matos","date":"17 de enero de 2024","format":false,"excerpt":"Santo Domingo.-El Banco de Reservas participar\u00e1 en la Feria Internacional de Turismo Fitur 2024, que se celebrar\u00e1 en Madrid del 24 al 28 de enero, con una serie de propuestas destinadas a promover el desarrollo y la inversi\u00f3n en Rep\u00fablica Dominicana. La delegaci\u00f3n que presidir\u00e1 el administrador general de la\u2026","rel":"","context":"En \u00abPORTADA\u00bb","block_context":{"text":"PORTADA","link":"https:\/\/lasprimeras.com.do\/index.php\/category\/portada\/"},"img":{"alt_text":"","src":"https:\/\/i0.wp.com\/lasprimeras.com.do\/wp-content\/uploads\/2024\/01\/WhatsApp-Image-2024-01-17-at-10.23.06-AM.jpeg?resize=350%2C200&ssl=1","width":350,"height":200,"srcset":"https:\/\/i0.wp.com\/lasprimeras.com.do\/wp-content\/uploads\/2024\/01\/WhatsApp-Image-2024-01-17-at-10.23.06-AM.jpeg?resize=350%2C200&ssl=1 1x, https:\/\/i0.wp.com\/lasprimeras.com.do\/wp-content\/uploads\/2024\/01\/WhatsApp-Image-2024-01-17-at-10.23.06-AM.jpeg?resize=525%2C300&ssl=1 1.5x"},"classes":[]}],"jetpack_sharing_enabled":true,"_links":{"self":[{"href":"https:\/\/lasprimeras.com.do\/index.php\/wp-json\/wp\/v2\/posts\/110253","targetHints":{"allow":["GET"]}}],"collection":[{"href":"https:\/\/lasprimeras.com.do\/index.php\/wp-json\/wp\/v2\/posts"}],"about":[{"href":"https:\/\/lasprimeras.com.do\/index.php\/wp-json\/wp\/v2\/types\/post"}],"author":[{"embeddable":true,"href":"https:\/\/lasprimeras.com.do\/index.php\/wp-json\/wp\/v2\/users\/10"}],"replies":[{"embeddable":true,"href":"https:\/\/lasprimeras.com.do\/index.php\/wp-json\/wp\/v2\/comments?post=110253"}],"version-history":[{"count":1,"href":"https:\/\/lasprimeras.com.do\/index.php\/wp-json\/wp\/v2\/posts\/110253\/revisions"}],"predecessor-version":[{"id":110257,"href":"https:\/\/lasprimeras.com.do\/index.php\/wp-json\/wp\/v2\/posts\/110253\/revisions\/110257"}],"wp:featuredmedia":[{"embeddable":true,"href":"https:\/\/lasprimeras.com.do\/index.php\/wp-json\/wp\/v2\/media\/110254"}],"wp:attachment":[{"href":"https:\/\/lasprimeras.com.do\/index.php\/wp-json\/wp\/v2\/media?parent=110253"}],"wp:term":[{"taxonomy":"category","embeddable":true,"href":"https:\/\/lasprimeras.com.do\/index.php\/wp-json\/wp\/v2\/categories?post=110253"},{"taxonomy":"post_tag","embeddable":true,"href":"https:\/\/lasprimeras.com.do\/index.php\/wp-json\/wp\/v2\/tags?post=110253"}],"curies":[{"name":"wp","href":"https:\/\/api.w.org\/{rel}","templated":true}]}}