{"id":110261,"date":"2025-09-27T09:06:49","date_gmt":"2025-09-27T13:06:49","guid":{"rendered":"https:\/\/lasprimeras.com.do\/?p=110261"},"modified":"2025-09-27T09:06:51","modified_gmt":"2025-09-27T13:06:51","slug":"gobierno-ha-devuelto-la-confianza-para-la-inversion-en-el-pais","status":"publish","type":"post","link":"https:\/\/lasprimeras.com.do\/index.php\/2025\/09\/27\/gobierno-ha-devuelto-la-confianza-para-la-inversion-en-el-pais\/","title":{"rendered":"Gobierno ha devuelto la confianza para la inversi\u00f3n en el pa\u00eds"},"content":{"rendered":"\n<p>La c\u00f3nsul general de la Rep\u00fablica Dominicana en Miami,Geanilda V\u00e1squez, afirm\u00f3 que \u201cHace cinco a\u00f1os, todo el que pod\u00eda tener tres pesos lo ten\u00eda fuera del pa\u00eds. Usted sabe lo que ha pasado en este tiempo: que han vuelto a invertir aqu\u00ed por la confianza que ha demostrado el gobierno\u201d.<\/p>\n\n\n\n<p>V\u00e1squez, ofreci\u00f3 estas declaraciones durante la conferencia \u201cLogros y Retos de los Cinco A\u00f1os de Gobierno del presidente Luis Abinader\u201d, en el encuentro junto al economista Miguel Ceara Hatton, superintendente de Salud y Riesgos Laborales, celebrada en el Gran Sal\u00f3n del Hotel Catalonia.<\/p>\n\n\n\n<p>La diplomatica, asegur\u00f3 que el pueblo dominicano ha recuperado la fe en su naci\u00f3n gracias a la credibilidad que inspira el gobierno de Luis Abinader.<\/p>\n\n\n\n<p>En su intervenci\u00f3n, V\u00e1squez resalt\u00f3 la solidez del sistema democr\u00e1tico dominicano, al que calific\u00f3 como el m\u00e1s fuerte de la regi\u00f3n, sustentado en un liderazgo con visi\u00f3n estrat\u00e9gica.<\/p>\n\n\n\n<p>La dirigente pol\u00edtica, subray\u00f3 que la actual gesti\u00f3n no solo enfrent\u00f3 los embates de la pandemia, la inflaci\u00f3n global y el encarecimiento de los alimentos, sino que adem\u00e1s sali\u00f3 fortalecida en m\u00faltiples \u00e1reas.<\/p>\n\n\n\n<p>\u201cEl gobierno ha tenido que ser creativo y proactivo, desarrollando un futuro amparado en un liderazgo s\u00f3lido\u201d, puntualiz\u00f3 V\u00e1squez.<\/p>\n\n\n\n<p>La exministra sin Cartera record\u00f3 que el presidente Abinader asumi\u00f3 el poder en un momento cr\u00edtico, pero condujo al pa\u00eds hacia un proceso de recuperaci\u00f3n y transformaci\u00f3n que hoy se refleja en la econom\u00eda, la institucionalidad y la vida cotidiana.<\/p>\n\n\n\n<figure class=\"wp-block-image size-full\"><img decoding=\"async\" width=\"900\" height=\"599\" src=\"https:\/\/lasprimeras.com.do\/wp-content\/uploads\/2025\/09\/Geanilda-Vasquez-2.jpg\" alt=\"\" class=\"wp-image-110263\" srcset=\"https:\/\/lasprimeras.com.do\/wp-content\/uploads\/2025\/09\/Geanilda-Vasquez-2.jpg 900w, https:\/\/lasprimeras.com.do\/wp-content\/uploads\/2025\/09\/Geanilda-Vasquez-2-300x200.jpg 300w, https:\/\/lasprimeras.com.do\/wp-content\/uploads\/2025\/09\/Geanilda-Vasquez-2-768x511.jpg 768w\" sizes=\"(max-width: 900px) 100vw, 900px\" \/><\/figure>\n\n\n\n<p>Asimismo, la c\u00f3nsul general de la Rep\u00fablica Dominicana en Miami, destac\u00f3 que, de acuerdo con organismos internacionales, la Rep\u00fablica Dominicana se ha posicionado en la cima regional en diversos indicadores sociales y econ\u00f3micos.<\/p>\n\n\n\n<p><strong>Nueve logros fundamentales<\/strong><\/p>\n\n\n\n<p>La Dra. V\u00e1squez resumi\u00f3 los primeros cinco a\u00f1os de gesti\u00f3n del presidente Abinader en nueve grandes ejes de transformaci\u00f3n:<\/p>\n\n\n\n<ol class=\"wp-block-list\">\n<li>Recuperaci\u00f3n econ\u00f3mica: tras una contracci\u00f3n de -6.7% en 2020, el pa\u00eds creci\u00f3 12.3% en 2021 y mantiene un promedio superior al 5% en los a\u00f1os siguientes.<\/li>\n\n\n\n<li>Estabilidad de precios: la inflaci\u00f3n, que alcanz\u00f3 9.64% en 2022, se redujo a 3.57% en 2023, dentro de la meta del Banco Central.<\/li>\n\n\n\n<li>Turismo en r\u00e9cord hist\u00f3rico: m\u00e1s de 11 millones de visitantes en 2024 consolidaron al pa\u00eds como destino l\u00edder del Caribe.<\/li>\n\n\n\n<li>Zonas francas y exportaciones: superaron los US$ 8,400 millones en 2024, liderando en productos m\u00e9dicos y electr\u00f3nicos.<\/li>\n\n\n\n<li>Inversi\u00f3n extranjera: m\u00e1s de US$ 4,000 millones anuales han llegado al pa\u00eds, reflejando confianza internacional.<\/li>\n\n\n\n<li>Programas sociales y reducci\u00f3n de la pobreza: la pobreza monetaria descendi\u00f3 a 23% en 2023, tras haber aumentado a 30% en 2020.<\/li>\n\n\n\n<li>Vivienda y agua potable: m\u00e1s de 20,000 soluciones habitacionales en marcha, adem\u00e1s de nuevas obras de acueducto y alcantarillado.<\/li>\n\n\n\n<li>Transparencia e institucionalidad: la calificaci\u00f3n en el \u00edndice de Transparencia Internacional alcanz\u00f3 36\/100, el mejor registro hist\u00f3rico, gracias al fortalecimiento del Ministerio P\u00fablico y de las contrataciones p\u00fablicas.<\/li>\n\n\n\n<li>Seguridad ciudadana y reforma policial: avances en modernizaci\u00f3n de la Polic\u00eda, aumento salarial e implementaci\u00f3n de \u201cMi Pa\u00eds Seguro\u201d en varias provincias, aunque persisten desaf\u00edos.<\/li>\n<\/ol>\n\n\n\n<p><strong>La visi\u00f3n econ\u00f3mica de Ceara Hatton<\/strong><\/p>\n\n\n\n<figure class=\"wp-block-image size-full\"><img decoding=\"async\" width=\"900\" height=\"599\" src=\"https:\/\/lasprimeras.com.do\/wp-content\/uploads\/2025\/09\/Miguel-Ceara-Hatton.jpg\" alt=\"\" class=\"wp-image-110264\" srcset=\"https:\/\/lasprimeras.com.do\/wp-content\/uploads\/2025\/09\/Miguel-Ceara-Hatton.jpg 900w, https:\/\/lasprimeras.com.do\/wp-content\/uploads\/2025\/09\/Miguel-Ceara-Hatton-300x200.jpg 300w, https:\/\/lasprimeras.com.do\/wp-content\/uploads\/2025\/09\/Miguel-Ceara-Hatton-768x511.jpg 768w\" sizes=\"(max-width: 900px) 100vw, 900px\" \/><\/figure>\n\n\n\n<p>De su lado, el economista Miguel Ceara Hatton destac\u00f3 que la Rep\u00fablica Dominicana ha demostrado una capacidad de resiliencia ejemplar en medio de las turbulencias globales.<\/p>\n\n\n\n<p>\u201cDesde el punto de vista econ\u00f3mico, este gobierno enfrent\u00f3 una tormenta perfecta: pandemia, inflaci\u00f3n internacional, crisis de suministros y encarecimiento del petr\u00f3leo. Sin embargo, las decisiones tomadas permitieron que el pa\u00eds creciera m\u00e1s r\u00e1pido que el promedio regional y controlara la inflaci\u00f3n sin caer en recesi\u00f3n\u201d, subray\u00f3.<\/p>\n\n\n\n<p>Ceara Hatton explic\u00f3 que el dinamismo econ\u00f3mico se ha sostenido gracias a los motores externos: turismo, zonas francas, remesas e inversi\u00f3n extranjera directa.<\/p>\n\n\n\n<p>\u201cEn 2024, el turismo aport\u00f3 divisas hist\u00f3ricas con m\u00e1s de 11 millones de visitantes, y las zonas francas exportaron m\u00e1s de US$ 8,400 millones, lo cual diversifica y fortalece nuestra econom\u00eda\u201d, precis\u00f3.<\/p>\n\n\n\n<p>Tambi\u00e9n resalt\u00f3 la importancia de la disciplina fiscal: \u201cCuando Abinader lleg\u00f3 al poder, la deuda p\u00fablica era de 71.1% del PIB. Hoy ronda el 57.5%, gracias a un manejo responsable y a la confianza que generan las pol\u00edticas del gobierno\u201d.<\/p>\n\n\n\n<p><strong>Retos por delante<\/strong><\/p>\n\n\n\n<p>Tanto la Dra. V\u00e1squez como Ceara Hatton coincidieron en que, pese a los logros, a\u00fan quedan desaf\u00edos.<\/p>\n\n\n\n<p>\u201cEl pa\u00eds necesita una reforma fiscal integral que garantice justicia tributaria y sostenibilidad de las finanzas p\u00fablicas\u201d, plante\u00f3 Ceara Hatton.<\/p>\n\n\n\n<p>Por su parte, V\u00e1squez se\u00f1al\u00f3 que el sector el\u00e9ctrico sigue siendo uno de los principales obst\u00e1culos: \u201cHemos avanzado en energ\u00edas renovables y en eficiencia, pero a\u00fan falta resolver el d\u00e9ficit estructural y reducir la dependencia de subsidios\u201d.<\/p>\n\n\n\n<p><strong>Balance positivo<\/strong><\/p>\n\n\n\n<p>La conferencia concluy\u00f3 con un balance general: los cinco a\u00f1os de gesti\u00f3n del presidente Abinader han estado marcados por logros visibles en la econom\u00eda, la institucionalidad y la vida social, as\u00ed como por la recuperaci\u00f3n de la confianza internacional en la Rep\u00fablica Dominicana.<\/p>\n\n\n\n<p>\u201cHemos visto un gobierno que ha sabido tomar decisiones dif\u00edciles, pero necesarias. Lo que nos toca ahora es consolidar lo avanzado y asumir con responsabilidad los retos que quedan por delante\u201d, afirm\u00f3 la Dra. V\u00e1squez.<\/p>\n","protected":false},"excerpt":{"rendered":"<p>La c\u00f3nsul general de la Rep\u00fablica Dominicana en Miami,Geanilda V\u00e1squez, afirm\u00f3 que \u201cHace cinco a\u00f1os, todo el que pod\u00eda tener tres pesos lo ten\u00eda fuera del pa\u00eds. Usted sabe lo&hellip;<\/p>\n","protected":false},"author":10,"featured_media":110262,"comment_status":"open","ping_status":"open","sticky":false,"template":"","format":"standard","meta":{"content-type":"","jetpack_post_was_ever_published":false,"_jetpack_newsletter_access":"","_jetpack_dont_email_post_to_subs":false,"_jetpack_newsletter_tier_id":0,"_jetpack_memberships_contains_paywalled_content":false,"_jetpack_memberships_contains_paid_content":false,"footnotes":""},"categories":[39,25],"tags":[2005,25156,171,2765,1226],"class_list":["post-110261","post","type-post","status-publish","format-standard","has-post-thumbnail","hentry","category-economia","category-portada","tag-confianza","tag-devuelto","tag-gobierno","tag-inversion","tag-republica-dominicana"],"jetpack_featured_media_url":"https:\/\/lasprimeras.com.do\/wp-content\/uploads\/2025\/09\/Geanilda-Vasquez-1.jpg","jetpack-related-posts":[{"id":116228,"url":"https:\/\/lasprimeras.com.do\/index.php\/2025\/11\/27\/inversion-extranjera-se-expande-en-republica-dominicana\/","url_meta":{"origin":110261,"position":0},"title":"Inversi\u00f3n extranjera se expande en Rep\u00fablica Dominicana","author":"Nelson Feliz","date":"27 de noviembre de 2025","format":false,"excerpt":"Esta importante inversi\u00f3n extranjera evidencia la confianza de inversionistas en la seguridad jur\u00eddica y salud econ\u00f3mica del pa\u00eds. El presidente Luis Abinader recibi\u00f3 la visita de ejecutivos de Anheuser-Busch InBev, empresa productora de la cerveza Corona, quienes le informaron que la Rep\u00fablica Dominicana ha sido seleccionada como sede para la\u2026","rel":"","context":"En \u00abECONOM\u00cdA\u00bb","block_context":{"text":"ECONOM\u00cdA","link":"https:\/\/lasprimeras.com.do\/index.php\/category\/economia\/"},"img":{"alt_text":"","src":"https:\/\/i0.wp.com\/lasprimeras.com.do\/wp-content\/uploads\/2025\/11\/Luis-Abinader-2-3.jpg?resize=350%2C200&ssl=1","width":350,"height":200,"srcset":"https:\/\/i0.wp.com\/lasprimeras.com.do\/wp-content\/uploads\/2025\/11\/Luis-Abinader-2-3.jpg?resize=350%2C200&ssl=1 1x, https:\/\/i0.wp.com\/lasprimeras.com.do\/wp-content\/uploads\/2025\/11\/Luis-Abinader-2-3.jpg?resize=525%2C300&ssl=1 1.5x, https:\/\/i0.wp.com\/lasprimeras.com.do\/wp-content\/uploads\/2025\/11\/Luis-Abinader-2-3.jpg?resize=700%2C400&ssl=1 2x"},"classes":[]},{"id":118711,"url":"https:\/\/lasprimeras.com.do\/index.php\/2026\/01\/02\/geanilda-vasquezabinader-sera-recordado-como-el-presidente-mas-institucional-de-la-historia-republicana\/","url_meta":{"origin":110261,"position":1},"title":"Geanilda V\u00e1squez:\u201cAbinader ser\u00e1 recordado como el presidente m\u00e1s institucional de la historia republicana\u201d","author":"Nelson Feliz","date":"2 de enero de 2026","format":false,"excerpt":"Geanilda V\u00e1squez","rel":"","context":"En \u00abPOLITICA\u00bb","block_context":{"text":"POLITICA","link":"https:\/\/lasprimeras.com.do\/index.php\/category\/politica\/"},"img":{"alt_text":"Geanilda V\u00e1squez","src":"https:\/\/i0.wp.com\/lasprimeras.com.do\/wp-content\/uploads\/2026\/01\/Geanilda-Vasquez.jpg?resize=350%2C200&ssl=1","width":350,"height":200,"srcset":"https:\/\/i0.wp.com\/lasprimeras.com.do\/wp-content\/uploads\/2026\/01\/Geanilda-Vasquez.jpg?resize=350%2C200&ssl=1 1x, https:\/\/i0.wp.com\/lasprimeras.com.do\/wp-content\/uploads\/2026\/01\/Geanilda-Vasquez.jpg?resize=525%2C300&ssl=1 1.5x, https:\/\/i0.wp.com\/lasprimeras.com.do\/wp-content\/uploads\/2026\/01\/Geanilda-Vasquez.jpg?resize=700%2C400&ssl=1 2x"},"classes":[]},{"id":121825,"url":"https:\/\/lasprimeras.com.do\/index.php\/2026\/02\/10\/emotiva-ceremonia-traspaso-consular-rd-en-miami-deja-claro-continuidad-trabajo-en-favor-diaspora\/","url_meta":{"origin":110261,"position":2},"title":"Emotiva ceremonia traspaso Consular RD en Miami deja claro continuidad trabajo en favor di\u00e1spora","author":"Nelson Feliz","date":"10 de febrero de 2026","format":false,"excerpt":"-La sede de manera transitoria estar\u00e1 a cargo del vicec\u00f3nsul Gilberto Minaya, quien fue designado Encargado Interino del Consulado General de Rep\u00fablica Dominicana. -Geanilda V\u00e1squez, fue despedida en un ambiente donde no faltaron l\u00e1grimas de emociones y se le entregaron varias placas de reconocimiento Miami, Florida. - El Consulado General\u2026","rel":"","context":"En \u00abINTERNACIONALES\u00bb","block_context":{"text":"INTERNACIONALES","link":"https:\/\/lasprimeras.com.do\/index.php\/category\/sin-categoria\/internacionales\/"},"img":{"alt_text":"","src":"https:\/\/i0.wp.com\/lasprimeras.com.do\/wp-content\/uploads\/2026\/02\/gea.jpg?resize=350%2C200&ssl=1","width":350,"height":200,"srcset":"https:\/\/i0.wp.com\/lasprimeras.com.do\/wp-content\/uploads\/2026\/02\/gea.jpg?resize=350%2C200&ssl=1 1x, https:\/\/i0.wp.com\/lasprimeras.com.do\/wp-content\/uploads\/2026\/02\/gea.jpg?resize=525%2C300&ssl=1 1.5x, https:\/\/i0.wp.com\/lasprimeras.com.do\/wp-content\/uploads\/2026\/02\/gea.jpg?resize=700%2C400&ssl=1 2x"},"classes":[]},{"id":101625,"url":"https:\/\/lasprimeras.com.do\/index.php\/2025\/06\/23\/perremeistas-ny-interpretan-proclama-consul-chu-vasquez-es-por-una-nueva-reeleccion\/","url_meta":{"origin":110261,"position":3},"title":"Perreme\u00edstas NY interpretan proclama c\u00f3nsul Ch\u00fa V\u00e1squez es por una nueva reelecci\u00f3n","author":"Nelson Feliz","date":"23 de junio de 2025","format":false,"excerpt":"https:\/\/www.youtube.com\/watch?v=FaYodpuzHCo Por Ram\u00f3n Mercedes NUEVA YORK.- Como un grito de arenga hacia la reelecci\u00f3n del presidente Luis Abinader cayeron entre decenas de perreme\u00edstas que asistieron el pasado fin de semana a la conferencia titulada \u00abEl Pa\u00eds que Construye Luis\u00bb las palabras del c\u00f3nsul Jes\u00fas -Chu- V\u00e1squez. As\u00ed se interpret\u00f3 su\u2026","rel":"","context":"En \u00abPOLITICA\u00bb","block_context":{"text":"POLITICA","link":"https:\/\/lasprimeras.com.do\/index.php\/category\/politica\/"},"img":{"alt_text":"","src":"https:\/\/i0.wp.com\/lasprimeras.com.do\/wp-content\/uploads\/2025\/06\/WhatsApp-Image-2025-06-23-at-4.49.04-AM.jpeg?resize=350%2C200&ssl=1","width":350,"height":200,"srcset":"https:\/\/i0.wp.com\/lasprimeras.com.do\/wp-content\/uploads\/2025\/06\/WhatsApp-Image-2025-06-23-at-4.49.04-AM.jpeg?resize=350%2C200&ssl=1 1x, https:\/\/i0.wp.com\/lasprimeras.com.do\/wp-content\/uploads\/2025\/06\/WhatsApp-Image-2025-06-23-at-4.49.04-AM.jpeg?resize=525%2C300&ssl=1 1.5x, https:\/\/i0.wp.com\/lasprimeras.com.do\/wp-content\/uploads\/2025\/06\/WhatsApp-Image-2025-06-23-at-4.49.04-AM.jpeg?resize=700%2C400&ssl=1 2x"},"classes":[]},{"id":122576,"url":"https:\/\/lasprimeras.com.do\/index.php\/2026\/02\/19\/geanilda-vasquez-esconder-la-corrupcion-del-pasado-es-mentirle-a-la-gente-indignada\/","url_meta":{"origin":110261,"position":4},"title":"Geanilda V\u00e1squez: \u201cEsconder la corrupci\u00f3n del pasado es mentirle a la gente indignada\u201d","author":"Nelson Feliz","date":"19 de febrero de 2026","format":false,"excerpt":"La dirigente pol\u00edtica Geanilda V\u00e1squez afirm\u00f3 que la Rep\u00fablica Dominicana no puede retroceder en los avances institucionales y en la lucha contra la corrupci\u00f3n. La dirigente pol\u00edtica llam\u00f3 a la unidad del Partido Revolucionario Moderno (PRM), en consonancia con el mensaje del presidente Luis Abinader durante el 11 aniversario de\u2026","rel":"","context":"En \u00abPOLITICA\u00bb","block_context":{"text":"POLITICA","link":"https:\/\/lasprimeras.com.do\/index.php\/category\/politica\/"},"img":{"alt_text":"","src":"https:\/\/i0.wp.com\/lasprimeras.com.do\/wp-content\/uploads\/2026\/02\/IMG-20260218-WA1162.jpg?resize=350%2C200&ssl=1","width":350,"height":200,"srcset":"https:\/\/i0.wp.com\/lasprimeras.com.do\/wp-content\/uploads\/2026\/02\/IMG-20260218-WA1162.jpg?resize=350%2C200&ssl=1 1x, https:\/\/i0.wp.com\/lasprimeras.com.do\/wp-content\/uploads\/2026\/02\/IMG-20260218-WA1162.jpg?resize=525%2C300&ssl=1 1.5x, https:\/\/i0.wp.com\/lasprimeras.com.do\/wp-content\/uploads\/2026\/02\/IMG-20260218-WA1162.jpg?resize=700%2C400&ssl=1 2x, https:\/\/i0.wp.com\/lasprimeras.com.do\/wp-content\/uploads\/2026\/02\/IMG-20260218-WA1162.jpg?resize=1050%2C600&ssl=1 3x, https:\/\/i0.wp.com\/lasprimeras.com.do\/wp-content\/uploads\/2026\/02\/IMG-20260218-WA1162.jpg?resize=1400%2C800&ssl=1 4x"},"classes":[]},{"id":123235,"url":"https:\/\/lasprimeras.com.do\/index.php\/2026\/02\/27\/presidente-abinader-republica-dominicana-entra-a-la-economia-espacial-con-puerto-en-oviedo\/","url_meta":{"origin":110261,"position":5},"title":"Presidente Abinader: \u00a0Rep\u00fablica Dominicana entra a la econom\u00eda espacial con puerto en Oviedo","author":"Nelson Feliz","date":"27 de febrero de 2026","format":false,"excerpt":"Durante su Rendici\u00f3n de Cuentas ante la Asamblea Nacional, en el marco del 182 aniversario de la Independencia Nacional, el presidente Luis Abinader, anunci\u00f3 este viernes que la Rep\u00fablica Dominicana firmo un acuerdo para la construcci\u00f3n de un puerto espacial comercial en Oviedo, provincia Pedernales, un proyecto que contempla una\u2026","rel":"","context":"En \u00abECONOM\u00cdA\u00bb","block_context":{"text":"ECONOM\u00cdA","link":"https:\/\/lasprimeras.com.do\/index.php\/category\/economia\/"},"img":{"alt_text":"","src":"https:\/\/i0.wp.com\/lasprimeras.com.do\/wp-content\/uploads\/2026\/02\/Luis-Abinader-c-1.jpg?resize=350%2C200&ssl=1","width":350,"height":200,"srcset":"https:\/\/i0.wp.com\/lasprimeras.com.do\/wp-content\/uploads\/2026\/02\/Luis-Abinader-c-1.jpg?resize=350%2C200&ssl=1 1x, https:\/\/i0.wp.com\/lasprimeras.com.do\/wp-content\/uploads\/2026\/02\/Luis-Abinader-c-1.jpg?resize=525%2C300&ssl=1 1.5x"},"classes":[]}],"jetpack_sharing_enabled":true,"_links":{"self":[{"href":"https:\/\/lasprimeras.com.do\/index.php\/wp-json\/wp\/v2\/posts\/110261","targetHints":{"allow":["GET"]}}],"collection":[{"href":"https:\/\/lasprimeras.com.do\/index.php\/wp-json\/wp\/v2\/posts"}],"about":[{"href":"https:\/\/lasprimeras.com.do\/index.php\/wp-json\/wp\/v2\/types\/post"}],"author":[{"embeddable":true,"href":"https:\/\/lasprimeras.com.do\/index.php\/wp-json\/wp\/v2\/users\/10"}],"replies":[{"embeddable":true,"href":"https:\/\/lasprimeras.com.do\/index.php\/wp-json\/wp\/v2\/comments?post=110261"}],"version-history":[{"count":1,"href":"https:\/\/lasprimeras.com.do\/index.php\/wp-json\/wp\/v2\/posts\/110261\/revisions"}],"predecessor-version":[{"id":110265,"href":"https:\/\/lasprimeras.com.do\/index.php\/wp-json\/wp\/v2\/posts\/110261\/revisions\/110265"}],"wp:featuredmedia":[{"embeddable":true,"href":"https:\/\/lasprimeras.com.do\/index.php\/wp-json\/wp\/v2\/media\/110262"}],"wp:attachment":[{"href":"https:\/\/lasprimeras.com.do\/index.php\/wp-json\/wp\/v2\/media?parent=110261"}],"wp:term":[{"taxonomy":"category","embeddable":true,"href":"https:\/\/lasprimeras.com.do\/index.php\/wp-json\/wp\/v2\/categories?post=110261"},{"taxonomy":"post_tag","embeddable":true,"href":"https:\/\/lasprimeras.com.do\/index.php\/wp-json\/wp\/v2\/tags?post=110261"}],"curies":[{"name":"wp","href":"https:\/\/api.w.org\/{rel}","templated":true}]}}