{"id":110290,"date":"2025-09-27T11:40:20","date_gmt":"2025-09-27T15:40:20","guid":{"rendered":"https:\/\/lasprimeras.com.do\/?p=110290"},"modified":"2025-09-27T11:40:22","modified_gmt":"2025-09-27T15:40:22","slug":"hipolito-mejia-trata-de-endozar-liderazgo-politico-a-su-hija-carolina","status":"publish","type":"post","link":"https:\/\/lasprimeras.com.do\/index.php\/2025\/09\/27\/hipolito-mejia-trata-de-endozar-liderazgo-politico-a-su-hija-carolina\/","title":{"rendered":"Hip\u00f3lito Mej\u00eda trata de endozar liderazgo pol\u00edtico a su hija Carolina"},"content":{"rendered":"\n<p>El liderazgo pol\u00edtico no se transfiere, reza una m\u00e1xima popular, credo que Hip\u00f3lito Mej\u00eda apuesta a romper para convertir a su hija Carolina Mej\u00eda en la primera presidenta de Rep\u00fablica Dominicana.<\/p>\n\n\n\n<p>El expresidente de la Rep\u00fablica est\u00e1 en las calles recorriendo el pa\u00eds para lograr que la alcaldesa del Distrito Nacional, primero derrote a sus compa\u00f1eros y posteriormente suba las escalinatas palaciegas en agosto del 2028.<\/p>\n\n\n\n<p>El Partido Revolucionario Moderno (PRM) anunci\u00f3 la pasada semana que escoger\u00e1 su candidato en 2027, mediante un proceso de padr\u00f3n cerrado, iniciativa que Mej\u00eda desde ya cree prudente para seguir mejorando el posicionamiento de su \u201cpupila\u201d.<\/p>\n\n\n\n<p>El 31 de agosto, al ser cuestionado de que David Collado llevaba la delantera a lo interno del PRM, el Guapo de Gurabo respondi\u00f3: \u201cNo crean eso, Carolina le lleva a todo el mundo\u00bb.<\/p>\n\n\n\n<p>En su af\u00e1n de lograr su objetivo, ya el exmandatario ha estado conformando grupos a lo interno del PRM, y ya cuenta con el apoyo del ministro de Agricultura, Limber Cruz, de Carmen Ligia Barcel\u00f3; el alcalde de Santo Domingo Oeste, Francisco Pe\u00f1a, entre otros.<\/p>\n\n\n\n<p>En julio de este a\u00f1o, el presidente Luis Abinader advirti\u00f3 que los funcionarios p\u00fablicos que aspiren a la presidencia deber\u00edan renunciar a sus posiciones, bajo el entendido de que los nueve que aspiran a ocupar posiciones p\u00fablicas, ya sea por decreto o por elecci\u00f3n.<\/p>\n\n\n\n<p>Ah\u00ed, las aspiraciones de Carolina salen ilesas, ya que ella fue electa de manera popular, pero que adem\u00e1s, su padre ha asumido su papel pol\u00edtico para tratar de ganar adeptos con miras a la contienda interna.<\/p>\n\n\n\n<p>Carolina Mej\u00eda<\/p>\n\n\n\n<p>Carolina no es una improvisada en la pol\u00edtica, sin que tiene detr\u00e1s dos victorias consecutivas en la alcald\u00eda m\u00e1s importante del pa\u00eds: la del Distrito Nacional. Las dos que buena votaci\u00f3n.<\/p>\n\n\n\n<p>Adem\u00e1s, la dama tiene caracter\u00edsticas similares a las de su padre en cuanto a la forma de relacionarse con la gente del pueblo llano.<\/p>\n\n\n\n<p>En el pa\u00eds ninguna mujer ha logrado la presidencia, pero ahora Carolina as\u00ed como la vicepresidenta Raquel Pe\u00f1a, ambas del PRM, buscan romper con eso.<\/p>\n","protected":false},"excerpt":{"rendered":"<p>El liderazgo pol\u00edtico no se transfiere, reza una m\u00e1xima popular, credo que Hip\u00f3lito Mej\u00eda apuesta a romper para convertir a su hija Carolina Mej\u00eda en la primera presidenta de Rep\u00fablica&hellip;<\/p>\n","protected":false},"author":10,"featured_media":110291,"comment_status":"open","ping_status":"open","sticky":false,"template":"","format":"standard","meta":{"content-type":"","jetpack_post_was_ever_published":false,"_jetpack_newsletter_access":"","_jetpack_dont_email_post_to_subs":false,"_jetpack_newsletter_tier_id":0,"_jetpack_memberships_contains_paywalled_content":false,"_jetpack_memberships_contains_paid_content":false,"footnotes":""},"categories":[16559,25],"tags":[187,1073,25171,25172],"class_list":["post-110290","post","type-post","status-publish","format-standard","has-post-thumbnail","hentry","category-politica","category-portada","tag-carolina-mejia","tag-hipolito-mejia","tag-liderazgo-politico","tag-trata-de-endozar"],"jetpack_featured_media_url":"https:\/\/lasprimeras.com.do\/wp-content\/uploads\/2025\/09\/Hipolito-Mejia-y-Carolina-Mejia-1.jpg","jetpack-related-posts":[{"id":122240,"url":"https:\/\/lasprimeras.com.do\/index.php\/2026\/02\/15\/hipolito-mejia-minimiza-apoyo-a-collado-y-asegura-perdera-mucho-a-poco-de-carolina\/","url_meta":{"origin":110290,"position":0},"title":"Hip\u00f3lito Mej\u00eda minimiza apoyo a Collado y asegura perder\u00e1 mucho a poco de Carolina","author":"Nelson Feliz","date":"15 de febrero de 2026","format":false,"excerpt":"El expresidente Hip\u00f3lito Mej\u00eda asegur\u00f3 hoy que su hija, Carolina Mej\u00eda, derrotar\u00e1 \u201cmucho a poco\u201d al aspirante presidencial David Collado, a quien defini\u00f3 como su m\u00e1s cercano contrincante en la carrera por la nominaci\u00f3n presidencial del Partido Revolucionario Moderno (PRM). En su declaraci\u00f3n, el veterano pol\u00edtico se fue m\u00e1s lejos\u2026","rel":"","context":"En \u00abPOLITICA\u00bb","block_context":{"text":"POLITICA","link":"https:\/\/lasprimeras.com.do\/index.php\/category\/politica\/"},"img":{"alt_text":"Hip\u00f3lito Mej\u00eda","src":"https:\/\/i0.wp.com\/lasprimeras.com.do\/wp-content\/uploads\/2026\/02\/Hipolito-Mejia.jpg?resize=350%2C200&ssl=1","width":350,"height":200,"srcset":"https:\/\/i0.wp.com\/lasprimeras.com.do\/wp-content\/uploads\/2026\/02\/Hipolito-Mejia.jpg?resize=350%2C200&ssl=1 1x, https:\/\/i0.wp.com\/lasprimeras.com.do\/wp-content\/uploads\/2026\/02\/Hipolito-Mejia.jpg?resize=525%2C300&ssl=1 1.5x, https:\/\/i0.wp.com\/lasprimeras.com.do\/wp-content\/uploads\/2026\/02\/Hipolito-Mejia.jpg?resize=700%2C400&ssl=1 2x"},"classes":[]},{"id":108761,"url":"https:\/\/lasprimeras.com.do\/index.php\/2025\/09\/10\/fallece-jerry-dupuiy-a-quien-expresidente-hipolito-mejia-trataba-como-un-hermano\/","url_meta":{"origin":110290,"position":1},"title":"Fallece Jerry Dupuiy, a quien expresidente Hip\u00f3lito Mej\u00eda trataba como un hermano","author":"Nelson Feliz","date":"10 de septiembre de 2025","format":false,"excerpt":"La informaci\u00f3n fue ofrecida por la alcaldesa del Distrito Nacional. Falleci\u00f3 la noche de ayer martes el se\u00f1or Jerry Dupuiy, a quien el expresidente de la Rep\u00fablica, Hip\u00f3lito Mej\u00eda, trataba como un herman. La informaci\u00f3n fue ofrecida por la alcaldesa del Distrito Nacional, Carolina Mej\u00eda, quien destac\u00f3 las cualidades humanas\u2026","rel":"","context":"En \u00abNACIONALES\u00bb","block_context":{"text":"NACIONALES","link":"https:\/\/lasprimeras.com.do\/index.php\/category\/nacionales\/"},"img":{"alt_text":"","src":"https:\/\/i0.wp.com\/lasprimeras.com.do\/wp-content\/uploads\/2025\/09\/Jerry-Dupuiy.jpg?resize=350%2C200&ssl=1","width":350,"height":200,"srcset":"https:\/\/i0.wp.com\/lasprimeras.com.do\/wp-content\/uploads\/2025\/09\/Jerry-Dupuiy.jpg?resize=350%2C200&ssl=1 1x, https:\/\/i0.wp.com\/lasprimeras.com.do\/wp-content\/uploads\/2025\/09\/Jerry-Dupuiy.jpg?resize=525%2C300&ssl=1 1.5x, https:\/\/i0.wp.com\/lasprimeras.com.do\/wp-content\/uploads\/2025\/09\/Jerry-Dupuiy.jpg?resize=700%2C400&ssl=1 2x"},"classes":[]},{"id":108345,"url":"https:\/\/lasprimeras.com.do\/index.php\/2025\/09\/05\/hipolito-mejia-ya-no-quiere-hablar-de-politica-estoy-mas-manoseado-que-una-mata-de-cafe\/","url_meta":{"origin":110290,"position":2},"title":"Hip\u00f3lito Mej\u00eda ya no quiere hablar de pol\u00edtica: &#8220;Estoy m\u00e1s manoseado que una mata de caf\u00e9&#8221;","author":"Nelson Feliz","date":"5 de septiembre de 2025","format":false,"excerpt":"Mej\u00eda inst\u00f3 a los productores a adoptar pr\u00e1cticas de sanidad e inocuidad responsables si quieren incrementar las exportaciones. Como expresidente de la Rep\u00fablica Dominicana y exministro de Agricultura, Hip\u00f3lito Mej\u00eda fue invitado, como todos los a\u00f1os, al Encuentro Nacional de L\u00edderes del Sector Agropecuario, un evento en el que los\u2026","rel":"","context":"En \u00abPOLITICA\u00bb","block_context":{"text":"POLITICA","link":"https:\/\/lasprimeras.com.do\/index.php\/category\/politica\/"},"img":{"alt_text":"Hipolito Mejia","src":"https:\/\/i0.wp.com\/lasprimeras.com.do\/wp-content\/uploads\/2023\/09\/Hipolito-Mejia.jpg?resize=350%2C200&ssl=1","width":350,"height":200,"srcset":"https:\/\/i0.wp.com\/lasprimeras.com.do\/wp-content\/uploads\/2023\/09\/Hipolito-Mejia.jpg?resize=350%2C200&ssl=1 1x, https:\/\/i0.wp.com\/lasprimeras.com.do\/wp-content\/uploads\/2023\/09\/Hipolito-Mejia.jpg?resize=525%2C300&ssl=1 1.5x"},"classes":[]},{"id":75859,"url":"https:\/\/lasprimeras.com.do\/index.php\/2024\/02\/05\/ex-presidente-hipolito-mejia-valora-apoyo-del-mnd-a-alcaldesa-carolina-mejia\/","url_meta":{"origin":110290,"position":3},"title":"Ex presidente Hip\u00f3lito Mej\u00eda valora apoyo del MND a alcaldesa Carolina Mej\u00eda\u00a0","author":"Nelson Feliz","date":"5 de febrero de 2024","format":false,"excerpt":"El ex presidente de la Rep\u00fablica, Hip\u00f3lito Mej\u00eda, valor\u00f3 la labor que realiza el Movimiento Nacional Deportivo (MND), que dirige Alberto Rodr\u00edguez Mella, en beneficio de los barrios de esta capital y las provincias que conforman el territorio nacional y reconoci\u00f3 adem\u00e1s, el apoyo brindado por ese sector a la\u2026","rel":"","context":"En \u00abPORTADA\u00bb","block_context":{"text":"PORTADA","link":"https:\/\/lasprimeras.com.do\/index.php\/category\/portada\/"},"img":{"alt_text":"Hipolito y Carolina","src":"https:\/\/i0.wp.com\/lasprimeras.com.do\/wp-content\/uploads\/2024\/02\/Hipolito-y-Carolina-1.jpg?resize=350%2C200&ssl=1","width":350,"height":200,"srcset":"https:\/\/i0.wp.com\/lasprimeras.com.do\/wp-content\/uploads\/2024\/02\/Hipolito-y-Carolina-1.jpg?resize=350%2C200&ssl=1 1x, https:\/\/i0.wp.com\/lasprimeras.com.do\/wp-content\/uploads\/2024\/02\/Hipolito-y-Carolina-1.jpg?resize=525%2C300&ssl=1 1.5x, https:\/\/i0.wp.com\/lasprimeras.com.do\/wp-content\/uploads\/2024\/02\/Hipolito-y-Carolina-1.jpg?resize=700%2C400&ssl=1 2x"},"classes":[]},{"id":127458,"url":"https:\/\/lasprimeras.com.do\/index.php\/2026\/04\/12\/carolina-recibe-contundente-respaldo-de-estructura-del-prm-en-monsenor-nouel\/","url_meta":{"origin":110290,"position":4},"title":"Carolina recibe contundente respaldo de estructura del PRM en Monse\u00f1or Nouel","author":"Nelson Feliz","date":"12 de abril de 2026","format":false,"excerpt":"\u2022H\u00e9ctor Acosta y Norberto Ortiz aseguran que Carolina cuenta con el 100% del apoyo en la provincia Carolina Mej\u00eda recibi\u00f3 un contundente respaldo de la estructura pol\u00edtica del Partido Revolucionario Moderno (PRM) en la provincia Monse\u00f1or Nouel, en un encuentro encabezado por el senador H\u00e9ctor Acosta (El Torito) y el\u2026","rel":"","context":"En \u00abPOLITICA\u00bb","block_context":{"text":"POLITICA","link":"https:\/\/lasprimeras.com.do\/index.php\/category\/politica\/"},"img":{"alt_text":"Carolina Mej\u00eda","src":"https:\/\/i0.wp.com\/lasprimeras.com.do\/wp-content\/uploads\/2026\/04\/Carolina-Mejia.jpg?resize=350%2C200&ssl=1","width":350,"height":200,"srcset":"https:\/\/i0.wp.com\/lasprimeras.com.do\/wp-content\/uploads\/2026\/04\/Carolina-Mejia.jpg?resize=350%2C200&ssl=1 1x, https:\/\/i0.wp.com\/lasprimeras.com.do\/wp-content\/uploads\/2026\/04\/Carolina-Mejia.jpg?resize=525%2C300&ssl=1 1.5x, https:\/\/i0.wp.com\/lasprimeras.com.do\/wp-content\/uploads\/2026\/04\/Carolina-Mejia.jpg?resize=700%2C400&ssl=1 2x"},"classes":[]},{"id":122902,"url":"https:\/\/lasprimeras.com.do\/index.php\/2026\/02\/23\/hipolito-mejia-apoya-las-demandas-de-los-profesionales-agropecuarios\/","url_meta":{"origin":110290,"position":5},"title":"Hip\u00f3lito Mej\u00eda apoya las demandas de los profesionales agropecuarios","author":"Nelson Feliz","date":"23 de febrero de 2026","format":false,"excerpt":"Mej\u00eda se compromete a transmitirlas al presidente Luis Abinader. El expresidente de la Rep\u00fablica, Hip\u00f3lito Mej\u00eda, expres\u00f3 este lunes su respaldo a las demandas de los profesionales agropecuarios dominicanos y se comprometi\u00f3 a transmitirlas personalmente al presidente de la Rep\u00fablica, Luis Abinader. La afirmaci\u00f3n fue realizada por el Pleno Nacional\u2026","rel":"","context":"En \u00abPOLITICA\u00bb","block_context":{"text":"POLITICA","link":"https:\/\/lasprimeras.com.do\/index.php\/category\/politica\/"},"img":{"alt_text":"Tito Hern\u00e1ndez","src":"https:\/\/i0.wp.com\/lasprimeras.com.do\/wp-content\/uploads\/2026\/02\/Tito-Hernandez.jpg?resize=350%2C200&ssl=1","width":350,"height":200,"srcset":"https:\/\/i0.wp.com\/lasprimeras.com.do\/wp-content\/uploads\/2026\/02\/Tito-Hernandez.jpg?resize=350%2C200&ssl=1 1x, https:\/\/i0.wp.com\/lasprimeras.com.do\/wp-content\/uploads\/2026\/02\/Tito-Hernandez.jpg?resize=525%2C300&ssl=1 1.5x, https:\/\/i0.wp.com\/lasprimeras.com.do\/wp-content\/uploads\/2026\/02\/Tito-Hernandez.jpg?resize=700%2C400&ssl=1 2x"},"classes":[]}],"jetpack_sharing_enabled":true,"_links":{"self":[{"href":"https:\/\/lasprimeras.com.do\/index.php\/wp-json\/wp\/v2\/posts\/110290","targetHints":{"allow":["GET"]}}],"collection":[{"href":"https:\/\/lasprimeras.com.do\/index.php\/wp-json\/wp\/v2\/posts"}],"about":[{"href":"https:\/\/lasprimeras.com.do\/index.php\/wp-json\/wp\/v2\/types\/post"}],"author":[{"embeddable":true,"href":"https:\/\/lasprimeras.com.do\/index.php\/wp-json\/wp\/v2\/users\/10"}],"replies":[{"embeddable":true,"href":"https:\/\/lasprimeras.com.do\/index.php\/wp-json\/wp\/v2\/comments?post=110290"}],"version-history":[{"count":1,"href":"https:\/\/lasprimeras.com.do\/index.php\/wp-json\/wp\/v2\/posts\/110290\/revisions"}],"predecessor-version":[{"id":110292,"href":"https:\/\/lasprimeras.com.do\/index.php\/wp-json\/wp\/v2\/posts\/110290\/revisions\/110292"}],"wp:featuredmedia":[{"embeddable":true,"href":"https:\/\/lasprimeras.com.do\/index.php\/wp-json\/wp\/v2\/media\/110291"}],"wp:attachment":[{"href":"https:\/\/lasprimeras.com.do\/index.php\/wp-json\/wp\/v2\/media?parent=110290"}],"wp:term":[{"taxonomy":"category","embeddable":true,"href":"https:\/\/lasprimeras.com.do\/index.php\/wp-json\/wp\/v2\/categories?post=110290"},{"taxonomy":"post_tag","embeddable":true,"href":"https:\/\/lasprimeras.com.do\/index.php\/wp-json\/wp\/v2\/tags?post=110290"}],"curies":[{"name":"wp","href":"https:\/\/api.w.org\/{rel}","templated":true}]}}