{"id":110296,"date":"2025-09-27T12:06:00","date_gmt":"2025-09-27T16:06:00","guid":{"rendered":"https:\/\/lasprimeras.com.do\/?p=110296"},"modified":"2025-09-27T12:06:02","modified_gmt":"2025-09-27T16:06:02","slug":"kalys-bautista-ceo-de-kaba-consulting-recibe-el-galardon-mujer-negocios-bhd","status":"publish","type":"post","link":"https:\/\/lasprimeras.com.do\/index.php\/2025\/09\/27\/kalys-bautista-ceo-de-kaba-consulting-recibe-el-galardon-mujer-negocios-bhd\/","title":{"rendered":"Kalys Bautista, CEO de Kaba Consulting, recibe el galard\u00f3n Mujer Negocios BHD"},"content":{"rendered":"\n<p class=\"wp-block-paragraph\">La CEO de la empresa Kaba Consulting, Kalys Bautista, fue reconocida con el galard\u00f3n Mujer Negocios BHD, durante la primera edici\u00f3n de este reconocimiento celebrado en el marco de la Temporada Open 2025 del Banco BHD.<\/p>\n\n\n\n<p class=\"wp-block-paragraph\">El evento reuni\u00f3 a mujeres que, con visi\u00f3n, disciplina e innovaci\u00f3n, est\u00e1n transformando el mundo de los negocios y generando un impacto positivo en sus comunidades.<\/p>\n\n\n\n<figure class=\"wp-block-image size-large\"><img decoding=\"async\" width=\"768\" height=\"1024\" src=\"https:\/\/lasprimeras.com.do\/wp-content\/uploads\/2025\/09\/BHD-2-768x1024.jpg\" alt=\"\" class=\"wp-image-110298\" srcset=\"https:\/\/lasprimeras.com.do\/wp-content\/uploads\/2025\/09\/BHD-2-768x1024.jpg 768w, https:\/\/lasprimeras.com.do\/wp-content\/uploads\/2025\/09\/BHD-2-225x300.jpg 225w, https:\/\/lasprimeras.com.do\/wp-content\/uploads\/2025\/09\/BHD-2.jpg 960w\" sizes=\"(max-width: 768px) 100vw, 768px\" \/><\/figure>\n\n\n\n<p class=\"wp-block-paragraph\">Una historia de resiliencia y disciplina<\/p>\n\n\n\n<p class=\"wp-block-paragraph\">Con m\u00e1s de dos d\u00e9cadas de experiencia en el sector asegurador, Kalys record\u00f3 sus inicios en la corredora de seguros Elsa Gonz\u00e1lez y Asociados, donde trabaj\u00f3 por dos a\u00f1os. Tras quedar sin empleo, decidi\u00f3 independizarse y emprender su propio camino, enfrentando m\u00faltiples retos.<\/p>\n\n\n\n<p class=\"wp-block-paragraph\">\u201cYo iba a un restaurante, a una cafeter\u00eda o a un sal\u00f3n de belleza, ped\u00eda una cita para poder presentar mis servicios y as\u00ed fui captando mis primeros clientes\u201d, relat\u00f3 Bautista al compartir su experiencia.<\/p>\n\n\n\n<p class=\"wp-block-paragraph\">Ese esp\u00edritu de perseverancia la llev\u00f3 a fundar lo que hoy es Kaba Consulting, una firma reconocida entre las principales del pa\u00eds, que ha impactado positivamente en la comunidad al generar empleos, agregarle valor a todos sus clientes, cuidar de su patrimonio y de su salud, as\u00ed como apoyando el liderazgo social a trav\u00e9s de su fundaci\u00f3n.<\/p>\n\n\n\n<p class=\"wp-block-paragraph\">El factor humano, clave del \u00e9xito<\/p>\n\n\n\n<p class=\"wp-block-paragraph\">Para Bautista, el verdadero liderazgo se construye desde la esencia humana.<br>\u201cEl factor humano, hacia afuera y hacia adentro de la organizaci\u00f3n, ha sido lo m\u00e1s importante. Cuando lideras desde el ser, la gente te sigue y conecta con tu prop\u00f3sito\u201d, expres\u00f3.<\/p>\n\n\n\n<p class=\"wp-block-paragraph\">En ese sentido, destac\u00f3 el papel fundamental del liderazgo femenino en la sociedad:<br>\u201cLas mujeres hemos abierto puertas en la pol\u00edtica, la cultura y el mundo corporativo. Esa sensibilidad que tenemos es nuestra mayor fortaleza\u201d.<\/p>\n\n\n\n<p class=\"wp-block-paragraph\">Mirando hacia el futuro<\/p>\n\n\n\n<p class=\"wp-block-paragraph\">Los planes de crecimiento de Kaba Consulting incluyen la construcci\u00f3n de un edificio corporativo en el Mirador Norte, que albergar\u00e1 sus oficinas y espacios para grandes corporaciones, adem\u00e1s de la internacionalizaci\u00f3n de la firma mediante alianzas estrat\u00e9gicas con empresas extranjeras.<\/p>\n\n\n\n<p class=\"wp-block-paragraph\">Kalys envi\u00f3 un mensaje inspirador a las nuevas generaciones de mujeres emprendedoras: \u201cDisciplina, responsabilidad y fe son la clave para salir adelante. Nunca sientas que vales menos que otra persona. He vivido momentos amargos, pero siempre me mantuve firme en mi capacidad y en lo que pod\u00eda aportar. Nadie puede contra eso\u201d.<\/p>\n\n\n\n<p class=\"wp-block-paragraph\">Con este reconocimiento, el Banco BHD resalt\u00f3 la trayectoria de mujeres que, como Kalys Bautista, demuestran que cuando una mujer crece, crecemos todos.<\/p>\n","protected":false},"excerpt":{"rendered":"<p>La CEO de la empresa Kaba Consulting, Kalys Bautista, fue reconocida con el galard\u00f3n Mujer Negocios BHD, durante la primera edici\u00f3n de este reconocimiento celebrado en el marco de la&hellip;<\/p>\n","protected":false},"author":10,"featured_media":110297,"comment_status":"open","ping_status":"open","sticky":false,"template":"","format":"standard","meta":{"content-type":"","_jetpack_newsletter_access":"","_jetpack_dont_email_post_to_subs":false,"_jetpack_newsletter_tier_id":0,"_jetpack_memberships_contains_paywalled_content":false,"_jetpack_feature_clip_id":0,"_jetpack_memberships_contains_paid_content":false,"footnotes":"","jetpack_post_was_ever_published":false},"categories":[39],"tags":[25174,13760,25173,25175],"class_list":["post-110296","post","type-post","status-publish","format-standard","has-post-thumbnail","hentry","category-economia","tag-ceo-de-kaba-consulting","tag-galardon","tag-kalys-bautista","tag-mujer-negocios-bhd"],"jetpack-related-posts":[{"id":115732,"url":"https:\/\/lasprimeras.com.do\/index.php\/2025\/11\/24\/bhd-celebra-decima-edicion-del-premio-mujeres-que-cambian-el-mundo\/","url_meta":{"origin":110296,"position":0},"title":"BHD celebra d\u00e9cima edici\u00f3n del Premio \u201cMujeres que Cambian el Mundo\u201d","author":"Nelson Feliz","date":"24 de noviembre de 2025","format":false,"excerpt":"Al arribar al d\u00e9cimo aniversario de la premiaci\u00f3n, la entidad financiera logra hito de reconocer a m\u00e1s de cien mujeres de todo el pa\u00eds. El Banco BHD celebr\u00f3 la d\u00e9cima edici\u00f3n del Premio Mujeres que Cambian el Mundo, en la que result\u00f3 ganadora del primer lugar la activista comunitaria Nellys\u2026","rel":"","context":"En \u00abECONOM\u00cdA\u00bb","block_context":{"text":"ECONOM\u00cdA","link":"https:\/\/lasprimeras.com.do\/index.php\/category\/economia\/"},"img":{"alt_text":"","src":"https:\/\/i0.wp.com\/lasprimeras.com.do\/wp-content\/uploads\/2025\/11\/BHD.jpg?resize=350%2C200&ssl=1","width":350,"height":200,"srcset":"https:\/\/i0.wp.com\/lasprimeras.com.do\/wp-content\/uploads\/2025\/11\/BHD.jpg?resize=350%2C200&ssl=1 1x, https:\/\/i0.wp.com\/lasprimeras.com.do\/wp-content\/uploads\/2025\/11\/BHD.jpg?resize=525%2C300&ssl=1 1.5x, https:\/\/i0.wp.com\/lasprimeras.com.do\/wp-content\/uploads\/2025\/11\/BHD.jpg?resize=700%2C400&ssl=1 2x"},"classes":[]},{"id":106154,"url":"https:\/\/lasprimeras.com.do\/index.php\/2025\/08\/11\/cmd-y-el-banco-bhd-firman-acuerdo-para-impulsar-el-bienestar-de-los-medicos\/","url_meta":{"origin":110296,"position":1},"title":"CMD y el Banco BHD firman acuerdo para impulsar el bienestar de los m\u00e9dicos","author":"Nelson Feliz","date":"11 de agosto de 2025","format":false,"excerpt":"La entidad financiera ofrecer\u00e1 facilidades bancarias con condiciones preferenciales y un programa de educaci\u00f3n financiera que incluye asesor\u00edas, como un reconocimiento a los profesionales de la salud. El Colegio M\u00e9dico Dominicano (CMD) y el Banco BHD anunciaron la firma de un acuerdo interinstitucional con el prop\u00f3sito de ofrecer a los\u2026","rel":"","context":"En \u00abPORTADA\u00bb","block_context":{"text":"PORTADA","link":"https:\/\/lasprimeras.com.do\/index.php\/category\/portada\/"},"img":{"alt_text":"Waldo Ariel Suero y Josefina Gonz\u00e1lez","src":"https:\/\/i0.wp.com\/lasprimeras.com.do\/wp-content\/uploads\/2025\/08\/una.jpg?resize=350%2C200&ssl=1","width":350,"height":200,"srcset":"https:\/\/i0.wp.com\/lasprimeras.com.do\/wp-content\/uploads\/2025\/08\/una.jpg?resize=350%2C200&ssl=1 1x, https:\/\/i0.wp.com\/lasprimeras.com.do\/wp-content\/uploads\/2025\/08\/una.jpg?resize=525%2C300&ssl=1 1.5x, https:\/\/i0.wp.com\/lasprimeras.com.do\/wp-content\/uploads\/2025\/08\/una.jpg?resize=700%2C400&ssl=1 2x"},"classes":[]},{"id":120155,"url":"https:\/\/lasprimeras.com.do\/index.php\/2026\/01\/21\/bhd-y-embajada-rd-en-espana-dialogan-sobre-proyectos-sociales-y-economicos-en-fitur\/","url_meta":{"origin":110296,"position":2},"title":"BHD y embajada RD en Espa\u00f1a dialogan sobre proyectos sociales y econ\u00f3micos en Fitur","author":"Nelson Feliz","date":"21 de enero de 2026","format":false,"excerpt":"MADRID.- El Banco BHD realiz\u00f3 un almuerzo con la Embajada de la Rep\u00fablica Dominicana en Espa\u00f1a en el que se intercambiaron informaciones sobre diferentes iniciativas de ambas partes en los \u00e1mbitos social y econ\u00f3mico. En el encuentro, desarrollado en el marco de la participaci\u00f3n de BHD en la Feria Internacional\u2026","rel":"","context":"En \u00abECONOM\u00cdA\u00bb","block_context":{"text":"ECONOM\u00cdA","link":"https:\/\/lasprimeras.com.do\/index.php\/category\/economia\/"},"img":{"alt_text":"Banco BHD","src":"https:\/\/i0.wp.com\/lasprimeras.com.do\/wp-content\/uploads\/2026\/01\/Banco-BHD.jpg?resize=350%2C200&ssl=1","width":350,"height":200,"srcset":"https:\/\/i0.wp.com\/lasprimeras.com.do\/wp-content\/uploads\/2026\/01\/Banco-BHD.jpg?resize=350%2C200&ssl=1 1x, https:\/\/i0.wp.com\/lasprimeras.com.do\/wp-content\/uploads\/2026\/01\/Banco-BHD.jpg?resize=525%2C300&ssl=1 1.5x, https:\/\/i0.wp.com\/lasprimeras.com.do\/wp-content\/uploads\/2026\/01\/Banco-BHD.jpg?resize=700%2C400&ssl=1 2x"},"classes":[]},{"id":120069,"url":"https:\/\/lasprimeras.com.do\/index.php\/2026\/01\/20\/bhd-reconoce-en-fitur-labor-de-ministro-david-collado-en-favor-del-turismo\/","url_meta":{"origin":110296,"position":3},"title":"BHD reconoce en FITUR labor de ministro David Collado en favor del turismo","author":"Nelson Feliz","date":"20 de enero de 2026","format":false,"excerpt":"BHD reconoce en FITUR labor de ministro David Collado en favor del turismo","rel":"","context":"En \u00abPORTADA\u00bb","block_context":{"text":"PORTADA","link":"https:\/\/lasprimeras.com.do\/index.php\/category\/portada\/"},"img":{"alt_text":"David Collado","src":"https:\/\/i0.wp.com\/lasprimeras.com.do\/wp-content\/uploads\/2026\/01\/David-Collado.jpg?resize=350%2C200&ssl=1","width":350,"height":200,"srcset":"https:\/\/i0.wp.com\/lasprimeras.com.do\/wp-content\/uploads\/2026\/01\/David-Collado.jpg?resize=350%2C200&ssl=1 1x, https:\/\/i0.wp.com\/lasprimeras.com.do\/wp-content\/uploads\/2026\/01\/David-Collado.jpg?resize=525%2C300&ssl=1 1.5x, https:\/\/i0.wp.com\/lasprimeras.com.do\/wp-content\/uploads\/2026\/01\/David-Collado.jpg?resize=700%2C400&ssl=1 2x"},"classes":[]},{"id":135104,"url":"https:\/\/lasprimeras.com.do\/index.php\/2026\/07\/20\/bhd-obtiene-certificacion-oro-por-la-sostenibilidad\/","url_meta":{"origin":110296,"position":4},"title":"BHD obtiene certificaci\u00f3n Oro por la sostenibilidad","author":"Nelson Feliz","date":"20 de julio de 2026","format":false,"excerpt":"SANTO DOMINGO.-\u00a0El Banco BHD recibi\u00f3 la certificaci\u00f3n\u00a0Tier III Gold Certification of Operational Sustainability (TCOS)\u00a0otorgada por\u00a0Uptime Institute Professional Services\u00a0para su Centro de Datos Principal, consolidando as\u00ed la fortaleza de su infraestructura tecnol\u00f3gica y su capacidad para operar de manera eficiente, segura y sostenible. La certificaci\u00f3n, considerada la m\u00e1xima distinci\u00f3n en sostenibilidad\u2026","rel":"","context":"En \u00abECONOM\u00cdA\u00bb","block_context":{"text":"ECONOM\u00cdA","link":"https:\/\/lasprimeras.com.do\/index.php\/category\/economia\/"},"img":{"alt_text":"","src":"https:\/\/i0.wp.com\/lasprimeras.com.do\/wp-content\/uploads\/2026\/07\/BHD.jpg?resize=350%2C200&ssl=1","width":350,"height":200,"srcset":"https:\/\/i0.wp.com\/lasprimeras.com.do\/wp-content\/uploads\/2026\/07\/BHD.jpg?resize=350%2C200&ssl=1 1x, https:\/\/i0.wp.com\/lasprimeras.com.do\/wp-content\/uploads\/2026\/07\/BHD.jpg?resize=525%2C300&ssl=1 1.5x, https:\/\/i0.wp.com\/lasprimeras.com.do\/wp-content\/uploads\/2026\/07\/BHD.jpg?resize=700%2C400&ssl=1 2x"},"classes":[]},{"id":116803,"url":"https:\/\/lasprimeras.com.do\/index.php\/2025\/12\/03\/banco-bhd-presenta-crecimiento-de-12-5-en-depositos-y-11-9-en-cartera\/","url_meta":{"origin":110296,"position":5},"title":"Banco BHD presenta crecimiento de 12.5% en dep\u00f3sitos y 11.9% en cartera","author":"Nelson Feliz","date":"3 de diciembre de 2025","format":false,"excerpt":"El banco resalt\u00f3 avances en crecimiento, eficiencia e innovaci\u00f3n durante almuerzo navide\u00f1o con medios. Banco BHD realiz\u00f3 en Santo Domingo su tradicional almuerzo navide\u00f1o con representantes de los medios de comunicaci\u00f3n, espacio en el que present\u00f3 los principales resultados financieros acumulados a octubre de 2025 y reiter\u00f3 su compromiso con\u2026","rel":"","context":"En \u00abECONOM\u00cdA\u00bb","block_context":{"text":"ECONOM\u00cdA","link":"https:\/\/lasprimeras.com.do\/index.php\/category\/economia\/"},"img":{"alt_text":"","src":"https:\/\/i0.wp.com\/lasprimeras.com.do\/wp-content\/uploads\/2025\/12\/Banco-BHD.jpeg?resize=350%2C200&ssl=1","width":350,"height":200,"srcset":"https:\/\/i0.wp.com\/lasprimeras.com.do\/wp-content\/uploads\/2025\/12\/Banco-BHD.jpeg?resize=350%2C200&ssl=1 1x, https:\/\/i0.wp.com\/lasprimeras.com.do\/wp-content\/uploads\/2025\/12\/Banco-BHD.jpeg?resize=525%2C300&ssl=1 1.5x, https:\/\/i0.wp.com\/lasprimeras.com.do\/wp-content\/uploads\/2025\/12\/Banco-BHD.jpeg?resize=700%2C400&ssl=1 2x"},"classes":[]}],"jetpack_sharing_enabled":true,"jetpack_featured_media_url":"https:\/\/lasprimeras.com.do\/wp-content\/uploads\/2025\/09\/BHD-1.jpg","_links":{"self":[{"href":"https:\/\/lasprimeras.com.do\/index.php\/wp-json\/wp\/v2\/posts\/110296","targetHints":{"allow":["GET"]}}],"collection":[{"href":"https:\/\/lasprimeras.com.do\/index.php\/wp-json\/wp\/v2\/posts"}],"about":[{"href":"https:\/\/lasprimeras.com.do\/index.php\/wp-json\/wp\/v2\/types\/post"}],"author":[{"embeddable":true,"href":"https:\/\/lasprimeras.com.do\/index.php\/wp-json\/wp\/v2\/users\/10"}],"replies":[{"embeddable":true,"href":"https:\/\/lasprimeras.com.do\/index.php\/wp-json\/wp\/v2\/comments?post=110296"}],"version-history":[{"count":1,"href":"https:\/\/lasprimeras.com.do\/index.php\/wp-json\/wp\/v2\/posts\/110296\/revisions"}],"predecessor-version":[{"id":110299,"href":"https:\/\/lasprimeras.com.do\/index.php\/wp-json\/wp\/v2\/posts\/110296\/revisions\/110299"}],"wp:featuredmedia":[{"embeddable":true,"href":"https:\/\/lasprimeras.com.do\/index.php\/wp-json\/wp\/v2\/media\/110297"}],"wp:attachment":[{"href":"https:\/\/lasprimeras.com.do\/index.php\/wp-json\/wp\/v2\/media?parent=110296"}],"wp:term":[{"taxonomy":"category","embeddable":true,"href":"https:\/\/lasprimeras.com.do\/index.php\/wp-json\/wp\/v2\/categories?post=110296"},{"taxonomy":"post_tag","embeddable":true,"href":"https:\/\/lasprimeras.com.do\/index.php\/wp-json\/wp\/v2\/tags?post=110296"}],"curies":[{"name":"wp","href":"https:\/\/api.w.org\/{rel}","templated":true}]}}